{"id":99142,"date":"2015-12-01T07:35:51","date_gmt":"2015-12-01T09:35:51","guid":{"rendered":"http:\/\/franciscanos.org.br\/?p=99142"},"modified":"2019-03-01T14:04:26","modified_gmt":"2019-03-01T17:04:26","slug":"jesus-e-a-manifestacao-acabada-da-misericordia-do-pai","status":"publish","type":"post","link":"https:\/\/franciscanos.org.br\/vidacrista\/jesus-e-a-manifestacao-acabada-da-misericordia-do-pai\/","title":{"rendered":"A manifesta\u00e7\u00e3o acabada da miseric\u00f3rdia do Pai"},"content":{"rendered":"<p><img decoding=\"async\" loading=\"lazy\" src=\"http:\/\/franciscanos.org.br\/wp-content\/uploads\/2015\/12\/sexta.jpg\" alt=\"sexta\" width=\"820\" height=\"428\" \/><\/p>\n<p>N\u00f3s, disc\u00edpulos de Cristo vivo e ressuscitado, presente nas esquinas de nossas exist\u00eancias e nos albergues onde costumamos nos recolher, experimentamos alegria em refletir sobre a bondade do Senhor que \u00e9 manifesta\u00e7\u00e3o da miseric\u00f3rdia do Pai. Esta aparece de modo eloquente no Cora\u00e7\u00e3o aberto do Redentor. Cada primeira sexta-feira \u00e9 instante de agradecimento e medita\u00e7\u00e3o.<\/p>\n<p>O Papa Francisco, propondo o ano da miseric\u00f3rdia, escreve: \u201cA miseric\u00f3rdia de Deus \u00e9 a sua responsabilidade por n\u00f3s. Ele sente-se respons\u00e1vel, isto \u00e9, deseja o nosso bem e quer ver-nos felizes, cheios de alegria e serenos. E, em sintonia com isto, se deve orientar o amor misericordioso dos crist\u00e3os. Tal como ama o Pai, assim tamb\u00e9m amam os filhos. Tal como ele \u00e9 misericordioso, assim somos chamados tamb\u00e9m n\u00f3s a ser misericordiosos uns para com os outros\u201d (Misericordiae vultus, n.9). Ora, Jesus \u00e9 a manifesta\u00e7\u00e3o acabada da miseric\u00f3rdia do Pai.<\/p>\n<p>Nunca refletiremos o suficiente sobre os instantes finais da vida de Cristo onde tudo \u00e9 miseric\u00f3rdia. Sirvam as palavras de Jo\u00e3o Cris\u00f3stomo de mat\u00e9ria para nossa medita\u00e7\u00e3o: \u201cA paz do c\u00e9u \u00e9 entregue pelo beijo de um traidor, prende-se aquele que rege o universo, algema-se o elo de toda a cria\u00e7\u00e3o, arrasta-se aquele que atrai o mundo inteiro, a verdade \u00e9 acusada pela mentira, faz-se comparecer a ju\u00edzo aquele diante de quem todas as coisas se curvam. Os judeus o entregam aos pag\u00e3os, os pag\u00e3os o devolvem aos judeus; Pilatos o envia a Herodes, Herodes o devolve a Pilatos. A piedade torna-se com\u00e9rcio de impiedade, a santidade \u00e9 objeto de neg\u00f3cio cruel. A bondade \u00e9 flagelada, o perd\u00e3o condenado, a majestade escarnecida, a virtude ridicularizada. Sobre o dispensador das chuvas, chovem os escarros. Pregos de ferro cravam aquele que estende os c\u00e9us. Aquele que d\u00e1 o mel \u00e9 alimentado pelo fel; o que faz correr as fontes \u00e9 saciado pelo vinagre e, ao se esgotarem todas as penas, a morte se afasta, a morte tarda, por compreender que ai nada h\u00e1 para ela\u201d (Lecion\u00e1rio Mon\u00e1stico II, p. 486).<\/p>\n<p>Sobre o dispensador das chuvas, chovem os escarros&#8230;<\/p>\n","protected":false},"excerpt":{"rendered":"<p>1\u00aa Sexta-feira do M\u00eas<\/p>\n","protected":false},"author":1,"featured_media":178217,"comment_status":"open","ping_status":"open","sticky":false,"template":"","format":"standard","meta":{"footnotes":""},"categories":[105],"tags":[106,112],"yoast_head":"<!-- This site is optimized with the Yoast SEO plugin v19.4 - https:\/\/yoast.com\/wordpress\/plugins\/seo\/ -->\n<title>A manifesta\u00e7\u00e3o acabada da miseric\u00f3rdia do Pai - Vida Crist\u00e3 - Franciscanos<\/title>\n<meta name=\"robots\" content=\"index, follow, max-snippet:-1, max-image-preview:large, max-video-preview:-1\" \/>\n<link rel=\"canonical\" href=\"https:\/\/franciscanos.org.br\/vidacrista\/jesus-e-a-manifestacao-acabada-da-misericordia-do-pai\/\" \/>\n<meta property=\"og:locale\" content=\"pt_BR\" \/>\n<meta property=\"og:type\" content=\"article\" \/>\n<meta property=\"og:title\" content=\"A manifesta\u00e7\u00e3o acabada da miseric\u00f3rdia do Pai - Vida Crist\u00e3 - Franciscanos\" \/>\n<meta property=\"og:description\" content=\"1\u00aa Sexta-feira do M\u00eas\" \/>\n<meta property=\"og:url\" content=\"https:\/\/franciscanos.org.br\/vidacrista\/jesus-e-a-manifestacao-acabada-da-misericordia-do-pai\/\" \/>\n<meta property=\"og:site_name\" content=\"Vida Crist\u00e3 - Franciscanos\" \/>\n<meta property=\"article:published_time\" content=\"2015-12-01T09:35:51+00:00\" \/>\n<meta property=\"article:modified_time\" content=\"2019-03-01T17:04:26+00:00\" \/>\n<meta property=\"og:image\" content=\"https:\/\/franciscanos.org.br\/vidacrista\/wp-content\/uploads\/2015\/12\/sagrado_011215.jpg\" \/>\n\t<meta property=\"og:image:width\" content=\"273\" \/>\n\t<meta property=\"og:image:height\" content=\"181\" \/>\n\t<meta property=\"og:image:type\" content=\"image\/jpeg\" \/>\n<meta name=\"author\" content=\"admin\" \/>\n<meta name=\"twitter:card\" content=\"summary_large_image\" \/>\n<meta name=\"twitter:label1\" content=\"Escrito por\" \/>\n\t<meta name=\"twitter:data1\" content=\"admin\" \/>\n\t<meta name=\"twitter:label2\" content=\"Est. tempo de leitura\" \/>\n\t<meta name=\"twitter:data2\" content=\"2 minutos\" \/>\n<script type=\"application\/ld+json\" class=\"yoast-schema-graph\">{\"@context\":\"https:\/\/schema.org\",\"@graph\":[{\"@type\":\"WebSite\",\"@id\":\"https:\/\/franciscanos.org.br\/vidacrista\/#website\",\"url\":\"https:\/\/franciscanos.org.br\/vidacrista\/\",\"name\":\"Vida Crist\u00e3 - Franciscanos\",\"description\":\"Prov\u00edncia Franciscana da Imaculada Concei\u00e7\u00e3o do Brasil - Ordem dos Frades Menores\",\"potentialAction\":[{\"@type\":\"SearchAction\",\"target\":{\"@type\":\"EntryPoint\",\"urlTemplate\":\"https:\/\/franciscanos.org.br\/vidacrista\/?s={search_term_string}\"},\"query-input\":\"required name=search_term_string\"}],\"inLanguage\":\"pt-BR\"},{\"@type\":\"WebPage\",\"@id\":\"https:\/\/franciscanos.org.br\/vidacrista\/jesus-e-a-manifestacao-acabada-da-misericordia-do-pai\/\",\"url\":\"https:\/\/franciscanos.org.br\/vidacrista\/jesus-e-a-manifestacao-acabada-da-misericordia-do-pai\/\",\"name\":\"A manifesta\u00e7\u00e3o acabada da miseric\u00f3rdia do Pai - Vida Crist\u00e3 - Franciscanos\",\"isPartOf\":{\"@id\":\"https:\/\/franciscanos.org.br\/vidacrista\/#website\"},\"datePublished\":\"2015-12-01T09:35:51+00:00\",\"dateModified\":\"2019-03-01T17:04:26+00:00\",\"author\":{\"@id\":\"https:\/\/franciscanos.org.br\/vidacrista\/#\/schema\/person\/133632ca93cec555316a35f76ab4153b\"},\"breadcrumb\":{\"@id\":\"https:\/\/franciscanos.org.br\/vidacrista\/jesus-e-a-manifestacao-acabada-da-misericordia-do-pai\/#breadcrumb\"},\"inLanguage\":\"pt-BR\",\"potentialAction\":[{\"@type\":\"ReadAction\",\"target\":[\"https:\/\/franciscanos.org.br\/vidacrista\/jesus-e-a-manifestacao-acabada-da-misericordia-do-pai\/\"]}]},{\"@type\":\"BreadcrumbList\",\"@id\":\"https:\/\/franciscanos.org.br\/vidacrista\/jesus-e-a-manifestacao-acabada-da-misericordia-do-pai\/#breadcrumb\",\"itemListElement\":[{\"@type\":\"ListItem\",\"position\":1,\"name\":\"Home\",\"item\":\"https:\/\/franciscanos.org.br\/vidacrista\/\"},{\"@type\":\"ListItem\",\"position\":2,\"name\":\"A manifesta\u00e7\u00e3o acabada da miseric\u00f3rdia do Pai\"}]},{\"@type\":\"Person\",\"@id\":\"https:\/\/franciscanos.org.br\/vidacrista\/#\/schema\/person\/133632ca93cec555316a35f76ab4153b\",\"name\":\"admin\",\"image\":{\"@type\":\"ImageObject\",\"inLanguage\":\"pt-BR\",\"@id\":\"https:\/\/franciscanos.org.br\/vidacrista\/#\/schema\/person\/image\/\",\"url\":\"https:\/\/secure.gravatar.com\/avatar\/e8495742d34d0ba6448ea1c628263b3e?s=96&d=mm&r=g\",\"contentUrl\":\"https:\/\/secure.gravatar.com\/avatar\/e8495742d34d0ba6448ea1c628263b3e?s=96&d=mm&r=g\",\"caption\":\"admin\"},\"url\":\"https:\/\/franciscanos.org.br\/vidacrista\/author\/admin\/\"}]}<\/script>\n<!-- \/ Yoast SEO plugin. -->","yoast_head_json":{"title":"A manifesta\u00e7\u00e3o acabada da miseric\u00f3rdia do Pai - Vida Crist\u00e3 - Franciscanos","robots":{"index":"index","follow":"follow","max-snippet":"max-snippet:-1","max-image-preview":"max-image-preview:large","max-video-preview":"max-video-preview:-1"},"canonical":"https:\/\/franciscanos.org.br\/vidacrista\/jesus-e-a-manifestacao-acabada-da-misericordia-do-pai\/","og_locale":"pt_BR","og_type":"article","og_title":"A manifesta\u00e7\u00e3o acabada da miseric\u00f3rdia do Pai - Vida Crist\u00e3 - Franciscanos","og_description":"1\u00aa Sexta-feira do M\u00eas","og_url":"https:\/\/franciscanos.org.br\/vidacrista\/jesus-e-a-manifestacao-acabada-da-misericordia-do-pai\/","og_site_name":"Vida Crist\u00e3 - Franciscanos","article_published_time":"2015-12-01T09:35:51+00:00","article_modified_time":"2019-03-01T17:04:26+00:00","og_image":[{"width":273,"height":181,"url":"https:\/\/franciscanos.org.br\/vidacrista\/wp-content\/uploads\/2015\/12\/sagrado_011215.jpg","type":"image\/jpeg"}],"author":"admin","twitter_card":"summary_large_image","twitter_misc":{"Escrito por":"admin","Est. tempo de leitura":"2 minutos"},"schema":{"@context":"https:\/\/schema.org","@graph":[{"@type":"WebSite","@id":"https:\/\/franciscanos.org.br\/vidacrista\/#website","url":"https:\/\/franciscanos.org.br\/vidacrista\/","name":"Vida Crist\u00e3 - Franciscanos","description":"Prov\u00edncia Franciscana da Imaculada Concei\u00e7\u00e3o do Brasil - Ordem dos Frades Menores","potentialAction":[{"@type":"SearchAction","target":{"@type":"EntryPoint","urlTemplate":"https:\/\/franciscanos.org.br\/vidacrista\/?s={search_term_string}"},"query-input":"required name=search_term_string"}],"inLanguage":"pt-BR"},{"@type":"WebPage","@id":"https:\/\/franciscanos.org.br\/vidacrista\/jesus-e-a-manifestacao-acabada-da-misericordia-do-pai\/","url":"https:\/\/franciscanos.org.br\/vidacrista\/jesus-e-a-manifestacao-acabada-da-misericordia-do-pai\/","name":"A manifesta\u00e7\u00e3o acabada da miseric\u00f3rdia do Pai - Vida Crist\u00e3 - Franciscanos","isPartOf":{"@id":"https:\/\/franciscanos.org.br\/vidacrista\/#website"},"datePublished":"2015-12-01T09:35:51+00:00","dateModified":"2019-03-01T17:04:26+00:00","author":{"@id":"https:\/\/franciscanos.org.br\/vidacrista\/#\/schema\/person\/133632ca93cec555316a35f76ab4153b"},"breadcrumb":{"@id":"https:\/\/franciscanos.org.br\/vidacrista\/jesus-e-a-manifestacao-acabada-da-misericordia-do-pai\/#breadcrumb"},"inLanguage":"pt-BR","potentialAction":[{"@type":"ReadAction","target":["https:\/\/franciscanos.org.br\/vidacrista\/jesus-e-a-manifestacao-acabada-da-misericordia-do-pai\/"]}]},{"@type":"BreadcrumbList","@id":"https:\/\/franciscanos.org.br\/vidacrista\/jesus-e-a-manifestacao-acabada-da-misericordia-do-pai\/#breadcrumb","itemListElement":[{"@type":"ListItem","position":1,"name":"Home","item":"https:\/\/franciscanos.org.br\/vidacrista\/"},{"@type":"ListItem","position":2,"name":"A manifesta\u00e7\u00e3o acabada da miseric\u00f3rdia do Pai"}]},{"@type":"Person","@id":"https:\/\/franciscanos.org.br\/vidacrista\/#\/schema\/person\/133632ca93cec555316a35f76ab4153b","name":"admin","image":{"@type":"ImageObject","inLanguage":"pt-BR","@id":"https:\/\/franciscanos.org.br\/vidacrista\/#\/schema\/person\/image\/","url":"https:\/\/secure.gravatar.com\/avatar\/e8495742d34d0ba6448ea1c628263b3e?s=96&d=mm&r=g","contentUrl":"https:\/\/secure.gravatar.com\/avatar\/e8495742d34d0ba6448ea1c628263b3e?s=96&d=mm&r=g","caption":"admin"},"url":"https:\/\/franciscanos.org.br\/vidacrista\/author\/admin\/"}]}},"_links":{"self":[{"href":"https:\/\/franciscanos.org.br\/vidacrista\/wp-json\/wp\/v2\/posts\/99142"}],"collection":[{"href":"https:\/\/franciscanos.org.br\/vidacrista\/wp-json\/wp\/v2\/posts"}],"about":[{"href":"https:\/\/franciscanos.org.br\/vidacrista\/wp-json\/wp\/v2\/types\/post"}],"author":[{"embeddable":true,"href":"https:\/\/franciscanos.org.br\/vidacrista\/wp-json\/wp\/v2\/users\/1"}],"replies":[{"embeddable":true,"href":"https:\/\/franciscanos.org.br\/vidacrista\/wp-json\/wp\/v2\/comments?post=99142"}],"version-history":[{"count":1,"href":"https:\/\/franciscanos.org.br\/vidacrista\/wp-json\/wp\/v2\/posts\/99142\/revisions"}],"predecessor-version":[{"id":178142,"href":"https:\/\/franciscanos.org.br\/vidacrista\/wp-json\/wp\/v2\/posts\/99142\/revisions\/178142"}],"wp:featuredmedia":[{"embeddable":true,"href":"https:\/\/franciscanos.org.br\/vidacrista\/wp-json\/wp\/v2\/media\/178217"}],"wp:attachment":[{"href":"https:\/\/franciscanos.org.br\/vidacrista\/wp-json\/wp\/v2\/media?parent=99142"}],"wp:term":[{"taxonomy":"category","embeddable":true,"href":"https:\/\/franciscanos.org.br\/vidacrista\/wp-json\/wp\/v2\/categories?post=99142"},{"taxonomy":"post_tag","embeddable":true,"href":"https:\/\/franciscanos.org.br\/vidacrista\/wp-json\/wp\/v2\/tags?post=99142"}],"curies":[{"name":"wp","href":"https:\/\/api.w.org\/{rel}","templated":true}]}}