{"id":97841,"date":"2015-11-05T10:48:54","date_gmt":"2015-11-05T12:48:54","guid":{"rendered":"http:\/\/franciscanos.org.br\/?p=97841"},"modified":"2019-03-01T14:05:33","modified_gmt":"2019-03-01T17:05:33","slug":"o-centro-mais-intimo-de-jesus","status":"publish","type":"post","link":"https:\/\/franciscanos.org.br\/vidacrista\/o-centro-mais-intimo-de-jesus\/","title":{"rendered":"&#8220;O Centro mais \u00edntimo de Jesus&#8221;"},"content":{"rendered":"<p><img decoding=\"async\" loading=\"lazy\" src=\"http:\/\/franciscanos.org.br\/wp-content\/uploads\/2015\/11\/cor_jesus.jpg\" alt=\"cor_jesus\" width=\"820\" height=\"391\" \/><br \/>\n<strong>Reflex\u00f5es de Karl Rahner<\/strong><\/p>\n<p><em>S\u00e3o profundas, densas as reflex\u00f5es de Rahner. Precisam ser lidas com vagar e com o cora\u00e7\u00e3o.<\/em><\/p>\n<p>A assustadora estranheza da situa\u00e7\u00e3o na qual a Igreja deve anunciar, a uma humanidade desesperada, a louca mensagem da esperan\u00e7a universal, tem algo a ver com a devo\u00e7\u00e3o ao Cora\u00e7\u00e3o de Jesus?<\/p>\n<p>Em sua exist\u00eancia religiosa e apesar da unidade \u00faltima de Deus para a qual tende, o homem se encontra diante de numerosas realidades religiosas que parecem submergi-lo. Se assim n\u00e3o fosse, o Conc\u00edlio n\u00e3o teria falado de uma hierarquia de verdades que \u00e9 proposta ao fiel, que cada um deve estabelecer por sua parte, em fun\u00e7\u00e3o da situa\u00e7\u00e3o e sob a dire\u00e7\u00e3o do Esp\u00edrito. Quando o homem religioso quer reunir e estruturar a multiplicidade de dados e orient\u00e1-los para a unidade \u00faltima do mist\u00e9rio de Deus, lan\u00e7a m\u00e3o de arqu\u00e9tipos: s\u00e3o palavras que apontam para um infinito, palavras que, em sua singularidade, tudo anunciam, palavras que brotam do mais \u00edntimo da exist\u00eancia pessoal, l\u00e1 onde tudo \u00e9 ainda um, palavras que evocam o centro e unidade \u00faltima de toda a realidade. Talvez cada um tenha o seu.<\/p>\n<p>\u201cCora\u00e7\u00e3o\u201d \u00e9 certamente uma dessas palavras. Designa o centro mais \u00edntimo onde toda multiplicidade ainda \u00e9 una. Quando dizemos \u201cCora\u00e7\u00e3o de Jesus\u201d, evocamos aquilo que o Cristo tem de mais \u00edntimo. Afirmamos que este centro est\u00e1 repleto do mist\u00e9rio de Deus. Dizemos que neste cora\u00e7\u00e3o, em contraposi\u00e7\u00e3o a todas as experi\u00eancias de vazio, nada e morte &#8211; reina o amor infinito pelo qual o pr\u00f3prio Deus se entrega. Quando dizemos \u201cCora\u00e7\u00e3o de Jesus\u201d, \u00e9 isso que cremos e confessamos com todas as for\u00e7as de nosso pr\u00f3prio cora\u00e7\u00e3o. Confessamo-lo no \u00e2mago de uma experi\u00eancia antropol\u00f3gica de abandono e mesmo de desespero. Nesse momento temos raz\u00f5es para dirigir nosso olhar para aquele cujo cora\u00e7\u00e3o foi traspassado\u201d.<\/p>\n<p><img decoding=\"async\" loading=\"lazy\" class=\"alignleft size-full wp-image-97843\" src=\"http:\/\/franciscanos.org.br\/wp-content\/uploads\/2015\/11\/cor_jesus_centro.jpg\" alt=\"cor_jesus_centro\" width=\"400\" height=\"500\" \/>Para n\u00e3o poucos crist\u00e3os, \u201cCora\u00e7\u00e3o de Jesus\u201d pode parecer como um duplicata de \u201cJesus Cristo\u201d. E, no entanto, aquele que na aventura de sua experi\u00eancia religiosa teve ocasi\u00e3o de experimentar a inaudita altura, profundidade, comprimento e largura da realidade da salva\u00e7\u00e3o, uma tal pessoa n\u00e3o pode deixar de repetir qual \u00e9 o centro \u00faltimo desta prodigiosa multiplicidade de vida e morte, de perda e salva\u00e7\u00e3o, de risos e l\u00e1grimas, de luz e de trevas. Ent\u00e3o tal fiel diz: \u201cCora\u00e7\u00e3o de Jesus\u201d. Volta-se para esse cora\u00e7\u00e3o traspassado e amoroso, que nos ama nas trevas e nos becos sem sa\u00edda, esse Cora\u00e7\u00e3o \u00e9 o pr\u00f3prio Cora\u00e7\u00e3o de Deus e nos transmite sem nunca esgotar o mist\u00e9rio primordial de Deus.<\/p>\n<p>H\u00e1 apenas um lugar existencial onde o homem possa se abandonar inteiramente e sem condi\u00e7\u00f5es ao que ele tem de mais pessoal, sua salva\u00e7\u00e3o sem ser aniquilado, sem cair no desespero da condena\u00e7\u00e3o: \u00e9 Deus experimentado como miseric\u00f3rdia. Certamente, o homem n\u00e3o consegue distinguir e separar a miseric\u00f3rdia do Deus que perdoa e salva de sua incompreensibilidade e soberania absolutas e a reivindica\u00e7\u00e3o de sua salva\u00e7\u00e3o pessoal.<\/p>\n<p>O homem haver\u00e1 de se entregar a Deus, sem condi\u00e7\u00f5es, sem reserva nessa disposi\u00e7\u00e3o que tem por nome f\u00e9 e esperan\u00e7a. N\u00e3o ser\u00e1 capaz de tanto a n\u00e3o que se entregue a Deus como ao amor ao qual ele pode e deve crer, ele pode e deve esperar. Porque sabe que lhe ser\u00e1 feito o dom do amor. Para colocar esse ato de f\u00e9 de maneira consciente e refletida s\u00f3 \u00e9 poss\u00edvel diante de Jesus Cristo crucificado e ressuscitado, diante de seu cora\u00e7\u00e3o traspassado.<\/p>\n<p>Esse Cora\u00e7\u00e3o entregou-se \u00e0 ang\u00fastia inexor\u00e1vel da morte e da derrelic\u00e7\u00e3o divina: entregou-se a julgamento de Deus sobre o mundo. Esse Cora\u00e7\u00e3o &#8211; \u00e9 a cada vez o prod\u00edgio novo e sempre imprevis\u00edvel da gra\u00e7a &#8211; nos d\u00e1 coragem, no esquecimento de n\u00f3s mesmos, de acreditar no dom cada vez renovado de seu amor para cada um de n\u00f3s. Falando mais exatamente \u00e9 a coragem de esperar este amor num ato que n\u00e3o \u00e9 simplesmente ato de f\u00e9, mas j\u00e1 come\u00e7o do amor.<\/p>\n<p>Contemplamos o Cora\u00e7\u00e3o do Senhor, e a quest\u00e3o decisiva para a eternidade invade o fundo de nosso ser e de nosso cora\u00e7\u00e3o e de nossa vida: \u201cTu me amas? mas-me de tal forma que este amor, em sua for\u00e7a invenc\u00edvel, cria para mim uma eternidade bem-aventurada, a minha?\u201d Para esta quest\u00e3o toda resposta estar\u00e1 envolta num mist\u00e9rio, nada de resposta que algu\u00e9m poderia dar a si mesmo. Ela mergulha no mist\u00e9rio que o Cora\u00e7\u00e3o de Jesus tornou pr\u00f3ximo de n\u00f3s. Colocada devidamente como deve ser colocada, na f\u00e9, na esperan\u00e7a e na caridade, tal quest\u00e3o vai at\u00e9 o Cora\u00e7\u00e3o de Jesus e l\u00e1 n\u00e3o encontra uma mera resposta mas \u00e9 superada e ultrapassada pelo mist\u00e9rio que \u00e9 amor, mist\u00e9rio divino que torna v\u00e3o todo questionamento.<\/p>\n<p>Deus, mist\u00e9rio eterno, imensidade sem nome, bem-aventurado abismo que a tudo enche e nada exclui, pronunciaste a tua Palavra eterna na cria\u00e7\u00e3o e em nossa exist\u00eancia, a fim de que teu mist\u00e9rio eterno se torne para n\u00f3s indiz\u00edvel proximidade salvadora e centro do mundo. Contemplamos a Palavra que proferiste, olhamos aquele que \u00e9 o cora\u00e7\u00e3o do mundo, lan\u00e7amos nosso olhar para o cora\u00e7\u00e3o de teu Filho, traspassado por n\u00f3s. Tudo o que h\u00e1 de incompreens\u00edvel em n\u00f3s e em nossa exist\u00eancia encontra abrigo nesse cora\u00e7\u00e3o; toda nossa ang\u00fastia existencial \u00e9 por ele assumida, toda eleva\u00e7\u00e3o e toda santidade voltam a ele como sua fonte. Nele se encontra sua verdadeira ess\u00eancia e se reconhece como amor. Tudo se unifica no mist\u00e9rio que \u00e9 amor bem-aventurado.<\/p>\n<p>A devo\u00e7\u00e3o ao Cora\u00e7\u00e3o de Jesus n\u00e3o se aprende de fora. Cada um, que confiando na Igreja e no Esp\u00edrito, tente aproximar-se do mist\u00e9rio nas horas claras e nos tempos de escurid\u00e3o, fazendo esta ora\u00e7\u00e3o: \u201cCora\u00e7\u00e3o de Jesus, piedade de mim!\u201d<\/p>\n<p>Uma tal ora\u00e7\u00e3o, quem sabe dever\u00e1 ser repetida \u00e0 maneira da \u201cora\u00e7\u00e3o de Jesus\u2019, do peregrino russo, ou como mantra da ora\u00e7\u00e3o oriental. Dever-se-\u00e1 fazer seguinte experi\u00eancia: o que h\u00e1 de mais inveross\u00edmil, de mais imposs\u00edvel, e, ao mesmo tempo, mais evidente \u00e9 que Deus, o incompreens\u00edvel, nos ama de verdade e tal amor tornou-se irrevoc\u00e1vel no Cora\u00e7\u00e3o o de Jesus: ali esperamos esse amor para todos.<\/p>\n<p><em>Revista Christus N\u00famero hors s\u00e9rie, maio 2001, consagrado ao Cora\u00e7\u00e3o de Jesus<\/em><\/p>\n","protected":false},"excerpt":{"rendered":"<p> 1\u00aa Sexta-feira do m\u00eas<\/p>\n","protected":false},"author":1,"featured_media":178218,"comment_status":"open","ping_status":"open","sticky":false,"template":"","format":"standard","meta":{"footnotes":""},"categories":[105],"tags":[106,112],"yoast_head":"<!-- This site is optimized with the Yoast SEO plugin v19.4 - https:\/\/yoast.com\/wordpress\/plugins\/seo\/ -->\n<title>&quot;O Centro mais \u00edntimo de Jesus&quot; - Vida Crist\u00e3 - Franciscanos<\/title>\n<meta name=\"robots\" content=\"index, follow, max-snippet:-1, max-image-preview:large, max-video-preview:-1\" \/>\n<link rel=\"canonical\" href=\"https:\/\/franciscanos.org.br\/vidacrista\/o-centro-mais-intimo-de-jesus\/\" \/>\n<meta property=\"og:locale\" content=\"pt_BR\" \/>\n<meta property=\"og:type\" content=\"article\" \/>\n<meta property=\"og:title\" content=\"&quot;O Centro mais \u00edntimo de Jesus&quot; - Vida Crist\u00e3 - Franciscanos\" \/>\n<meta property=\"og:description\" content=\"1\u00aa Sexta-feira do m\u00eas\" \/>\n<meta property=\"og:url\" content=\"https:\/\/franciscanos.org.br\/vidacrista\/o-centro-mais-intimo-de-jesus\/\" \/>\n<meta property=\"og:site_name\" content=\"Vida Crist\u00e3 - Franciscanos\" \/>\n<meta property=\"article:published_time\" content=\"2015-11-05T12:48:54+00:00\" \/>\n<meta property=\"article:modified_time\" content=\"2019-03-01T17:05:33+00:00\" \/>\n<meta property=\"og:image\" content=\"https:\/\/franciscanos.org.br\/vidacrista\/wp-content\/uploads\/2015\/11\/sagrado_050815.jpg\" \/>\n\t<meta property=\"og:image:width\" content=\"273\" \/>\n\t<meta property=\"og:image:height\" content=\"181\" \/>\n\t<meta property=\"og:image:type\" content=\"image\/jpeg\" \/>\n<meta name=\"author\" content=\"admin\" \/>\n<meta name=\"twitter:card\" content=\"summary_large_image\" \/>\n<meta name=\"twitter:label1\" content=\"Escrito por\" \/>\n\t<meta name=\"twitter:data1\" content=\"admin\" \/>\n\t<meta name=\"twitter:label2\" content=\"Est. tempo de leitura\" \/>\n\t<meta name=\"twitter:data2\" content=\"6 minutos\" \/>\n<script type=\"application\/ld+json\" class=\"yoast-schema-graph\">{\"@context\":\"https:\/\/schema.org\",\"@graph\":[{\"@type\":\"WebSite\",\"@id\":\"https:\/\/franciscanos.org.br\/vidacrista\/#website\",\"url\":\"https:\/\/franciscanos.org.br\/vidacrista\/\",\"name\":\"Vida Crist\u00e3 - Franciscanos\",\"description\":\"Prov\u00edncia Franciscana da Imaculada Concei\u00e7\u00e3o do Brasil - Ordem dos Frades Menores\",\"potentialAction\":[{\"@type\":\"SearchAction\",\"target\":{\"@type\":\"EntryPoint\",\"urlTemplate\":\"https:\/\/franciscanos.org.br\/vidacrista\/?s={search_term_string}\"},\"query-input\":\"required name=search_term_string\"}],\"inLanguage\":\"pt-BR\"},{\"@type\":\"WebPage\",\"@id\":\"https:\/\/franciscanos.org.br\/vidacrista\/o-centro-mais-intimo-de-jesus\/\",\"url\":\"https:\/\/franciscanos.org.br\/vidacrista\/o-centro-mais-intimo-de-jesus\/\",\"name\":\"\\\"O Centro mais \u00edntimo de Jesus\\\" - Vida Crist\u00e3 - Franciscanos\",\"isPartOf\":{\"@id\":\"https:\/\/franciscanos.org.br\/vidacrista\/#website\"},\"datePublished\":\"2015-11-05T12:48:54+00:00\",\"dateModified\":\"2019-03-01T17:05:33+00:00\",\"author\":{\"@id\":\"https:\/\/franciscanos.org.br\/vidacrista\/#\/schema\/person\/133632ca93cec555316a35f76ab4153b\"},\"breadcrumb\":{\"@id\":\"https:\/\/franciscanos.org.br\/vidacrista\/o-centro-mais-intimo-de-jesus\/#breadcrumb\"},\"inLanguage\":\"pt-BR\",\"potentialAction\":[{\"@type\":\"ReadAction\",\"target\":[\"https:\/\/franciscanos.org.br\/vidacrista\/o-centro-mais-intimo-de-jesus\/\"]}]},{\"@type\":\"BreadcrumbList\",\"@id\":\"https:\/\/franciscanos.org.br\/vidacrista\/o-centro-mais-intimo-de-jesus\/#breadcrumb\",\"itemListElement\":[{\"@type\":\"ListItem\",\"position\":1,\"name\":\"Home\",\"item\":\"https:\/\/franciscanos.org.br\/vidacrista\/\"},{\"@type\":\"ListItem\",\"position\":2,\"name\":\"&#8220;O Centro mais \u00edntimo de Jesus&#8221;\"}]},{\"@type\":\"Person\",\"@id\":\"https:\/\/franciscanos.org.br\/vidacrista\/#\/schema\/person\/133632ca93cec555316a35f76ab4153b\",\"name\":\"admin\",\"image\":{\"@type\":\"ImageObject\",\"inLanguage\":\"pt-BR\",\"@id\":\"https:\/\/franciscanos.org.br\/vidacrista\/#\/schema\/person\/image\/\",\"url\":\"https:\/\/secure.gravatar.com\/avatar\/e8495742d34d0ba6448ea1c628263b3e?s=96&d=mm&r=g\",\"contentUrl\":\"https:\/\/secure.gravatar.com\/avatar\/e8495742d34d0ba6448ea1c628263b3e?s=96&d=mm&r=g\",\"caption\":\"admin\"},\"url\":\"https:\/\/franciscanos.org.br\/vidacrista\/author\/admin\/\"}]}<\/script>\n<!-- \/ Yoast SEO plugin. -->","yoast_head_json":{"title":"\"O Centro mais \u00edntimo de Jesus\" - Vida Crist\u00e3 - Franciscanos","robots":{"index":"index","follow":"follow","max-snippet":"max-snippet:-1","max-image-preview":"max-image-preview:large","max-video-preview":"max-video-preview:-1"},"canonical":"https:\/\/franciscanos.org.br\/vidacrista\/o-centro-mais-intimo-de-jesus\/","og_locale":"pt_BR","og_type":"article","og_title":"\"O Centro mais \u00edntimo de Jesus\" - Vida Crist\u00e3 - Franciscanos","og_description":"1\u00aa Sexta-feira do m\u00eas","og_url":"https:\/\/franciscanos.org.br\/vidacrista\/o-centro-mais-intimo-de-jesus\/","og_site_name":"Vida Crist\u00e3 - Franciscanos","article_published_time":"2015-11-05T12:48:54+00:00","article_modified_time":"2019-03-01T17:05:33+00:00","og_image":[{"width":273,"height":181,"url":"https:\/\/franciscanos.org.br\/vidacrista\/wp-content\/uploads\/2015\/11\/sagrado_050815.jpg","type":"image\/jpeg"}],"author":"admin","twitter_card":"summary_large_image","twitter_misc":{"Escrito por":"admin","Est. tempo de leitura":"6 minutos"},"schema":{"@context":"https:\/\/schema.org","@graph":[{"@type":"WebSite","@id":"https:\/\/franciscanos.org.br\/vidacrista\/#website","url":"https:\/\/franciscanos.org.br\/vidacrista\/","name":"Vida Crist\u00e3 - Franciscanos","description":"Prov\u00edncia Franciscana da Imaculada Concei\u00e7\u00e3o do Brasil - Ordem dos Frades Menores","potentialAction":[{"@type":"SearchAction","target":{"@type":"EntryPoint","urlTemplate":"https:\/\/franciscanos.org.br\/vidacrista\/?s={search_term_string}"},"query-input":"required name=search_term_string"}],"inLanguage":"pt-BR"},{"@type":"WebPage","@id":"https:\/\/franciscanos.org.br\/vidacrista\/o-centro-mais-intimo-de-jesus\/","url":"https:\/\/franciscanos.org.br\/vidacrista\/o-centro-mais-intimo-de-jesus\/","name":"\"O Centro mais \u00edntimo de Jesus\" - Vida Crist\u00e3 - Franciscanos","isPartOf":{"@id":"https:\/\/franciscanos.org.br\/vidacrista\/#website"},"datePublished":"2015-11-05T12:48:54+00:00","dateModified":"2019-03-01T17:05:33+00:00","author":{"@id":"https:\/\/franciscanos.org.br\/vidacrista\/#\/schema\/person\/133632ca93cec555316a35f76ab4153b"},"breadcrumb":{"@id":"https:\/\/franciscanos.org.br\/vidacrista\/o-centro-mais-intimo-de-jesus\/#breadcrumb"},"inLanguage":"pt-BR","potentialAction":[{"@type":"ReadAction","target":["https:\/\/franciscanos.org.br\/vidacrista\/o-centro-mais-intimo-de-jesus\/"]}]},{"@type":"BreadcrumbList","@id":"https:\/\/franciscanos.org.br\/vidacrista\/o-centro-mais-intimo-de-jesus\/#breadcrumb","itemListElement":[{"@type":"ListItem","position":1,"name":"Home","item":"https:\/\/franciscanos.org.br\/vidacrista\/"},{"@type":"ListItem","position":2,"name":"&#8220;O Centro mais \u00edntimo de Jesus&#8221;"}]},{"@type":"Person","@id":"https:\/\/franciscanos.org.br\/vidacrista\/#\/schema\/person\/133632ca93cec555316a35f76ab4153b","name":"admin","image":{"@type":"ImageObject","inLanguage":"pt-BR","@id":"https:\/\/franciscanos.org.br\/vidacrista\/#\/schema\/person\/image\/","url":"https:\/\/secure.gravatar.com\/avatar\/e8495742d34d0ba6448ea1c628263b3e?s=96&d=mm&r=g","contentUrl":"https:\/\/secure.gravatar.com\/avatar\/e8495742d34d0ba6448ea1c628263b3e?s=96&d=mm&r=g","caption":"admin"},"url":"https:\/\/franciscanos.org.br\/vidacrista\/author\/admin\/"}]}},"_links":{"self":[{"href":"https:\/\/franciscanos.org.br\/vidacrista\/wp-json\/wp\/v2\/posts\/97841"}],"collection":[{"href":"https:\/\/franciscanos.org.br\/vidacrista\/wp-json\/wp\/v2\/posts"}],"about":[{"href":"https:\/\/franciscanos.org.br\/vidacrista\/wp-json\/wp\/v2\/types\/post"}],"author":[{"embeddable":true,"href":"https:\/\/franciscanos.org.br\/vidacrista\/wp-json\/wp\/v2\/users\/1"}],"replies":[{"embeddable":true,"href":"https:\/\/franciscanos.org.br\/vidacrista\/wp-json\/wp\/v2\/comments?post=97841"}],"version-history":[{"count":1,"href":"https:\/\/franciscanos.org.br\/vidacrista\/wp-json\/wp\/v2\/posts\/97841\/revisions"}],"predecessor-version":[{"id":178143,"href":"https:\/\/franciscanos.org.br\/vidacrista\/wp-json\/wp\/v2\/posts\/97841\/revisions\/178143"}],"wp:featuredmedia":[{"embeddable":true,"href":"https:\/\/franciscanos.org.br\/vidacrista\/wp-json\/wp\/v2\/media\/178218"}],"wp:attachment":[{"href":"https:\/\/franciscanos.org.br\/vidacrista\/wp-json\/wp\/v2\/media?parent=97841"}],"wp:term":[{"taxonomy":"category","embeddable":true,"href":"https:\/\/franciscanos.org.br\/vidacrista\/wp-json\/wp\/v2\/categories?post=97841"},{"taxonomy":"post_tag","embeddable":true,"href":"https:\/\/franciscanos.org.br\/vidacrista\/wp-json\/wp\/v2\/tags?post=97841"}],"curies":[{"name":"wp","href":"https:\/\/api.w.org\/{rel}","templated":true}]}}