{"id":96085,"date":"2015-10-02T07:45:13","date_gmt":"2015-10-02T10:45:13","guid":{"rendered":"http:\/\/franciscanos.org.br\/?p=96085"},"modified":"2019-03-01T14:08:32","modified_gmt":"2019-03-01T17:08:32","slug":"o-peito-rasgado-do-senhor-e-fonte-de-vida-plena","status":"publish","type":"post","link":"https:\/\/franciscanos.org.br\/vidacrista\/o-peito-rasgado-do-senhor-e-fonte-de-vida-plena\/","title":{"rendered":"O peito rasgado do Senhor \u00e9 fonte de vida plena"},"content":{"rendered":"<p style=\"padding-left: 30px;\"><em>Se n\u00e3o houvesse a cruz, Cristo n\u00e3o seria crucificado, a vida\u00a0 n\u00e3o teria sido pregada no lenho com cravos. Se a vida n\u00e3o tivesse sido cravada, n\u00e3o brotariam do lado as fontes da imortalidade, o sangue e a \u00e1gua que lavam o mundo. N\u00e3o teria sido rasgado o documento do pecado, n\u00e3o ter\u00edamos sido declarados livres,\u00a0 n\u00e3o ter\u00edamos provado da \u00e1rvore da vida, n\u00e3o se teria aberto o para\u00edso.\u00a0 Se n\u00e3o houvesse a cruz, a morte n\u00e3o teria sido vencida e n\u00e3o teria sido derrotado o inferno.<\/em><\/p>\n<p style=\"padding-left: 30px;\"><em>\u00a0<\/em><em>Santo Andr\u00e9 de Creta\u00a0 (s\u00e9c.VIII)<\/em><\/p>\n<p><em><img decoding=\"async\" loading=\"lazy\" class=\"size-medium wp-image-178221 alignleft\" src=\"https:\/\/franciscanos.org.br\/vidacrista\/wp-content\/uploads\/2015\/10\/sagrado_021015_1-253x450.jpg\" alt=\"\" width=\"253\" height=\"450\" \/><\/em>Ele mesmo disse: \u201cN\u00e3o existe maior amor do que dar a vida pelos seus\u201d.\u00a0\u00a0 O cora\u00e7\u00e3o humilde e simples do disc\u00edpulo do Ressuscitado se compraz em agradecer esse amor que foi at\u00e9 o fim.\u00a0 Nunca seremos suficientemente gratos a esse que veio do seio da Trindade, que veio se instalar no seio de uma mulher transparente, agarrar-nos por dentro para sermos homens e mulheres de um mundo\u00a0 novo, que veio nos falar da ternura e da miseric\u00f3rdia do Pai.\u00a0 O ato extremo desse amor\u00a0 foi colocado na cruz. Sem for\u00e7as, depois de horas de tormentosa agonia, ele d\u00e1 o seu esp\u00edrito ou o\u00a0 Esp\u00edrito.<\/p>\n<p>Cruz, instrumento abomin\u00e1vel de castigo, dois peda\u00e7os de madeira entrecruzados, leito\u00a0 dos condenados.\u00a0 E l\u00e1 estava ele, esse Jesus que \u00e9 o ar que respiramos.\u00a0 L\u00e1 estava ele se contorcendo de dores e vestido dos trajes da nudez e da solid\u00e3o.\u00a0 Express\u00e3o de um amor que vai at\u00e9 o fim, situa\u00e7\u00e3o vivida com dor, mas sem revolta,\u00a0 consequ\u00eancia coerente de uma vida de dom.\u00a0 Um peda\u00e7o de gente,\u00a0 pernas, bra\u00e7os, peito, corpo que \u00e9 dado e sangue que \u00e9 vertido. No sofrimento mais hediondo esse Jesus\u00a0 rasga um documento que havia sido exarado contra n\u00f3s.\u00a0 \u201cComo \u00e9 glorioso, santo e sublime\u00a0 ter nos c\u00e9us um pai!\u00a0 Como \u00e9 santo, consolador, belo e admir\u00e1vel ter um esposo! Como \u00e9 santo e dileto, apraz\u00edvel, humilde, pac\u00edfico, doce, am\u00e1vel acima de tudo, desej\u00e1vel ter um tal irm\u00e3o e filho que exp\u00f4s a sua vida por suas ovelhas\u201d(Francisco de Assis,\u00a0 Carta aos Fi\u00e9is, 2\u00aa. recens\u00e3o).<\/p>\n<p>\u201cSe a vida n\u00e3o tivesse sido cravada, n\u00e3o brotariam do lado as fontes da imortalidade, o sangue e a \u00e1gua que lavam o mundo\u201d, diz\u00a0 Andr\u00e9 de Creta.\u00a0 Sangue e \u00e1gua saindo da pedra do peito, do peito fissurado, do peito aberto pela lan\u00e7a do soldado,\u00a0 sangue que daria for\u00e7a aos m\u00e1rtires, sangue que \u00e9 s\u00edmbolo de uma vida dada e doada, \u00e1gua que deseja matar um sede de plenitude que existe nos cora\u00e7\u00f5es sinceros e contritos, \u00e1gua do batismo que faz matar em n\u00f3s o homem velho,\u00a0 \u00e1gua que irriga a secura de uma vida seca e \u00e1rida que levamos, sangue e \u00e1gua que nos permitem olhar para al\u00e9m da porta estreita da morte e divisar um novo para\u00edso com a Fonte no meio.<\/p>\n<p>Vale a pena ler e meditar estas palavras\u00a0 de S\u00e3o Proclo, bispo de Constantinopla: \u201c\u00d3 Paix\u00e3o, purifica\u00e7\u00e3o do universo!\u00a0 \u00d3 morte, princ\u00edpio da imortalidade e origem de vida! \u00d3 descida \u00e0 mans\u00e3o dos mortos\u00a0 que lan\u00e7a uma ponte a fim de que eles passem ao reino da vida! \u00d3 meio-dia da morte de Cristo, recorda\u00e7\u00e3o daquele dia do para\u00edso em que Eva comeu o fruto! \u00d3 cravos\u00a0 que fixam o mundo para Deus e traspassam a morte!\u00a0 \u00d3 espinhos, fruto da videira m\u00e1! \u00d3 fel que d\u00e1s a do\u00e7ura da f\u00e9!\u00a0 \u00d3 esponja que lavas o mundo de seu pecado!\u00a0 \u00d3 instrumento, que inscreves os fi\u00e9is no livro da vida!\u201d<\/p>\n<p>O peito rasgado de Cristo \u00e9 fonte de vida plena!<\/p>\n<p><strong>Frei Almir Guimar\u00e3es<\/strong><\/p>\n","protected":false},"excerpt":{"rendered":"<p>Primeira Sexta-feira do M\u00eas<\/p>\n","protected":false},"author":1,"featured_media":178219,"comment_status":"open","ping_status":"open","sticky":false,"template":"","format":"standard","meta":{"footnotes":""},"categories":[105],"tags":[106,112],"yoast_head":"<!-- This site is optimized with the Yoast SEO plugin v19.4 - https:\/\/yoast.com\/wordpress\/plugins\/seo\/ -->\n<title>O peito rasgado do Senhor \u00e9 fonte de vida plena - Vida Crist\u00e3 - Franciscanos<\/title>\n<meta name=\"robots\" content=\"index, follow, max-snippet:-1, max-image-preview:large, max-video-preview:-1\" \/>\n<link rel=\"canonical\" href=\"https:\/\/franciscanos.org.br\/vidacrista\/o-peito-rasgado-do-senhor-e-fonte-de-vida-plena\/\" \/>\n<meta property=\"og:locale\" content=\"pt_BR\" \/>\n<meta property=\"og:type\" content=\"article\" \/>\n<meta property=\"og:title\" content=\"O peito rasgado do Senhor \u00e9 fonte de vida plena - Vida Crist\u00e3 - Franciscanos\" \/>\n<meta property=\"og:description\" content=\"Primeira Sexta-feira do M\u00eas\" \/>\n<meta property=\"og:url\" content=\"https:\/\/franciscanos.org.br\/vidacrista\/o-peito-rasgado-do-senhor-e-fonte-de-vida-plena\/\" \/>\n<meta property=\"og:site_name\" content=\"Vida Crist\u00e3 - Franciscanos\" \/>\n<meta property=\"article:published_time\" content=\"2015-10-02T10:45:13+00:00\" \/>\n<meta property=\"article:modified_time\" content=\"2019-03-01T17:08:32+00:00\" \/>\n<meta property=\"og:image\" content=\"https:\/\/franciscanos.org.br\/vidacrista\/wp-content\/uploads\/2015\/10\/sagrado_021015.jpg\" \/>\n\t<meta property=\"og:image:width\" content=\"273\" \/>\n\t<meta property=\"og:image:height\" content=\"181\" \/>\n\t<meta property=\"og:image:type\" content=\"image\/jpeg\" \/>\n<meta name=\"author\" content=\"admin\" \/>\n<meta name=\"twitter:card\" content=\"summary_large_image\" \/>\n<meta name=\"twitter:label1\" content=\"Escrito por\" \/>\n\t<meta name=\"twitter:data1\" content=\"admin\" \/>\n\t<meta name=\"twitter:label2\" content=\"Est. tempo de leitura\" \/>\n\t<meta name=\"twitter:data2\" content=\"3 minutos\" \/>\n<script type=\"application\/ld+json\" class=\"yoast-schema-graph\">{\"@context\":\"https:\/\/schema.org\",\"@graph\":[{\"@type\":\"WebSite\",\"@id\":\"https:\/\/franciscanos.org.br\/vidacrista\/#website\",\"url\":\"https:\/\/franciscanos.org.br\/vidacrista\/\",\"name\":\"Vida Crist\u00e3 - Franciscanos\",\"description\":\"Prov\u00edncia Franciscana da Imaculada Concei\u00e7\u00e3o do Brasil - Ordem dos Frades Menores\",\"potentialAction\":[{\"@type\":\"SearchAction\",\"target\":{\"@type\":\"EntryPoint\",\"urlTemplate\":\"https:\/\/franciscanos.org.br\/vidacrista\/?s={search_term_string}\"},\"query-input\":\"required name=search_term_string\"}],\"inLanguage\":\"pt-BR\"},{\"@type\":\"WebPage\",\"@id\":\"https:\/\/franciscanos.org.br\/vidacrista\/o-peito-rasgado-do-senhor-e-fonte-de-vida-plena\/\",\"url\":\"https:\/\/franciscanos.org.br\/vidacrista\/o-peito-rasgado-do-senhor-e-fonte-de-vida-plena\/\",\"name\":\"O peito rasgado do Senhor \u00e9 fonte de vida plena - Vida Crist\u00e3 - Franciscanos\",\"isPartOf\":{\"@id\":\"https:\/\/franciscanos.org.br\/vidacrista\/#website\"},\"datePublished\":\"2015-10-02T10:45:13+00:00\",\"dateModified\":\"2019-03-01T17:08:32+00:00\",\"author\":{\"@id\":\"https:\/\/franciscanos.org.br\/vidacrista\/#\/schema\/person\/133632ca93cec555316a35f76ab4153b\"},\"breadcrumb\":{\"@id\":\"https:\/\/franciscanos.org.br\/vidacrista\/o-peito-rasgado-do-senhor-e-fonte-de-vida-plena\/#breadcrumb\"},\"inLanguage\":\"pt-BR\",\"potentialAction\":[{\"@type\":\"ReadAction\",\"target\":[\"https:\/\/franciscanos.org.br\/vidacrista\/o-peito-rasgado-do-senhor-e-fonte-de-vida-plena\/\"]}]},{\"@type\":\"BreadcrumbList\",\"@id\":\"https:\/\/franciscanos.org.br\/vidacrista\/o-peito-rasgado-do-senhor-e-fonte-de-vida-plena\/#breadcrumb\",\"itemListElement\":[{\"@type\":\"ListItem\",\"position\":1,\"name\":\"Home\",\"item\":\"https:\/\/franciscanos.org.br\/vidacrista\/\"},{\"@type\":\"ListItem\",\"position\":2,\"name\":\"O peito rasgado do Senhor \u00e9 fonte de vida plena\"}]},{\"@type\":\"Person\",\"@id\":\"https:\/\/franciscanos.org.br\/vidacrista\/#\/schema\/person\/133632ca93cec555316a35f76ab4153b\",\"name\":\"admin\",\"image\":{\"@type\":\"ImageObject\",\"inLanguage\":\"pt-BR\",\"@id\":\"https:\/\/franciscanos.org.br\/vidacrista\/#\/schema\/person\/image\/\",\"url\":\"https:\/\/secure.gravatar.com\/avatar\/e8495742d34d0ba6448ea1c628263b3e?s=96&d=mm&r=g\",\"contentUrl\":\"https:\/\/secure.gravatar.com\/avatar\/e8495742d34d0ba6448ea1c628263b3e?s=96&d=mm&r=g\",\"caption\":\"admin\"},\"url\":\"https:\/\/franciscanos.org.br\/vidacrista\/author\/admin\/\"}]}<\/script>\n<!-- \/ Yoast SEO plugin. -->","yoast_head_json":{"title":"O peito rasgado do Senhor \u00e9 fonte de vida plena - Vida Crist\u00e3 - Franciscanos","robots":{"index":"index","follow":"follow","max-snippet":"max-snippet:-1","max-image-preview":"max-image-preview:large","max-video-preview":"max-video-preview:-1"},"canonical":"https:\/\/franciscanos.org.br\/vidacrista\/o-peito-rasgado-do-senhor-e-fonte-de-vida-plena\/","og_locale":"pt_BR","og_type":"article","og_title":"O peito rasgado do Senhor \u00e9 fonte de vida plena - Vida Crist\u00e3 - Franciscanos","og_description":"Primeira Sexta-feira do M\u00eas","og_url":"https:\/\/franciscanos.org.br\/vidacrista\/o-peito-rasgado-do-senhor-e-fonte-de-vida-plena\/","og_site_name":"Vida Crist\u00e3 - Franciscanos","article_published_time":"2015-10-02T10:45:13+00:00","article_modified_time":"2019-03-01T17:08:32+00:00","og_image":[{"width":273,"height":181,"url":"https:\/\/franciscanos.org.br\/vidacrista\/wp-content\/uploads\/2015\/10\/sagrado_021015.jpg","type":"image\/jpeg"}],"author":"admin","twitter_card":"summary_large_image","twitter_misc":{"Escrito por":"admin","Est. tempo de leitura":"3 minutos"},"schema":{"@context":"https:\/\/schema.org","@graph":[{"@type":"WebSite","@id":"https:\/\/franciscanos.org.br\/vidacrista\/#website","url":"https:\/\/franciscanos.org.br\/vidacrista\/","name":"Vida Crist\u00e3 - Franciscanos","description":"Prov\u00edncia Franciscana da Imaculada Concei\u00e7\u00e3o do Brasil - Ordem dos Frades Menores","potentialAction":[{"@type":"SearchAction","target":{"@type":"EntryPoint","urlTemplate":"https:\/\/franciscanos.org.br\/vidacrista\/?s={search_term_string}"},"query-input":"required name=search_term_string"}],"inLanguage":"pt-BR"},{"@type":"WebPage","@id":"https:\/\/franciscanos.org.br\/vidacrista\/o-peito-rasgado-do-senhor-e-fonte-de-vida-plena\/","url":"https:\/\/franciscanos.org.br\/vidacrista\/o-peito-rasgado-do-senhor-e-fonte-de-vida-plena\/","name":"O peito rasgado do Senhor \u00e9 fonte de vida plena - Vida Crist\u00e3 - Franciscanos","isPartOf":{"@id":"https:\/\/franciscanos.org.br\/vidacrista\/#website"},"datePublished":"2015-10-02T10:45:13+00:00","dateModified":"2019-03-01T17:08:32+00:00","author":{"@id":"https:\/\/franciscanos.org.br\/vidacrista\/#\/schema\/person\/133632ca93cec555316a35f76ab4153b"},"breadcrumb":{"@id":"https:\/\/franciscanos.org.br\/vidacrista\/o-peito-rasgado-do-senhor-e-fonte-de-vida-plena\/#breadcrumb"},"inLanguage":"pt-BR","potentialAction":[{"@type":"ReadAction","target":["https:\/\/franciscanos.org.br\/vidacrista\/o-peito-rasgado-do-senhor-e-fonte-de-vida-plena\/"]}]},{"@type":"BreadcrumbList","@id":"https:\/\/franciscanos.org.br\/vidacrista\/o-peito-rasgado-do-senhor-e-fonte-de-vida-plena\/#breadcrumb","itemListElement":[{"@type":"ListItem","position":1,"name":"Home","item":"https:\/\/franciscanos.org.br\/vidacrista\/"},{"@type":"ListItem","position":2,"name":"O peito rasgado do Senhor \u00e9 fonte de vida plena"}]},{"@type":"Person","@id":"https:\/\/franciscanos.org.br\/vidacrista\/#\/schema\/person\/133632ca93cec555316a35f76ab4153b","name":"admin","image":{"@type":"ImageObject","inLanguage":"pt-BR","@id":"https:\/\/franciscanos.org.br\/vidacrista\/#\/schema\/person\/image\/","url":"https:\/\/secure.gravatar.com\/avatar\/e8495742d34d0ba6448ea1c628263b3e?s=96&d=mm&r=g","contentUrl":"https:\/\/secure.gravatar.com\/avatar\/e8495742d34d0ba6448ea1c628263b3e?s=96&d=mm&r=g","caption":"admin"},"url":"https:\/\/franciscanos.org.br\/vidacrista\/author\/admin\/"}]}},"_links":{"self":[{"href":"https:\/\/franciscanos.org.br\/vidacrista\/wp-json\/wp\/v2\/posts\/96085"}],"collection":[{"href":"https:\/\/franciscanos.org.br\/vidacrista\/wp-json\/wp\/v2\/posts"}],"about":[{"href":"https:\/\/franciscanos.org.br\/vidacrista\/wp-json\/wp\/v2\/types\/post"}],"author":[{"embeddable":true,"href":"https:\/\/franciscanos.org.br\/vidacrista\/wp-json\/wp\/v2\/users\/1"}],"replies":[{"embeddable":true,"href":"https:\/\/franciscanos.org.br\/vidacrista\/wp-json\/wp\/v2\/comments?post=96085"}],"version-history":[{"count":3,"href":"https:\/\/franciscanos.org.br\/vidacrista\/wp-json\/wp\/v2\/posts\/96085\/revisions"}],"predecessor-version":[{"id":178222,"href":"https:\/\/franciscanos.org.br\/vidacrista\/wp-json\/wp\/v2\/posts\/96085\/revisions\/178222"}],"wp:featuredmedia":[{"embeddable":true,"href":"https:\/\/franciscanos.org.br\/vidacrista\/wp-json\/wp\/v2\/media\/178219"}],"wp:attachment":[{"href":"https:\/\/franciscanos.org.br\/vidacrista\/wp-json\/wp\/v2\/media?parent=96085"}],"wp:term":[{"taxonomy":"category","embeddable":true,"href":"https:\/\/franciscanos.org.br\/vidacrista\/wp-json\/wp\/v2\/categories?post=96085"},{"taxonomy":"post_tag","embeddable":true,"href":"https:\/\/franciscanos.org.br\/vidacrista\/wp-json\/wp\/v2\/tags?post=96085"}],"curies":[{"name":"wp","href":"https:\/\/api.w.org\/{rel}","templated":true}]}}