{"id":94420,"date":"2015-09-22T08:44:15","date_gmt":"2015-09-22T11:44:15","guid":{"rendered":"http:\/\/franciscanos.org.br\/?p=94420"},"modified":"2020-05-29T13:07:27","modified_gmt":"2020-05-29T16:07:27","slug":"uma-outra-forma-de-resolver-os-conflitos","status":"publish","type":"post","link":"https:\/\/franciscanos.org.br\/vidacrista\/uma-outra-forma-de-resolver-os-conflitos\/","title":{"rendered":"Uma outra forma de resolver os conflitos"},"content":{"rendered":"<p><img decoding=\"async\" loading=\"lazy\" src=\"http:\/\/franciscanos.org.br\/wp-content\/uploads\/2015\/09\/francisco-e-o-lobo-820.jpg\" alt=\"francisco-e-o-lobo-820\" width=\"820\" height=\"439\" \/><\/p>\n<p><strong>Leonardo Boff<\/strong><\/p>\n<p>A humanidade, especialmente, sob o patriarcado, conheceu conflitos de toda ordem. A forma predominante de resolv\u00ea-los foi e \u00e9 a utiliza\u00e7\u00e3o da viol\u00eancia, para dobrar o outro e enquadr\u00e1-lo numa determinada ordem. Esse \u00e9 o pior dos caminhos, pois deixa nos vencidos um rastro de amargura, humilha\u00e7\u00e3o e de vontade de vingan\u00e7a. Estes sentimentos suscitam uma espiral da viol\u00eancia que hoje ganha especialmente a forma de terrorismo, express\u00e3o da vingan\u00e7a dos humilhados. Ser\u00e1 esta o \u00fanica forma de os seres humanos resolverem suas contendas?<\/p>\n<p>Houve algu\u00e9m que se considerava \u201cum louco de Deus\u201d (pazzus Dei), Francisco de Assis que poderia ser tamb\u00e9m o atual Francisco de Roma que perseguiu outro caminho. O anterior era o de ganha-perde. Este \u00faltimo, o ganha-ganha, esvaziando as bases para o esp\u00edrito belicoso. Tomemos exemplos da pr\u00e1tica de Francisco de Assis. Sua sauda\u00e7\u00e3o usual era desejar a todos: \u201cpaz e bem\u201d. Pedia aos seguidores: &#8220;Todo aquele que se aproximar, seja amigo ou inimigo, ladr\u00e3o ou bandido, recebam-no com bondade\u201d (Regra n\u00e3o bulada,7).<\/p>\n<p>Consideremos a estrat\u00e9gia de Francisco face \u00e0 viol\u00eancia. Tomemos duas legendas, que, como legendas, guardam o esp\u00edrito melhor que a letra dos fatos: os ladr\u00f5es do Borgo San Sepolcro e o lobo de Gubbio (Fioretti, c. 21).<\/p>\n<p>Um bando de ladr\u00f5es se escondiam nos bosques e saqueavam a redondeza e os transeuntes. Movidos pela fome foram ao eremit\u00e9rio dos frades para pedir comida. S\u00e3o atendidos mas n\u00e3o sem remor\u00e7os destes: &#8220;N\u00e3o \u00e9 justo que demos esmola a esta casta de ladr\u00f5es que tanto mal faz neste mundo\u201d. Apresentam a quest\u00e3o a Francisco. Este sugeriu a seguinte estrat\u00e9gia: levar ao bosque p\u00e3o e vinho e gritar-lhes: &#8220;Irm\u00e3os ladr\u00f5es, vinde c\u00e1; somos irm\u00e3os e lhes trouxemos p\u00e3o e vinho. Felizes, comem e bebem. Em seguida falem-lhe de Deus; mas n\u00e3o lhes pe\u00e7am que abandonem a vida que levam porque seria pedir demais; apenas pe\u00e7am que ao assaltar, n\u00e3o fa\u00e7am mal \u00e0s pessoas. Numa outra vez, aconselha Francisco, levem coisa melhor: queijo e ovos. Mais felizes ainda os ladr\u00f5es se refestelam. Mas ouvem a exorta\u00e7\u00e3o dos frades: \u201clarguem esta vida de fome e sofrimento; deixem de roubar; convertam-se ao trabalho que o bom Deus vai providenciar o necess\u00e1rio para o corpo e para a alma\u201d. Os ladr\u00f5es, comovidos por tanta bondade, deixam aquela vida e alguns at\u00e9 se fizeram frades.<\/p>\n<p>Aqui se renuncia ao dedo em riste acusando e condenando em nome da aproxima\u00e7\u00e3o calorosa e da confian\u00e7a na energia escondida neles de ser outra coisa que ladr\u00f5es. Supera-se todo manique\u00edsmo que distribui a bondade de um lado e a maldade do outro. Na verdade, em cada um se esconde um poss\u00edvel ladr\u00e3o e um poss\u00edvel frade. Com terno afeto se pode resgatar o frade escondido dentro do ladr\u00e3o. E ocorreu.<\/p>\n<p>Claramente aparece esta estrat\u00e9gia da ren\u00fancia da viol\u00eancia na legenda do lobo de Gubbio que atacava a popula\u00e7\u00e3o da pequena cidade. Supera-se de novo a esquematiza\u00e7\u00e3o: de um lado o \u201clobo grand\u00edssimo, terr\u00edvel e feroz\u201d e do outro o povo bom, cheio de medo e armado. Dois atores se enfrentam cuja \u00fanica rela\u00e7\u00e3o \u00e9 a viol\u00eancia e a destrui\u00e7\u00e3o m\u00fatua. A estrat\u00e9gia de Francisco n\u00e3o \u00e9 buscar uma tr\u00e9gua ou um equil\u00edbrio de for\u00e7as sob a \u00e9gide do medo. Nem toma partido de um lado ou de outro, num falso farisaismo: \u201cMau \u00e9 o outro, n\u00e3o eu, e por isso deve ser destru\u00eddo\u201d. Ningu\u00e9m se pergunta se dentro de cada um n\u00e3o pode se esconder um lobo mau e e ao mesmo tempo um bom cidad\u00e3o?<\/p>\n<p>O caminho de Francisco \u00e9 desocultar esta uni\u00e3o dos opostos e aproximar a ambos para que possam fazer um pacto de paz. Vai ao lobo e lhe diz: &#8220;Irm\u00e3o lobo, \u00e9s homicida p\u00e9ssimo e mereces a forca; mas tamb\u00e9m reconhe\u00e7o que \u00e9 pela fome que fazes tanto mal. Vamos fazer um pacto: a popula\u00e7\u00e3o vai te alimentar e tu deixar\u00e1s de amea\u00e7\u00e1-la\u201d. Em seguida se dirige \u00e0 popula\u00e7\u00e3o e lhes prega: &#8220;Voltem-se para Deus, deixem de pecar. Garantam alimento suficiente ao lobo e assim Deus os livrar\u00e1 dos castigos eternos e do lobo mau\u201d. Diz a legenda que a cidadezinha mudou de h\u00e1bitos, decidiu alimentar o lobo e este passeava entre todos, como se fosse um manso cidad\u00e3o.<br \/>\nHouve int\u00e9rpretes que leram essa legenda como uma met\u00e1fora da luta de classes. Pode ser. O fato \u00e9 que a paz consequida n\u00e3o foi a vit\u00f3ria de um dos lados, mas a supera\u00e7\u00e3o dos lados e dos partidos. Cada um cedeu, verificou-se o ganha-ganha e irrompeu a paz que n\u00e3o existe em si, mas que \u00e9 fruto de uma constru\u00e7\u00e3o coletiva entre os cidad\u00e3os e o lobo.<\/p>\n<p>Conclus\u00e3o: Francisco n\u00e3o acirrou as contradi\u00e7\u00f5es nem remexeu a dimens\u00e3o sombria onde se acoitam os \u00f3dios. Confiou na capacidade humanizadora da bondade, do di\u00e1logo e da m\u00fatua confian\u00e7a. N\u00e3o foi um ing\u00eanuo. Sabia que vivemos na \u201cregio dissimilitudinis\u201d, no mundo das desigualdades (Fioretti c. 37). Mas n\u00e3o se resignou a esta situa\u00e7\u00e3o decadente. Intu\u00eda que para al\u00e9m da amargura, vigora no fundo de cada criatura uma bondade ignorada a ser resgatada. E o foi.<\/p>\n<p>Chegar\u00e1 o dia em que os seres humanos assumir\u00e3o a intelig\u00eancia cordial e espiritual, cuja base biol\u00f3gica, os novos neur\u00f3logos identificaram e que completa a raz\u00e3o intelectual que divide e atomiza. Ent\u00e3o teremos inaugurado o reino da paz e da conc\u00f3rdia. O lobo seguir\u00e1 lobo mas n\u00e3o amea\u00e7ar\u00e1 mais ningu\u00e9m.<\/p>\n<p><em>Leonardo Boff, te\u00f3logo e escritor, escreveu Francisco de Assis: ternura e vigor, Vozes 2000.<\/em><\/p>\n","protected":false},"excerpt":{"rendered":"<p>Artigo de Leonardo Boff<\/p>\n","protected":false},"author":1,"featured_media":185112,"comment_status":"open","ping_status":"open","sticky":false,"template":"","format":"standard","meta":{"footnotes":""},"categories":[26],"tags":[],"yoast_head":"<!-- This site is optimized with the Yoast SEO plugin v19.4 - https:\/\/yoast.com\/wordpress\/plugins\/seo\/ -->\n<title>Uma outra forma de resolver os conflitos - Vida Crist\u00e3 - Franciscanos<\/title>\n<meta name=\"robots\" content=\"index, follow, max-snippet:-1, max-image-preview:large, max-video-preview:-1\" \/>\n<link rel=\"canonical\" href=\"https:\/\/franciscanos.org.br\/vidacrista\/uma-outra-forma-de-resolver-os-conflitos\/\" \/>\n<meta property=\"og:locale\" content=\"pt_BR\" \/>\n<meta property=\"og:type\" content=\"article\" \/>\n<meta property=\"og:title\" content=\"Uma outra forma de resolver os conflitos - Vida Crist\u00e3 - Franciscanos\" \/>\n<meta property=\"og:description\" content=\"Artigo de Leonardo Boff\" \/>\n<meta property=\"og:url\" content=\"https:\/\/franciscanos.org.br\/vidacrista\/uma-outra-forma-de-resolver-os-conflitos\/\" \/>\n<meta property=\"og:site_name\" content=\"Vida Crist\u00e3 - Franciscanos\" \/>\n<meta property=\"article:published_time\" content=\"2015-09-22T11:44:15+00:00\" \/>\n<meta property=\"article:modified_time\" content=\"2020-05-29T16:07:27+00:00\" \/>\n<meta property=\"og:image\" content=\"https:\/\/franciscanos.org.br\/vidacrista\/wp-content\/uploads\/2015\/09\/francisco-e-o-lobo-820.jpg\" \/>\n\t<meta property=\"og:image:width\" content=\"800\" \/>\n\t<meta property=\"og:image:height\" content=\"599\" \/>\n\t<meta property=\"og:image:type\" content=\"image\/jpeg\" \/>\n<meta name=\"author\" content=\"admin\" \/>\n<meta name=\"twitter:card\" content=\"summary_large_image\" \/>\n<meta name=\"twitter:label1\" content=\"Escrito por\" \/>\n\t<meta name=\"twitter:data1\" content=\"admin\" \/>\n\t<meta name=\"twitter:label2\" content=\"Est. tempo de leitura\" \/>\n\t<meta name=\"twitter:data2\" content=\"5 minutos\" \/>\n<script type=\"application\/ld+json\" class=\"yoast-schema-graph\">{\"@context\":\"https:\/\/schema.org\",\"@graph\":[{\"@type\":\"WebSite\",\"@id\":\"https:\/\/franciscanos.org.br\/vidacrista\/#website\",\"url\":\"https:\/\/franciscanos.org.br\/vidacrista\/\",\"name\":\"Vida Crist\u00e3 - Franciscanos\",\"description\":\"Prov\u00edncia Franciscana da Imaculada Concei\u00e7\u00e3o do Brasil - Ordem dos Frades Menores\",\"potentialAction\":[{\"@type\":\"SearchAction\",\"target\":{\"@type\":\"EntryPoint\",\"urlTemplate\":\"https:\/\/franciscanos.org.br\/vidacrista\/?s={search_term_string}\"},\"query-input\":\"required name=search_term_string\"}],\"inLanguage\":\"pt-BR\"},{\"@type\":\"WebPage\",\"@id\":\"https:\/\/franciscanos.org.br\/vidacrista\/uma-outra-forma-de-resolver-os-conflitos\/\",\"url\":\"https:\/\/franciscanos.org.br\/vidacrista\/uma-outra-forma-de-resolver-os-conflitos\/\",\"name\":\"Uma outra forma de resolver os conflitos - Vida Crist\u00e3 - Franciscanos\",\"isPartOf\":{\"@id\":\"https:\/\/franciscanos.org.br\/vidacrista\/#website\"},\"datePublished\":\"2015-09-22T11:44:15+00:00\",\"dateModified\":\"2020-05-29T16:07:27+00:00\",\"author\":{\"@id\":\"https:\/\/franciscanos.org.br\/vidacrista\/#\/schema\/person\/133632ca93cec555316a35f76ab4153b\"},\"breadcrumb\":{\"@id\":\"https:\/\/franciscanos.org.br\/vidacrista\/uma-outra-forma-de-resolver-os-conflitos\/#breadcrumb\"},\"inLanguage\":\"pt-BR\",\"potentialAction\":[{\"@type\":\"ReadAction\",\"target\":[\"https:\/\/franciscanos.org.br\/vidacrista\/uma-outra-forma-de-resolver-os-conflitos\/\"]}]},{\"@type\":\"BreadcrumbList\",\"@id\":\"https:\/\/franciscanos.org.br\/vidacrista\/uma-outra-forma-de-resolver-os-conflitos\/#breadcrumb\",\"itemListElement\":[{\"@type\":\"ListItem\",\"position\":1,\"name\":\"Home\",\"item\":\"https:\/\/franciscanos.org.br\/vidacrista\/\"},{\"@type\":\"ListItem\",\"position\":2,\"name\":\"Uma outra forma de resolver os conflitos\"}]},{\"@type\":\"Person\",\"@id\":\"https:\/\/franciscanos.org.br\/vidacrista\/#\/schema\/person\/133632ca93cec555316a35f76ab4153b\",\"name\":\"admin\",\"image\":{\"@type\":\"ImageObject\",\"inLanguage\":\"pt-BR\",\"@id\":\"https:\/\/franciscanos.org.br\/vidacrista\/#\/schema\/person\/image\/\",\"url\":\"https:\/\/secure.gravatar.com\/avatar\/e8495742d34d0ba6448ea1c628263b3e?s=96&d=mm&r=g\",\"contentUrl\":\"https:\/\/secure.gravatar.com\/avatar\/e8495742d34d0ba6448ea1c628263b3e?s=96&d=mm&r=g\",\"caption\":\"admin\"},\"url\":\"https:\/\/franciscanos.org.br\/vidacrista\/author\/admin\/\"}]}<\/script>\n<!-- \/ Yoast SEO plugin. -->","yoast_head_json":{"title":"Uma outra forma de resolver os conflitos - Vida Crist\u00e3 - Franciscanos","robots":{"index":"index","follow":"follow","max-snippet":"max-snippet:-1","max-image-preview":"max-image-preview:large","max-video-preview":"max-video-preview:-1"},"canonical":"https:\/\/franciscanos.org.br\/vidacrista\/uma-outra-forma-de-resolver-os-conflitos\/","og_locale":"pt_BR","og_type":"article","og_title":"Uma outra forma de resolver os conflitos - Vida Crist\u00e3 - Franciscanos","og_description":"Artigo de Leonardo Boff","og_url":"https:\/\/franciscanos.org.br\/vidacrista\/uma-outra-forma-de-resolver-os-conflitos\/","og_site_name":"Vida Crist\u00e3 - Franciscanos","article_published_time":"2015-09-22T11:44:15+00:00","article_modified_time":"2020-05-29T16:07:27+00:00","og_image":[{"width":800,"height":599,"url":"https:\/\/franciscanos.org.br\/vidacrista\/wp-content\/uploads\/2015\/09\/francisco-e-o-lobo-820.jpg","type":"image\/jpeg"}],"author":"admin","twitter_card":"summary_large_image","twitter_misc":{"Escrito por":"admin","Est. tempo de leitura":"5 minutos"},"schema":{"@context":"https:\/\/schema.org","@graph":[{"@type":"WebSite","@id":"https:\/\/franciscanos.org.br\/vidacrista\/#website","url":"https:\/\/franciscanos.org.br\/vidacrista\/","name":"Vida Crist\u00e3 - Franciscanos","description":"Prov\u00edncia Franciscana da Imaculada Concei\u00e7\u00e3o do Brasil - Ordem dos Frades Menores","potentialAction":[{"@type":"SearchAction","target":{"@type":"EntryPoint","urlTemplate":"https:\/\/franciscanos.org.br\/vidacrista\/?s={search_term_string}"},"query-input":"required name=search_term_string"}],"inLanguage":"pt-BR"},{"@type":"WebPage","@id":"https:\/\/franciscanos.org.br\/vidacrista\/uma-outra-forma-de-resolver-os-conflitos\/","url":"https:\/\/franciscanos.org.br\/vidacrista\/uma-outra-forma-de-resolver-os-conflitos\/","name":"Uma outra forma de resolver os conflitos - Vida Crist\u00e3 - Franciscanos","isPartOf":{"@id":"https:\/\/franciscanos.org.br\/vidacrista\/#website"},"datePublished":"2015-09-22T11:44:15+00:00","dateModified":"2020-05-29T16:07:27+00:00","author":{"@id":"https:\/\/franciscanos.org.br\/vidacrista\/#\/schema\/person\/133632ca93cec555316a35f76ab4153b"},"breadcrumb":{"@id":"https:\/\/franciscanos.org.br\/vidacrista\/uma-outra-forma-de-resolver-os-conflitos\/#breadcrumb"},"inLanguage":"pt-BR","potentialAction":[{"@type":"ReadAction","target":["https:\/\/franciscanos.org.br\/vidacrista\/uma-outra-forma-de-resolver-os-conflitos\/"]}]},{"@type":"BreadcrumbList","@id":"https:\/\/franciscanos.org.br\/vidacrista\/uma-outra-forma-de-resolver-os-conflitos\/#breadcrumb","itemListElement":[{"@type":"ListItem","position":1,"name":"Home","item":"https:\/\/franciscanos.org.br\/vidacrista\/"},{"@type":"ListItem","position":2,"name":"Uma outra forma de resolver os conflitos"}]},{"@type":"Person","@id":"https:\/\/franciscanos.org.br\/vidacrista\/#\/schema\/person\/133632ca93cec555316a35f76ab4153b","name":"admin","image":{"@type":"ImageObject","inLanguage":"pt-BR","@id":"https:\/\/franciscanos.org.br\/vidacrista\/#\/schema\/person\/image\/","url":"https:\/\/secure.gravatar.com\/avatar\/e8495742d34d0ba6448ea1c628263b3e?s=96&d=mm&r=g","contentUrl":"https:\/\/secure.gravatar.com\/avatar\/e8495742d34d0ba6448ea1c628263b3e?s=96&d=mm&r=g","caption":"admin"},"url":"https:\/\/franciscanos.org.br\/vidacrista\/author\/admin\/"}]}},"_links":{"self":[{"href":"https:\/\/franciscanos.org.br\/vidacrista\/wp-json\/wp\/v2\/posts\/94420"}],"collection":[{"href":"https:\/\/franciscanos.org.br\/vidacrista\/wp-json\/wp\/v2\/posts"}],"about":[{"href":"https:\/\/franciscanos.org.br\/vidacrista\/wp-json\/wp\/v2\/types\/post"}],"author":[{"embeddable":true,"href":"https:\/\/franciscanos.org.br\/vidacrista\/wp-json\/wp\/v2\/users\/1"}],"replies":[{"embeddable":true,"href":"https:\/\/franciscanos.org.br\/vidacrista\/wp-json\/wp\/v2\/comments?post=94420"}],"version-history":[{"count":1,"href":"https:\/\/franciscanos.org.br\/vidacrista\/wp-json\/wp\/v2\/posts\/94420\/revisions"}],"predecessor-version":[{"id":185113,"href":"https:\/\/franciscanos.org.br\/vidacrista\/wp-json\/wp\/v2\/posts\/94420\/revisions\/185113"}],"wp:featuredmedia":[{"embeddable":true,"href":"https:\/\/franciscanos.org.br\/vidacrista\/wp-json\/wp\/v2\/media\/185112"}],"wp:attachment":[{"href":"https:\/\/franciscanos.org.br\/vidacrista\/wp-json\/wp\/v2\/media?parent=94420"}],"wp:term":[{"taxonomy":"category","embeddable":true,"href":"https:\/\/franciscanos.org.br\/vidacrista\/wp-json\/wp\/v2\/categories?post=94420"},{"taxonomy":"post_tag","embeddable":true,"href":"https:\/\/franciscanos.org.br\/vidacrista\/wp-json\/wp\/v2\/tags?post=94420"}],"curies":[{"name":"wp","href":"https:\/\/api.w.org\/{rel}","templated":true}]}}