{"id":9036,"date":"2012-01-03T10:00:47","date_gmt":"2012-01-03T12:00:47","guid":{"rendered":"http:\/\/new.franciscanos.org.br\/?p=9036"},"modified":"2020-05-22T10:11:07","modified_gmt":"2020-05-22T13:11:07","slug":"aquele-que-refaz-nossa-vida","status":"publish","type":"post","link":"https:\/\/franciscanos.org.br\/vidacrista\/aquele-que-refaz-nossa-vida\/","title":{"rendered":"Aquele que refaz nossa vida"},"content":{"rendered":"<p><strong><img decoding=\"async\" loading=\"lazy\" class=\"alignright size-medium wp-image-10245\" title=\"giotto_crucifixo_g03\" src=\"http:\/\/franciscanos.org.br\/wp-content\/uploads\/2012\/01\/giotto_crucifixo_g03-207x300.jpg\" alt=\"\" width=\"207\" height=\"300\" \/>Frei Almir Ribeiro Guimar\u00e3es<\/strong><\/p>\n<p><em>Manso Jesus, de cabe\u00e7a inclinada, morto. Manso, de bra\u00e7os estendidos. Manso com o lado aberto pela lan\u00e7a. Manso com os p\u00e9s trespassados por um s\u00f3 prego<\/em> (Santo Anselmo).<\/p>\n<p><strong>1.<\/strong> Come\u00e7amos um ano novo. Virando uma p\u00e1gina do livro do mundo e de nossa vida olhamos para o amanh\u00e3. E no tempo que vai passando vamos tentando, n\u00f3s que resolvemos ser disc\u00edpulos do Ressuscitado, aproximarmo-nos da ador\u00e1vel figura de Jesus, vivo, ressuscitado, que nos interpela e nos quer ser \u00edntimo de n\u00f3s. Falar em intimidade com o Cristo do peito aberto n\u00e3o significa que venhamos a nos afastar do mundo e das tarefas urgentes a serem exercidas nos campos desafiadores no hoje do mundo e da Igreja. N\u00e3o se trata de um intimismo barato. O que n\u00e3o se discute \u00e9 que, dia a dia, sejamos d\u00f3ceis em contemplar o Cora\u00e7\u00e3o do Senhor e seu amor sem limites. Vamos nos servir de um texto de Santo Anselmo publicado no Lecion\u00e1rio Mon\u00e1stico II, p. 453-454 para fazer algumas reflex\u00f5es sobre esse Jesus que refaz nossa vida. Pediria que os leitores n\u00e3o estranhassem a \u201cplasticidade\u201d e \u201ccrueza\u201d do vocabul\u00e1rio usado. Anselmo se serve linguagem dos amantes t\u00e3o t\u00edpica dos m\u00edsticos quando precisam descrever suas experi\u00eancias interiores.<\/p>\n<p><strong>2.<\/strong> \u201cMeigo, com a cabe\u00e7a inclinada. Ao inclinar a cabe\u00e7a na cruz, parece dizer \u00e0 amada: O minha amada, quantas vezes desejaste um beijo de meus l\u00e1bios, dizendo-me pela voz de meus companheiros: Beija-me com beijos de tua boca(Ct 1,2). Estou preparado, inclino minha cabe\u00e7a; ofere\u00e7o meus l\u00e1bios, beija-os tanto quanto desejares. N\u00e3o digas na ignor\u00e2ncia de teu cora\u00e7\u00e3o: N\u00e3o quero um beijo despojado de atrativo e beleza, mas aquele beijo glorioso com que os anjos sempre se regozijam no c\u00e9u. N\u00e3o erres assim, pois se n\u00e3o beijares primeiro aqueles l\u00e1bios, nunca poder\u00e1s chegar a estes \u00faltimos. Portanto, beija os l\u00e1bios que agora te ofere\u00e7o porque, mesmo sem atrativo nem beleza, n\u00e3o lhes falta gra\u00e7a\u201d. Com efeito, h\u00e1 um convite a amar aquele que beleza n\u00e3o tem, com o semblante desfigurado.<\/p>\n<p><strong> 3.<\/strong> Ao disc\u00edpulo Cristo se apresenta como aquele que pode ser amado, porque ama primeiro. Jesus est\u00e1 com a cabe\u00e7a inclinada. Seus l\u00e1bios n\u00e3o t\u00eam express\u00e3o de beleza; apresentam-se macerados pelo sofrimento. Anselmo insinua que, no momento, haveremos de nos deter no Cristo sofredor, nesse que antes da morte de cruz, teve o corpo lacerado, a cabe\u00e7a ensanguentada e o corpo alquebrado. No momento presente quando ainda somos peregrinos a contempla\u00e7\u00e3o do Amado que sofre \u00e9 de fundamental import\u00e2ncia. Ela pode levar a uma transforma\u00e7\u00e3o do interior. N\u00e3o simplesmente provocar uma fugaz emo\u00e7\u00e3o, mas levar \u00e0 consci\u00eancia de que o Filho de Deus feito homem, esposo querido de nossa alma, se nos apresenta desfigurado. Uma tal contempla\u00e7\u00e3o pode deslanchar um processo de convers\u00e3o.<\/p>\n<p><strong>4.<\/strong> Clara de Assis, em Carta a In\u00eas de Praga tem o mesmo vocabul\u00e1rio nupcial. Usa a imagem do espelho. Quer que In\u00eas contemple Cristo no espelho: \u201cNo meio do espelho, considere a humildade, ou pelo menos a bem-aventurada pobreza, as fadigas sem conta e as penas que suportou pela reden\u00e7\u00e3o do g\u00eanero humano. E, no fim desse mesmo espelho, contemple a caridade inef\u00e1vel com que quis padecer no lenho da cruz e nela morrer a morte mais vergonha (&#8230;) Contemplando suas indiz\u00edveis del\u00edcias, riquezas e honras perp\u00e9tuas, proclame, suspirando com tamanho desejo do cora\u00e7\u00e3o e tanto amor: Arrasta-me atr\u00e1s de ti! Corramos no odor de teus balsamos (Ct 1,3), \u00f3 esposo celeste! Vou correr sem desfalecer\u2019, at\u00e9 me introduzires na tua adega (Ct 2,4) at\u00e9 que a tua esquerda esteja sobre a minha cabe\u00e7a, sua direita de me abrace (Ct 2,6) e toda feliz me d\u00eas o beijo mais feliz de tua boca (Ct 1,1) ( 4\u00aa. carta de Clara a In\u00eas).<\/p>\n<p><strong> 5.<\/strong> Chiara Giovanna Cremaschi, comentando essa entrega esponsal de Clara a Cristo escreve: \u201cA pedra angular de todo o edif\u00edcio religioso, de toda a vida espiritual de Clara e de suas irm\u00e3s se resume no estarem elas ligadas por um afeto pessoal a Jesus Cristo, com amor ardente e apaixonado e sem contesta\u00e7\u00e3o\u201d. Em suas cartas a In\u00eas de Praga Clara procurou despertar e desenvolver o desejo apaixonado da uni\u00e3o com Cristo. Tal desejo que se exprime na imita\u00e7\u00e3o de Cristo \u00e9 a raz\u00e3o de seu corajoso abra\u00e7ar do Cristo pobre.<\/p>\n<p><strong> 6.<\/strong> Estamos de cheio no vocabul\u00e1rio m\u00edstico. Tanto no texto de Anselmo quanto no de Clara a alma que contempla o aniquilamento do Mestre \u00e9 levada ao \u00eaxtase do amor. Anselmo fala dos bra\u00e7os abertos do Senhor. Com essa postura o Senhor d\u00e1 a entender que quer nosso abra\u00e7o. Temos em mente a representa\u00e7\u00e3o de Francisco de Assis com o crucificado desprendendo um de seus bra\u00e7os e enla\u00e7ando o Poverello. Santo Anselmo conclui, colocando nos l\u00e1bios do Cristo do Cora\u00e7\u00e3o aberto, as seguintes palavras: \u201cV\u00f3s todos que estais cansados e carregados de fardos vinde vos refazer em meus bra\u00e7os, com meus abra\u00e7os. Vede que eu estou preparado para vos reunir todos entre meus bra\u00e7os\u201d. Somos convidados a refazer nossa vida unindo-se a esse que tem os bra\u00e7os abertos para o abra\u00e7o do perd\u00e3o, do descanso depois do cansa\u00e7o, daquele que nos ajuda a carregar os fardos.<\/p>\n<p><strong> 7.<\/strong> Entramos no ano novo e fazemos o prop\u00f3sito de nos aproximar mais e mais desse Cristo . Temos nossa vida, nossas atividades. Uns trabalham muitas horas durante o dia s\u00e3o casados, solteiros, pais de fam\u00edlias, sadios ou doentes. Outros s\u00e3o religiosos. No cora\u00e7\u00e3o de tudo isso vibram as cordas de uma intimidade fecunda com o Cristo do cora\u00e7\u00e3o aberto e dos bra\u00e7os apertos esperando sempre nosso olhar reconhecido. Terminamos ainda citando Anselmo: \u201cS\u00f3 procuro por v\u00f3s, mesmo que nenhuma recompensa me seja prometida. N\u00e3o existissem o inferno e o para\u00edso, diante da vossa suave bondade, e unicamente por v\u00f3s, ainda desejaria unir-me a v\u00f3s. V\u00f3s sois o me constante pensar, minha palavra, meu agir\u201d. \u00c9 esse Jesus que refaz nossa vida.<\/p>\n","protected":false},"excerpt":{"rendered":"<p>Primeira Sexta do M\u00eas<\/p>\n","protected":false},"author":1,"featured_media":184572,"comment_status":"closed","ping_status":"open","sticky":false,"template":"","format":"standard","meta":{"footnotes":""},"categories":[105],"tags":[106,112],"yoast_head":"<!-- This site is optimized with the Yoast SEO plugin v19.4 - https:\/\/yoast.com\/wordpress\/plugins\/seo\/ -->\n<title>Aquele que refaz nossa vida - Vida Crist\u00e3 - Franciscanos<\/title>\n<meta name=\"robots\" content=\"index, follow, max-snippet:-1, max-image-preview:large, max-video-preview:-1\" \/>\n<link rel=\"canonical\" href=\"https:\/\/franciscanos.org.br\/vidacrista\/aquele-que-refaz-nossa-vida\/\" \/>\n<meta property=\"og:locale\" content=\"pt_BR\" \/>\n<meta property=\"og:type\" content=\"article\" \/>\n<meta property=\"og:title\" content=\"Aquele que refaz nossa vida - Vida Crist\u00e3 - Franciscanos\" \/>\n<meta property=\"og:description\" content=\"Primeira Sexta do M\u00eas\" \/>\n<meta property=\"og:url\" content=\"https:\/\/franciscanos.org.br\/vidacrista\/aquele-que-refaz-nossa-vida\/\" \/>\n<meta property=\"og:site_name\" content=\"Vida Crist\u00e3 - Franciscanos\" \/>\n<meta property=\"article:published_time\" content=\"2012-01-03T12:00:47+00:00\" \/>\n<meta property=\"article:modified_time\" content=\"2020-05-22T13:11:07+00:00\" \/>\n<meta property=\"og:image\" content=\"https:\/\/franciscanos.org.br\/vidacrista\/wp-content\/uploads\/2012\/04\/giotto_crucifixo_g03-207x300.jpg\" \/>\n\t<meta property=\"og:image:width\" content=\"800\" \/>\n\t<meta property=\"og:image:height\" content=\"603\" \/>\n\t<meta property=\"og:image:type\" content=\"image\/jpeg\" \/>\n<meta name=\"author\" content=\"admin\" \/>\n<meta name=\"twitter:card\" content=\"summary_large_image\" \/>\n<meta name=\"twitter:label1\" content=\"Escrito por\" \/>\n\t<meta name=\"twitter:data1\" content=\"admin\" \/>\n\t<meta name=\"twitter:label2\" content=\"Est. tempo de leitura\" \/>\n\t<meta name=\"twitter:data2\" content=\"5 minutos\" \/>\n<script type=\"application\/ld+json\" class=\"yoast-schema-graph\">{\"@context\":\"https:\/\/schema.org\",\"@graph\":[{\"@type\":\"WebSite\",\"@id\":\"https:\/\/franciscanos.org.br\/vidacrista\/#website\",\"url\":\"https:\/\/franciscanos.org.br\/vidacrista\/\",\"name\":\"Vida Crist\u00e3 - Franciscanos\",\"description\":\"Prov\u00edncia Franciscana da Imaculada Concei\u00e7\u00e3o do Brasil - Ordem dos Frades Menores\",\"potentialAction\":[{\"@type\":\"SearchAction\",\"target\":{\"@type\":\"EntryPoint\",\"urlTemplate\":\"https:\/\/franciscanos.org.br\/vidacrista\/?s={search_term_string}\"},\"query-input\":\"required name=search_term_string\"}],\"inLanguage\":\"pt-BR\"},{\"@type\":\"WebPage\",\"@id\":\"https:\/\/franciscanos.org.br\/vidacrista\/aquele-que-refaz-nossa-vida\/\",\"url\":\"https:\/\/franciscanos.org.br\/vidacrista\/aquele-que-refaz-nossa-vida\/\",\"name\":\"Aquele que refaz nossa vida - Vida Crist\u00e3 - Franciscanos\",\"isPartOf\":{\"@id\":\"https:\/\/franciscanos.org.br\/vidacrista\/#website\"},\"datePublished\":\"2012-01-03T12:00:47+00:00\",\"dateModified\":\"2020-05-22T13:11:07+00:00\",\"author\":{\"@id\":\"https:\/\/franciscanos.org.br\/vidacrista\/#\/schema\/person\/133632ca93cec555316a35f76ab4153b\"},\"breadcrumb\":{\"@id\":\"https:\/\/franciscanos.org.br\/vidacrista\/aquele-que-refaz-nossa-vida\/#breadcrumb\"},\"inLanguage\":\"pt-BR\",\"potentialAction\":[{\"@type\":\"ReadAction\",\"target\":[\"https:\/\/franciscanos.org.br\/vidacrista\/aquele-que-refaz-nossa-vida\/\"]}]},{\"@type\":\"BreadcrumbList\",\"@id\":\"https:\/\/franciscanos.org.br\/vidacrista\/aquele-que-refaz-nossa-vida\/#breadcrumb\",\"itemListElement\":[{\"@type\":\"ListItem\",\"position\":1,\"name\":\"Home\",\"item\":\"https:\/\/franciscanos.org.br\/vidacrista\/\"},{\"@type\":\"ListItem\",\"position\":2,\"name\":\"Aquele que refaz nossa vida\"}]},{\"@type\":\"Person\",\"@id\":\"https:\/\/franciscanos.org.br\/vidacrista\/#\/schema\/person\/133632ca93cec555316a35f76ab4153b\",\"name\":\"admin\",\"image\":{\"@type\":\"ImageObject\",\"inLanguage\":\"pt-BR\",\"@id\":\"https:\/\/franciscanos.org.br\/vidacrista\/#\/schema\/person\/image\/\",\"url\":\"https:\/\/secure.gravatar.com\/avatar\/e8495742d34d0ba6448ea1c628263b3e?s=96&d=mm&r=g\",\"contentUrl\":\"https:\/\/secure.gravatar.com\/avatar\/e8495742d34d0ba6448ea1c628263b3e?s=96&d=mm&r=g\",\"caption\":\"admin\"},\"url\":\"https:\/\/franciscanos.org.br\/vidacrista\/author\/admin\/\"}]}<\/script>\n<!-- \/ Yoast SEO plugin. -->","yoast_head_json":{"title":"Aquele que refaz nossa vida - Vida Crist\u00e3 - Franciscanos","robots":{"index":"index","follow":"follow","max-snippet":"max-snippet:-1","max-image-preview":"max-image-preview:large","max-video-preview":"max-video-preview:-1"},"canonical":"https:\/\/franciscanos.org.br\/vidacrista\/aquele-que-refaz-nossa-vida\/","og_locale":"pt_BR","og_type":"article","og_title":"Aquele que refaz nossa vida - Vida Crist\u00e3 - Franciscanos","og_description":"Primeira Sexta do M\u00eas","og_url":"https:\/\/franciscanos.org.br\/vidacrista\/aquele-que-refaz-nossa-vida\/","og_site_name":"Vida Crist\u00e3 - Franciscanos","article_published_time":"2012-01-03T12:00:47+00:00","article_modified_time":"2020-05-22T13:11:07+00:00","og_image":[{"width":800,"height":603,"url":"https:\/\/franciscanos.org.br\/vidacrista\/wp-content\/uploads\/2012\/04\/giotto_crucifixo_g03-207x300.jpg","type":"image\/jpeg"}],"author":"admin","twitter_card":"summary_large_image","twitter_misc":{"Escrito por":"admin","Est. tempo de leitura":"5 minutos"},"schema":{"@context":"https:\/\/schema.org","@graph":[{"@type":"WebSite","@id":"https:\/\/franciscanos.org.br\/vidacrista\/#website","url":"https:\/\/franciscanos.org.br\/vidacrista\/","name":"Vida Crist\u00e3 - Franciscanos","description":"Prov\u00edncia Franciscana da Imaculada Concei\u00e7\u00e3o do Brasil - Ordem dos Frades Menores","potentialAction":[{"@type":"SearchAction","target":{"@type":"EntryPoint","urlTemplate":"https:\/\/franciscanos.org.br\/vidacrista\/?s={search_term_string}"},"query-input":"required name=search_term_string"}],"inLanguage":"pt-BR"},{"@type":"WebPage","@id":"https:\/\/franciscanos.org.br\/vidacrista\/aquele-que-refaz-nossa-vida\/","url":"https:\/\/franciscanos.org.br\/vidacrista\/aquele-que-refaz-nossa-vida\/","name":"Aquele que refaz nossa vida - Vida Crist\u00e3 - Franciscanos","isPartOf":{"@id":"https:\/\/franciscanos.org.br\/vidacrista\/#website"},"datePublished":"2012-01-03T12:00:47+00:00","dateModified":"2020-05-22T13:11:07+00:00","author":{"@id":"https:\/\/franciscanos.org.br\/vidacrista\/#\/schema\/person\/133632ca93cec555316a35f76ab4153b"},"breadcrumb":{"@id":"https:\/\/franciscanos.org.br\/vidacrista\/aquele-que-refaz-nossa-vida\/#breadcrumb"},"inLanguage":"pt-BR","potentialAction":[{"@type":"ReadAction","target":["https:\/\/franciscanos.org.br\/vidacrista\/aquele-que-refaz-nossa-vida\/"]}]},{"@type":"BreadcrumbList","@id":"https:\/\/franciscanos.org.br\/vidacrista\/aquele-que-refaz-nossa-vida\/#breadcrumb","itemListElement":[{"@type":"ListItem","position":1,"name":"Home","item":"https:\/\/franciscanos.org.br\/vidacrista\/"},{"@type":"ListItem","position":2,"name":"Aquele que refaz nossa vida"}]},{"@type":"Person","@id":"https:\/\/franciscanos.org.br\/vidacrista\/#\/schema\/person\/133632ca93cec555316a35f76ab4153b","name":"admin","image":{"@type":"ImageObject","inLanguage":"pt-BR","@id":"https:\/\/franciscanos.org.br\/vidacrista\/#\/schema\/person\/image\/","url":"https:\/\/secure.gravatar.com\/avatar\/e8495742d34d0ba6448ea1c628263b3e?s=96&d=mm&r=g","contentUrl":"https:\/\/secure.gravatar.com\/avatar\/e8495742d34d0ba6448ea1c628263b3e?s=96&d=mm&r=g","caption":"admin"},"url":"https:\/\/franciscanos.org.br\/vidacrista\/author\/admin\/"}]}},"_links":{"self":[{"href":"https:\/\/franciscanos.org.br\/vidacrista\/wp-json\/wp\/v2\/posts\/9036"}],"collection":[{"href":"https:\/\/franciscanos.org.br\/vidacrista\/wp-json\/wp\/v2\/posts"}],"about":[{"href":"https:\/\/franciscanos.org.br\/vidacrista\/wp-json\/wp\/v2\/types\/post"}],"author":[{"embeddable":true,"href":"https:\/\/franciscanos.org.br\/vidacrista\/wp-json\/wp\/v2\/users\/1"}],"replies":[{"embeddable":true,"href":"https:\/\/franciscanos.org.br\/vidacrista\/wp-json\/wp\/v2\/comments?post=9036"}],"version-history":[{"count":1,"href":"https:\/\/franciscanos.org.br\/vidacrista\/wp-json\/wp\/v2\/posts\/9036\/revisions"}],"predecessor-version":[{"id":178045,"href":"https:\/\/franciscanos.org.br\/vidacrista\/wp-json\/wp\/v2\/posts\/9036\/revisions\/178045"}],"wp:featuredmedia":[{"embeddable":true,"href":"https:\/\/franciscanos.org.br\/vidacrista\/wp-json\/wp\/v2\/media\/184572"}],"wp:attachment":[{"href":"https:\/\/franciscanos.org.br\/vidacrista\/wp-json\/wp\/v2\/media?parent=9036"}],"wp:term":[{"taxonomy":"category","embeddable":true,"href":"https:\/\/franciscanos.org.br\/vidacrista\/wp-json\/wp\/v2\/categories?post=9036"},{"taxonomy":"post_tag","embeddable":true,"href":"https:\/\/franciscanos.org.br\/vidacrista\/wp-json\/wp\/v2\/tags?post=9036"}],"curies":[{"name":"wp","href":"https:\/\/api.w.org\/{rel}","templated":true}]}}