{"id":89712,"date":"2015-07-01T00:57:40","date_gmt":"2015-07-01T03:57:40","guid":{"rendered":"http:\/\/franciscanos.org.br\/?p=89712"},"modified":"2020-05-22T10:19:42","modified_gmt":"2020-05-22T13:19:42","slug":"encontro-pessoal-com-o-homem-do-lado-aberto","status":"publish","type":"post","link":"https:\/\/franciscanos.org.br\/vidacrista\/encontro-pessoal-com-o-homem-do-lado-aberto\/","title":{"rendered":"Encontro pessoal com o homem do lado aberto"},"content":{"rendered":"<p>1. Cada primeira sexta-feira do m\u00eas \u00e9, para n\u00f3s, disc\u00edpulos de Jesus, ocasi\u00e3o de contemplar a qualidade do amor de Deus pelos homens: nasce fr\u00e1gil criancinha e morre torturado no alto da cruz. Brota sempre em nosso interior um sentimento de gratid\u00e3o pelo amor do Filho de Deus e somos levados a penetrar na fenda que a lan\u00e7a do soldado abriu no lado do Amado. O Amado nos chama para as n\u00fapcias de amor. Os devotos do Cora\u00e7\u00e3o de Jesus n\u00e3o s\u00e3o seres \u201cadocicados\u201d, mas personalidades fortes que querem tornar o amor Amado e, atrav\u00e9s da aceita\u00e7\u00e3o das contradi\u00e7\u00f5es da vida reparar a indiferen\u00e7a de tantos para um Cora\u00e7\u00e3o que amou os homens at\u00e9 o fim. Dois prop\u00f3sitos formulamos aos p\u00e9s da cruz desse que teve o lado perfurado: agradecimento-repara\u00e7\u00e3o e senso mission\u00e1rio, ou seja, o prop\u00f3sito de tornar o Amor amado.<\/p>\n<p>2. O Papa Francisco vive nos convidando a evangelizar, a tornar a terra inteira impregnada de Jesus e de seu mundo novo que chamamos de Reino. A ordem \u00e9 ir, sair, deixar o adquirido e anunciar a muitos as riquezas do Cora\u00e7\u00e3o do Senhor. In\u00fameras vezes est\u00e3o sendo repetidas e citadas as palavras do Papa Francisco em sua exorta\u00e7\u00e3o a respeito da alegria do Evangelho: \u201cA primeira motiva\u00e7\u00e3o para evangelizar \u00e9 o amor que recebemos de Jesus, aquela experi\u00eancia de sermos salvos por ele, que nos impele a am\u00e1-lo cada vez mais. Um amor que n\u00e3o sentisse a necessidade de falar da pessoa amada, de apresent\u00e1-la, de torn\u00e1-la conhecida, que amor seria? Se n\u00e3o sentimos o desejo intenso de comunicar Jesus, precisamos nos deter em ora\u00e7\u00e3o para lhe pedir que volte a cativar-nos. Precisamos implorar a cada dia, pedir a sua gra\u00e7a para que abra nosso cora\u00e7\u00e3o frio e sacuda a vida t\u00edbia e superficial\u201d (EG 264).<\/p>\n<p><a href=\"http:\/\/franciscanos.org.br\/wp-content\/uploads\/2015\/07\/coracao_0107.jpg\"><img decoding=\"async\" loading=\"lazy\" class=\"alignright size-full wp-image-89713\" src=\"http:\/\/franciscanos.org.br\/wp-content\/uploads\/2015\/07\/coracao_0107.jpg\" alt=\"coracao_0107\" width=\"450\" height=\"600\" \/><\/a>3. Tudo isso se faz atrav\u00e9s do encontro pessoal com o Ressuscitado. N\u00e3o basta repetir automaticamente palavras do Credo, nem formular textos cheios de superlativos a respeito do Senhor. Ser\u00e1 fundamental que saiamos da tibieza e da superficialidade, conforme diz o Papa. Todos aprendemos a nos deixar tocar pelo cap\u00edtulo 15 de Jo\u00e3o, aquele que fala da \u00edntima uni\u00e3o entre a videira e os ramos, entre Jesus e os seus (Jo 15,1-8). Quem permanece em Jesus d\u00e1 fruto porque sem ele nada se pode fazer.<\/p>\n<p>4. N\u00e3o somos empregados ou funcion\u00e1rios de uma empresa em que as coisas precisam \u201cfuncionar\u201d. Somos pessoas tocadas pelo imenso amor.<\/p>\n<p style=\"padding-left: 30px;\">\u2022 Necess\u00e1rio uma grande aproxima\u00e7\u00e3o da limpidez das p\u00e1ginas dos evangelhos. Nada de extraordin\u00e1rio. Em casa, nas reuni\u00f5es de grupo, nas celebra\u00e7\u00f5es os ouvidos do cora\u00e7\u00e3o se voltam para limpidez do Evangelho. Jos\u00e9 A. Pagola diz: \u201cNos evangelhos se encerra a for\u00e7a mais poderosa que as comunidades crist\u00e3s possuem para regenerar sua vida, a energia de que necessitamos para recuperar a identidade de seguidores de Jesus. O evangelho de Jesus \u00e9 o instrumento pastoral mais importante para renovar a Igreja hoje\u201d (O caminho aberto por Jesus. Jo\u00e3o, p. 214).<\/p>\n<p style=\"padding-left: 30px;\">\u2022 Palavras duras do mesmo autor espanhol: \u201cA forma como muitos crist\u00e3os vivem sua religi\u00e3o, sem uma uni\u00e3o vital com Jesus Cristo, n\u00e3o subsistir\u00e1 por muito tempo: ficar\u00e1 reduzida a uma folclore anacr\u00f4nico que n\u00e3o trar\u00e1 a Boa Noticia do Evangelho a ningu\u00e9m. A Igreja n\u00e3o poder\u00e1 levar a cabo sua miss\u00e3o no mundo contempor\u00e2neo se n\u00f3s, que nos dizemos &#8216;crist\u00e3os&#8217;, n\u00e3o nos convertermos em disc\u00edpulos de Jesus, animados por seu esp\u00edrito e sua paix\u00e3o por um mundo mais humano. Ser crist\u00e3o exige hoje uma experi\u00eancia vital de Jesus Cristo um conhecimento interior de sua pessoa e uma paix\u00e3o por seu projeto, que n\u00e3o se requeriam para ser praticante dentro de uma sociedade de cristandade\u201d (idem, p. 215).<\/p>\n<p>5. Precisamos novamente nos deixar seduzir por Jesus, vivo e ressuscitado no meio de n\u00f3s e centro de tudo;<\/p>\n<p style=\"padding-left: 30px;\">\u2022 Reavivar nossa resposta a Cristo. Seguimos algu\u00e9m que nos chama e convoca. N\u00e3o pensar que somos \u201cgrande coisa\u201d simplesmente por uma ades\u00e3o mec\u00e2nica ao grupo dos cat\u00f3licos. Ele nos chama. Precisamos fazer essa experi\u00eancia. Queremos, efetivamente, ser do Senhor. Aqui se pede uma compreens\u00e3o profunda do que vem a ser a voca\u00e7\u00e3o para seguir o Mestre que teve o lado aberto no alto da cruz.<\/p>\n<p style=\"padding-left: 30px;\">\u2022 Como disc\u00edpulos haveremos de ouvir o Mestre: sua Palavra nos textos evang\u00e9licos, na Liturgia da Palavra, no santu\u00e1rio da consci\u00eancia, nos sinais dos tempos, no sil\u00eancio, na medita\u00e7\u00e3o, na interioriza\u00e7\u00e3o. N\u00e3o podemos continuar, no dizer do Papa, a viver uma vida t\u00edbia e superficial. Esse g\u00eanero de vida n\u00e3o se sust\u00e9m.<\/p>\n<p style=\"padding-left: 30px;\">\u2022 Viveremos de maneira profunda e densa a Eucaristia. N\u00e3o simplesmente participar da missa dos domingos, muitas vezes marcada exageradamente por elementos exteriores, sem que apare\u00e7a transparentemente aquele que d\u00e1 a vida pelos seus, que d\u00e1 seu corpo e verte seu sangue nas apar\u00eancias do p\u00e3o e do vinho para a vida do mundo. Aos poucos precisamos compreender que na medida em que damos nossa vida pela via do mundo \u00e9 que come\u00e7amos a ser crist\u00e3os. Deus nos livre da ideia de apenas cumprir o preceito dominical e tranquilizar a consci\u00eancia.<\/p>\n<p style=\"padding-left: 30px;\">\u2022 A contempla\u00e7\u00e3o profunda do mist\u00e9rio do lado aberto de Jesus, de seu cora\u00e7\u00e3o fissurado nos leva a mergulhar no amor e n\u00e3o precisamos de muitas palavras. Aqueles dois filetes de sangue e de \u00e1gua que brotaram do lado do homem do peito aberto nos ajudam a reencontrar o fervor do primeiro amor.<\/p>\n<p style=\"padding-left: 30px;\">\u2022 Jesus n\u00e3o \u00e9 uma ideia, um personagem do passado. O homem da f\u00e9 n\u00e3o se limita a acolher um conjunto de doutrinas, mas Algu\u00e9m vivo que d\u00e1 sentido \u00e0 sua vida. Precisa fazer uma profunda experi\u00eancia de ades\u00e3o ao Ressuscitado.<\/p>\n<p>6. Terminamos esta breve medita\u00e7\u00e3o novamente com Jos\u00e9 A. Pagola: \u201c\u00c9 triste observar a atitude de muitos setores cat\u00f3licos cuja \u00fanica obsess\u00e3o parece ser \u201cconservar a f\u00e9\u201d como \u201cum dep\u00f3sito de doutrinas, que se deve saber defender contra o assalto de novas ideologias e correntes. Crer \u00e9 outra cosia. Antes de tudo, n\u00f3s crentes devemos reavivar nossa ades\u00e3o profunda \u00e0 pessoa de Jesus Cristo. S\u00f3 quando vivermos \u201cseduzidos\u201d por ele e trabalhados pela for\u00e7a regeneradora de sua pessoa, poderemos transmitir hoje seu espirito e sua vis\u00e3o de vida. Do contr\u00e1rio, pronunciaremos com os l\u00e1bios doutrinas sublimes, mas vamos continuar vivendo uma f\u00e9 med\u00edocre e pouco convincente\u201d (Pagola, Mateus, p. 203-204).<\/p>\n<p><strong>Frei Almir Ribeiro Guimar\u00e3es<\/strong><\/p>\n","protected":false},"excerpt":{"rendered":"<p>1\u00aa Sexta-feira do M\u00eas<\/p>\n","protected":false},"author":1,"featured_media":184579,"comment_status":"open","ping_status":"open","sticky":false,"template":"","format":"standard","meta":{"footnotes":""},"categories":[105],"tags":[106,112],"yoast_head":"<!-- This site is optimized with the Yoast SEO plugin v19.4 - https:\/\/yoast.com\/wordpress\/plugins\/seo\/ -->\n<title>Encontro pessoal com o homem do lado aberto - Vida Crist\u00e3 - Franciscanos<\/title>\n<meta name=\"robots\" content=\"index, follow, max-snippet:-1, max-image-preview:large, max-video-preview:-1\" \/>\n<link rel=\"canonical\" href=\"https:\/\/franciscanos.org.br\/vidacrista\/encontro-pessoal-com-o-homem-do-lado-aberto\/\" \/>\n<meta property=\"og:locale\" content=\"pt_BR\" \/>\n<meta property=\"og:type\" content=\"article\" \/>\n<meta property=\"og:title\" content=\"Encontro pessoal com o homem do lado aberto - Vida Crist\u00e3 - Franciscanos\" \/>\n<meta property=\"og:description\" content=\"1\u00aa Sexta-feira do M\u00eas\" \/>\n<meta property=\"og:url\" content=\"https:\/\/franciscanos.org.br\/vidacrista\/encontro-pessoal-com-o-homem-do-lado-aberto\/\" \/>\n<meta property=\"og:site_name\" content=\"Vida Crist\u00e3 - Franciscanos\" \/>\n<meta property=\"article:published_time\" content=\"2015-07-01T03:57:40+00:00\" \/>\n<meta property=\"article:modified_time\" content=\"2020-05-22T13:19:42+00:00\" \/>\n<meta property=\"og:image\" content=\"https:\/\/franciscanos.org.br\/vidacrista\/wp-content\/uploads\/2015\/07\/coracao_0107.jpg\" \/>\n\t<meta property=\"og:image:width\" content=\"800\" \/>\n\t<meta property=\"og:image:height\" content=\"601\" \/>\n\t<meta property=\"og:image:type\" content=\"image\/jpeg\" \/>\n<meta name=\"author\" content=\"admin\" \/>\n<meta name=\"twitter:card\" content=\"summary_large_image\" \/>\n<meta name=\"twitter:label1\" content=\"Escrito por\" \/>\n\t<meta name=\"twitter:data1\" content=\"admin\" \/>\n\t<meta name=\"twitter:label2\" content=\"Est. tempo de leitura\" \/>\n\t<meta name=\"twitter:data2\" content=\"6 minutos\" \/>\n<script type=\"application\/ld+json\" class=\"yoast-schema-graph\">{\"@context\":\"https:\/\/schema.org\",\"@graph\":[{\"@type\":\"WebSite\",\"@id\":\"https:\/\/franciscanos.org.br\/vidacrista\/#website\",\"url\":\"https:\/\/franciscanos.org.br\/vidacrista\/\",\"name\":\"Vida Crist\u00e3 - Franciscanos\",\"description\":\"Prov\u00edncia Franciscana da Imaculada Concei\u00e7\u00e3o do Brasil - Ordem dos Frades Menores\",\"potentialAction\":[{\"@type\":\"SearchAction\",\"target\":{\"@type\":\"EntryPoint\",\"urlTemplate\":\"https:\/\/franciscanos.org.br\/vidacrista\/?s={search_term_string}\"},\"query-input\":\"required name=search_term_string\"}],\"inLanguage\":\"pt-BR\"},{\"@type\":\"WebPage\",\"@id\":\"https:\/\/franciscanos.org.br\/vidacrista\/encontro-pessoal-com-o-homem-do-lado-aberto\/\",\"url\":\"https:\/\/franciscanos.org.br\/vidacrista\/encontro-pessoal-com-o-homem-do-lado-aberto\/\",\"name\":\"Encontro pessoal com o homem do lado aberto - Vida Crist\u00e3 - Franciscanos\",\"isPartOf\":{\"@id\":\"https:\/\/franciscanos.org.br\/vidacrista\/#website\"},\"datePublished\":\"2015-07-01T03:57:40+00:00\",\"dateModified\":\"2020-05-22T13:19:42+00:00\",\"author\":{\"@id\":\"https:\/\/franciscanos.org.br\/vidacrista\/#\/schema\/person\/133632ca93cec555316a35f76ab4153b\"},\"breadcrumb\":{\"@id\":\"https:\/\/franciscanos.org.br\/vidacrista\/encontro-pessoal-com-o-homem-do-lado-aberto\/#breadcrumb\"},\"inLanguage\":\"pt-BR\",\"potentialAction\":[{\"@type\":\"ReadAction\",\"target\":[\"https:\/\/franciscanos.org.br\/vidacrista\/encontro-pessoal-com-o-homem-do-lado-aberto\/\"]}]},{\"@type\":\"BreadcrumbList\",\"@id\":\"https:\/\/franciscanos.org.br\/vidacrista\/encontro-pessoal-com-o-homem-do-lado-aberto\/#breadcrumb\",\"itemListElement\":[{\"@type\":\"ListItem\",\"position\":1,\"name\":\"Home\",\"item\":\"https:\/\/franciscanos.org.br\/vidacrista\/\"},{\"@type\":\"ListItem\",\"position\":2,\"name\":\"Encontro pessoal com o homem do lado aberto\"}]},{\"@type\":\"Person\",\"@id\":\"https:\/\/franciscanos.org.br\/vidacrista\/#\/schema\/person\/133632ca93cec555316a35f76ab4153b\",\"name\":\"admin\",\"image\":{\"@type\":\"ImageObject\",\"inLanguage\":\"pt-BR\",\"@id\":\"https:\/\/franciscanos.org.br\/vidacrista\/#\/schema\/person\/image\/\",\"url\":\"https:\/\/secure.gravatar.com\/avatar\/e8495742d34d0ba6448ea1c628263b3e?s=96&d=mm&r=g\",\"contentUrl\":\"https:\/\/secure.gravatar.com\/avatar\/e8495742d34d0ba6448ea1c628263b3e?s=96&d=mm&r=g\",\"caption\":\"admin\"},\"url\":\"https:\/\/franciscanos.org.br\/vidacrista\/author\/admin\/\"}]}<\/script>\n<!-- \/ Yoast SEO plugin. -->","yoast_head_json":{"title":"Encontro pessoal com o homem do lado aberto - Vida Crist\u00e3 - Franciscanos","robots":{"index":"index","follow":"follow","max-snippet":"max-snippet:-1","max-image-preview":"max-image-preview:large","max-video-preview":"max-video-preview:-1"},"canonical":"https:\/\/franciscanos.org.br\/vidacrista\/encontro-pessoal-com-o-homem-do-lado-aberto\/","og_locale":"pt_BR","og_type":"article","og_title":"Encontro pessoal com o homem do lado aberto - Vida Crist\u00e3 - Franciscanos","og_description":"1\u00aa Sexta-feira do M\u00eas","og_url":"https:\/\/franciscanos.org.br\/vidacrista\/encontro-pessoal-com-o-homem-do-lado-aberto\/","og_site_name":"Vida Crist\u00e3 - Franciscanos","article_published_time":"2015-07-01T03:57:40+00:00","article_modified_time":"2020-05-22T13:19:42+00:00","og_image":[{"width":800,"height":601,"url":"https:\/\/franciscanos.org.br\/vidacrista\/wp-content\/uploads\/2015\/07\/coracao_0107.jpg","type":"image\/jpeg"}],"author":"admin","twitter_card":"summary_large_image","twitter_misc":{"Escrito por":"admin","Est. tempo de leitura":"6 minutos"},"schema":{"@context":"https:\/\/schema.org","@graph":[{"@type":"WebSite","@id":"https:\/\/franciscanos.org.br\/vidacrista\/#website","url":"https:\/\/franciscanos.org.br\/vidacrista\/","name":"Vida Crist\u00e3 - Franciscanos","description":"Prov\u00edncia Franciscana da Imaculada Concei\u00e7\u00e3o do Brasil - Ordem dos Frades Menores","potentialAction":[{"@type":"SearchAction","target":{"@type":"EntryPoint","urlTemplate":"https:\/\/franciscanos.org.br\/vidacrista\/?s={search_term_string}"},"query-input":"required name=search_term_string"}],"inLanguage":"pt-BR"},{"@type":"WebPage","@id":"https:\/\/franciscanos.org.br\/vidacrista\/encontro-pessoal-com-o-homem-do-lado-aberto\/","url":"https:\/\/franciscanos.org.br\/vidacrista\/encontro-pessoal-com-o-homem-do-lado-aberto\/","name":"Encontro pessoal com o homem do lado aberto - Vida Crist\u00e3 - Franciscanos","isPartOf":{"@id":"https:\/\/franciscanos.org.br\/vidacrista\/#website"},"datePublished":"2015-07-01T03:57:40+00:00","dateModified":"2020-05-22T13:19:42+00:00","author":{"@id":"https:\/\/franciscanos.org.br\/vidacrista\/#\/schema\/person\/133632ca93cec555316a35f76ab4153b"},"breadcrumb":{"@id":"https:\/\/franciscanos.org.br\/vidacrista\/encontro-pessoal-com-o-homem-do-lado-aberto\/#breadcrumb"},"inLanguage":"pt-BR","potentialAction":[{"@type":"ReadAction","target":["https:\/\/franciscanos.org.br\/vidacrista\/encontro-pessoal-com-o-homem-do-lado-aberto\/"]}]},{"@type":"BreadcrumbList","@id":"https:\/\/franciscanos.org.br\/vidacrista\/encontro-pessoal-com-o-homem-do-lado-aberto\/#breadcrumb","itemListElement":[{"@type":"ListItem","position":1,"name":"Home","item":"https:\/\/franciscanos.org.br\/vidacrista\/"},{"@type":"ListItem","position":2,"name":"Encontro pessoal com o homem do lado aberto"}]},{"@type":"Person","@id":"https:\/\/franciscanos.org.br\/vidacrista\/#\/schema\/person\/133632ca93cec555316a35f76ab4153b","name":"admin","image":{"@type":"ImageObject","inLanguage":"pt-BR","@id":"https:\/\/franciscanos.org.br\/vidacrista\/#\/schema\/person\/image\/","url":"https:\/\/secure.gravatar.com\/avatar\/e8495742d34d0ba6448ea1c628263b3e?s=96&d=mm&r=g","contentUrl":"https:\/\/secure.gravatar.com\/avatar\/e8495742d34d0ba6448ea1c628263b3e?s=96&d=mm&r=g","caption":"admin"},"url":"https:\/\/franciscanos.org.br\/vidacrista\/author\/admin\/"}]}},"_links":{"self":[{"href":"https:\/\/franciscanos.org.br\/vidacrista\/wp-json\/wp\/v2\/posts\/89712"}],"collection":[{"href":"https:\/\/franciscanos.org.br\/vidacrista\/wp-json\/wp\/v2\/posts"}],"about":[{"href":"https:\/\/franciscanos.org.br\/vidacrista\/wp-json\/wp\/v2\/types\/post"}],"author":[{"embeddable":true,"href":"https:\/\/franciscanos.org.br\/vidacrista\/wp-json\/wp\/v2\/users\/1"}],"replies":[{"embeddable":true,"href":"https:\/\/franciscanos.org.br\/vidacrista\/wp-json\/wp\/v2\/comments?post=89712"}],"version-history":[{"count":2,"href":"https:\/\/franciscanos.org.br\/vidacrista\/wp-json\/wp\/v2\/posts\/89712\/revisions"}],"predecessor-version":[{"id":178070,"href":"https:\/\/franciscanos.org.br\/vidacrista\/wp-json\/wp\/v2\/posts\/89712\/revisions\/178070"}],"wp:featuredmedia":[{"embeddable":true,"href":"https:\/\/franciscanos.org.br\/vidacrista\/wp-json\/wp\/v2\/media\/184579"}],"wp:attachment":[{"href":"https:\/\/franciscanos.org.br\/vidacrista\/wp-json\/wp\/v2\/media?parent=89712"}],"wp:term":[{"taxonomy":"category","embeddable":true,"href":"https:\/\/franciscanos.org.br\/vidacrista\/wp-json\/wp\/v2\/categories?post=89712"},{"taxonomy":"post_tag","embeddable":true,"href":"https:\/\/franciscanos.org.br\/vidacrista\/wp-json\/wp\/v2\/tags?post=89712"}],"curies":[{"name":"wp","href":"https:\/\/api.w.org\/{rel}","templated":true}]}}