{"id":88451,"date":"2015-06-11T23:39:27","date_gmt":"2015-06-12T02:39:27","guid":{"rendered":"http:\/\/franciscanos.org.br\/?p=88451"},"modified":"2019-03-01T13:21:56","modified_gmt":"2019-03-01T16:21:56","slug":"sagrado-coracao-ate-que-ponto-vai-o-amor","status":"publish","type":"post","link":"https:\/\/franciscanos.org.br\/vidacrista\/sagrado-coracao-ate-que-ponto-vai-o-amor\/","title":{"rendered":"&#8220;At\u00e9 que ponto vai o amor&#8221;"},"content":{"rendered":"<h3><strong>\u201cQue te fiz eu?\u201d<\/strong><\/h3>\n<p><strong>\u00a0<\/strong>\u00a0 \u00a0 \u00a0 \u00a0 \u00a0 \u00a0 Quando contemplamos a paix\u00e3o de Jesus, lembramo-nos sempre do c\u00e2ntico da sexta-feira das dores em que o poeta coloca nos l\u00e1bios de Jesus um dolente lamento:\u00a0 \u201cPovo meu, dize em que te contristei?\u201d<\/p>\n<p><a href=\"http:\/\/franciscanos.org.br\/wp-content\/uploads\/2015\/06\/sagrado.jpg\"><img decoding=\"async\" loading=\"lazy\" class=\"alignright size-full wp-image-88452\" src=\"http:\/\/franciscanos.org.br\/wp-content\/uploads\/2015\/06\/sagrado.jpg\" alt=\"sagrado\" width=\"423\" height=\"700\" \/><\/a>\u00a0 \u00a0<strong>Assim poderia falar Jesus:<\/strong><\/p>\n<p>\u201cHoje sou vivo e ressuscitado. O mal n\u00e3o me atinge. Devo dizer que\u00a0 sempre estiveste em meu pensamento. Morri de amor para que tua\u00a0 vida fosse\u00a0 plenitude e ventura. Com pouco meses de tua exist\u00eancia passei a viver contigo.\u00a0 Pelo Batismo passaste a viver de minha vida,\u00a0 vida que veio do seio da Trindade e te ofereci na tarde das dores e na manh\u00e3 da ressurrei\u00e7\u00e3o.<\/p>\n<p>Quando folheias as p\u00e1ginas das Escrituras tento falar ao teu cora\u00e7\u00e3o. Muitas vezes quis que ouvisses a verdade de meus apelos e a veem\u00eancia de meus pedidos. Quando te desviavas do caminho da vida e te mostravas arrependido, sempre estive pronto a te acolher,\u00a0 a ter dar o abra\u00e7o do perd\u00e3o.<\/p>\n<p>Costumo te visitar por meio de meus enviados e embaixadores. Nem sempre prestas aten\u00e7\u00e3o \u00e0s minhas visitas. Pena. Muitas vezes permiti que contradi\u00e7\u00f5es e contrariedades tomassem conta de teu esp\u00edrito. Pensei que talvez fosses acordar deste estado de tibieza e de torpor. Muitas vezes recusaste de me entregar o teu interior. Sempre disseste e continuas dizendo que tens muitas tarefas a realizar. Confesso que nesses\u00a0 momentos sinto ci\u00fames. Colocas teu cora\u00e7\u00e3o na realiza\u00e7\u00e3o de tantas metas e para\u00a0 mim\u00a0 resta o que sobra.\u00a0 Divides teu cora\u00e7\u00e3o. \u00c9s meu sem seres meu.<\/p>\n<p>N\u00e3o for\u00e7o tua liberdade, mas coloco-me diante de ti, postado ao teu lado como um vigia, como um soldado, como um sentinela, como o esposo que espera a esposa.\u00a0 Nunca te faltei.<\/p>\n<p>Olha e contempla uma vez mais, at\u00e9 que ponto fui capaz de te amar. V\u00ea a palidez de meu rosto, esses bra\u00e7os pregado ao madeiro,\u00a0\u00a0 minha boca sem vida\u00a0 no alto da cruz.\u00a0 Que mais eu poderia ter feito?\u00a0 Dize em que te contristei?\u00a0 Por que t\u00e3o pouco caso?\u201d<\/p>\n<p><strong>\u00a0Frei Almir Ribeiro Guimar\u00e3es<\/strong><\/p>\n<p>&nbsp;<\/p>\n","protected":false},"excerpt":{"rendered":"<p>Solenidade<\/p>\n","protected":false},"author":1,"featured_media":178009,"comment_status":"open","ping_status":"open","sticky":false,"template":"","format":"standard","meta":{"footnotes":""},"categories":[105],"tags":[106,112],"yoast_head":"<!-- This site is optimized with the Yoast SEO plugin v19.4 - https:\/\/yoast.com\/wordpress\/plugins\/seo\/ -->\n<title>&quot;At\u00e9 que ponto vai o amor&quot; - Vida Crist\u00e3 - Franciscanos<\/title>\n<meta name=\"robots\" content=\"index, follow, max-snippet:-1, max-image-preview:large, max-video-preview:-1\" \/>\n<link rel=\"canonical\" href=\"https:\/\/franciscanos.org.br\/vidacrista\/sagrado-coracao-ate-que-ponto-vai-o-amor\/\" \/>\n<meta property=\"og:locale\" content=\"pt_BR\" \/>\n<meta property=\"og:type\" content=\"article\" \/>\n<meta property=\"og:title\" content=\"&quot;At\u00e9 que ponto vai o amor&quot; - Vida Crist\u00e3 - Franciscanos\" \/>\n<meta property=\"og:description\" content=\"Solenidade\" \/>\n<meta property=\"og:url\" content=\"https:\/\/franciscanos.org.br\/vidacrista\/sagrado-coracao-ate-que-ponto-vai-o-amor\/\" \/>\n<meta property=\"og:site_name\" content=\"Vida Crist\u00e3 - Franciscanos\" \/>\n<meta property=\"article:published_time\" content=\"2015-06-12T02:39:27+00:00\" \/>\n<meta property=\"article:modified_time\" content=\"2019-03-01T16:21:56+00:00\" \/>\n<meta property=\"og:image\" content=\"https:\/\/franciscanos.org.br\/vidacrista\/wp-content\/uploads\/2015\/06\/sagrado.jpg\" \/>\n\t<meta property=\"og:image:width\" content=\"273\" \/>\n\t<meta property=\"og:image:height\" content=\"181\" \/>\n\t<meta property=\"og:image:type\" content=\"image\/jpeg\" \/>\n<meta name=\"author\" content=\"admin\" \/>\n<meta name=\"twitter:card\" content=\"summary_large_image\" \/>\n<meta name=\"twitter:label1\" content=\"Escrito por\" \/>\n\t<meta name=\"twitter:data1\" content=\"admin\" \/>\n\t<meta name=\"twitter:label2\" content=\"Est. tempo de leitura\" \/>\n\t<meta name=\"twitter:data2\" content=\"2 minutos\" \/>\n<script type=\"application\/ld+json\" class=\"yoast-schema-graph\">{\"@context\":\"https:\/\/schema.org\",\"@graph\":[{\"@type\":\"WebSite\",\"@id\":\"https:\/\/franciscanos.org.br\/vidacrista\/#website\",\"url\":\"https:\/\/franciscanos.org.br\/vidacrista\/\",\"name\":\"Vida Crist\u00e3 - Franciscanos\",\"description\":\"Prov\u00edncia Franciscana da Imaculada Concei\u00e7\u00e3o do Brasil - Ordem dos Frades Menores\",\"potentialAction\":[{\"@type\":\"SearchAction\",\"target\":{\"@type\":\"EntryPoint\",\"urlTemplate\":\"https:\/\/franciscanos.org.br\/vidacrista\/?s={search_term_string}\"},\"query-input\":\"required name=search_term_string\"}],\"inLanguage\":\"pt-BR\"},{\"@type\":\"WebPage\",\"@id\":\"https:\/\/franciscanos.org.br\/vidacrista\/sagrado-coracao-ate-que-ponto-vai-o-amor\/\",\"url\":\"https:\/\/franciscanos.org.br\/vidacrista\/sagrado-coracao-ate-que-ponto-vai-o-amor\/\",\"name\":\"\\\"At\u00e9 que ponto vai o amor\\\" - Vida Crist\u00e3 - Franciscanos\",\"isPartOf\":{\"@id\":\"https:\/\/franciscanos.org.br\/vidacrista\/#website\"},\"datePublished\":\"2015-06-12T02:39:27+00:00\",\"dateModified\":\"2019-03-01T16:21:56+00:00\",\"author\":{\"@id\":\"https:\/\/franciscanos.org.br\/vidacrista\/#\/schema\/person\/133632ca93cec555316a35f76ab4153b\"},\"breadcrumb\":{\"@id\":\"https:\/\/franciscanos.org.br\/vidacrista\/sagrado-coracao-ate-que-ponto-vai-o-amor\/#breadcrumb\"},\"inLanguage\":\"pt-BR\",\"potentialAction\":[{\"@type\":\"ReadAction\",\"target\":[\"https:\/\/franciscanos.org.br\/vidacrista\/sagrado-coracao-ate-que-ponto-vai-o-amor\/\"]}]},{\"@type\":\"BreadcrumbList\",\"@id\":\"https:\/\/franciscanos.org.br\/vidacrista\/sagrado-coracao-ate-que-ponto-vai-o-amor\/#breadcrumb\",\"itemListElement\":[{\"@type\":\"ListItem\",\"position\":1,\"name\":\"Home\",\"item\":\"https:\/\/franciscanos.org.br\/vidacrista\/\"},{\"@type\":\"ListItem\",\"position\":2,\"name\":\"&#8220;At\u00e9 que ponto vai o amor&#8221;\"}]},{\"@type\":\"Person\",\"@id\":\"https:\/\/franciscanos.org.br\/vidacrista\/#\/schema\/person\/133632ca93cec555316a35f76ab4153b\",\"name\":\"admin\",\"image\":{\"@type\":\"ImageObject\",\"inLanguage\":\"pt-BR\",\"@id\":\"https:\/\/franciscanos.org.br\/vidacrista\/#\/schema\/person\/image\/\",\"url\":\"https:\/\/secure.gravatar.com\/avatar\/e8495742d34d0ba6448ea1c628263b3e?s=96&d=mm&r=g\",\"contentUrl\":\"https:\/\/secure.gravatar.com\/avatar\/e8495742d34d0ba6448ea1c628263b3e?s=96&d=mm&r=g\",\"caption\":\"admin\"},\"url\":\"https:\/\/franciscanos.org.br\/vidacrista\/author\/admin\/\"}]}<\/script>\n<!-- \/ Yoast SEO plugin. -->","yoast_head_json":{"title":"\"At\u00e9 que ponto vai o amor\" - Vida Crist\u00e3 - Franciscanos","robots":{"index":"index","follow":"follow","max-snippet":"max-snippet:-1","max-image-preview":"max-image-preview:large","max-video-preview":"max-video-preview:-1"},"canonical":"https:\/\/franciscanos.org.br\/vidacrista\/sagrado-coracao-ate-que-ponto-vai-o-amor\/","og_locale":"pt_BR","og_type":"article","og_title":"\"At\u00e9 que ponto vai o amor\" - Vida Crist\u00e3 - Franciscanos","og_description":"Solenidade","og_url":"https:\/\/franciscanos.org.br\/vidacrista\/sagrado-coracao-ate-que-ponto-vai-o-amor\/","og_site_name":"Vida Crist\u00e3 - Franciscanos","article_published_time":"2015-06-12T02:39:27+00:00","article_modified_time":"2019-03-01T16:21:56+00:00","og_image":[{"width":273,"height":181,"url":"https:\/\/franciscanos.org.br\/vidacrista\/wp-content\/uploads\/2015\/06\/sagrado.jpg","type":"image\/jpeg"}],"author":"admin","twitter_card":"summary_large_image","twitter_misc":{"Escrito por":"admin","Est. tempo de leitura":"2 minutos"},"schema":{"@context":"https:\/\/schema.org","@graph":[{"@type":"WebSite","@id":"https:\/\/franciscanos.org.br\/vidacrista\/#website","url":"https:\/\/franciscanos.org.br\/vidacrista\/","name":"Vida Crist\u00e3 - Franciscanos","description":"Prov\u00edncia Franciscana da Imaculada Concei\u00e7\u00e3o do Brasil - Ordem dos Frades Menores","potentialAction":[{"@type":"SearchAction","target":{"@type":"EntryPoint","urlTemplate":"https:\/\/franciscanos.org.br\/vidacrista\/?s={search_term_string}"},"query-input":"required name=search_term_string"}],"inLanguage":"pt-BR"},{"@type":"WebPage","@id":"https:\/\/franciscanos.org.br\/vidacrista\/sagrado-coracao-ate-que-ponto-vai-o-amor\/","url":"https:\/\/franciscanos.org.br\/vidacrista\/sagrado-coracao-ate-que-ponto-vai-o-amor\/","name":"\"At\u00e9 que ponto vai o amor\" - Vida Crist\u00e3 - Franciscanos","isPartOf":{"@id":"https:\/\/franciscanos.org.br\/vidacrista\/#website"},"datePublished":"2015-06-12T02:39:27+00:00","dateModified":"2019-03-01T16:21:56+00:00","author":{"@id":"https:\/\/franciscanos.org.br\/vidacrista\/#\/schema\/person\/133632ca93cec555316a35f76ab4153b"},"breadcrumb":{"@id":"https:\/\/franciscanos.org.br\/vidacrista\/sagrado-coracao-ate-que-ponto-vai-o-amor\/#breadcrumb"},"inLanguage":"pt-BR","potentialAction":[{"@type":"ReadAction","target":["https:\/\/franciscanos.org.br\/vidacrista\/sagrado-coracao-ate-que-ponto-vai-o-amor\/"]}]},{"@type":"BreadcrumbList","@id":"https:\/\/franciscanos.org.br\/vidacrista\/sagrado-coracao-ate-que-ponto-vai-o-amor\/#breadcrumb","itemListElement":[{"@type":"ListItem","position":1,"name":"Home","item":"https:\/\/franciscanos.org.br\/vidacrista\/"},{"@type":"ListItem","position":2,"name":"&#8220;At\u00e9 que ponto vai o amor&#8221;"}]},{"@type":"Person","@id":"https:\/\/franciscanos.org.br\/vidacrista\/#\/schema\/person\/133632ca93cec555316a35f76ab4153b","name":"admin","image":{"@type":"ImageObject","inLanguage":"pt-BR","@id":"https:\/\/franciscanos.org.br\/vidacrista\/#\/schema\/person\/image\/","url":"https:\/\/secure.gravatar.com\/avatar\/e8495742d34d0ba6448ea1c628263b3e?s=96&d=mm&r=g","contentUrl":"https:\/\/secure.gravatar.com\/avatar\/e8495742d34d0ba6448ea1c628263b3e?s=96&d=mm&r=g","caption":"admin"},"url":"https:\/\/franciscanos.org.br\/vidacrista\/author\/admin\/"}]}},"_links":{"self":[{"href":"https:\/\/franciscanos.org.br\/vidacrista\/wp-json\/wp\/v2\/posts\/88451"}],"collection":[{"href":"https:\/\/franciscanos.org.br\/vidacrista\/wp-json\/wp\/v2\/posts"}],"about":[{"href":"https:\/\/franciscanos.org.br\/vidacrista\/wp-json\/wp\/v2\/types\/post"}],"author":[{"embeddable":true,"href":"https:\/\/franciscanos.org.br\/vidacrista\/wp-json\/wp\/v2\/users\/1"}],"replies":[{"embeddable":true,"href":"https:\/\/franciscanos.org.br\/vidacrista\/wp-json\/wp\/v2\/comments?post=88451"}],"version-history":[{"count":1,"href":"https:\/\/franciscanos.org.br\/vidacrista\/wp-json\/wp\/v2\/posts\/88451\/revisions"}],"predecessor-version":[{"id":178010,"href":"https:\/\/franciscanos.org.br\/vidacrista\/wp-json\/wp\/v2\/posts\/88451\/revisions\/178010"}],"wp:featuredmedia":[{"embeddable":true,"href":"https:\/\/franciscanos.org.br\/vidacrista\/wp-json\/wp\/v2\/media\/178009"}],"wp:attachment":[{"href":"https:\/\/franciscanos.org.br\/vidacrista\/wp-json\/wp\/v2\/media?parent=88451"}],"wp:term":[{"taxonomy":"category","embeddable":true,"href":"https:\/\/franciscanos.org.br\/vidacrista\/wp-json\/wp\/v2\/categories?post=88451"},{"taxonomy":"post_tag","embeddable":true,"href":"https:\/\/franciscanos.org.br\/vidacrista\/wp-json\/wp\/v2\/tags?post=88451"}],"curies":[{"name":"wp","href":"https:\/\/api.w.org\/{rel}","templated":true}]}}