{"id":87373,"date":"2015-06-05T06:55:26","date_gmt":"2015-06-05T09:55:26","guid":{"rendered":"http:\/\/franciscanos.org.br\/?p=87373"},"modified":"2019-03-01T13:21:52","modified_gmt":"2019-03-01T16:21:52","slug":"1a-sexta-feira-aquele-que-cura-nossas-feridas","status":"publish","type":"post","link":"https:\/\/franciscanos.org.br\/vidacrista\/1a-sexta-feira-aquele-que-cura-nossas-feridas\/","title":{"rendered":"&#8220;Aquele que cura nossas feridas&#8221;"},"content":{"rendered":"<p><img decoding=\"async\" loading=\"lazy\" src=\"http:\/\/franciscanos.org.br\/wp-content\/uploads\/2015\/06\/bom_samaritano.jpg\" alt=\"bom_samaritano\" width=\"820\" height=\"411\" \/><\/p>\n<p><strong>Frei Almir Guimar\u00e3es<\/strong><\/p>\n<p>Espet\u00e1culo dolorido de ser contemplado \u00e9 aquele em que temos diante de nossos olhos pessoas com graves ferimentos: um assaltante com arma branca ou de fogo\u00a0 abre o corpo do assaltado\u00a0 expondo suas v\u00edsceras no combate das guerras, \u00a0vemos corpos quase dilacerados feitos uma s\u00f3 ferida.\u00a0 Temos sempre diante de nossos olhos a delicada par\u00e1bola do bom samaritano contada por Jesus.\u00a0 Um homem jogado \u00e0 beira do caminho.\u00a0 O samaritano passa, coloca o homem ferido em sua montaria,\u00a0 deita \u00f3leo em suas chagas, conduz o quase moribundo at\u00e9 uma hospedaria. \u00c9 profundamente tocado pelas feridas e abandono do homem\u00a0 que tinha ca\u00eddo nas m\u00e3os de assaltantes.\u00a0 Mostra humanidade e bondade.<\/p>\n<p>Conhecemos nossas feridas. H\u00e1, \u00e9 claro, a fragilidade de nosso corpo.\u00a0 H\u00e1 tamb\u00e9m essas feridas do interior:\u00a0 nega\u00e7\u00e3o do amor, o voltar os olhos em dire\u00e7\u00e3o oposta ao amor e ao dom de n\u00f3s mesmos, essa\u00a0 insist\u00eancia em\u00a0 buscar nossos interesses em detrimento do outro e dos outros.\u00a0 Nosso pecado, nossa omiss\u00e3o.\u00a0 Somos fragilidade. Conhecemos as feridas interiores.<\/p>\n<p>Jesus \u00e9 o\u00a0 samaritano que se dobra e nos olha e nos leva at\u00e9 a hospedaria para descansarmos.\u00a0 Ele nos mostra suas feridas e chagas, sinais patentes de seu amor benevolente.\u00a0 Suas feridas nos curam. Conduz-nos at\u00e9 a hospedaria de sua intimidade, de seu cora\u00e7\u00e3o.\u00a0 Hoje nos mostra suas chagas preciosas tais quais rubis.\u00a0 H\u00e1, sobretudo, a chaga do cora\u00e7\u00e3o, que \u00e9 a porta da hospedaria de seu amor.\u00a0 Ali nos refugiamos e confiantes levantamos de nossas quedas.<\/p>\n","protected":false},"excerpt":{"rendered":"<p>1\u00aa Sexta-feira do m\u00eas<\/p>\n","protected":false},"author":1,"featured_media":178101,"comment_status":"open","ping_status":"open","sticky":false,"template":"","format":"standard","meta":{"footnotes":""},"categories":[105],"tags":[106,112],"yoast_head":"<!-- This site is optimized with the Yoast SEO plugin v19.4 - https:\/\/yoast.com\/wordpress\/plugins\/seo\/ -->\n<title>&quot;Aquele que cura nossas feridas&quot; - Vida Crist\u00e3 - Franciscanos<\/title>\n<meta name=\"robots\" content=\"index, follow, max-snippet:-1, max-image-preview:large, max-video-preview:-1\" \/>\n<link rel=\"canonical\" href=\"https:\/\/franciscanos.org.br\/vidacrista\/1a-sexta-feira-aquele-que-cura-nossas-feridas\/\" \/>\n<meta property=\"og:locale\" content=\"pt_BR\" \/>\n<meta property=\"og:type\" content=\"article\" \/>\n<meta property=\"og:title\" content=\"&quot;Aquele que cura nossas feridas&quot; - Vida Crist\u00e3 - Franciscanos\" \/>\n<meta property=\"og:description\" content=\"1\u00aa Sexta-feira do m\u00eas\" \/>\n<meta property=\"og:url\" content=\"https:\/\/franciscanos.org.br\/vidacrista\/1a-sexta-feira-aquele-que-cura-nossas-feridas\/\" \/>\n<meta property=\"og:site_name\" content=\"Vida Crist\u00e3 - Franciscanos\" \/>\n<meta property=\"article:published_time\" content=\"2015-06-05T09:55:26+00:00\" \/>\n<meta property=\"article:modified_time\" content=\"2019-03-01T16:21:52+00:00\" \/>\n<meta property=\"og:image\" content=\"https:\/\/franciscanos.org.br\/vidacrista\/wp-content\/uploads\/2015\/06\/sagrado_050615.jpg\" \/>\n\t<meta property=\"og:image:width\" content=\"273\" \/>\n\t<meta property=\"og:image:height\" content=\"181\" \/>\n\t<meta property=\"og:image:type\" content=\"image\/jpeg\" \/>\n<meta name=\"author\" content=\"admin\" \/>\n<meta name=\"twitter:card\" content=\"summary_large_image\" \/>\n<meta name=\"twitter:label1\" content=\"Escrito por\" \/>\n\t<meta name=\"twitter:data1\" content=\"admin\" \/>\n\t<meta name=\"twitter:label2\" content=\"Est. tempo de leitura\" \/>\n\t<meta name=\"twitter:data2\" content=\"1 minuto\" \/>\n<script type=\"application\/ld+json\" class=\"yoast-schema-graph\">{\"@context\":\"https:\/\/schema.org\",\"@graph\":[{\"@type\":\"WebSite\",\"@id\":\"https:\/\/franciscanos.org.br\/vidacrista\/#website\",\"url\":\"https:\/\/franciscanos.org.br\/vidacrista\/\",\"name\":\"Vida Crist\u00e3 - Franciscanos\",\"description\":\"Prov\u00edncia Franciscana da Imaculada Concei\u00e7\u00e3o do Brasil - Ordem dos Frades Menores\",\"potentialAction\":[{\"@type\":\"SearchAction\",\"target\":{\"@type\":\"EntryPoint\",\"urlTemplate\":\"https:\/\/franciscanos.org.br\/vidacrista\/?s={search_term_string}\"},\"query-input\":\"required name=search_term_string\"}],\"inLanguage\":\"pt-BR\"},{\"@type\":\"WebPage\",\"@id\":\"https:\/\/franciscanos.org.br\/vidacrista\/1a-sexta-feira-aquele-que-cura-nossas-feridas\/\",\"url\":\"https:\/\/franciscanos.org.br\/vidacrista\/1a-sexta-feira-aquele-que-cura-nossas-feridas\/\",\"name\":\"\\\"Aquele que cura nossas feridas\\\" - Vida Crist\u00e3 - Franciscanos\",\"isPartOf\":{\"@id\":\"https:\/\/franciscanos.org.br\/vidacrista\/#website\"},\"datePublished\":\"2015-06-05T09:55:26+00:00\",\"dateModified\":\"2019-03-01T16:21:52+00:00\",\"author\":{\"@id\":\"https:\/\/franciscanos.org.br\/vidacrista\/#\/schema\/person\/133632ca93cec555316a35f76ab4153b\"},\"breadcrumb\":{\"@id\":\"https:\/\/franciscanos.org.br\/vidacrista\/1a-sexta-feira-aquele-que-cura-nossas-feridas\/#breadcrumb\"},\"inLanguage\":\"pt-BR\",\"potentialAction\":[{\"@type\":\"ReadAction\",\"target\":[\"https:\/\/franciscanos.org.br\/vidacrista\/1a-sexta-feira-aquele-que-cura-nossas-feridas\/\"]}]},{\"@type\":\"BreadcrumbList\",\"@id\":\"https:\/\/franciscanos.org.br\/vidacrista\/1a-sexta-feira-aquele-que-cura-nossas-feridas\/#breadcrumb\",\"itemListElement\":[{\"@type\":\"ListItem\",\"position\":1,\"name\":\"Home\",\"item\":\"https:\/\/franciscanos.org.br\/vidacrista\/\"},{\"@type\":\"ListItem\",\"position\":2,\"name\":\"&#8220;Aquele que cura nossas feridas&#8221;\"}]},{\"@type\":\"Person\",\"@id\":\"https:\/\/franciscanos.org.br\/vidacrista\/#\/schema\/person\/133632ca93cec555316a35f76ab4153b\",\"name\":\"admin\",\"image\":{\"@type\":\"ImageObject\",\"inLanguage\":\"pt-BR\",\"@id\":\"https:\/\/franciscanos.org.br\/vidacrista\/#\/schema\/person\/image\/\",\"url\":\"https:\/\/secure.gravatar.com\/avatar\/e8495742d34d0ba6448ea1c628263b3e?s=96&d=mm&r=g\",\"contentUrl\":\"https:\/\/secure.gravatar.com\/avatar\/e8495742d34d0ba6448ea1c628263b3e?s=96&d=mm&r=g\",\"caption\":\"admin\"},\"url\":\"https:\/\/franciscanos.org.br\/vidacrista\/author\/admin\/\"}]}<\/script>\n<!-- \/ Yoast SEO plugin. -->","yoast_head_json":{"title":"\"Aquele que cura nossas feridas\" - Vida Crist\u00e3 - Franciscanos","robots":{"index":"index","follow":"follow","max-snippet":"max-snippet:-1","max-image-preview":"max-image-preview:large","max-video-preview":"max-video-preview:-1"},"canonical":"https:\/\/franciscanos.org.br\/vidacrista\/1a-sexta-feira-aquele-que-cura-nossas-feridas\/","og_locale":"pt_BR","og_type":"article","og_title":"\"Aquele que cura nossas feridas\" - Vida Crist\u00e3 - Franciscanos","og_description":"1\u00aa Sexta-feira do m\u00eas","og_url":"https:\/\/franciscanos.org.br\/vidacrista\/1a-sexta-feira-aquele-que-cura-nossas-feridas\/","og_site_name":"Vida Crist\u00e3 - Franciscanos","article_published_time":"2015-06-05T09:55:26+00:00","article_modified_time":"2019-03-01T16:21:52+00:00","og_image":[{"width":273,"height":181,"url":"https:\/\/franciscanos.org.br\/vidacrista\/wp-content\/uploads\/2015\/06\/sagrado_050615.jpg","type":"image\/jpeg"}],"author":"admin","twitter_card":"summary_large_image","twitter_misc":{"Escrito por":"admin","Est. tempo de leitura":"1 minuto"},"schema":{"@context":"https:\/\/schema.org","@graph":[{"@type":"WebSite","@id":"https:\/\/franciscanos.org.br\/vidacrista\/#website","url":"https:\/\/franciscanos.org.br\/vidacrista\/","name":"Vida Crist\u00e3 - Franciscanos","description":"Prov\u00edncia Franciscana da Imaculada Concei\u00e7\u00e3o do Brasil - Ordem dos Frades Menores","potentialAction":[{"@type":"SearchAction","target":{"@type":"EntryPoint","urlTemplate":"https:\/\/franciscanos.org.br\/vidacrista\/?s={search_term_string}"},"query-input":"required name=search_term_string"}],"inLanguage":"pt-BR"},{"@type":"WebPage","@id":"https:\/\/franciscanos.org.br\/vidacrista\/1a-sexta-feira-aquele-que-cura-nossas-feridas\/","url":"https:\/\/franciscanos.org.br\/vidacrista\/1a-sexta-feira-aquele-que-cura-nossas-feridas\/","name":"\"Aquele que cura nossas feridas\" - Vida Crist\u00e3 - Franciscanos","isPartOf":{"@id":"https:\/\/franciscanos.org.br\/vidacrista\/#website"},"datePublished":"2015-06-05T09:55:26+00:00","dateModified":"2019-03-01T16:21:52+00:00","author":{"@id":"https:\/\/franciscanos.org.br\/vidacrista\/#\/schema\/person\/133632ca93cec555316a35f76ab4153b"},"breadcrumb":{"@id":"https:\/\/franciscanos.org.br\/vidacrista\/1a-sexta-feira-aquele-que-cura-nossas-feridas\/#breadcrumb"},"inLanguage":"pt-BR","potentialAction":[{"@type":"ReadAction","target":["https:\/\/franciscanos.org.br\/vidacrista\/1a-sexta-feira-aquele-que-cura-nossas-feridas\/"]}]},{"@type":"BreadcrumbList","@id":"https:\/\/franciscanos.org.br\/vidacrista\/1a-sexta-feira-aquele-que-cura-nossas-feridas\/#breadcrumb","itemListElement":[{"@type":"ListItem","position":1,"name":"Home","item":"https:\/\/franciscanos.org.br\/vidacrista\/"},{"@type":"ListItem","position":2,"name":"&#8220;Aquele que cura nossas feridas&#8221;"}]},{"@type":"Person","@id":"https:\/\/franciscanos.org.br\/vidacrista\/#\/schema\/person\/133632ca93cec555316a35f76ab4153b","name":"admin","image":{"@type":"ImageObject","inLanguage":"pt-BR","@id":"https:\/\/franciscanos.org.br\/vidacrista\/#\/schema\/person\/image\/","url":"https:\/\/secure.gravatar.com\/avatar\/e8495742d34d0ba6448ea1c628263b3e?s=96&d=mm&r=g","contentUrl":"https:\/\/secure.gravatar.com\/avatar\/e8495742d34d0ba6448ea1c628263b3e?s=96&d=mm&r=g","caption":"admin"},"url":"https:\/\/franciscanos.org.br\/vidacrista\/author\/admin\/"}]}},"_links":{"self":[{"href":"https:\/\/franciscanos.org.br\/vidacrista\/wp-json\/wp\/v2\/posts\/87373"}],"collection":[{"href":"https:\/\/franciscanos.org.br\/vidacrista\/wp-json\/wp\/v2\/posts"}],"about":[{"href":"https:\/\/franciscanos.org.br\/vidacrista\/wp-json\/wp\/v2\/types\/post"}],"author":[{"embeddable":true,"href":"https:\/\/franciscanos.org.br\/vidacrista\/wp-json\/wp\/v2\/users\/1"}],"replies":[{"embeddable":true,"href":"https:\/\/franciscanos.org.br\/vidacrista\/wp-json\/wp\/v2\/comments?post=87373"}],"version-history":[{"count":1,"href":"https:\/\/franciscanos.org.br\/vidacrista\/wp-json\/wp\/v2\/posts\/87373\/revisions"}],"predecessor-version":[{"id":178102,"href":"https:\/\/franciscanos.org.br\/vidacrista\/wp-json\/wp\/v2\/posts\/87373\/revisions\/178102"}],"wp:featuredmedia":[{"embeddable":true,"href":"https:\/\/franciscanos.org.br\/vidacrista\/wp-json\/wp\/v2\/media\/178101"}],"wp:attachment":[{"href":"https:\/\/franciscanos.org.br\/vidacrista\/wp-json\/wp\/v2\/media?parent=87373"}],"wp:term":[{"taxonomy":"category","embeddable":true,"href":"https:\/\/franciscanos.org.br\/vidacrista\/wp-json\/wp\/v2\/categories?post=87373"},{"taxonomy":"post_tag","embeddable":true,"href":"https:\/\/franciscanos.org.br\/vidacrista\/wp-json\/wp\/v2\/tags?post=87373"}],"curies":[{"name":"wp","href":"https:\/\/api.w.org\/{rel}","templated":true}]}}