{"id":8434,"date":"2011-10-07T01:00:05","date_gmt":"2011-10-07T04:00:05","guid":{"rendered":"http:\/\/new.franciscanos.org.br\/?p=8434"},"modified":"2019-03-02T10:24:37","modified_gmt":"2019-03-02T13:24:37","slug":"sempre-de-novo-esse-lado-aberto","status":"publish","type":"post","link":"https:\/\/franciscanos.org.br\/vidacrista\/sempre-de-novo-esse-lado-aberto\/","title":{"rendered":"Sempre de novo esse lado aberto"},"content":{"rendered":"<p><em><a href=\"http:\/\/franciscanos.org.br\/wp-content\/uploads\/2011\/10\/1886_040412.jpg\"><img decoding=\"async\" loading=\"lazy\" class=\"alignright size-full wp-image-14785\" title=\"Sagrado Cora\u00e7\u00e3o de Jesus\" src=\"http:\/\/franciscanos.org.br\/wp-content\/uploads\/2011\/10\/1886_040412.jpg\" alt=\"\" width=\"300\" height=\"439\" \/><\/a>O lado aberto \u00e0 semelhan\u00e7a de Ad\u00e3o deixa sair n\u00e3o a mulher que, por seu erro, gerou a morte, mas a fonte da vida que com a dupla torrente vivifica o mundo. Uma, no batist\u00e9rio, nos renova e cobre com a veste imortal; outra, \u00e0 mesa divina, alimenta os renascidos como leite aos pequeninos (Teodoreto de Ciro, sec.V).<\/em><\/p>\n<p><strong>1.<\/strong> Nunca nos cansamos em refletir sobre a beleza do Deus humanado. A encarna\u00e7\u00e3o do Verbo \u00e9 a gram\u00e1tica da bondade do Senhor. Abeiramo-nos do insond\u00e1vel mist\u00e9rio desse Alt\u00edssimo que n\u00e3o consegue reter para si o fogo de seu amor e quer que todos sejamos nele inflamados. Todos aqueles que fomos tocados pela encarna\u00e7\u00e3o do Verbo comprazemo-nos em contemplar os passos de Cristo Jesus. Continuamos a citar Teodoreto de Ciro discorrendo a respeito dos \u00faltimos momentos da vida de Jesus: \u201cChora sobre Jerusal\u00e9m que pela incredulidade atra\u00eda para si a ru\u00edna e prediz a suprema destrui\u00e7\u00e3o do templo outrora famoso. Com toda paci\u00eancia suporta ser batido na cabe\u00e7a por um homem duplamente escravo. Esbofeteado, cuspido, injuriado, atormentado, flagelado e, por fim, crucificado e dado como companheiro de supl\u00edcios a dois ladr\u00f5es, contado entre os homicidas e celerados. Bebe o vinagre e o fel produzidos pela m\u00e1 videira, coroado de espinhos em lugar de louros e cachos de uva. Escarnecido com a p\u00farpura, batido com a cana, ferido o lado pela lan\u00e7a e enfim levado ao sepulcro\u201d (<em>Teodoreto de Ciro, Liturgia das Horas IV, p. 77<\/em>).<\/p>\n<p><strong>2.<\/strong> Teodoreto fala do lado aberto como fonte de vida. Estamos familiarizados com esta imagem do peito aberto do Cora\u00e7\u00e3o do Redentor. Gostamos de permanecer em esp\u00edrito de contempla\u00e7\u00e3o diante da cena final de sua vida, mormente quando Jo\u00e3o nos fala que um soldado, depois que Jesus estava morto, abriu-lhe o lado e vimos correr sangue e \u00e1gua. Gostamos de recordar, de acordo com o ensinamento dos Padres da Igreja, que o peito aberto de Jesus \u00e9 fonte de todas as gra\u00e7as. Mais ainda, gostamos de tomar consci\u00eancia de que o sacramento da Igreja nasce dessa fonte.<\/p>\n<p><strong>3.<\/strong> Realidade estupenda e maravilhosa! Foi do Cora\u00e7\u00e3o do Esposo traspassado que nasceu a Igreja que atravessa imp\u00e1vida os tempos. N\u00e3o apenas a Igreja com seu aspecto que est\u00e1 sempre se reformando. Mas essa Igreja eterna dos hinos de Gertrud von Le Fort e que continua no tempo, esse prolongamento da Encarna\u00e7\u00e3o que \u00e9 a Igreja na qual vivemos e na qual queremos permanecer firmes para sempre. Ora, essa Igreja santa que vive no meio de n\u00f3s tem seu esplendor porque que sua for\u00e7a lhe adv\u00e9m dos rios de \u00e1gua e de sangue que brotaram do lado aberto do Redentor crucificado e glorificado no alto do madeiro.<\/p>\n<p><strong>4.<\/strong> Verdade, a Escritura diz que Deus deu um sono a Ad\u00e3o e de sua costela, de seu lado, tirou a mulher, Eva. Os dois n\u00e3o foram fi\u00e9is: nem Ad\u00e3o, nem aquela que veio de seu lado. Do lado aberto do novo esposo, de Jesus sai uma dupla torrente. Logo ap\u00f3s sua morte houve a abertura do seu lado. A fonte do lado aberto faz brotar dois sinais da presen\u00e7a do Cristo no meio do mundo: o batist\u00e9rio e a mesa divina.<\/p>\n<p><strong>5.<\/strong> Normalmente, na Igreja dos come\u00e7os, eram os adultos que pediam para nascer de novo. Entrando em contacto com a maravilhosa figura de Cristo ressuscitado e vivendo no seio da comunidade, homens e mulheres iam aos poucos decidindo orientar sua exist\u00eancia mais profunda a partir e na dire\u00e7\u00e3o desse deslumbrante Cristo Jesus. Despiam-se do homem velho, jogavam fora as roupas antigas. Teodoreto de Ciro diz que, no batist\u00e9rio, um dos rios do peito aberto nos renova e nos cobre com a veste da imortalidade. Tudo isso se operou na maioria dos cat\u00f3licos na primeir\u00edssima das inf\u00e2ncias, sem que pud\u00e9ssemos disto ter consci\u00eancia. Em nossos dias a Igreja fala muito de uma pastoral que venha a ter a fun\u00e7\u00e3o de \u201cinicia\u00e7\u00e3o\u201d crist\u00e3. Em outras palavras \u00e9 preciso uma tomada de consci\u00eancia de que est\u00e1vamos nus, sem amanh\u00e3, sem casa, sem destino. O Senhor nos mergulhou nas \u00e1guas do batismo e nos renovou. A for\u00e7a da \u00e1gua que d\u00e1 vida, mas sobretudo o vigor desse rio que veio o lado aberto. Prostrados \u00e0 beira do caminho no batismo fomos ungidos com os \u00f3leos que curam, recebemos uma pitada de sal para termos gosto pelas coisas do alto, foi nos dada uma vela acesa para simbolizar a ilumina\u00e7\u00e3o. Que maravilha essa renova\u00e7\u00e3o que nos reveste de imortalidade. Na primitiva Igreja os ne\u00f3fitos, \u201cos brotos novos\u201d se vestiam de branco durante oito dias. Uma purifica\u00e7\u00e3o que tem sua fonte no lado aberto.<\/p>\n<p><strong>6.<\/strong> Teodoreto de Ciro fala tamb\u00e9m da mesa divina. Trata-se, com toda evid\u00eancia, da Eucaristia, essas mesas das toalhas brancas que conhecemos desde a nossa mais tenra inf\u00e2ncia. Teodoreto fala de uma fonte que, \u00e0 mesa divina, alimenta os renascidos. Que tesouro esplendoroso esse da Eucaristia. De manh\u00e3 cedinho um grupo de religiosos ou de religiosas, quando o dia ainda n\u00e3o chegou, se re\u00fanem para fazer a mem\u00f3ria do Senhor e ganhar for\u00e7a para viverem o esplendor de sua consagra\u00e7\u00e3o a Deus. Numa capela de um semin\u00e1rio o bispo, no final da reuni\u00e3o de pastoral, concelebra com seu clero, os pastores das comunidades da Igreja local. Num dia de domingo chegam idosos e jovens, crian\u00e7as e adolescentes com sua vida, sua hist\u00f3ria, seu desejo de n\u00e3o definharem em sua caminhada espirutal. O canto solene, as prociss\u00f5es rituais, a claridade no templo, a proximidade dos irm\u00e3os, o abra\u00e7o da paz&#8230; tudo isso faz o encanto da vida daqueles que renasceram das \u00e1guas da primeira fonte. Agora, juntos, na for\u00e7a alimentadora do amor fraterno, se aproximam da mesa divina onde os renascidos se alimentam como um leite que \u00e9 dado para continua\u00e7\u00e3o da caminhada dos que s\u00e3o novos.<\/p>\n<p><strong>7.<\/strong> Somos grat\u00edssimos a esse Jesus e ao seu lado aberto: \u201cEscarnecido com a p\u00farpura, batido com a cana, <strong><em>ferido o lado pela lan\u00e7a<\/em><\/strong> e enfim levado ao sepulcro\u201d.<\/p>\n","protected":false},"excerpt":{"rendered":"<p>Frei Almir Ribeiro Guimar\u00e3es<\/p>\n","protected":false},"author":1,"featured_media":178267,"comment_status":"closed","ping_status":"open","sticky":false,"template":"","format":"standard","meta":{"footnotes":""},"categories":[105],"tags":[106,112],"yoast_head":"<!-- This site is optimized with the Yoast SEO plugin v19.4 - https:\/\/yoast.com\/wordpress\/plugins\/seo\/ -->\n<title>Sempre de novo esse lado aberto - Vida Crist\u00e3 - Franciscanos<\/title>\n<meta name=\"robots\" content=\"index, follow, max-snippet:-1, max-image-preview:large, max-video-preview:-1\" \/>\n<link rel=\"canonical\" href=\"https:\/\/franciscanos.org.br\/vidacrista\/sempre-de-novo-esse-lado-aberto\/\" \/>\n<meta property=\"og:locale\" content=\"pt_BR\" \/>\n<meta property=\"og:type\" content=\"article\" \/>\n<meta property=\"og:title\" content=\"Sempre de novo esse lado aberto - Vida Crist\u00e3 - Franciscanos\" \/>\n<meta property=\"og:description\" content=\"Frei Almir Ribeiro Guimar\u00e3es\" \/>\n<meta property=\"og:url\" content=\"https:\/\/franciscanos.org.br\/vidacrista\/sempre-de-novo-esse-lado-aberto\/\" \/>\n<meta property=\"og:site_name\" content=\"Vida Crist\u00e3 - Franciscanos\" \/>\n<meta property=\"article:published_time\" content=\"2011-10-07T04:00:05+00:00\" \/>\n<meta property=\"article:modified_time\" content=\"2019-03-02T13:24:37+00:00\" \/>\n<meta property=\"og:image\" content=\"https:\/\/franciscanos.org.br\/vidacrista\/wp-content\/uploads\/2011\/10\/sagrado_071011.jpg\" \/>\n\t<meta property=\"og:image:width\" content=\"273\" \/>\n\t<meta property=\"og:image:height\" content=\"181\" \/>\n\t<meta property=\"og:image:type\" content=\"image\/jpeg\" \/>\n<meta name=\"author\" content=\"admin\" \/>\n<meta name=\"twitter:card\" content=\"summary_large_image\" \/>\n<meta name=\"twitter:label1\" content=\"Escrito por\" \/>\n\t<meta name=\"twitter:data1\" content=\"admin\" \/>\n\t<meta name=\"twitter:label2\" content=\"Est. tempo de leitura\" \/>\n\t<meta name=\"twitter:data2\" content=\"5 minutos\" \/>\n<script type=\"application\/ld+json\" class=\"yoast-schema-graph\">{\"@context\":\"https:\/\/schema.org\",\"@graph\":[{\"@type\":\"WebSite\",\"@id\":\"https:\/\/franciscanos.org.br\/vidacrista\/#website\",\"url\":\"https:\/\/franciscanos.org.br\/vidacrista\/\",\"name\":\"Vida Crist\u00e3 - Franciscanos\",\"description\":\"Prov\u00edncia Franciscana da Imaculada Concei\u00e7\u00e3o do Brasil - Ordem dos Frades Menores\",\"potentialAction\":[{\"@type\":\"SearchAction\",\"target\":{\"@type\":\"EntryPoint\",\"urlTemplate\":\"https:\/\/franciscanos.org.br\/vidacrista\/?s={search_term_string}\"},\"query-input\":\"required name=search_term_string\"}],\"inLanguage\":\"pt-BR\"},{\"@type\":\"WebPage\",\"@id\":\"https:\/\/franciscanos.org.br\/vidacrista\/sempre-de-novo-esse-lado-aberto\/\",\"url\":\"https:\/\/franciscanos.org.br\/vidacrista\/sempre-de-novo-esse-lado-aberto\/\",\"name\":\"Sempre de novo esse lado aberto - Vida Crist\u00e3 - Franciscanos\",\"isPartOf\":{\"@id\":\"https:\/\/franciscanos.org.br\/vidacrista\/#website\"},\"datePublished\":\"2011-10-07T04:00:05+00:00\",\"dateModified\":\"2019-03-02T13:24:37+00:00\",\"author\":{\"@id\":\"https:\/\/franciscanos.org.br\/vidacrista\/#\/schema\/person\/133632ca93cec555316a35f76ab4153b\"},\"breadcrumb\":{\"@id\":\"https:\/\/franciscanos.org.br\/vidacrista\/sempre-de-novo-esse-lado-aberto\/#breadcrumb\"},\"inLanguage\":\"pt-BR\",\"potentialAction\":[{\"@type\":\"ReadAction\",\"target\":[\"https:\/\/franciscanos.org.br\/vidacrista\/sempre-de-novo-esse-lado-aberto\/\"]}]},{\"@type\":\"BreadcrumbList\",\"@id\":\"https:\/\/franciscanos.org.br\/vidacrista\/sempre-de-novo-esse-lado-aberto\/#breadcrumb\",\"itemListElement\":[{\"@type\":\"ListItem\",\"position\":1,\"name\":\"Home\",\"item\":\"https:\/\/franciscanos.org.br\/vidacrista\/\"},{\"@type\":\"ListItem\",\"position\":2,\"name\":\"Sempre de novo esse lado aberto\"}]},{\"@type\":\"Person\",\"@id\":\"https:\/\/franciscanos.org.br\/vidacrista\/#\/schema\/person\/133632ca93cec555316a35f76ab4153b\",\"name\":\"admin\",\"image\":{\"@type\":\"ImageObject\",\"inLanguage\":\"pt-BR\",\"@id\":\"https:\/\/franciscanos.org.br\/vidacrista\/#\/schema\/person\/image\/\",\"url\":\"https:\/\/secure.gravatar.com\/avatar\/e8495742d34d0ba6448ea1c628263b3e?s=96&d=mm&r=g\",\"contentUrl\":\"https:\/\/secure.gravatar.com\/avatar\/e8495742d34d0ba6448ea1c628263b3e?s=96&d=mm&r=g\",\"caption\":\"admin\"},\"url\":\"https:\/\/franciscanos.org.br\/vidacrista\/author\/admin\/\"}]}<\/script>\n<!-- \/ Yoast SEO plugin. -->","yoast_head_json":{"title":"Sempre de novo esse lado aberto - Vida Crist\u00e3 - Franciscanos","robots":{"index":"index","follow":"follow","max-snippet":"max-snippet:-1","max-image-preview":"max-image-preview:large","max-video-preview":"max-video-preview:-1"},"canonical":"https:\/\/franciscanos.org.br\/vidacrista\/sempre-de-novo-esse-lado-aberto\/","og_locale":"pt_BR","og_type":"article","og_title":"Sempre de novo esse lado aberto - Vida Crist\u00e3 - Franciscanos","og_description":"Frei Almir Ribeiro Guimar\u00e3es","og_url":"https:\/\/franciscanos.org.br\/vidacrista\/sempre-de-novo-esse-lado-aberto\/","og_site_name":"Vida Crist\u00e3 - Franciscanos","article_published_time":"2011-10-07T04:00:05+00:00","article_modified_time":"2019-03-02T13:24:37+00:00","og_image":[{"width":273,"height":181,"url":"https:\/\/franciscanos.org.br\/vidacrista\/wp-content\/uploads\/2011\/10\/sagrado_071011.jpg","type":"image\/jpeg"}],"author":"admin","twitter_card":"summary_large_image","twitter_misc":{"Escrito por":"admin","Est. tempo de leitura":"5 minutos"},"schema":{"@context":"https:\/\/schema.org","@graph":[{"@type":"WebSite","@id":"https:\/\/franciscanos.org.br\/vidacrista\/#website","url":"https:\/\/franciscanos.org.br\/vidacrista\/","name":"Vida Crist\u00e3 - Franciscanos","description":"Prov\u00edncia Franciscana da Imaculada Concei\u00e7\u00e3o do Brasil - Ordem dos Frades Menores","potentialAction":[{"@type":"SearchAction","target":{"@type":"EntryPoint","urlTemplate":"https:\/\/franciscanos.org.br\/vidacrista\/?s={search_term_string}"},"query-input":"required name=search_term_string"}],"inLanguage":"pt-BR"},{"@type":"WebPage","@id":"https:\/\/franciscanos.org.br\/vidacrista\/sempre-de-novo-esse-lado-aberto\/","url":"https:\/\/franciscanos.org.br\/vidacrista\/sempre-de-novo-esse-lado-aberto\/","name":"Sempre de novo esse lado aberto - Vida Crist\u00e3 - Franciscanos","isPartOf":{"@id":"https:\/\/franciscanos.org.br\/vidacrista\/#website"},"datePublished":"2011-10-07T04:00:05+00:00","dateModified":"2019-03-02T13:24:37+00:00","author":{"@id":"https:\/\/franciscanos.org.br\/vidacrista\/#\/schema\/person\/133632ca93cec555316a35f76ab4153b"},"breadcrumb":{"@id":"https:\/\/franciscanos.org.br\/vidacrista\/sempre-de-novo-esse-lado-aberto\/#breadcrumb"},"inLanguage":"pt-BR","potentialAction":[{"@type":"ReadAction","target":["https:\/\/franciscanos.org.br\/vidacrista\/sempre-de-novo-esse-lado-aberto\/"]}]},{"@type":"BreadcrumbList","@id":"https:\/\/franciscanos.org.br\/vidacrista\/sempre-de-novo-esse-lado-aberto\/#breadcrumb","itemListElement":[{"@type":"ListItem","position":1,"name":"Home","item":"https:\/\/franciscanos.org.br\/vidacrista\/"},{"@type":"ListItem","position":2,"name":"Sempre de novo esse lado aberto"}]},{"@type":"Person","@id":"https:\/\/franciscanos.org.br\/vidacrista\/#\/schema\/person\/133632ca93cec555316a35f76ab4153b","name":"admin","image":{"@type":"ImageObject","inLanguage":"pt-BR","@id":"https:\/\/franciscanos.org.br\/vidacrista\/#\/schema\/person\/image\/","url":"https:\/\/secure.gravatar.com\/avatar\/e8495742d34d0ba6448ea1c628263b3e?s=96&d=mm&r=g","contentUrl":"https:\/\/secure.gravatar.com\/avatar\/e8495742d34d0ba6448ea1c628263b3e?s=96&d=mm&r=g","caption":"admin"},"url":"https:\/\/franciscanos.org.br\/vidacrista\/author\/admin\/"}]}},"_links":{"self":[{"href":"https:\/\/franciscanos.org.br\/vidacrista\/wp-json\/wp\/v2\/posts\/8434"}],"collection":[{"href":"https:\/\/franciscanos.org.br\/vidacrista\/wp-json\/wp\/v2\/posts"}],"about":[{"href":"https:\/\/franciscanos.org.br\/vidacrista\/wp-json\/wp\/v2\/types\/post"}],"author":[{"embeddable":true,"href":"https:\/\/franciscanos.org.br\/vidacrista\/wp-json\/wp\/v2\/users\/1"}],"replies":[{"embeddable":true,"href":"https:\/\/franciscanos.org.br\/vidacrista\/wp-json\/wp\/v2\/comments?post=8434"}],"version-history":[{"count":1,"href":"https:\/\/franciscanos.org.br\/vidacrista\/wp-json\/wp\/v2\/posts\/8434\/revisions"}],"predecessor-version":[{"id":178156,"href":"https:\/\/franciscanos.org.br\/vidacrista\/wp-json\/wp\/v2\/posts\/8434\/revisions\/178156"}],"wp:featuredmedia":[{"embeddable":true,"href":"https:\/\/franciscanos.org.br\/vidacrista\/wp-json\/wp\/v2\/media\/178267"}],"wp:attachment":[{"href":"https:\/\/franciscanos.org.br\/vidacrista\/wp-json\/wp\/v2\/media?parent=8434"}],"wp:term":[{"taxonomy":"category","embeddable":true,"href":"https:\/\/franciscanos.org.br\/vidacrista\/wp-json\/wp\/v2\/categories?post=8434"},{"taxonomy":"post_tag","embeddable":true,"href":"https:\/\/franciscanos.org.br\/vidacrista\/wp-json\/wp\/v2\/tags?post=8434"}],"curies":[{"name":"wp","href":"https:\/\/api.w.org\/{rel}","templated":true}]}}