{"id":8432,"date":"2011-09-02T01:00:16","date_gmt":"2011-09-02T04:00:16","guid":{"rendered":"http:\/\/new.franciscanos.org.br\/?p=8432"},"modified":"2020-05-26T08:56:32","modified_gmt":"2020-05-26T11:56:32","slug":"dos-que-andam-com-sede-de-plenitude","status":"publish","type":"post","link":"https:\/\/franciscanos.org.br\/vidacrista\/dos-que-andam-com-sede-de-plenitude\/","title":{"rendered":"Dos que andam com sede de plenitude"},"content":{"rendered":"<p align=\"left\"><em><a href=\"http:\/\/franciscanos.org.br\/wp-content\/uploads\/2011\/09\/1888_040412.jpg\"><img decoding=\"async\" loading=\"lazy\" class=\"alignright size-full wp-image-14791\" title=\"Sagrado Cora\u00e7\u00e3o de Jesus\" src=\"http:\/\/franciscanos.org.br\/wp-content\/uploads\/2011\/09\/1888_040412.jpg\" alt=\"\" width=\"300\" height=\"382\" \/><\/a>De seu alimento nos sustentamos como de um manjar de vida, e a nossa alma se delicia com o Sangue precioso de Cristo como numa fonte. E, contudo, temos sempre sede desse Sangue, sempre o desejamos ardentemente. Mas nosso Salvador est\u00e1 perto daqueles que t\u00eam sede, e na sua bondade convida todos os cora\u00e7\u00f5es sedentos para o grande dia da festa, dizendo<\/em>: \u201cSe algu\u00e9m tem sede, venha a mim, e beba\u201d (Jo 7,37)<br \/>\n<strong>Das Cartas pascais de Santo Atan\u00e1sio<\/strong><\/p>\n<p><strong>1.<\/strong> Cristo Jesus \u00e9 o centro de nossa f\u00e9. Na passagem do mil\u00eanio insistimos muito em dizer e cantar: \u201cCristo ontem, hoje e sempre\u201d. Gostamos de contemplar os mist\u00e9rios de Cristo: seu nascimento simples na gruta de Bel\u00e9m, seu rosto transfigurado na montanha luminosa, seu despojamento em tantas circunst\u00e2ncias de sua caminhada. Os disc\u00edpulos se det\u00eam, de modo particular, no mist\u00e9rio de seu aniquilamento que culminou com sua morte crudel\u00edssima no pat\u00edbulo da cruz. Todas as primeiras sextas-feiras do m\u00eas nos comprazemos em admirar, adorar, reverenciar a fissura que foi feita no peito do Mestre depois de morto. Temos um profundo respeito por esta chaga que nos convida ao descanso e nos impele \u00e0 miss\u00e3o. N\u00e3o somos devotos \u201cpiegas\u201d. A contempla\u00e7\u00e3o do Cora\u00e7\u00e3o, entre outras coisas, faz nascer em n\u00f3s um desejo de plenitude que, for\u00e7osamente, nos arranca de uma religi\u00e3o de \u201cdescanso\u201d, sempre um apelo a tornar o Amor amado para usar uma express\u00e3o de S\u00e3o Francisco. Os contemplativos s\u00e3o mission\u00e1rios.<\/p>\n<p><strong>2.<\/strong> Em seu belo texto, acima transcrito, Santo Atan\u00e1sio nos fala do alimento e da bebida que \u00e9 Cristo Jesus. Pensamos sempre no Cristo ressuscitado que vive no meio de n\u00f3s. Pensamos na eucaristia, mas antes na totalidade da pessoa e da figura de Cristo Jesus. Ele n\u00e3o \u00e9 apenas um personagem da hist\u00f3ria a ser estudado, reverenciado e aclamado, mas uma vida a ser desejada. Santo Atan\u00e1sio fala de Cristo como alimento e bebida. Desde a mais tenra inf\u00e2ncia, muitos de n\u00f3s, fomos tendo nossos encontros com o vigor da Presen\u00e7a do Ressuscitado. Fomos alimentados por ele. Sentimos vontade de seguir seus passos, de nos alimentar das Palavras que foram chegando at\u00e9 o mais \u00edntimo de n\u00f3s mesmos: um retiro espiritual que nos marcou, um sacerdote que se fez amigo, as visitas do Senhor em nossa intimidade, as chamadas que ele foi fazendo atrav\u00e9s do rosto dos mais sofredores. Somos dos que andam com sede do Senhor&#8230;<\/p>\n<p><strong>3.<\/strong> O texto de Atan\u00e1sio tem palavras que precisam penetrar em n\u00f3s: alimento-manjar, sangue precioso que delicia a alma, fonte. Fonte de \u00e1gua que mata a sede, sede de plenitude, desejo que arde. Na realidade, os que s\u00e3o de Cristo v\u00e3o se afei\u00e7oando a ele e experimentam necessidade dele como se tem necessidade de \u00e1gua para matar a sede. N\u00e3o basta, efetivamente, um amor de palavras ou uma profiss\u00e3o apenas de verdades secas. Todo esse texto de Santo Atan\u00e1sio nos leva para a m\u00edstica, para a uni\u00e3o do disc\u00edpulo com o Mestre. Penetramos nas terras dessa ora\u00e7\u00e3o do desejo. Claramente isso transparece na prece do salmo: \u201cV\u00f3s lhes dar de beber \u00e1gua viva, na torrente das vossas delicias. Pois em v\u00f3s est\u00e1 a fonte da vida, e em vossa luz contemplamos a luz\u201d (Sl 35, 9b-10).<\/p>\n<p><strong>4.<\/strong> A comemora\u00e7\u00e3o votiva das primeiras sextas-feiras nos coloca novamente diante da contempla\u00e7\u00e3o da cruz, desse mist\u00e9rio de abandono amoroso e que se conclui com o toque da lan\u00e7a do soldado que fere o peito morto do Redentor. A cruz de Cristo \u00e9 fonte de vida. Jo\u00e3o falava de uma \u00e1gua viva que jorra para a vida eterna (cf. Jo 4, 14). Assim escreveu S\u00e3o Columbano comentando estas linhas de Jo\u00e3o: \u201cOxal\u00e1 te dignes admitir-me a esta fonte, Deus misericordioso, bom Senhor, onde eu, com os que t\u00eam sede de ti, beberei da onda viva de \u00e1gua corrente, Refeito por sua indiz\u00edvel do\u00e7ura, esteja sempre unido a ela e diga: Qu\u00e3o doce \u00e9 a fonte de \u00e1gua viva, donde nunca falta a \u00e1gua que jorra para a vida eterna\u201d. Assim, pedem tamb\u00e9m os devotos aut\u00eanticos do Cora\u00e7\u00e3o de Jesus.<\/p>\n","protected":false},"excerpt":{"rendered":"<p>Frei Almir Ribeiro Guimar\u00e3es<\/p>\n","protected":false},"author":1,"featured_media":184722,"comment_status":"closed","ping_status":"open","sticky":false,"template":"","format":"standard","meta":{"footnotes":""},"categories":[105],"tags":[106,112],"yoast_head":"<!-- This site is optimized with the Yoast SEO plugin v19.4 - https:\/\/yoast.com\/wordpress\/plugins\/seo\/ -->\n<title>Dos que andam com sede de plenitude - Vida Crist\u00e3 - Franciscanos<\/title>\n<meta name=\"robots\" content=\"index, follow, max-snippet:-1, max-image-preview:large, max-video-preview:-1\" \/>\n<link rel=\"canonical\" href=\"https:\/\/franciscanos.org.br\/vidacrista\/dos-que-andam-com-sede-de-plenitude\/\" \/>\n<meta property=\"og:locale\" content=\"pt_BR\" \/>\n<meta property=\"og:type\" content=\"article\" \/>\n<meta property=\"og:title\" content=\"Dos que andam com sede de plenitude - Vida Crist\u00e3 - Franciscanos\" \/>\n<meta property=\"og:description\" content=\"Frei Almir Ribeiro Guimar\u00e3es\" \/>\n<meta property=\"og:url\" content=\"https:\/\/franciscanos.org.br\/vidacrista\/dos-que-andam-com-sede-de-plenitude\/\" \/>\n<meta property=\"og:site_name\" content=\"Vida Crist\u00e3 - Franciscanos\" \/>\n<meta property=\"article:published_time\" content=\"2011-09-02T04:00:16+00:00\" \/>\n<meta property=\"article:modified_time\" content=\"2020-05-26T11:56:32+00:00\" \/>\n<meta property=\"og:image\" content=\"https:\/\/franciscanos.org.br\/vidacrista\/wp-content\/uploads\/2011\/09\/1888_040412.jpg\" \/>\n\t<meta property=\"og:image:width\" content=\"800\" \/>\n\t<meta property=\"og:image:height\" content=\"600\" \/>\n\t<meta property=\"og:image:type\" content=\"image\/jpeg\" \/>\n<meta name=\"author\" content=\"admin\" \/>\n<meta name=\"twitter:card\" content=\"summary_large_image\" \/>\n<meta name=\"twitter:label1\" content=\"Escrito por\" \/>\n\t<meta name=\"twitter:data1\" content=\"admin\" \/>\n\t<meta name=\"twitter:label2\" content=\"Est. tempo de leitura\" \/>\n\t<meta name=\"twitter:data2\" content=\"4 minutos\" \/>\n<script type=\"application\/ld+json\" class=\"yoast-schema-graph\">{\"@context\":\"https:\/\/schema.org\",\"@graph\":[{\"@type\":\"WebSite\",\"@id\":\"https:\/\/franciscanos.org.br\/vidacrista\/#website\",\"url\":\"https:\/\/franciscanos.org.br\/vidacrista\/\",\"name\":\"Vida Crist\u00e3 - Franciscanos\",\"description\":\"Prov\u00edncia Franciscana da Imaculada Concei\u00e7\u00e3o do Brasil - Ordem dos Frades Menores\",\"potentialAction\":[{\"@type\":\"SearchAction\",\"target\":{\"@type\":\"EntryPoint\",\"urlTemplate\":\"https:\/\/franciscanos.org.br\/vidacrista\/?s={search_term_string}\"},\"query-input\":\"required name=search_term_string\"}],\"inLanguage\":\"pt-BR\"},{\"@type\":\"WebPage\",\"@id\":\"https:\/\/franciscanos.org.br\/vidacrista\/dos-que-andam-com-sede-de-plenitude\/\",\"url\":\"https:\/\/franciscanos.org.br\/vidacrista\/dos-que-andam-com-sede-de-plenitude\/\",\"name\":\"Dos que andam com sede de plenitude - Vida Crist\u00e3 - Franciscanos\",\"isPartOf\":{\"@id\":\"https:\/\/franciscanos.org.br\/vidacrista\/#website\"},\"datePublished\":\"2011-09-02T04:00:16+00:00\",\"dateModified\":\"2020-05-26T11:56:32+00:00\",\"author\":{\"@id\":\"https:\/\/franciscanos.org.br\/vidacrista\/#\/schema\/person\/133632ca93cec555316a35f76ab4153b\"},\"breadcrumb\":{\"@id\":\"https:\/\/franciscanos.org.br\/vidacrista\/dos-que-andam-com-sede-de-plenitude\/#breadcrumb\"},\"inLanguage\":\"pt-BR\",\"potentialAction\":[{\"@type\":\"ReadAction\",\"target\":[\"https:\/\/franciscanos.org.br\/vidacrista\/dos-que-andam-com-sede-de-plenitude\/\"]}]},{\"@type\":\"BreadcrumbList\",\"@id\":\"https:\/\/franciscanos.org.br\/vidacrista\/dos-que-andam-com-sede-de-plenitude\/#breadcrumb\",\"itemListElement\":[{\"@type\":\"ListItem\",\"position\":1,\"name\":\"Home\",\"item\":\"https:\/\/franciscanos.org.br\/vidacrista\/\"},{\"@type\":\"ListItem\",\"position\":2,\"name\":\"Dos que andam com sede de plenitude\"}]},{\"@type\":\"Person\",\"@id\":\"https:\/\/franciscanos.org.br\/vidacrista\/#\/schema\/person\/133632ca93cec555316a35f76ab4153b\",\"name\":\"admin\",\"image\":{\"@type\":\"ImageObject\",\"inLanguage\":\"pt-BR\",\"@id\":\"https:\/\/franciscanos.org.br\/vidacrista\/#\/schema\/person\/image\/\",\"url\":\"https:\/\/secure.gravatar.com\/avatar\/e8495742d34d0ba6448ea1c628263b3e?s=96&d=mm&r=g\",\"contentUrl\":\"https:\/\/secure.gravatar.com\/avatar\/e8495742d34d0ba6448ea1c628263b3e?s=96&d=mm&r=g\",\"caption\":\"admin\"},\"url\":\"https:\/\/franciscanos.org.br\/vidacrista\/author\/admin\/\"}]}<\/script>\n<!-- \/ Yoast SEO plugin. -->","yoast_head_json":{"title":"Dos que andam com sede de plenitude - Vida Crist\u00e3 - Franciscanos","robots":{"index":"index","follow":"follow","max-snippet":"max-snippet:-1","max-image-preview":"max-image-preview:large","max-video-preview":"max-video-preview:-1"},"canonical":"https:\/\/franciscanos.org.br\/vidacrista\/dos-que-andam-com-sede-de-plenitude\/","og_locale":"pt_BR","og_type":"article","og_title":"Dos que andam com sede de plenitude - Vida Crist\u00e3 - Franciscanos","og_description":"Frei Almir Ribeiro Guimar\u00e3es","og_url":"https:\/\/franciscanos.org.br\/vidacrista\/dos-que-andam-com-sede-de-plenitude\/","og_site_name":"Vida Crist\u00e3 - Franciscanos","article_published_time":"2011-09-02T04:00:16+00:00","article_modified_time":"2020-05-26T11:56:32+00:00","og_image":[{"width":800,"height":600,"url":"https:\/\/franciscanos.org.br\/vidacrista\/wp-content\/uploads\/2011\/09\/1888_040412.jpg","type":"image\/jpeg"}],"author":"admin","twitter_card":"summary_large_image","twitter_misc":{"Escrito por":"admin","Est. tempo de leitura":"4 minutos"},"schema":{"@context":"https:\/\/schema.org","@graph":[{"@type":"WebSite","@id":"https:\/\/franciscanos.org.br\/vidacrista\/#website","url":"https:\/\/franciscanos.org.br\/vidacrista\/","name":"Vida Crist\u00e3 - Franciscanos","description":"Prov\u00edncia Franciscana da Imaculada Concei\u00e7\u00e3o do Brasil - Ordem dos Frades Menores","potentialAction":[{"@type":"SearchAction","target":{"@type":"EntryPoint","urlTemplate":"https:\/\/franciscanos.org.br\/vidacrista\/?s={search_term_string}"},"query-input":"required name=search_term_string"}],"inLanguage":"pt-BR"},{"@type":"WebPage","@id":"https:\/\/franciscanos.org.br\/vidacrista\/dos-que-andam-com-sede-de-plenitude\/","url":"https:\/\/franciscanos.org.br\/vidacrista\/dos-que-andam-com-sede-de-plenitude\/","name":"Dos que andam com sede de plenitude - Vida Crist\u00e3 - Franciscanos","isPartOf":{"@id":"https:\/\/franciscanos.org.br\/vidacrista\/#website"},"datePublished":"2011-09-02T04:00:16+00:00","dateModified":"2020-05-26T11:56:32+00:00","author":{"@id":"https:\/\/franciscanos.org.br\/vidacrista\/#\/schema\/person\/133632ca93cec555316a35f76ab4153b"},"breadcrumb":{"@id":"https:\/\/franciscanos.org.br\/vidacrista\/dos-que-andam-com-sede-de-plenitude\/#breadcrumb"},"inLanguage":"pt-BR","potentialAction":[{"@type":"ReadAction","target":["https:\/\/franciscanos.org.br\/vidacrista\/dos-que-andam-com-sede-de-plenitude\/"]}]},{"@type":"BreadcrumbList","@id":"https:\/\/franciscanos.org.br\/vidacrista\/dos-que-andam-com-sede-de-plenitude\/#breadcrumb","itemListElement":[{"@type":"ListItem","position":1,"name":"Home","item":"https:\/\/franciscanos.org.br\/vidacrista\/"},{"@type":"ListItem","position":2,"name":"Dos que andam com sede de plenitude"}]},{"@type":"Person","@id":"https:\/\/franciscanos.org.br\/vidacrista\/#\/schema\/person\/133632ca93cec555316a35f76ab4153b","name":"admin","image":{"@type":"ImageObject","inLanguage":"pt-BR","@id":"https:\/\/franciscanos.org.br\/vidacrista\/#\/schema\/person\/image\/","url":"https:\/\/secure.gravatar.com\/avatar\/e8495742d34d0ba6448ea1c628263b3e?s=96&d=mm&r=g","contentUrl":"https:\/\/secure.gravatar.com\/avatar\/e8495742d34d0ba6448ea1c628263b3e?s=96&d=mm&r=g","caption":"admin"},"url":"https:\/\/franciscanos.org.br\/vidacrista\/author\/admin\/"}]}},"_links":{"self":[{"href":"https:\/\/franciscanos.org.br\/vidacrista\/wp-json\/wp\/v2\/posts\/8432"}],"collection":[{"href":"https:\/\/franciscanos.org.br\/vidacrista\/wp-json\/wp\/v2\/posts"}],"about":[{"href":"https:\/\/franciscanos.org.br\/vidacrista\/wp-json\/wp\/v2\/types\/post"}],"author":[{"embeddable":true,"href":"https:\/\/franciscanos.org.br\/vidacrista\/wp-json\/wp\/v2\/users\/1"}],"replies":[{"embeddable":true,"href":"https:\/\/franciscanos.org.br\/vidacrista\/wp-json\/wp\/v2\/comments?post=8432"}],"version-history":[{"count":1,"href":"https:\/\/franciscanos.org.br\/vidacrista\/wp-json\/wp\/v2\/posts\/8432\/revisions"}],"predecessor-version":[{"id":178182,"href":"https:\/\/franciscanos.org.br\/vidacrista\/wp-json\/wp\/v2\/posts\/8432\/revisions\/178182"}],"wp:featuredmedia":[{"embeddable":true,"href":"https:\/\/franciscanos.org.br\/vidacrista\/wp-json\/wp\/v2\/media\/184722"}],"wp:attachment":[{"href":"https:\/\/franciscanos.org.br\/vidacrista\/wp-json\/wp\/v2\/media?parent=8432"}],"wp:term":[{"taxonomy":"category","embeddable":true,"href":"https:\/\/franciscanos.org.br\/vidacrista\/wp-json\/wp\/v2\/categories?post=8432"},{"taxonomy":"post_tag","embeddable":true,"href":"https:\/\/franciscanos.org.br\/vidacrista\/wp-json\/wp\/v2\/tags?post=8432"}],"curies":[{"name":"wp","href":"https:\/\/api.w.org\/{rel}","templated":true}]}}