{"id":8430,"date":"2011-08-08T01:00:13","date_gmt":"2011-08-08T04:00:13","guid":{"rendered":"http:\/\/new.franciscanos.org.br\/?p=8430"},"modified":"2019-03-02T10:57:18","modified_gmt":"2019-03-02T13:57:18","slug":"e-com-o-coracao-e-a-mente-que-se-enxerga-bem","status":"publish","type":"post","link":"https:\/\/franciscanos.org.br\/vidacrista\/e-com-o-coracao-e-a-mente-que-se-enxerga-bem\/","title":{"rendered":"\u00c9 com o cora\u00e7\u00e3o e a mente que se enxerga bem"},"content":{"rendered":"<p align=\"left\"><em><a href=\"http:\/\/franciscanos.org.br\/wp-content\/uploads\/2011\/08\/1890_040412.jpg\"><img decoding=\"async\" loading=\"lazy\" class=\"alignright size-full wp-image-14799\" title=\"Sagrado Cora\u00e7\u00e3o de Jesus\" src=\"http:\/\/franciscanos.org.br\/wp-content\/uploads\/2011\/08\/1890_040412.jpg\" alt=\"\" width=\"224\" height=\"400\" \/><\/a>N\u00e3o creias apenas nos teus olhos corporais. Enxerga-se muito melhor o que n\u00e3o se v\u00ea, porque o que se v\u00ea \u00e9 transit\u00f3rio. Com outros olhos vemos o que \u00e9 eterno. Entretanto se vemos o que os olhos n\u00e3o alcan\u00e7am, enxergamos com o cora\u00e7\u00e3o e a mente (Santo Ambr\u00f3sio)<\/em><\/p>\n<p><strong>1.<\/strong> Vivemos nossa vida crist\u00e3. Somos crist\u00e3os. Caminhamos \u00e0 luz da f\u00e9. Por detr\u00e1s de tudo o que tocamos com as m\u00e3os, escutamos com os ouvidos, enxergamos com os olhos esta a presen\u00e7a do mist\u00e9rio amoroso de Deus a nos olhar, a nos perscrutar e a nos convocar. Sabemos, segundo o Pequeno Pr\u00edncipe, que as coisas mais importantes s\u00e3o invis\u00edveis aos olhos. Realmente, s\u00f3 se v\u00ea bem com o cora\u00e7\u00e3o. Um dia desses olhava eu uma crian\u00e7a. Um menino espoleta, que corria de um lado para o outro dentro do \u00f4nibus, que gritava, que sorria, que chegava perto das pessoas e fazia tantas perguntas, estas perguntas que somente as crian\u00e7as sabem fazer<em>. Como \u00e9 teu nome? Onde tu moras? Como se chama teu pai? Queres uma bala? Tu tens irm\u00e3os? <\/em>Via aquele menino, aquele lourinho de cabelo em forma de crista&#8230; Que ser\u00e1 dele? O que esse guri j\u00e1 tem como perguntas dentro do cora\u00e7\u00e3o? Como ser\u00e1 seu amanh\u00e3? Ser\u00e1 que os pais dele v\u00e3o cuidar apenas que ele cres\u00e7a, que passe na faculdade, que tenha uma namorada bonita, que ganhe dinheiro? Tive vontade de olhar para esse menino com os olhos do cora\u00e7\u00e3o e da mente e pensar que ele foi querido por Deus, foi entregue aos cuidados de seus pais e que poder\u00e1 enfeitar a face da terra, e um dia, ser santo. <em>Quando vemos o que os olhos n\u00e3o alcan\u00e7am, enxergamos com o cora\u00e7\u00e3o e a mente.<\/em><\/p>\n<p><strong>2.<\/strong> Tudo ia chegando ao fim. O menino de Maria j\u00e1 n\u00e3o era mais um menino. Caminhou resolutamente na dire\u00e7\u00e3o do lugar da entrega. Despojado de tudo, sem defensores, sem pompa, sem seguran\u00e7as, entregue aos caprichos de meia d\u00fazia de seres med\u00edocres, ele, coberto de escarros, poeira, sangue, abandono, nu em todos os sentidos foi se entregando, com solu\u00e7os baixinhos, ao Pai invis\u00edvel que tudo v\u00ea com o cora\u00e7\u00e3o. N\u00e3o tendo mais vontade de discutir, de porfiar foi se entregando nas m\u00e3os do Pai que v\u00ea tudo. E uma paz profunda tomou conta do corpo e cora\u00e7\u00e3o desse que era a epifania de Deus, a manifesta\u00e7\u00e3o de Deus na terra dos homens, que era a aproxima\u00e7\u00e3o mais \u00edntima do cora\u00e7\u00e3o de Deus com o cora\u00e7\u00e3o do homem.<\/p>\n<p><strong>3.<\/strong> Terminado o supl\u00edcio de amor, inclinando a cabe\u00e7a, aquele que veio se tornar o sentido de nossa vida e do mundo morre. O soldado abre-lhe o peito. Os olhos carnais conseguem enxergar uma fenda. Da fenda um filete de sangue e um filete de \u00e1gua. Mas os olhos da f\u00e9 v\u00e3o mais longe, muito mais longe. O disc\u00edpulo se senta diante do Cora\u00e7\u00e3o dilacerado do Deus feito carne e deixa-se amar. N\u00e3o coloca \u00f3bice para acolher esse amor que jorra, que goteja do lado aberto do Senhor. E os olhos da mente e do cora\u00e7\u00e3o enxergam maravilhas: quando ele foi levantado, tudo a ele atraiu; ele \u00e9 o gr\u00e3o de trigo lan\u00e7ado na terra que precisa morrer para dar fruto; ele n\u00e3o hesitou em tomar a condi\u00e7\u00e3o de servo. Os que olham com o cora\u00e7\u00e3o e a mente sentem uma atra\u00e7\u00e3o por essa fenda no peito do Mestre. N\u00e3o conseguem mais viver sem ter sempre no cora\u00e7\u00e3o uma vontade de agradecer esse amor que vai at\u00e9 o fim, esse amor que precisa ser amado.<\/p>\n<p><strong>4. <\/strong>H\u00e1 v\u00e1rios tipos de ora\u00e7\u00e3o. Os crist\u00e3os, desde a sua inf\u00e2ncia, se afei\u00e7oam \u00e0s ora\u00e7\u00f5es vocais aprendidas no colo da m\u00e3e e do pai e no rega\u00e7o da fam\u00edlia. Na medida que v\u00e3o crescendo e deixando que Deus neles atue, n\u00e3o precisam mais de f\u00f3rmulas e de movimenta\u00e7\u00f5es dos l\u00e1bios. Os verdadeiros devotos do Cora\u00e7\u00e3o de Jesus s\u00e3o pessoas de contempla\u00e7\u00e3o. Enxergam com os olhos do interior a fonte do Cora\u00e7\u00e3o. Os que contemplam o Cora\u00e7\u00e3o de Jesus se sentem amados por Deus. S\u00e3o levados a uma ora\u00e7\u00e3o contemplativa. \u201cA contempla\u00e7\u00e3o \u00e9 uma compreens\u00e3o profunda do fato de que, em n\u00f3s, a vida e o ser procedem de uma Fonte invis\u00edvel, transcendente e infinitamente abundante. A contempla\u00e7\u00e3o \u00e9, antes de tudo a tomada de consci\u00eancia da realidade dessa Fonte&#8230; \u00c9 o ser tocado por aquele que n\u00e3o tem m\u00e3os, mas \u00e9 a realidade pura e fonte de tudo o que \u00e9 real. (<em>Thomas Merton<\/em>).<\/p>\n<p><strong>5.<\/strong> A contempla\u00e7\u00e3o do Cristo dilacerado, desse Deus que sofre, nos convida a v\u00ea-lo nessa velhinha que n\u00e3o sabe se exprimir ou pedir uma orienta\u00e7\u00e3o numa reparti\u00e7\u00e3o p\u00fablica e fica toda atrapalhada, nesses pobres jovens, presas e objetos de traficantes sem alma. O Deus que nos faz ver as suas entranhas na cena do peito aberto \u00e9 o mesmo que nos puxa pela m\u00e3o e nos faz samaritanos de tantos jogados \u00e0 beira da estrada, desses casais vazios e ocos, desses jovens bombados e sarados, mas vazios e tristes, dessa humanidade da superficialidade e da mediocridade L\u00e1 no fundo de todos esses, Cristo vive e nos mostra o cora\u00e7\u00e3o dilacerado. Tomara que nos aprendamos a ver com os olhos do cora\u00e7\u00e3o e da mente.<\/p>\n","protected":false},"excerpt":{"rendered":"<p>Frei Almir Ribeiro Guimar\u00e3es<\/p>\n","protected":false},"author":1,"featured_media":178270,"comment_status":"closed","ping_status":"open","sticky":false,"template":"","format":"standard","meta":{"footnotes":""},"categories":[105],"tags":[106,112],"yoast_head":"<!-- This site is optimized with the Yoast SEO plugin v19.4 - https:\/\/yoast.com\/wordpress\/plugins\/seo\/ -->\n<title>\u00c9 com o cora\u00e7\u00e3o e a mente que se enxerga bem - Vida Crist\u00e3 - Franciscanos<\/title>\n<meta name=\"robots\" content=\"index, follow, max-snippet:-1, max-image-preview:large, max-video-preview:-1\" \/>\n<link rel=\"canonical\" href=\"https:\/\/franciscanos.org.br\/vidacrista\/e-com-o-coracao-e-a-mente-que-se-enxerga-bem\/\" \/>\n<meta property=\"og:locale\" content=\"pt_BR\" \/>\n<meta property=\"og:type\" content=\"article\" \/>\n<meta property=\"og:title\" content=\"\u00c9 com o cora\u00e7\u00e3o e a mente que se enxerga bem - Vida Crist\u00e3 - Franciscanos\" \/>\n<meta property=\"og:description\" content=\"Frei Almir Ribeiro Guimar\u00e3es\" \/>\n<meta property=\"og:url\" content=\"https:\/\/franciscanos.org.br\/vidacrista\/e-com-o-coracao-e-a-mente-que-se-enxerga-bem\/\" \/>\n<meta property=\"og:site_name\" content=\"Vida Crist\u00e3 - Franciscanos\" \/>\n<meta property=\"article:published_time\" content=\"2011-08-08T04:00:13+00:00\" \/>\n<meta property=\"article:modified_time\" content=\"2019-03-02T13:57:18+00:00\" \/>\n<meta property=\"og:image\" content=\"https:\/\/franciscanos.org.br\/vidacrista\/wp-content\/uploads\/2011\/08\/sagrado_080811.jpg\" \/>\n\t<meta property=\"og:image:width\" content=\"273\" \/>\n\t<meta property=\"og:image:height\" content=\"181\" \/>\n\t<meta property=\"og:image:type\" content=\"image\/jpeg\" \/>\n<meta name=\"author\" content=\"admin\" \/>\n<meta name=\"twitter:card\" content=\"summary_large_image\" \/>\n<meta name=\"twitter:label1\" content=\"Escrito por\" \/>\n\t<meta name=\"twitter:data1\" content=\"admin\" \/>\n\t<meta name=\"twitter:label2\" content=\"Est. tempo de leitura\" \/>\n\t<meta name=\"twitter:data2\" content=\"5 minutos\" \/>\n<script type=\"application\/ld+json\" class=\"yoast-schema-graph\">{\"@context\":\"https:\/\/schema.org\",\"@graph\":[{\"@type\":\"WebSite\",\"@id\":\"https:\/\/franciscanos.org.br\/vidacrista\/#website\",\"url\":\"https:\/\/franciscanos.org.br\/vidacrista\/\",\"name\":\"Vida Crist\u00e3 - Franciscanos\",\"description\":\"Prov\u00edncia Franciscana da Imaculada Concei\u00e7\u00e3o do Brasil - Ordem dos Frades Menores\",\"potentialAction\":[{\"@type\":\"SearchAction\",\"target\":{\"@type\":\"EntryPoint\",\"urlTemplate\":\"https:\/\/franciscanos.org.br\/vidacrista\/?s={search_term_string}\"},\"query-input\":\"required name=search_term_string\"}],\"inLanguage\":\"pt-BR\"},{\"@type\":\"WebPage\",\"@id\":\"https:\/\/franciscanos.org.br\/vidacrista\/e-com-o-coracao-e-a-mente-que-se-enxerga-bem\/\",\"url\":\"https:\/\/franciscanos.org.br\/vidacrista\/e-com-o-coracao-e-a-mente-que-se-enxerga-bem\/\",\"name\":\"\u00c9 com o cora\u00e7\u00e3o e a mente que se enxerga bem - Vida Crist\u00e3 - Franciscanos\",\"isPartOf\":{\"@id\":\"https:\/\/franciscanos.org.br\/vidacrista\/#website\"},\"datePublished\":\"2011-08-08T04:00:13+00:00\",\"dateModified\":\"2019-03-02T13:57:18+00:00\",\"author\":{\"@id\":\"https:\/\/franciscanos.org.br\/vidacrista\/#\/schema\/person\/133632ca93cec555316a35f76ab4153b\"},\"breadcrumb\":{\"@id\":\"https:\/\/franciscanos.org.br\/vidacrista\/e-com-o-coracao-e-a-mente-que-se-enxerga-bem\/#breadcrumb\"},\"inLanguage\":\"pt-BR\",\"potentialAction\":[{\"@type\":\"ReadAction\",\"target\":[\"https:\/\/franciscanos.org.br\/vidacrista\/e-com-o-coracao-e-a-mente-que-se-enxerga-bem\/\"]}]},{\"@type\":\"BreadcrumbList\",\"@id\":\"https:\/\/franciscanos.org.br\/vidacrista\/e-com-o-coracao-e-a-mente-que-se-enxerga-bem\/#breadcrumb\",\"itemListElement\":[{\"@type\":\"ListItem\",\"position\":1,\"name\":\"Home\",\"item\":\"https:\/\/franciscanos.org.br\/vidacrista\/\"},{\"@type\":\"ListItem\",\"position\":2,\"name\":\"\u00c9 com o cora\u00e7\u00e3o e a mente que se enxerga bem\"}]},{\"@type\":\"Person\",\"@id\":\"https:\/\/franciscanos.org.br\/vidacrista\/#\/schema\/person\/133632ca93cec555316a35f76ab4153b\",\"name\":\"admin\",\"image\":{\"@type\":\"ImageObject\",\"inLanguage\":\"pt-BR\",\"@id\":\"https:\/\/franciscanos.org.br\/vidacrista\/#\/schema\/person\/image\/\",\"url\":\"https:\/\/secure.gravatar.com\/avatar\/e8495742d34d0ba6448ea1c628263b3e?s=96&d=mm&r=g\",\"contentUrl\":\"https:\/\/secure.gravatar.com\/avatar\/e8495742d34d0ba6448ea1c628263b3e?s=96&d=mm&r=g\",\"caption\":\"admin\"},\"url\":\"https:\/\/franciscanos.org.br\/vidacrista\/author\/admin\/\"}]}<\/script>\n<!-- \/ Yoast SEO plugin. -->","yoast_head_json":{"title":"\u00c9 com o cora\u00e7\u00e3o e a mente que se enxerga bem - Vida Crist\u00e3 - Franciscanos","robots":{"index":"index","follow":"follow","max-snippet":"max-snippet:-1","max-image-preview":"max-image-preview:large","max-video-preview":"max-video-preview:-1"},"canonical":"https:\/\/franciscanos.org.br\/vidacrista\/e-com-o-coracao-e-a-mente-que-se-enxerga-bem\/","og_locale":"pt_BR","og_type":"article","og_title":"\u00c9 com o cora\u00e7\u00e3o e a mente que se enxerga bem - Vida Crist\u00e3 - Franciscanos","og_description":"Frei Almir Ribeiro Guimar\u00e3es","og_url":"https:\/\/franciscanos.org.br\/vidacrista\/e-com-o-coracao-e-a-mente-que-se-enxerga-bem\/","og_site_name":"Vida Crist\u00e3 - Franciscanos","article_published_time":"2011-08-08T04:00:13+00:00","article_modified_time":"2019-03-02T13:57:18+00:00","og_image":[{"width":273,"height":181,"url":"https:\/\/franciscanos.org.br\/vidacrista\/wp-content\/uploads\/2011\/08\/sagrado_080811.jpg","type":"image\/jpeg"}],"author":"admin","twitter_card":"summary_large_image","twitter_misc":{"Escrito por":"admin","Est. tempo de leitura":"5 minutos"},"schema":{"@context":"https:\/\/schema.org","@graph":[{"@type":"WebSite","@id":"https:\/\/franciscanos.org.br\/vidacrista\/#website","url":"https:\/\/franciscanos.org.br\/vidacrista\/","name":"Vida Crist\u00e3 - Franciscanos","description":"Prov\u00edncia Franciscana da Imaculada Concei\u00e7\u00e3o do Brasil - Ordem dos Frades Menores","potentialAction":[{"@type":"SearchAction","target":{"@type":"EntryPoint","urlTemplate":"https:\/\/franciscanos.org.br\/vidacrista\/?s={search_term_string}"},"query-input":"required name=search_term_string"}],"inLanguage":"pt-BR"},{"@type":"WebPage","@id":"https:\/\/franciscanos.org.br\/vidacrista\/e-com-o-coracao-e-a-mente-que-se-enxerga-bem\/","url":"https:\/\/franciscanos.org.br\/vidacrista\/e-com-o-coracao-e-a-mente-que-se-enxerga-bem\/","name":"\u00c9 com o cora\u00e7\u00e3o e a mente que se enxerga bem - Vida Crist\u00e3 - Franciscanos","isPartOf":{"@id":"https:\/\/franciscanos.org.br\/vidacrista\/#website"},"datePublished":"2011-08-08T04:00:13+00:00","dateModified":"2019-03-02T13:57:18+00:00","author":{"@id":"https:\/\/franciscanos.org.br\/vidacrista\/#\/schema\/person\/133632ca93cec555316a35f76ab4153b"},"breadcrumb":{"@id":"https:\/\/franciscanos.org.br\/vidacrista\/e-com-o-coracao-e-a-mente-que-se-enxerga-bem\/#breadcrumb"},"inLanguage":"pt-BR","potentialAction":[{"@type":"ReadAction","target":["https:\/\/franciscanos.org.br\/vidacrista\/e-com-o-coracao-e-a-mente-que-se-enxerga-bem\/"]}]},{"@type":"BreadcrumbList","@id":"https:\/\/franciscanos.org.br\/vidacrista\/e-com-o-coracao-e-a-mente-que-se-enxerga-bem\/#breadcrumb","itemListElement":[{"@type":"ListItem","position":1,"name":"Home","item":"https:\/\/franciscanos.org.br\/vidacrista\/"},{"@type":"ListItem","position":2,"name":"\u00c9 com o cora\u00e7\u00e3o e a mente que se enxerga bem"}]},{"@type":"Person","@id":"https:\/\/franciscanos.org.br\/vidacrista\/#\/schema\/person\/133632ca93cec555316a35f76ab4153b","name":"admin","image":{"@type":"ImageObject","inLanguage":"pt-BR","@id":"https:\/\/franciscanos.org.br\/vidacrista\/#\/schema\/person\/image\/","url":"https:\/\/secure.gravatar.com\/avatar\/e8495742d34d0ba6448ea1c628263b3e?s=96&d=mm&r=g","contentUrl":"https:\/\/secure.gravatar.com\/avatar\/e8495742d34d0ba6448ea1c628263b3e?s=96&d=mm&r=g","caption":"admin"},"url":"https:\/\/franciscanos.org.br\/vidacrista\/author\/admin\/"}]}},"_links":{"self":[{"href":"https:\/\/franciscanos.org.br\/vidacrista\/wp-json\/wp\/v2\/posts\/8430"}],"collection":[{"href":"https:\/\/franciscanos.org.br\/vidacrista\/wp-json\/wp\/v2\/posts"}],"about":[{"href":"https:\/\/franciscanos.org.br\/vidacrista\/wp-json\/wp\/v2\/types\/post"}],"author":[{"embeddable":true,"href":"https:\/\/franciscanos.org.br\/vidacrista\/wp-json\/wp\/v2\/users\/1"}],"replies":[{"embeddable":true,"href":"https:\/\/franciscanos.org.br\/vidacrista\/wp-json\/wp\/v2\/comments?post=8430"}],"version-history":[{"count":1,"href":"https:\/\/franciscanos.org.br\/vidacrista\/wp-json\/wp\/v2\/posts\/8430\/revisions"}],"predecessor-version":[{"id":178181,"href":"https:\/\/franciscanos.org.br\/vidacrista\/wp-json\/wp\/v2\/posts\/8430\/revisions\/178181"}],"wp:featuredmedia":[{"embeddable":true,"href":"https:\/\/franciscanos.org.br\/vidacrista\/wp-json\/wp\/v2\/media\/178270"}],"wp:attachment":[{"href":"https:\/\/franciscanos.org.br\/vidacrista\/wp-json\/wp\/v2\/media?parent=8430"}],"wp:term":[{"taxonomy":"category","embeddable":true,"href":"https:\/\/franciscanos.org.br\/vidacrista\/wp-json\/wp\/v2\/categories?post=8430"},{"taxonomy":"post_tag","embeddable":true,"href":"https:\/\/franciscanos.org.br\/vidacrista\/wp-json\/wp\/v2\/tags?post=8430"}],"curies":[{"name":"wp","href":"https:\/\/api.w.org\/{rel}","templated":true}]}}