{"id":8426,"date":"2011-06-03T01:00:08","date_gmt":"2011-06-03T04:00:08","guid":{"rendered":"http:\/\/new.franciscanos.org.br\/?p=8426"},"modified":"2020-05-22T13:04:07","modified_gmt":"2020-05-22T16:04:07","slug":"entronizacao-do-coracao-de-jesus","status":"publish","type":"post","link":"https:\/\/franciscanos.org.br\/vidacrista\/entronizacao-do-coracao-de-jesus\/","title":{"rendered":"Entroniza\u00e7\u00e3o do Cora\u00e7\u00e3o de Jesus"},"content":{"rendered":"<p><strong><a href=\"http:\/\/franciscanos.org.br\/wp-content\/uploads\/2011\/06\/1894_040412.jpg\"><img decoding=\"async\" loading=\"lazy\" class=\"alignright size-full wp-image-14806\" title=\"Sagrado Cora\u00e7\u00e3o de Jesus\" src=\"http:\/\/franciscanos.org.br\/wp-content\/uploads\/2011\/06\/1894_040412.jpg\" alt=\"\" width=\"289\" height=\"400\" \/><\/a>1. <\/strong>Todo crist\u00e3o, disc\u00edpulo de Jesus, sabe postar-se diante do Cora\u00e7\u00e3o aberto do Cristo Jesus no alto da cruz. N\u00e3o se trata de uma devo\u00e7\u00e3o qualquer, mas de um preito de gratid\u00e3o ao Filho de Deus que se tornou abjeto e desprezado e que, depois de morto, mostrou sua intimidade atrav\u00e9s da fenda aberta pelo soldado no seu lado, no seu cora\u00e7\u00e3o. Sabemos que o sacramento da Igreja nasceu desse lado fissurado, dessa fonte de sangue e de \u00e1gua. N\u00e3o se trata de devo\u00e7\u00e3o a\u00e7ucarada, mas de reconhecimento perene de quanto fomos e somos amados.<\/p>\n<p><strong>2. <\/strong>Muitos de n\u00f3s conhecemos um costume que aos poucos foi desaparecendo do elenco das preocupa\u00e7\u00f5es dos homens e das mulheres e da fam\u00edlias cat\u00f3licas. Refiro-me \u00e0 entroniza\u00e7\u00e3o da imagem ou de um quadro do Cora\u00e7\u00e3o de Jesus em nossas resid\u00eancias. H\u00e1 n\u00e3o muito tempo estive hospedado em uma casa de conhecidos. Eles tinham na sala, colocado sobre a parede, um belo quadro do cora\u00e7\u00e3o de Jesus e sobre um cantoneira um jarro com rosas vermelhas. Sentei-me diante da imagem, quando n\u00e3o havia ningu\u00e9m em casa e confesso, que vivi momentos de interioriza\u00e7\u00e3o diante daquele Jesus que \u00e9 sentido da minha vida e para o qual batalho e luto enquanto for\u00e7a tiver em meu peito. Sim, creio que nossas fam\u00edlias, sem saudosismos tolos, precisariam voltar a este costume da consagra\u00e7\u00e3o da casa e da fam\u00edlia ao Cora\u00e7\u00e3o de Jesus. Por vezes, tem-se a impress\u00e3o de que nossas casas se tornaram escrupulosas em terem sinais da f\u00e9 crist\u00e3 \u00e1 vista. Tudo \u00e9 feito meio \u00e0s escondidas. N\u00e3o se tem coragem de anunciar as cores. Para n\u00e3o chocar a uns e outros e por mero respeito humano n\u00e3o temos mais \u201csinais\u201d crist\u00e3os em nossas casas. N\u00e3o h\u00e1 que se ter vergonha de se dizer crist\u00e3o.<\/p>\n<p><strong>3. <\/strong>Um pai, uma m\u00e3e, esposo e esposa com seus filhos querem que seu lar seja de Cristo. Querem oferecer, no interior das paredes de sua casa, lugar a Cristo, sobretudo no cora\u00e7\u00e3o dos membros dessa fam\u00edlia. Por isso chamam um ministro da Igreja para fazer a entroniza\u00e7\u00e3o da imagem do Cora\u00e7\u00e3o chagado e iluminado de Cristo Jesus. Aben\u00e7oando a imagem poderia ele dizer estas palavras: \u201cSenhor Deus, invocamos a vossa b\u00ean\u00e7\u00e3o sobre esta imagem do cora\u00e7\u00e3o de vosso Filho Jesus Cristo. Em vossos planos e des\u00edgnios eternos quisestes vos revelar a todos os homens atrav\u00e9s da humanidade do vosso Filho Jesus, nascido entre n\u00f3s do ventre alv\u00edssimo de Maria. N\u00f3s vos damos gra\u00e7as por todos os benef\u00edcios e gra\u00e7as e dons que vieram at\u00e9 n\u00f3s por Cristo Jesus. Sabemos que seu lado aberto no alto da cruz brotaram rios de \u00e1gua e de sangue que nos lavaram, purificaram e nos alimentaram, Que a vossa b\u00ean\u00e7\u00e3o continue a iluminar as trevas de nossos cora\u00e7\u00f5es. Que todos possamos vos mostrar gratid\u00e3o por vosso amor. Dignai-vos, pois, Senhor, aben\u00e7oar a imagem do Cora\u00e7\u00e3o de Jesus, vosso Filho e nosso irm\u00e3o\u201d.<\/p>\n<p><strong>4. <\/strong>Podemos, pois, compreender que a imagem ou o quadro do Cora\u00e7\u00e3o de Jesus lembre aos membros de uma fam\u00edlia o amor de Deus por eles e que, em suas tarefas e empreendimentos, trabalhos e preocupa\u00e7\u00f5es, sabem que podem contar com o olhar do Cora\u00e7\u00e3o do Cristo ressuscitado. H\u00e1 fam\u00edlias que, de quando em vez, se consagraram a esse imenso Cora\u00e7\u00e3o. Podemos nos servir de uma ora\u00e7\u00e3o como esta: \u201cSagrado Cora\u00e7\u00e3o de Jesus, queremos nos consagrar a ti e ao teu Cora\u00e7\u00e3o. Esta casa \u00e9 tua e esperamos que teu olhar nos acompanhe durante o tempo da vida. Escolhemos a ti para ser rei e centro de nossos cora\u00e7\u00f5es, a quem s\u00f3 queremos amar, honrar e servir. Ao teu cora\u00e7\u00e3o entregamos todas as nossas esperan\u00e7as e consola\u00e7\u00f5es, todas as afli\u00e7\u00f5es, necessidades e mis\u00e9rias. Digna-te presidir nossas reuni\u00f5es, aben\u00e7oar nossos empreendimentos, presidir a mesa de nossa refei\u00e7\u00e3o, afastar de n\u00f3s toda dureza de cora\u00e7\u00e3o, aliviar nossas penas e os sofrimentos dos mais pobres da terra. E quando chegar o momento da partida de um de nossos que tu sejas for\u00e7a e consolo. Enquanto houver for\u00e7a em nosso peito, Cora\u00e7\u00e3o do Redentor, que sejamos anunciadores das gra\u00e7as e de teu amor\u201d.<\/p>\n<p><strong>5.<\/strong> Bento XVI, dirigindo uma carta ao preposto dos jesu\u00edtas, a 15 de maio de 2006, escrevia: \u201cJ\u00e1 que o amor de Deus encontrou sua express\u00e3o mais profunda no dom que Cristo fez por n\u00f3s de sua vida no alto da cruz, \u00e9 sobretudo contemplando seu sofrimento e sua morte que podemos compreender de maneira mais clara o amor sem limites que Deus tem por n\u00f3s\u201d.<\/p>\n<p><strong>6.<\/strong> Arde no cora\u00e7\u00e3o do disc\u00edpulo o desejo de tornar amado o Mestre. Quando o fiel se d\u00e1 conta que os ensinamentos do Senhor Jesus e seu projeto n\u00e3o s\u00e3o levados em considera\u00e7\u00e3o, quando percebe que o amor do Senhor \u00e9 tratado com desd\u00e9m, toma a decis\u00e3o de fazer de sua vida uma vida de evangeliza\u00e7\u00e3o e de repara\u00e7\u00e3o. Oferece ao Senhor o lamento de ver que seu amor n\u00e3o \u00e9 acolhido e torna-se mission\u00e1rio do Amor que precisa ser amado.<\/p>\n<p><strong>7.<\/strong> Felizes as fam\u00edlias que, atrav\u00e9s da devo\u00e7\u00e3o ao Cora\u00e7\u00e3o do Redentor, colocam f\u00e9 vivida no cora\u00e7\u00e3o dos seus membros.<\/p>\n","protected":false},"excerpt":{"rendered":"<p>Frei Almir Ribeiro Guimar\u00e3es<\/p>\n","protected":false},"author":1,"featured_media":184655,"comment_status":"closed","ping_status":"open","sticky":false,"template":"","format":"standard","meta":{"footnotes":""},"categories":[105],"tags":[106,112],"yoast_head":"<!-- This site is optimized with the Yoast SEO plugin v19.4 - https:\/\/yoast.com\/wordpress\/plugins\/seo\/ -->\n<title>Entroniza\u00e7\u00e3o do Cora\u00e7\u00e3o de Jesus - Vida Crist\u00e3 - Franciscanos<\/title>\n<meta name=\"robots\" content=\"index, follow, max-snippet:-1, max-image-preview:large, max-video-preview:-1\" \/>\n<link rel=\"canonical\" href=\"https:\/\/franciscanos.org.br\/vidacrista\/entronizacao-do-coracao-de-jesus\/\" \/>\n<meta property=\"og:locale\" content=\"pt_BR\" \/>\n<meta property=\"og:type\" content=\"article\" \/>\n<meta property=\"og:title\" content=\"Entroniza\u00e7\u00e3o do Cora\u00e7\u00e3o de Jesus - Vida Crist\u00e3 - Franciscanos\" \/>\n<meta property=\"og:description\" content=\"Frei Almir Ribeiro Guimar\u00e3es\" \/>\n<meta property=\"og:url\" content=\"https:\/\/franciscanos.org.br\/vidacrista\/entronizacao-do-coracao-de-jesus\/\" \/>\n<meta property=\"og:site_name\" content=\"Vida Crist\u00e3 - Franciscanos\" \/>\n<meta property=\"article:published_time\" content=\"2011-06-03T04:00:08+00:00\" \/>\n<meta property=\"article:modified_time\" content=\"2020-05-22T16:04:07+00:00\" \/>\n<meta property=\"og:image\" content=\"https:\/\/franciscanos.org.br\/vidacrista\/wp-content\/uploads\/2011\/06\/1894_040412.jpg\" \/>\n\t<meta property=\"og:image:width\" content=\"800\" \/>\n\t<meta property=\"og:image:height\" content=\"598\" \/>\n\t<meta property=\"og:image:type\" content=\"image\/jpeg\" \/>\n<meta name=\"author\" content=\"admin\" \/>\n<meta name=\"twitter:card\" content=\"summary_large_image\" \/>\n<meta name=\"twitter:label1\" content=\"Escrito por\" \/>\n\t<meta name=\"twitter:data1\" content=\"admin\" \/>\n\t<meta name=\"twitter:label2\" content=\"Est. tempo de leitura\" \/>\n\t<meta name=\"twitter:data2\" content=\"5 minutos\" \/>\n<script type=\"application\/ld+json\" class=\"yoast-schema-graph\">{\"@context\":\"https:\/\/schema.org\",\"@graph\":[{\"@type\":\"WebSite\",\"@id\":\"https:\/\/franciscanos.org.br\/vidacrista\/#website\",\"url\":\"https:\/\/franciscanos.org.br\/vidacrista\/\",\"name\":\"Vida Crist\u00e3 - Franciscanos\",\"description\":\"Prov\u00edncia Franciscana da Imaculada Concei\u00e7\u00e3o do Brasil - Ordem dos Frades Menores\",\"potentialAction\":[{\"@type\":\"SearchAction\",\"target\":{\"@type\":\"EntryPoint\",\"urlTemplate\":\"https:\/\/franciscanos.org.br\/vidacrista\/?s={search_term_string}\"},\"query-input\":\"required name=search_term_string\"}],\"inLanguage\":\"pt-BR\"},{\"@type\":\"WebPage\",\"@id\":\"https:\/\/franciscanos.org.br\/vidacrista\/entronizacao-do-coracao-de-jesus\/\",\"url\":\"https:\/\/franciscanos.org.br\/vidacrista\/entronizacao-do-coracao-de-jesus\/\",\"name\":\"Entroniza\u00e7\u00e3o do Cora\u00e7\u00e3o de Jesus - Vida Crist\u00e3 - Franciscanos\",\"isPartOf\":{\"@id\":\"https:\/\/franciscanos.org.br\/vidacrista\/#website\"},\"datePublished\":\"2011-06-03T04:00:08+00:00\",\"dateModified\":\"2020-05-22T16:04:07+00:00\",\"author\":{\"@id\":\"https:\/\/franciscanos.org.br\/vidacrista\/#\/schema\/person\/133632ca93cec555316a35f76ab4153b\"},\"breadcrumb\":{\"@id\":\"https:\/\/franciscanos.org.br\/vidacrista\/entronizacao-do-coracao-de-jesus\/#breadcrumb\"},\"inLanguage\":\"pt-BR\",\"potentialAction\":[{\"@type\":\"ReadAction\",\"target\":[\"https:\/\/franciscanos.org.br\/vidacrista\/entronizacao-do-coracao-de-jesus\/\"]}]},{\"@type\":\"BreadcrumbList\",\"@id\":\"https:\/\/franciscanos.org.br\/vidacrista\/entronizacao-do-coracao-de-jesus\/#breadcrumb\",\"itemListElement\":[{\"@type\":\"ListItem\",\"position\":1,\"name\":\"Home\",\"item\":\"https:\/\/franciscanos.org.br\/vidacrista\/\"},{\"@type\":\"ListItem\",\"position\":2,\"name\":\"Entroniza\u00e7\u00e3o do Cora\u00e7\u00e3o de Jesus\"}]},{\"@type\":\"Person\",\"@id\":\"https:\/\/franciscanos.org.br\/vidacrista\/#\/schema\/person\/133632ca93cec555316a35f76ab4153b\",\"name\":\"admin\",\"image\":{\"@type\":\"ImageObject\",\"inLanguage\":\"pt-BR\",\"@id\":\"https:\/\/franciscanos.org.br\/vidacrista\/#\/schema\/person\/image\/\",\"url\":\"https:\/\/secure.gravatar.com\/avatar\/e8495742d34d0ba6448ea1c628263b3e?s=96&d=mm&r=g\",\"contentUrl\":\"https:\/\/secure.gravatar.com\/avatar\/e8495742d34d0ba6448ea1c628263b3e?s=96&d=mm&r=g\",\"caption\":\"admin\"},\"url\":\"https:\/\/franciscanos.org.br\/vidacrista\/author\/admin\/\"}]}<\/script>\n<!-- \/ Yoast SEO plugin. -->","yoast_head_json":{"title":"Entroniza\u00e7\u00e3o do Cora\u00e7\u00e3o de Jesus - Vida Crist\u00e3 - Franciscanos","robots":{"index":"index","follow":"follow","max-snippet":"max-snippet:-1","max-image-preview":"max-image-preview:large","max-video-preview":"max-video-preview:-1"},"canonical":"https:\/\/franciscanos.org.br\/vidacrista\/entronizacao-do-coracao-de-jesus\/","og_locale":"pt_BR","og_type":"article","og_title":"Entroniza\u00e7\u00e3o do Cora\u00e7\u00e3o de Jesus - Vida Crist\u00e3 - Franciscanos","og_description":"Frei Almir Ribeiro Guimar\u00e3es","og_url":"https:\/\/franciscanos.org.br\/vidacrista\/entronizacao-do-coracao-de-jesus\/","og_site_name":"Vida Crist\u00e3 - Franciscanos","article_published_time":"2011-06-03T04:00:08+00:00","article_modified_time":"2020-05-22T16:04:07+00:00","og_image":[{"width":800,"height":598,"url":"https:\/\/franciscanos.org.br\/vidacrista\/wp-content\/uploads\/2011\/06\/1894_040412.jpg","type":"image\/jpeg"}],"author":"admin","twitter_card":"summary_large_image","twitter_misc":{"Escrito por":"admin","Est. tempo de leitura":"5 minutos"},"schema":{"@context":"https:\/\/schema.org","@graph":[{"@type":"WebSite","@id":"https:\/\/franciscanos.org.br\/vidacrista\/#website","url":"https:\/\/franciscanos.org.br\/vidacrista\/","name":"Vida Crist\u00e3 - Franciscanos","description":"Prov\u00edncia Franciscana da Imaculada Concei\u00e7\u00e3o do Brasil - Ordem dos Frades Menores","potentialAction":[{"@type":"SearchAction","target":{"@type":"EntryPoint","urlTemplate":"https:\/\/franciscanos.org.br\/vidacrista\/?s={search_term_string}"},"query-input":"required name=search_term_string"}],"inLanguage":"pt-BR"},{"@type":"WebPage","@id":"https:\/\/franciscanos.org.br\/vidacrista\/entronizacao-do-coracao-de-jesus\/","url":"https:\/\/franciscanos.org.br\/vidacrista\/entronizacao-do-coracao-de-jesus\/","name":"Entroniza\u00e7\u00e3o do Cora\u00e7\u00e3o de Jesus - Vida Crist\u00e3 - Franciscanos","isPartOf":{"@id":"https:\/\/franciscanos.org.br\/vidacrista\/#website"},"datePublished":"2011-06-03T04:00:08+00:00","dateModified":"2020-05-22T16:04:07+00:00","author":{"@id":"https:\/\/franciscanos.org.br\/vidacrista\/#\/schema\/person\/133632ca93cec555316a35f76ab4153b"},"breadcrumb":{"@id":"https:\/\/franciscanos.org.br\/vidacrista\/entronizacao-do-coracao-de-jesus\/#breadcrumb"},"inLanguage":"pt-BR","potentialAction":[{"@type":"ReadAction","target":["https:\/\/franciscanos.org.br\/vidacrista\/entronizacao-do-coracao-de-jesus\/"]}]},{"@type":"BreadcrumbList","@id":"https:\/\/franciscanos.org.br\/vidacrista\/entronizacao-do-coracao-de-jesus\/#breadcrumb","itemListElement":[{"@type":"ListItem","position":1,"name":"Home","item":"https:\/\/franciscanos.org.br\/vidacrista\/"},{"@type":"ListItem","position":2,"name":"Entroniza\u00e7\u00e3o do Cora\u00e7\u00e3o de Jesus"}]},{"@type":"Person","@id":"https:\/\/franciscanos.org.br\/vidacrista\/#\/schema\/person\/133632ca93cec555316a35f76ab4153b","name":"admin","image":{"@type":"ImageObject","inLanguage":"pt-BR","@id":"https:\/\/franciscanos.org.br\/vidacrista\/#\/schema\/person\/image\/","url":"https:\/\/secure.gravatar.com\/avatar\/e8495742d34d0ba6448ea1c628263b3e?s=96&d=mm&r=g","contentUrl":"https:\/\/secure.gravatar.com\/avatar\/e8495742d34d0ba6448ea1c628263b3e?s=96&d=mm&r=g","caption":"admin"},"url":"https:\/\/franciscanos.org.br\/vidacrista\/author\/admin\/"}]}},"_links":{"self":[{"href":"https:\/\/franciscanos.org.br\/vidacrista\/wp-json\/wp\/v2\/posts\/8426"}],"collection":[{"href":"https:\/\/franciscanos.org.br\/vidacrista\/wp-json\/wp\/v2\/posts"}],"about":[{"href":"https:\/\/franciscanos.org.br\/vidacrista\/wp-json\/wp\/v2\/types\/post"}],"author":[{"embeddable":true,"href":"https:\/\/franciscanos.org.br\/vidacrista\/wp-json\/wp\/v2\/users\/1"}],"replies":[{"embeddable":true,"href":"https:\/\/franciscanos.org.br\/vidacrista\/wp-json\/wp\/v2\/comments?post=8426"}],"version-history":[{"count":1,"href":"https:\/\/franciscanos.org.br\/vidacrista\/wp-json\/wp\/v2\/posts\/8426\/revisions"}],"predecessor-version":[{"id":178179,"href":"https:\/\/franciscanos.org.br\/vidacrista\/wp-json\/wp\/v2\/posts\/8426\/revisions\/178179"}],"wp:featuredmedia":[{"embeddable":true,"href":"https:\/\/franciscanos.org.br\/vidacrista\/wp-json\/wp\/v2\/media\/184655"}],"wp:attachment":[{"href":"https:\/\/franciscanos.org.br\/vidacrista\/wp-json\/wp\/v2\/media?parent=8426"}],"wp:term":[{"taxonomy":"category","embeddable":true,"href":"https:\/\/franciscanos.org.br\/vidacrista\/wp-json\/wp\/v2\/categories?post=8426"},{"taxonomy":"post_tag","embeddable":true,"href":"https:\/\/franciscanos.org.br\/vidacrista\/wp-json\/wp\/v2\/tags?post=8426"}],"curies":[{"name":"wp","href":"https:\/\/api.w.org\/{rel}","templated":true}]}}