{"id":8424,"date":"2011-04-06T01:00:08","date_gmt":"2011-04-06T04:00:08","guid":{"rendered":"http:\/\/new.franciscanos.org.br\/?p=8424"},"modified":"2020-05-28T12:10:32","modified_gmt":"2020-05-28T15:10:32","slug":"feridas-que-nos-convidam-a-buscar-os-feridos","status":"publish","type":"post","link":"https:\/\/franciscanos.org.br\/vidacrista\/feridas-que-nos-convidam-a-buscar-os-feridos\/","title":{"rendered":"Feridas que nos convidam a buscar os feridos"},"content":{"rendered":"<p><strong><img decoding=\"async\" loading=\"lazy\" class=\"size-medium wp-image-178273 alignright\" src=\"https:\/\/franciscanos.org.br\/vidacrista\/wp-content\/uploads\/2011\/04\/sagrado_060411_1-450x297.jpg\" alt=\"\" width=\"450\" height=\"297\" srcset=\"https:\/\/franciscanos.org.br\/vidacrista\/wp-content\/uploads\/2011\/04\/sagrado_060411_1-450x297.jpg 450w, https:\/\/franciscanos.org.br\/vidacrista\/wp-content\/uploads\/2011\/04\/sagrado_060411_1-150x99.jpg 150w, https:\/\/franciscanos.org.br\/vidacrista\/wp-content\/uploads\/2011\/04\/sagrado_060411_1.jpg 676w\" sizes=\"(max-width: 450px) 100vw, 450px\" \/>1. <\/strong>Estamos habituados a contemplar o amor total de Cristo pelos seus, de modo particular a partir da ferida de seu peito aberto, das feridas de suas m\u00e3os e de seus p\u00e9s. Nelas se escondem os m\u00edsticos. Uma tal contempla\u00e7\u00e3o n\u00e3o nos leva a uma est\u00e9ril postura est\u00e1tica, mas sempre dever\u00e1 nos impelir a aliviar as feridas abertas na carne e na vida de nossos irm\u00e3os e irm\u00e3s pelo mundo afora. Num belo texto proposto por Bento XVI para a quaresma de 2007 lemos esta exorta\u00e7\u00e3o calorosa que se dirige tamb\u00e9m aos devotos do Cora\u00e7\u00e3o rasgado do Mestre em todos os tempos e lugares. \u201cContemplar <em>aquele que traspassaram <\/em>nos impulsionar\u00e1 de tal maneira que venhamos a abrir nossos cora\u00e7\u00f5es aos outros reconhecendo as feridas infligidas \u00e0 dignidade do ser humano: seremos levados, em particular, a combater toda forma de desprezo pela vida e de explora\u00e7\u00e3o das pessoas, a aliviar os dramas da solid\u00e3o e do abandono de tantas pessoas\u201d.<\/p>\n<p><strong>2. <\/strong>Sempre, nas reflex\u00f5es sobre o Cora\u00e7\u00e3o de Jesus, num primeiro momento, nos detemos diante do amor de Deus. Cristo \u00e9 imagem do Pai que ama at\u00e9 o fim. Quem me v\u00ea, diz Jesus, v\u00ea o Pai. O Filho e o Pai se misturam no alto da cruz. O Pai do filho pr\u00f3digo, o bom samaritano est\u00e3o ali, numa tarde de primavera do Oriente. Um homem de carne e de osso, nu, despojado, sem nada, completamente desapropriado, que foi se fazendo uma chaga s\u00f3 dos p\u00e9s \u00e0 cabe\u00e7a, cheio de hematomas, de corrimento de sangue e em inimagin\u00e1veis desconfortos vai se entregando, quase desmaiando, morrendo com quatro feridas. Faltava ainda o machucado do lado, do peito, do cora\u00e7\u00e3o. Um Deus que torna ferida para que os homens se curem. N\u00f3s, disc\u00edpulos do Ferido, fomos levados \u00e0 hospedaria de seu cora\u00e7\u00e3o para sermos definitivamente curados. Somos gratos ao Senhor. Pedimos sempre seu perd\u00e3o e exprimimos-lhe nosso reconhecimento. A vida di\u00e1ria do disc\u00edpulo n\u00e3o consiste em carolice nem pieguice. \u00c9 um berro forte de reconhecimento porque as feridas do Senhor nos curaram. O devoto do Cora\u00e7\u00e3o de Jesus \u00e9 um contemplativo.<\/p>\n<p><strong>3. <\/strong>Assim, curados e alegres, passamos a prestar aten\u00e7\u00e3o nas feridas de tantos \u00e0 nossa volta. Ficamos atentos a todas as chagas da humanidade. Um simples elenco de exemplos: meninos e meninas filhos de pais separados, crian\u00e7as que sofrem porque n\u00e3o conseguem se sentir em casa na casa do pai com a nova esposa, doentes incur\u00e1veis. Gente coberta de feridas. Outros: jovens que reagem brutalmente diante da vida porque seus pais os deixaram de lado porque queriam aproveitar a vida; essas velhas de chinelos de dedos, mascando fumo de rolo, sentadas no ch\u00e3o, no terreiro sem filhos, nem netos; esses homens retos e sinceros que foram despedidos de seus empregos e precisam de uns trocados para pagar a conta da luz. Assistencialismo? Chamem o que quiserem, mas s\u00e3o pessoas feridas que nos chamam, a n\u00f3s que fomos curados pelas feridas do Mestre.<\/p>\n<p><strong>4. <\/strong>Bento XVI, o Papa Ratzinger, fala do desprezo pela vida: vida ainda no seio da mulher, vida do velho sem vez, sem voz, que alguns querem que morra o mais rapidamente poss\u00edvel, vida de casamento que parece morto bem antes da morte dos c\u00f4njuges. Penso aqui em todo um trabalho de pastoral familiar englobando a vida em todos os seus est\u00e1gios. H\u00e1 a vida do feto a ser protegida, mas h\u00e1 a vida vi\u00e7osa da f\u00e9 que n\u00e3o pode ser expressa apenas pela missa dominical de obriga\u00e7\u00e3o Padres e leigos que contemplam as feridas do Cora\u00e7\u00e3o de Jesus sabem que muitos crist\u00e3os est\u00e3o doentes, possu\u00eddos de uma ferida escondida que se chama mediocridade, religi\u00e3o de fachada. Para junto deles v\u00e3o os verdadeiros devotos do Cora\u00e7\u00e3o de Jesus, que n\u00e3o s\u00e3o carolas, sem piegas. Agem com caridade e sentem-se enviados pelo Amor que n\u00e3o \u00e9 amado.<\/p>\n<p><strong>5.<\/strong> O Papa fala tamb\u00e9m das feridas de pessoas que s\u00e3o exploradas. H\u00e1 muitas chagas. H\u00e1 essas esposas que n\u00e3o s\u00e3o levadas em conta. H\u00e1 esses maridos que s\u00e3o vistos apenas como \u201cprovedores\u201d. Nunca, uns e outros, tiveram a impress\u00e3o de que pessoas lhes davam a vida. H\u00e1 essa explora\u00e7\u00e3o sexual de crian\u00e7as, o uso de jovens pelo tr\u00e1fico, o uso das pessoas que se traduz pelo pagamento de sal\u00e1rios de fome enquanto uns nadam nababescamente em dinheiro que deveria lhe queimar as m\u00e3os, outros secam por dentro. Os devotos das Feridas do Senhor protestam contra isso.<\/p>\n<p><strong>6. <\/strong>O Papa fala ainda fala do drama da solid\u00e3o e do abandono. Solid\u00e3o das vi\u00favas idosas, solid\u00e3o do que vivem crises de f\u00e9 e momentos em que pesa sobre eles a tenta\u00e7\u00e3o. Sempre de novo o abandono de crian\u00e7as: abandonadas devido \u00e0 aus\u00eancia f\u00edsica e espiritual dos pais, abandonadas porque os pais n\u00e3o lhes prop\u00f5em a f\u00e9 crist\u00e3, abandonadas porque embora tenham sido batizados em crian\u00e7a mas que nunca foram evangelizadas pela presen\u00e7a e a palavra dos pais. Essas s\u00e3o dessas pessoas solit\u00e1rias de que fala o Papa.<\/p>\n<p><strong>7. <\/strong>Assim, a tomada de consci\u00eancia do amor de Cristo pelo disc\u00edpulo que contempla o crucificado cheio de chagas nos impulsiona a deitar azeite nas feridas de todos os que v\u00e3o tombando pelo caminho. O amor recebido, \u00e9 retribu\u00eddo.<\/p>\n","protected":false},"excerpt":{"rendered":"<p>Frei Almir Ribeiro Guimar\u00e3es<\/p>\n","protected":false},"author":1,"featured_media":184902,"comment_status":"closed","ping_status":"open","sticky":false,"template":"","format":"standard","meta":{"footnotes":""},"categories":[105],"tags":[106,112],"yoast_head":"<!-- This site is optimized with the Yoast SEO plugin v19.4 - https:\/\/yoast.com\/wordpress\/plugins\/seo\/ -->\n<title>Feridas que nos convidam a buscar os feridos - Vida Crist\u00e3 - Franciscanos<\/title>\n<meta name=\"robots\" content=\"index, follow, max-snippet:-1, max-image-preview:large, max-video-preview:-1\" \/>\n<link rel=\"canonical\" href=\"https:\/\/franciscanos.org.br\/vidacrista\/feridas-que-nos-convidam-a-buscar-os-feridos\/\" \/>\n<meta property=\"og:locale\" content=\"pt_BR\" \/>\n<meta property=\"og:type\" content=\"article\" \/>\n<meta property=\"og:title\" content=\"Feridas que nos convidam a buscar os feridos - Vida Crist\u00e3 - Franciscanos\" \/>\n<meta property=\"og:description\" content=\"Frei Almir Ribeiro Guimar\u00e3es\" \/>\n<meta property=\"og:url\" content=\"https:\/\/franciscanos.org.br\/vidacrista\/feridas-que-nos-convidam-a-buscar-os-feridos\/\" \/>\n<meta property=\"og:site_name\" content=\"Vida Crist\u00e3 - Franciscanos\" \/>\n<meta property=\"article:published_time\" content=\"2011-04-06T04:00:08+00:00\" \/>\n<meta property=\"article:modified_time\" content=\"2020-05-28T15:10:32+00:00\" \/>\n<meta property=\"og:image\" content=\"https:\/\/franciscanos.org.br\/vidacrista\/wp-content\/uploads\/2011\/04\/sagrado_060411_1-450x297-1.jpg\" \/>\n\t<meta property=\"og:image:width\" content=\"800\" \/>\n\t<meta property=\"og:image:height\" content=\"600\" \/>\n\t<meta property=\"og:image:type\" content=\"image\/jpeg\" \/>\n<meta name=\"author\" content=\"admin\" \/>\n<meta name=\"twitter:card\" content=\"summary_large_image\" \/>\n<meta name=\"twitter:label1\" content=\"Escrito por\" \/>\n\t<meta name=\"twitter:data1\" content=\"admin\" \/>\n\t<meta name=\"twitter:label2\" content=\"Est. tempo de leitura\" \/>\n\t<meta name=\"twitter:data2\" content=\"5 minutos\" \/>\n<script type=\"application\/ld+json\" class=\"yoast-schema-graph\">{\"@context\":\"https:\/\/schema.org\",\"@graph\":[{\"@type\":\"WebSite\",\"@id\":\"https:\/\/franciscanos.org.br\/vidacrista\/#website\",\"url\":\"https:\/\/franciscanos.org.br\/vidacrista\/\",\"name\":\"Vida Crist\u00e3 - Franciscanos\",\"description\":\"Prov\u00edncia Franciscana da Imaculada Concei\u00e7\u00e3o do Brasil - Ordem dos Frades Menores\",\"potentialAction\":[{\"@type\":\"SearchAction\",\"target\":{\"@type\":\"EntryPoint\",\"urlTemplate\":\"https:\/\/franciscanos.org.br\/vidacrista\/?s={search_term_string}\"},\"query-input\":\"required name=search_term_string\"}],\"inLanguage\":\"pt-BR\"},{\"@type\":\"WebPage\",\"@id\":\"https:\/\/franciscanos.org.br\/vidacrista\/feridas-que-nos-convidam-a-buscar-os-feridos\/\",\"url\":\"https:\/\/franciscanos.org.br\/vidacrista\/feridas-que-nos-convidam-a-buscar-os-feridos\/\",\"name\":\"Feridas que nos convidam a buscar os feridos - Vida Crist\u00e3 - Franciscanos\",\"isPartOf\":{\"@id\":\"https:\/\/franciscanos.org.br\/vidacrista\/#website\"},\"datePublished\":\"2011-04-06T04:00:08+00:00\",\"dateModified\":\"2020-05-28T15:10:32+00:00\",\"author\":{\"@id\":\"https:\/\/franciscanos.org.br\/vidacrista\/#\/schema\/person\/133632ca93cec555316a35f76ab4153b\"},\"breadcrumb\":{\"@id\":\"https:\/\/franciscanos.org.br\/vidacrista\/feridas-que-nos-convidam-a-buscar-os-feridos\/#breadcrumb\"},\"inLanguage\":\"pt-BR\",\"potentialAction\":[{\"@type\":\"ReadAction\",\"target\":[\"https:\/\/franciscanos.org.br\/vidacrista\/feridas-que-nos-convidam-a-buscar-os-feridos\/\"]}]},{\"@type\":\"BreadcrumbList\",\"@id\":\"https:\/\/franciscanos.org.br\/vidacrista\/feridas-que-nos-convidam-a-buscar-os-feridos\/#breadcrumb\",\"itemListElement\":[{\"@type\":\"ListItem\",\"position\":1,\"name\":\"Home\",\"item\":\"https:\/\/franciscanos.org.br\/vidacrista\/\"},{\"@type\":\"ListItem\",\"position\":2,\"name\":\"Feridas que nos convidam a buscar os feridos\"}]},{\"@type\":\"Person\",\"@id\":\"https:\/\/franciscanos.org.br\/vidacrista\/#\/schema\/person\/133632ca93cec555316a35f76ab4153b\",\"name\":\"admin\",\"image\":{\"@type\":\"ImageObject\",\"inLanguage\":\"pt-BR\",\"@id\":\"https:\/\/franciscanos.org.br\/vidacrista\/#\/schema\/person\/image\/\",\"url\":\"https:\/\/secure.gravatar.com\/avatar\/e8495742d34d0ba6448ea1c628263b3e?s=96&d=mm&r=g\",\"contentUrl\":\"https:\/\/secure.gravatar.com\/avatar\/e8495742d34d0ba6448ea1c628263b3e?s=96&d=mm&r=g\",\"caption\":\"admin\"},\"url\":\"https:\/\/franciscanos.org.br\/vidacrista\/author\/admin\/\"}]}<\/script>\n<!-- \/ Yoast SEO plugin. -->","yoast_head_json":{"title":"Feridas que nos convidam a buscar os feridos - Vida Crist\u00e3 - Franciscanos","robots":{"index":"index","follow":"follow","max-snippet":"max-snippet:-1","max-image-preview":"max-image-preview:large","max-video-preview":"max-video-preview:-1"},"canonical":"https:\/\/franciscanos.org.br\/vidacrista\/feridas-que-nos-convidam-a-buscar-os-feridos\/","og_locale":"pt_BR","og_type":"article","og_title":"Feridas que nos convidam a buscar os feridos - Vida Crist\u00e3 - Franciscanos","og_description":"Frei Almir Ribeiro Guimar\u00e3es","og_url":"https:\/\/franciscanos.org.br\/vidacrista\/feridas-que-nos-convidam-a-buscar-os-feridos\/","og_site_name":"Vida Crist\u00e3 - Franciscanos","article_published_time":"2011-04-06T04:00:08+00:00","article_modified_time":"2020-05-28T15:10:32+00:00","og_image":[{"width":800,"height":600,"url":"https:\/\/franciscanos.org.br\/vidacrista\/wp-content\/uploads\/2011\/04\/sagrado_060411_1-450x297-1.jpg","type":"image\/jpeg"}],"author":"admin","twitter_card":"summary_large_image","twitter_misc":{"Escrito por":"admin","Est. tempo de leitura":"5 minutos"},"schema":{"@context":"https:\/\/schema.org","@graph":[{"@type":"WebSite","@id":"https:\/\/franciscanos.org.br\/vidacrista\/#website","url":"https:\/\/franciscanos.org.br\/vidacrista\/","name":"Vida Crist\u00e3 - Franciscanos","description":"Prov\u00edncia Franciscana da Imaculada Concei\u00e7\u00e3o do Brasil - Ordem dos Frades Menores","potentialAction":[{"@type":"SearchAction","target":{"@type":"EntryPoint","urlTemplate":"https:\/\/franciscanos.org.br\/vidacrista\/?s={search_term_string}"},"query-input":"required name=search_term_string"}],"inLanguage":"pt-BR"},{"@type":"WebPage","@id":"https:\/\/franciscanos.org.br\/vidacrista\/feridas-que-nos-convidam-a-buscar-os-feridos\/","url":"https:\/\/franciscanos.org.br\/vidacrista\/feridas-que-nos-convidam-a-buscar-os-feridos\/","name":"Feridas que nos convidam a buscar os feridos - Vida Crist\u00e3 - Franciscanos","isPartOf":{"@id":"https:\/\/franciscanos.org.br\/vidacrista\/#website"},"datePublished":"2011-04-06T04:00:08+00:00","dateModified":"2020-05-28T15:10:32+00:00","author":{"@id":"https:\/\/franciscanos.org.br\/vidacrista\/#\/schema\/person\/133632ca93cec555316a35f76ab4153b"},"breadcrumb":{"@id":"https:\/\/franciscanos.org.br\/vidacrista\/feridas-que-nos-convidam-a-buscar-os-feridos\/#breadcrumb"},"inLanguage":"pt-BR","potentialAction":[{"@type":"ReadAction","target":["https:\/\/franciscanos.org.br\/vidacrista\/feridas-que-nos-convidam-a-buscar-os-feridos\/"]}]},{"@type":"BreadcrumbList","@id":"https:\/\/franciscanos.org.br\/vidacrista\/feridas-que-nos-convidam-a-buscar-os-feridos\/#breadcrumb","itemListElement":[{"@type":"ListItem","position":1,"name":"Home","item":"https:\/\/franciscanos.org.br\/vidacrista\/"},{"@type":"ListItem","position":2,"name":"Feridas que nos convidam a buscar os feridos"}]},{"@type":"Person","@id":"https:\/\/franciscanos.org.br\/vidacrista\/#\/schema\/person\/133632ca93cec555316a35f76ab4153b","name":"admin","image":{"@type":"ImageObject","inLanguage":"pt-BR","@id":"https:\/\/franciscanos.org.br\/vidacrista\/#\/schema\/person\/image\/","url":"https:\/\/secure.gravatar.com\/avatar\/e8495742d34d0ba6448ea1c628263b3e?s=96&d=mm&r=g","contentUrl":"https:\/\/secure.gravatar.com\/avatar\/e8495742d34d0ba6448ea1c628263b3e?s=96&d=mm&r=g","caption":"admin"},"url":"https:\/\/franciscanos.org.br\/vidacrista\/author\/admin\/"}]}},"_links":{"self":[{"href":"https:\/\/franciscanos.org.br\/vidacrista\/wp-json\/wp\/v2\/posts\/8424"}],"collection":[{"href":"https:\/\/franciscanos.org.br\/vidacrista\/wp-json\/wp\/v2\/posts"}],"about":[{"href":"https:\/\/franciscanos.org.br\/vidacrista\/wp-json\/wp\/v2\/types\/post"}],"author":[{"embeddable":true,"href":"https:\/\/franciscanos.org.br\/vidacrista\/wp-json\/wp\/v2\/users\/1"}],"replies":[{"embeddable":true,"href":"https:\/\/franciscanos.org.br\/vidacrista\/wp-json\/wp\/v2\/comments?post=8424"}],"version-history":[{"count":2,"href":"https:\/\/franciscanos.org.br\/vidacrista\/wp-json\/wp\/v2\/posts\/8424\/revisions"}],"predecessor-version":[{"id":178275,"href":"https:\/\/franciscanos.org.br\/vidacrista\/wp-json\/wp\/v2\/posts\/8424\/revisions\/178275"}],"wp:featuredmedia":[{"embeddable":true,"href":"https:\/\/franciscanos.org.br\/vidacrista\/wp-json\/wp\/v2\/media\/184902"}],"wp:attachment":[{"href":"https:\/\/franciscanos.org.br\/vidacrista\/wp-json\/wp\/v2\/media?parent=8424"}],"wp:term":[{"taxonomy":"category","embeddable":true,"href":"https:\/\/franciscanos.org.br\/vidacrista\/wp-json\/wp\/v2\/categories?post=8424"},{"taxonomy":"post_tag","embeddable":true,"href":"https:\/\/franciscanos.org.br\/vidacrista\/wp-json\/wp\/v2\/tags?post=8424"}],"curies":[{"name":"wp","href":"https:\/\/api.w.org\/{rel}","templated":true}]}}