{"id":8420,"date":"2011-03-04T01:00:17","date_gmt":"2011-03-04T04:00:17","guid":{"rendered":"http:\/\/new.franciscanos.org.br\/?p=8420"},"modified":"2020-05-22T13:00:57","modified_gmt":"2020-05-22T16:00:57","slug":"a-ferida-que-cura","status":"publish","type":"post","link":"https:\/\/franciscanos.org.br\/vidacrista\/a-ferida-que-cura\/","title":{"rendered":"A ferida que cura"},"content":{"rendered":"<p align=\"left\"><em><a href=\"http:\/\/franciscanos.org.br\/wp-content\/uploads\/2011\/03\/1900_040412.jpg\"><img decoding=\"async\" loading=\"lazy\" class=\"alignright size-full wp-image-14818\" title=\"Sagrado Cora\u00e7\u00e3o de Jesus\" src=\"http:\/\/franciscanos.org.br\/wp-content\/uploads\/2011\/03\/1900_040412.jpg\" alt=\"\" width=\"350\" height=\"380\" \/><\/a>Bendito sejas, meu Senhor, pela \u00e1gua desta cruz,<\/em><br \/>\n<em>que brotou juntamente com o sangue do Cristo crucificado.<\/em><br \/>\n<em>Teu Esp\u00edrito clama em mim, \u00f3 Deus humilhado:<\/em><br \/>\n<em>\u201cEu sou a Ferida que cura o homem que cr\u00ea!\u201d<\/em><br \/>\n<em>Michel Hubaut, OFM<\/em><\/p>\n<div align=\"left\">\n<p><strong>1.<\/strong> N\u00e3o nos cansamos de contemplar o mist\u00e9rio de Cristo. Ele, feito homem simples e andarilho, perambulou pelos caminhos poeirentos da Palestina, encontrou pessoas, fez convites e caminhou com a testa erguida na dire\u00e7\u00e3o de Jerusal\u00e9m, essa cidade dourada que tinha a triste fama de matar profetas. Nossos olhos e nosso interior se det\u00eam de modo especial nos \u00faltimos momentos da vida do Mestre. Contemplando \u00e0 dist\u00e2ncia, ajudados pelo M\u00edstico de Patmos, revestimo-nos, de modo especial no tempo da quaresma e da semana santa, dessa dimens\u00e3o contemplativa que admira os extremos de amor do Senhor. Sim, na realidade aqueles momentos passados entre o c\u00e9u e a terra, em que Jesus contempla do \u201calto\u201d as coisas de \u201cbaixo\u201d ficam gravados indelevelmente nas dobras do cora\u00e7\u00e3o do disc\u00edpulo.<\/p>\n<p><strong>2. <\/strong>Um pouco antes de inclinar a cabe\u00e7a, quando ainda tudo girava em seu interior, o Filho, chegou ao cume da obedi\u00eancia. E, perscrutando os desejos do Pai, se amor-obla\u00e7\u00e3o para que o mundo pudesse viver. S\u00e3o Clemente I, assim se exprimiu: \u201cNa caridade Deus nos assumiu para si. Pela caridade que tem para conosco, nosso Senhor Jesus Cristo, obediente \u00e0 vontade divina, por n\u00f3s entregou o seu sangue e sua carne por nossa carne e a sua alma, por nossa alma\u201d (L.Horas III, p. 74). Esses \u00faltimos momentos da vida de Jesus s\u00e3o puro dom. Como puro dom \u00e9 aquele momento, em que na mais modesta capela, um sacerdote, emprestando sua voz a Jesus, diz: \u201cIsto \u00e9 o meu corpo que \u00e9 dado por vos1\u201d.<\/p>\n<p><strong>3. <\/strong>Michel Hubaut, numa bela ora\u00e7\u00e3o de louvor \u00e0 \u00e1gua, extasia-se diante da cena do G\u00f3lgota. Contempla a \u00c1gua da cruz que corre paralela ao Sangue. \u00c1gua para os sedentos, \u00e1gua para os que desejam purificar-se, \u00e1gua que brota da fonte de um novo para\u00edso. Michel Hubaut, contemplando o Cristo nesse momento, o designa de Deus humilhado. Por isso, os disc\u00edpulos de Cristo ficam extasiados diante dessa loucura: um Deus que se humilha. E, segundo a express\u00e3o po\u00e9tica do frade, Cristo se define: \u201cEu sou a Ferida que cura o homem que cr\u00ea!\u201d. Em muitas ocasi\u00f5es Jesus vai se autodefinindo. Nessa p\u00e1gina, ele se define como sendo ferida, chaga, janela. Tudo j\u00e1 estava consumado. Nada mais a fazer. Nada mais a dizer. Um homem que se tornara um verme, sem for\u00e7as, cambaleante quando ficava em p\u00e9 antes da crucifica\u00e7\u00e3o, agora sem energia alguma. Realizava-se naquele momento as palavras de Isa\u00edas: \u201cEra desprezado, era o refugo da humanidade, o homem das dores e habituado \u00e0 enfermidade; era como pessoa de quem se desvia o rosto, t\u00e3o desprez\u00edvel que n\u00e3o fizemos caso dele. No entanto, foi ele que carregou as nossas enfermidades e tomou sobre si as nossas dores. E n\u00f3s o consider\u00e1vamos, como algu\u00e9m castigado, ferido por Deus e humilhado. Mas ele foi traspassado por causa de nossas rebeldias, esmagado por causa de nossos crimes; caiu sobre ele o castigo que nos salva, e suas feridas nos curaram\u201d (Is 53, 3-5). Ele re\u00fane ainda o que tem de melhor e de mais expressivo no cora\u00e7\u00e3o. Trata-se do momento de terminar uma trajet\u00f3ria, momento aparentemente de fracasso, de abandono de uns e de outros, mas suprema revela\u00e7\u00e3o do amor que rasga caminhos de salva\u00e7\u00e3o. Trata-se do momento de colocar a assinatura na obra de sua vida: Este que morreu de amor e que uma ferida que cura os que cr\u00eaem.<\/p>\n<p><strong>4. <\/strong>Os que refletem sobre esse amor que vai at\u00e9 o fim procuram, como pede Paulo aos crist\u00e3os de Filipos ter os mesmo sentimentos de Cristo Jesus: \u201cEle, subsistindo na condi\u00e7\u00e3o de Deus, n\u00e3o se apegou \u00e0 sua igualdade com Deus, mas esvaziou-se tomando a condi\u00e7\u00e3o de escravo\u201d (Fl 2, 5 ss).<\/p>\n<p><strong>5. <\/strong>Compreendemos toda a riqueza que aparece no verso de Michel Hubaut: o Deus humilhado, o Deus chagado, com uma ferida que cura os que cr\u00eam. E os devotos do Cora\u00e7\u00e3o de Jesus sabem perfeitamente que, ao longo de suas vidas, nada mais t\u00eam a fazer do que contemplar a ferida do amor de Deus que n\u00e3o fecha e cuidar das feridas dos irm\u00e3os da face da terra.<\/p>\n<\/div>\n","protected":false},"excerpt":{"rendered":"<p>Frei Almir Ribeiro Guimar\u00e3es<\/p>\n","protected":false},"author":1,"featured_media":184651,"comment_status":"closed","ping_status":"open","sticky":false,"template":"","format":"standard","meta":{"footnotes":""},"categories":[105],"tags":[106,112],"yoast_head":"<!-- This site is optimized with the Yoast SEO plugin v19.4 - https:\/\/yoast.com\/wordpress\/plugins\/seo\/ -->\n<title>A ferida que cura - Vida Crist\u00e3 - Franciscanos<\/title>\n<meta name=\"robots\" content=\"index, follow, max-snippet:-1, max-image-preview:large, max-video-preview:-1\" \/>\n<link rel=\"canonical\" href=\"https:\/\/franciscanos.org.br\/vidacrista\/a-ferida-que-cura\/\" \/>\n<meta property=\"og:locale\" content=\"pt_BR\" \/>\n<meta property=\"og:type\" content=\"article\" \/>\n<meta property=\"og:title\" content=\"A ferida que cura - Vida Crist\u00e3 - Franciscanos\" \/>\n<meta property=\"og:description\" content=\"Frei Almir Ribeiro Guimar\u00e3es\" \/>\n<meta property=\"og:url\" content=\"https:\/\/franciscanos.org.br\/vidacrista\/a-ferida-que-cura\/\" \/>\n<meta property=\"og:site_name\" content=\"Vida Crist\u00e3 - Franciscanos\" \/>\n<meta property=\"article:published_time\" content=\"2011-03-04T04:00:17+00:00\" \/>\n<meta property=\"article:modified_time\" content=\"2020-05-22T16:00:57+00:00\" \/>\n<meta property=\"og:image\" content=\"https:\/\/franciscanos.org.br\/vidacrista\/wp-content\/uploads\/2011\/03\/1900_040412.jpg\" \/>\n\t<meta property=\"og:image:width\" content=\"800\" \/>\n\t<meta property=\"og:image:height\" content=\"599\" \/>\n\t<meta property=\"og:image:type\" content=\"image\/jpeg\" \/>\n<meta name=\"author\" content=\"admin\" \/>\n<meta name=\"twitter:card\" content=\"summary_large_image\" \/>\n<meta name=\"twitter:label1\" content=\"Escrito por\" \/>\n\t<meta name=\"twitter:data1\" content=\"admin\" \/>\n\t<meta name=\"twitter:label2\" content=\"Est. tempo de leitura\" \/>\n\t<meta name=\"twitter:data2\" content=\"4 minutos\" \/>\n<script type=\"application\/ld+json\" class=\"yoast-schema-graph\">{\"@context\":\"https:\/\/schema.org\",\"@graph\":[{\"@type\":\"WebSite\",\"@id\":\"https:\/\/franciscanos.org.br\/vidacrista\/#website\",\"url\":\"https:\/\/franciscanos.org.br\/vidacrista\/\",\"name\":\"Vida Crist\u00e3 - Franciscanos\",\"description\":\"Prov\u00edncia Franciscana da Imaculada Concei\u00e7\u00e3o do Brasil - Ordem dos Frades Menores\",\"potentialAction\":[{\"@type\":\"SearchAction\",\"target\":{\"@type\":\"EntryPoint\",\"urlTemplate\":\"https:\/\/franciscanos.org.br\/vidacrista\/?s={search_term_string}\"},\"query-input\":\"required name=search_term_string\"}],\"inLanguage\":\"pt-BR\"},{\"@type\":\"WebPage\",\"@id\":\"https:\/\/franciscanos.org.br\/vidacrista\/a-ferida-que-cura\/\",\"url\":\"https:\/\/franciscanos.org.br\/vidacrista\/a-ferida-que-cura\/\",\"name\":\"A ferida que cura - Vida Crist\u00e3 - Franciscanos\",\"isPartOf\":{\"@id\":\"https:\/\/franciscanos.org.br\/vidacrista\/#website\"},\"datePublished\":\"2011-03-04T04:00:17+00:00\",\"dateModified\":\"2020-05-22T16:00:57+00:00\",\"author\":{\"@id\":\"https:\/\/franciscanos.org.br\/vidacrista\/#\/schema\/person\/133632ca93cec555316a35f76ab4153b\"},\"breadcrumb\":{\"@id\":\"https:\/\/franciscanos.org.br\/vidacrista\/a-ferida-que-cura\/#breadcrumb\"},\"inLanguage\":\"pt-BR\",\"potentialAction\":[{\"@type\":\"ReadAction\",\"target\":[\"https:\/\/franciscanos.org.br\/vidacrista\/a-ferida-que-cura\/\"]}]},{\"@type\":\"BreadcrumbList\",\"@id\":\"https:\/\/franciscanos.org.br\/vidacrista\/a-ferida-que-cura\/#breadcrumb\",\"itemListElement\":[{\"@type\":\"ListItem\",\"position\":1,\"name\":\"Home\",\"item\":\"https:\/\/franciscanos.org.br\/vidacrista\/\"},{\"@type\":\"ListItem\",\"position\":2,\"name\":\"A ferida que cura\"}]},{\"@type\":\"Person\",\"@id\":\"https:\/\/franciscanos.org.br\/vidacrista\/#\/schema\/person\/133632ca93cec555316a35f76ab4153b\",\"name\":\"admin\",\"image\":{\"@type\":\"ImageObject\",\"inLanguage\":\"pt-BR\",\"@id\":\"https:\/\/franciscanos.org.br\/vidacrista\/#\/schema\/person\/image\/\",\"url\":\"https:\/\/secure.gravatar.com\/avatar\/e8495742d34d0ba6448ea1c628263b3e?s=96&d=mm&r=g\",\"contentUrl\":\"https:\/\/secure.gravatar.com\/avatar\/e8495742d34d0ba6448ea1c628263b3e?s=96&d=mm&r=g\",\"caption\":\"admin\"},\"url\":\"https:\/\/franciscanos.org.br\/vidacrista\/author\/admin\/\"}]}<\/script>\n<!-- \/ Yoast SEO plugin. -->","yoast_head_json":{"title":"A ferida que cura - Vida Crist\u00e3 - Franciscanos","robots":{"index":"index","follow":"follow","max-snippet":"max-snippet:-1","max-image-preview":"max-image-preview:large","max-video-preview":"max-video-preview:-1"},"canonical":"https:\/\/franciscanos.org.br\/vidacrista\/a-ferida-que-cura\/","og_locale":"pt_BR","og_type":"article","og_title":"A ferida que cura - Vida Crist\u00e3 - Franciscanos","og_description":"Frei Almir Ribeiro Guimar\u00e3es","og_url":"https:\/\/franciscanos.org.br\/vidacrista\/a-ferida-que-cura\/","og_site_name":"Vida Crist\u00e3 - Franciscanos","article_published_time":"2011-03-04T04:00:17+00:00","article_modified_time":"2020-05-22T16:00:57+00:00","og_image":[{"width":800,"height":599,"url":"https:\/\/franciscanos.org.br\/vidacrista\/wp-content\/uploads\/2011\/03\/1900_040412.jpg","type":"image\/jpeg"}],"author":"admin","twitter_card":"summary_large_image","twitter_misc":{"Escrito por":"admin","Est. tempo de leitura":"4 minutos"},"schema":{"@context":"https:\/\/schema.org","@graph":[{"@type":"WebSite","@id":"https:\/\/franciscanos.org.br\/vidacrista\/#website","url":"https:\/\/franciscanos.org.br\/vidacrista\/","name":"Vida Crist\u00e3 - Franciscanos","description":"Prov\u00edncia Franciscana da Imaculada Concei\u00e7\u00e3o do Brasil - Ordem dos Frades Menores","potentialAction":[{"@type":"SearchAction","target":{"@type":"EntryPoint","urlTemplate":"https:\/\/franciscanos.org.br\/vidacrista\/?s={search_term_string}"},"query-input":"required name=search_term_string"}],"inLanguage":"pt-BR"},{"@type":"WebPage","@id":"https:\/\/franciscanos.org.br\/vidacrista\/a-ferida-que-cura\/","url":"https:\/\/franciscanos.org.br\/vidacrista\/a-ferida-que-cura\/","name":"A ferida que cura - Vida Crist\u00e3 - Franciscanos","isPartOf":{"@id":"https:\/\/franciscanos.org.br\/vidacrista\/#website"},"datePublished":"2011-03-04T04:00:17+00:00","dateModified":"2020-05-22T16:00:57+00:00","author":{"@id":"https:\/\/franciscanos.org.br\/vidacrista\/#\/schema\/person\/133632ca93cec555316a35f76ab4153b"},"breadcrumb":{"@id":"https:\/\/franciscanos.org.br\/vidacrista\/a-ferida-que-cura\/#breadcrumb"},"inLanguage":"pt-BR","potentialAction":[{"@type":"ReadAction","target":["https:\/\/franciscanos.org.br\/vidacrista\/a-ferida-que-cura\/"]}]},{"@type":"BreadcrumbList","@id":"https:\/\/franciscanos.org.br\/vidacrista\/a-ferida-que-cura\/#breadcrumb","itemListElement":[{"@type":"ListItem","position":1,"name":"Home","item":"https:\/\/franciscanos.org.br\/vidacrista\/"},{"@type":"ListItem","position":2,"name":"A ferida que cura"}]},{"@type":"Person","@id":"https:\/\/franciscanos.org.br\/vidacrista\/#\/schema\/person\/133632ca93cec555316a35f76ab4153b","name":"admin","image":{"@type":"ImageObject","inLanguage":"pt-BR","@id":"https:\/\/franciscanos.org.br\/vidacrista\/#\/schema\/person\/image\/","url":"https:\/\/secure.gravatar.com\/avatar\/e8495742d34d0ba6448ea1c628263b3e?s=96&d=mm&r=g","contentUrl":"https:\/\/secure.gravatar.com\/avatar\/e8495742d34d0ba6448ea1c628263b3e?s=96&d=mm&r=g","caption":"admin"},"url":"https:\/\/franciscanos.org.br\/vidacrista\/author\/admin\/"}]}},"_links":{"self":[{"href":"https:\/\/franciscanos.org.br\/vidacrista\/wp-json\/wp\/v2\/posts\/8420"}],"collection":[{"href":"https:\/\/franciscanos.org.br\/vidacrista\/wp-json\/wp\/v2\/posts"}],"about":[{"href":"https:\/\/franciscanos.org.br\/vidacrista\/wp-json\/wp\/v2\/types\/post"}],"author":[{"embeddable":true,"href":"https:\/\/franciscanos.org.br\/vidacrista\/wp-json\/wp\/v2\/users\/1"}],"replies":[{"embeddable":true,"href":"https:\/\/franciscanos.org.br\/vidacrista\/wp-json\/wp\/v2\/comments?post=8420"}],"version-history":[{"count":1,"href":"https:\/\/franciscanos.org.br\/vidacrista\/wp-json\/wp\/v2\/posts\/8420\/revisions"}],"predecessor-version":[{"id":178176,"href":"https:\/\/franciscanos.org.br\/vidacrista\/wp-json\/wp\/v2\/posts\/8420\/revisions\/178176"}],"wp:featuredmedia":[{"embeddable":true,"href":"https:\/\/franciscanos.org.br\/vidacrista\/wp-json\/wp\/v2\/media\/184651"}],"wp:attachment":[{"href":"https:\/\/franciscanos.org.br\/vidacrista\/wp-json\/wp\/v2\/media?parent=8420"}],"wp:term":[{"taxonomy":"category","embeddable":true,"href":"https:\/\/franciscanos.org.br\/vidacrista\/wp-json\/wp\/v2\/categories?post=8420"},{"taxonomy":"post_tag","embeddable":true,"href":"https:\/\/franciscanos.org.br\/vidacrista\/wp-json\/wp\/v2\/tags?post=8420"}],"curies":[{"name":"wp","href":"https:\/\/api.w.org\/{rel}","templated":true}]}}