{"id":8418,"date":"2011-02-04T01:00:04","date_gmt":"2011-02-04T03:00:04","guid":{"rendered":"http:\/\/new.franciscanos.org.br\/?p=8418"},"modified":"2020-05-28T12:06:34","modified_gmt":"2020-05-28T15:06:34","slug":"a-caridade-do-coracao-do-redentor","status":"publish","type":"post","link":"https:\/\/franciscanos.org.br\/vidacrista\/a-caridade-do-coracao-do-redentor\/","title":{"rendered":"A caridade do cora\u00e7\u00e3o do Redentor"},"content":{"rendered":"<p><strong><a href=\"http:\/\/franciscanos.org.br\/wp-content\/uploads\/2011\/02\/1902_040412.jpg\"><img decoding=\"async\" loading=\"lazy\" class=\"alignright size-full wp-image-14821\" title=\"Sagrado Cora\u00e7\u00e3o de Jesus\" src=\"http:\/\/franciscanos.org.br\/wp-content\/uploads\/2011\/02\/1902_040412.jpg\" alt=\"\" width=\"350\" height=\"263\" \/><\/a>1.<\/strong> Uma tradi\u00e7\u00e3o secular faz com que, nas primeiras sextas-feiras de cada m\u00eas, quando a liturgia o permite, o celebrante possa tomar o formul\u00e1rio da Solenidade do Cora\u00e7\u00e3o de Jesus. N\u00e3o se trata de querer salvar uma devo\u00e7\u00e3o tida por alguns como cheia de sentimentalismo e pouca teologia. Na verdade, algumas ora\u00e7\u00f5es de determinados grupos, falam do Cora\u00e7\u00e3o de Jesus de uma forma sentimental demais. Ora, pensar no Cora\u00e7\u00e3o do Mestre \u00e9 deter-se num cora\u00e7\u00e3o de algu\u00e9m que soube amar at\u00e9 o fim. Um cora\u00e7\u00e3o cheio da verdadeira caridade.<\/p>\n<p><strong>2. <\/strong>S\u00e3o Clemente de Roma, na sua carta aos cor\u00edntios, escreve assim a respeito da caridade em geral e do amor de Jesus: \u201dA caridade n\u00e3o tolera a divis\u00e3o, n\u00e3o provoca revolta. A caridade faz tudo na conc\u00f3rdia. Na caridade, todos os eleitos de Deus s\u00e3o perfeitos. Sem a caridade, nada \u00e9 aceito por Deus. Na caridade, Deus nos assumiu para si. Pela caridade que tem para conosco, nosso Senhor Jesus Cristo, obediente \u00e0 vontade divina, por n\u00f3s entregou seu sangue, a sua carne, por nossa carne, a sua alma, por nossa alma\u201d (<em>Liturgia das Horas, III, p. 74<\/em>).<\/p>\n<p><strong>3. <\/strong>Nunca nos cansaremos de contemplar os \u00faltimos momentos de vida de Jesus de Nazar\u00e9. Ele, no vigor de seus anos, teve que enfrentar a dura realidade da morte violenta. Uma coisa \u00e9 morrer serenamente num canto, outra coisa \u00e9 entregar o esp\u00edrito suspenso entre o c\u00e9u e a terra, num abandono inomin\u00e1vel. Assim aconteceu com Jesus. Romano Guardini assim escreve: \u201cNingu\u00e9m morreu como Cristo porque ele era a pr\u00f3pria vida. Ningu\u00e9m expiou como ele o pecado porque ele era a pr\u00f3pria pureza. Ningu\u00e9m caiu t\u00e3o baixo como ele no nada \u2013 at\u00e9 essa terr\u00edvel realidade evocada pelas palavras: \u201cDeus, \u00f3 Deus por que me abandonaste\u201d, porque ele era Filho de Deus. Ele aniquilou-se verdadeiramente. Teve que morrer quando ainda era jovem. A sua obra foi sufocada quando teria podido florescer. Os seus amigos foram-lhe arrancados, sua honra foi maculada. N\u00e3o tinha mais nada e n\u00e3o era nada mais. \u201cUm verme e n\u00e3o um homem\u201d. Num sentido inexprimivelmente profundo, &#8216;desceu aos infernos&#8217;, o reino onde impera o nada\u201d (<em> O Senhor, p.401).<\/em><\/p>\n<p><strong>4.<\/strong> Esse sim de Jesus, com esta entrega no alto da cruz, esse gesto dos gestos num momento de total abandono, \u00e9 a Caridade. O mais belo dos filhos dos homens e o Filho de Deus, retomando S\u00e3o Clemente, \u201cobediente \u00e0 vontade divina, por n\u00f3s entregou o seu sangue, a sua carne por nossa carne, a sua alma, por nossa alma\u201d. Aquele sim varou o cora\u00e7\u00e3o do Pai. A fr\u00e1gil natureza de Jesus, adquirida no seio da Virgem, feita obedi\u00eancia, atinge o Pai. O amor do filho de Deus feito carne, a caridade de Cristo, renova o mundo e atinge a todos. Somos invadidos e ensopados dessa caridade divina. N\u00e3o se trata apenas de lembrar que um dia, crian\u00e7as ainda, fomos batizados e nos revestimos desta caridade. Trata-se de fazer da exist\u00eancia um hino de a\u00e7\u00e3o de gra\u00e7as pelo amor que nos toca aqui e agora, de modo particular no sacr\u00e1rio de nossa interioridade, na nudez de nossa verdade, no do\u00eddo arrependimento de sermos med\u00edcores. N\u00e3o na superf\u00edcie de ora\u00e7\u00f5es barulhentas, nem de ritos frios. Contemplando a caridade de Cristo somos levados a dar uma resposta de amor. Esse pensamento n\u00e3o nos larga: assim como Senhor deu a vida por todos, tenho que dar a vida por ele e pelos outros.<\/p>\n<p><strong>5. <\/strong>Ora, precisamente esta \u00e9 a finalidade da devo\u00e7\u00e3o ao Cora\u00e7\u00e3o do Redentor. Ele, quando vivo foi se entregando, amando, criando um mundo novo, mundo da gra\u00e7a que seria derramada na hist\u00f3ria de cada um. Depois de morto, o toque da lan\u00e7a no seu peito nos fez \u201cver\u201d a profundidade de amor de seu Cora\u00e7\u00e3o. Nada. Jesus \u00e9 nada. Aniquilou-se. Desse nada, nasceu o tudo. Os devotos do Cora\u00e7\u00e3o do Redentor, evidentemente, s\u00e3o contemplativos. Gostam de fechar a porta do quarto e estar com aquele que os amou de forma estrema. H\u00e1 algum mal nisto? Quem ousar\u00e1 dizer que isso \u00e9 aliena\u00e7\u00e3o? Ao mesmo tempo, os que se sentem agraciados, cobertos por esta Caridade, n\u00e3o descansam, n\u00e3o se aposentam, falam, andam, d\u00e3o testemunho, s\u00e3o corajosos. Evangelizam, sem burocracia mas dando a vida pela vida dos outros, como fez o m\u00e1rtir do G\u00f3lgota. Conclus\u00e3o: a caridade do Cora\u00e7\u00e3o do Redentor pro\u00edbe toda sorte de aposentadoria.<\/p>\n","protected":false},"excerpt":{"rendered":"<p>Frei Almir Ribeiro Guimar\u00e3es<\/p>\n","protected":false},"author":1,"featured_media":184900,"comment_status":"closed","ping_status":"open","sticky":false,"template":"","format":"standard","meta":{"footnotes":""},"categories":[105],"tags":[106,112],"yoast_head":"<!-- This site is optimized with the Yoast SEO plugin v19.4 - https:\/\/yoast.com\/wordpress\/plugins\/seo\/ -->\n<title>A caridade do cora\u00e7\u00e3o do Redentor - Vida Crist\u00e3 - Franciscanos<\/title>\n<meta name=\"robots\" content=\"index, follow, max-snippet:-1, max-image-preview:large, max-video-preview:-1\" \/>\n<link rel=\"canonical\" href=\"https:\/\/franciscanos.org.br\/vidacrista\/a-caridade-do-coracao-do-redentor\/\" \/>\n<meta property=\"og:locale\" content=\"pt_BR\" \/>\n<meta property=\"og:type\" content=\"article\" \/>\n<meta property=\"og:title\" content=\"A caridade do cora\u00e7\u00e3o do Redentor - Vida Crist\u00e3 - Franciscanos\" \/>\n<meta property=\"og:description\" content=\"Frei Almir Ribeiro Guimar\u00e3es\" \/>\n<meta property=\"og:url\" content=\"https:\/\/franciscanos.org.br\/vidacrista\/a-caridade-do-coracao-do-redentor\/\" \/>\n<meta property=\"og:site_name\" content=\"Vida Crist\u00e3 - Franciscanos\" \/>\n<meta property=\"article:published_time\" content=\"2011-02-04T03:00:04+00:00\" \/>\n<meta property=\"article:modified_time\" content=\"2020-05-28T15:06:34+00:00\" \/>\n<meta property=\"og:image\" content=\"https:\/\/franciscanos.org.br\/vidacrista\/wp-content\/uploads\/2011\/02\/1902_040412.jpg\" \/>\n\t<meta property=\"og:image:width\" content=\"800\" \/>\n\t<meta property=\"og:image:height\" content=\"601\" \/>\n\t<meta property=\"og:image:type\" content=\"image\/jpeg\" \/>\n<meta name=\"author\" content=\"admin\" \/>\n<meta name=\"twitter:card\" content=\"summary_large_image\" \/>\n<meta name=\"twitter:label1\" content=\"Escrito por\" \/>\n\t<meta name=\"twitter:data1\" content=\"admin\" \/>\n\t<meta name=\"twitter:label2\" content=\"Est. tempo de leitura\" \/>\n\t<meta name=\"twitter:data2\" content=\"4 minutos\" \/>\n<script type=\"application\/ld+json\" class=\"yoast-schema-graph\">{\"@context\":\"https:\/\/schema.org\",\"@graph\":[{\"@type\":\"WebSite\",\"@id\":\"https:\/\/franciscanos.org.br\/vidacrista\/#website\",\"url\":\"https:\/\/franciscanos.org.br\/vidacrista\/\",\"name\":\"Vida Crist\u00e3 - Franciscanos\",\"description\":\"Prov\u00edncia Franciscana da Imaculada Concei\u00e7\u00e3o do Brasil - Ordem dos Frades Menores\",\"potentialAction\":[{\"@type\":\"SearchAction\",\"target\":{\"@type\":\"EntryPoint\",\"urlTemplate\":\"https:\/\/franciscanos.org.br\/vidacrista\/?s={search_term_string}\"},\"query-input\":\"required name=search_term_string\"}],\"inLanguage\":\"pt-BR\"},{\"@type\":\"WebPage\",\"@id\":\"https:\/\/franciscanos.org.br\/vidacrista\/a-caridade-do-coracao-do-redentor\/\",\"url\":\"https:\/\/franciscanos.org.br\/vidacrista\/a-caridade-do-coracao-do-redentor\/\",\"name\":\"A caridade do cora\u00e7\u00e3o do Redentor - Vida Crist\u00e3 - Franciscanos\",\"isPartOf\":{\"@id\":\"https:\/\/franciscanos.org.br\/vidacrista\/#website\"},\"datePublished\":\"2011-02-04T03:00:04+00:00\",\"dateModified\":\"2020-05-28T15:06:34+00:00\",\"author\":{\"@id\":\"https:\/\/franciscanos.org.br\/vidacrista\/#\/schema\/person\/133632ca93cec555316a35f76ab4153b\"},\"breadcrumb\":{\"@id\":\"https:\/\/franciscanos.org.br\/vidacrista\/a-caridade-do-coracao-do-redentor\/#breadcrumb\"},\"inLanguage\":\"pt-BR\",\"potentialAction\":[{\"@type\":\"ReadAction\",\"target\":[\"https:\/\/franciscanos.org.br\/vidacrista\/a-caridade-do-coracao-do-redentor\/\"]}]},{\"@type\":\"BreadcrumbList\",\"@id\":\"https:\/\/franciscanos.org.br\/vidacrista\/a-caridade-do-coracao-do-redentor\/#breadcrumb\",\"itemListElement\":[{\"@type\":\"ListItem\",\"position\":1,\"name\":\"Home\",\"item\":\"https:\/\/franciscanos.org.br\/vidacrista\/\"},{\"@type\":\"ListItem\",\"position\":2,\"name\":\"A caridade do cora\u00e7\u00e3o do Redentor\"}]},{\"@type\":\"Person\",\"@id\":\"https:\/\/franciscanos.org.br\/vidacrista\/#\/schema\/person\/133632ca93cec555316a35f76ab4153b\",\"name\":\"admin\",\"image\":{\"@type\":\"ImageObject\",\"inLanguage\":\"pt-BR\",\"@id\":\"https:\/\/franciscanos.org.br\/vidacrista\/#\/schema\/person\/image\/\",\"url\":\"https:\/\/secure.gravatar.com\/avatar\/e8495742d34d0ba6448ea1c628263b3e?s=96&d=mm&r=g\",\"contentUrl\":\"https:\/\/secure.gravatar.com\/avatar\/e8495742d34d0ba6448ea1c628263b3e?s=96&d=mm&r=g\",\"caption\":\"admin\"},\"url\":\"https:\/\/franciscanos.org.br\/vidacrista\/author\/admin\/\"}]}<\/script>\n<!-- \/ Yoast SEO plugin. -->","yoast_head_json":{"title":"A caridade do cora\u00e7\u00e3o do Redentor - Vida Crist\u00e3 - Franciscanos","robots":{"index":"index","follow":"follow","max-snippet":"max-snippet:-1","max-image-preview":"max-image-preview:large","max-video-preview":"max-video-preview:-1"},"canonical":"https:\/\/franciscanos.org.br\/vidacrista\/a-caridade-do-coracao-do-redentor\/","og_locale":"pt_BR","og_type":"article","og_title":"A caridade do cora\u00e7\u00e3o do Redentor - Vida Crist\u00e3 - Franciscanos","og_description":"Frei Almir Ribeiro Guimar\u00e3es","og_url":"https:\/\/franciscanos.org.br\/vidacrista\/a-caridade-do-coracao-do-redentor\/","og_site_name":"Vida Crist\u00e3 - Franciscanos","article_published_time":"2011-02-04T03:00:04+00:00","article_modified_time":"2020-05-28T15:06:34+00:00","og_image":[{"width":800,"height":601,"url":"https:\/\/franciscanos.org.br\/vidacrista\/wp-content\/uploads\/2011\/02\/1902_040412.jpg","type":"image\/jpeg"}],"author":"admin","twitter_card":"summary_large_image","twitter_misc":{"Escrito por":"admin","Est. tempo de leitura":"4 minutos"},"schema":{"@context":"https:\/\/schema.org","@graph":[{"@type":"WebSite","@id":"https:\/\/franciscanos.org.br\/vidacrista\/#website","url":"https:\/\/franciscanos.org.br\/vidacrista\/","name":"Vida Crist\u00e3 - Franciscanos","description":"Prov\u00edncia Franciscana da Imaculada Concei\u00e7\u00e3o do Brasil - Ordem dos Frades Menores","potentialAction":[{"@type":"SearchAction","target":{"@type":"EntryPoint","urlTemplate":"https:\/\/franciscanos.org.br\/vidacrista\/?s={search_term_string}"},"query-input":"required name=search_term_string"}],"inLanguage":"pt-BR"},{"@type":"WebPage","@id":"https:\/\/franciscanos.org.br\/vidacrista\/a-caridade-do-coracao-do-redentor\/","url":"https:\/\/franciscanos.org.br\/vidacrista\/a-caridade-do-coracao-do-redentor\/","name":"A caridade do cora\u00e7\u00e3o do Redentor - Vida Crist\u00e3 - Franciscanos","isPartOf":{"@id":"https:\/\/franciscanos.org.br\/vidacrista\/#website"},"datePublished":"2011-02-04T03:00:04+00:00","dateModified":"2020-05-28T15:06:34+00:00","author":{"@id":"https:\/\/franciscanos.org.br\/vidacrista\/#\/schema\/person\/133632ca93cec555316a35f76ab4153b"},"breadcrumb":{"@id":"https:\/\/franciscanos.org.br\/vidacrista\/a-caridade-do-coracao-do-redentor\/#breadcrumb"},"inLanguage":"pt-BR","potentialAction":[{"@type":"ReadAction","target":["https:\/\/franciscanos.org.br\/vidacrista\/a-caridade-do-coracao-do-redentor\/"]}]},{"@type":"BreadcrumbList","@id":"https:\/\/franciscanos.org.br\/vidacrista\/a-caridade-do-coracao-do-redentor\/#breadcrumb","itemListElement":[{"@type":"ListItem","position":1,"name":"Home","item":"https:\/\/franciscanos.org.br\/vidacrista\/"},{"@type":"ListItem","position":2,"name":"A caridade do cora\u00e7\u00e3o do Redentor"}]},{"@type":"Person","@id":"https:\/\/franciscanos.org.br\/vidacrista\/#\/schema\/person\/133632ca93cec555316a35f76ab4153b","name":"admin","image":{"@type":"ImageObject","inLanguage":"pt-BR","@id":"https:\/\/franciscanos.org.br\/vidacrista\/#\/schema\/person\/image\/","url":"https:\/\/secure.gravatar.com\/avatar\/e8495742d34d0ba6448ea1c628263b3e?s=96&d=mm&r=g","contentUrl":"https:\/\/secure.gravatar.com\/avatar\/e8495742d34d0ba6448ea1c628263b3e?s=96&d=mm&r=g","caption":"admin"},"url":"https:\/\/franciscanos.org.br\/vidacrista\/author\/admin\/"}]}},"_links":{"self":[{"href":"https:\/\/franciscanos.org.br\/vidacrista\/wp-json\/wp\/v2\/posts\/8418"}],"collection":[{"href":"https:\/\/franciscanos.org.br\/vidacrista\/wp-json\/wp\/v2\/posts"}],"about":[{"href":"https:\/\/franciscanos.org.br\/vidacrista\/wp-json\/wp\/v2\/types\/post"}],"author":[{"embeddable":true,"href":"https:\/\/franciscanos.org.br\/vidacrista\/wp-json\/wp\/v2\/users\/1"}],"replies":[{"embeddable":true,"href":"https:\/\/franciscanos.org.br\/vidacrista\/wp-json\/wp\/v2\/comments?post=8418"}],"version-history":[{"count":1,"href":"https:\/\/franciscanos.org.br\/vidacrista\/wp-json\/wp\/v2\/posts\/8418\/revisions"}],"predecessor-version":[{"id":178175,"href":"https:\/\/franciscanos.org.br\/vidacrista\/wp-json\/wp\/v2\/posts\/8418\/revisions\/178175"}],"wp:featuredmedia":[{"embeddable":true,"href":"https:\/\/franciscanos.org.br\/vidacrista\/wp-json\/wp\/v2\/media\/184900"}],"wp:attachment":[{"href":"https:\/\/franciscanos.org.br\/vidacrista\/wp-json\/wp\/v2\/media?parent=8418"}],"wp:term":[{"taxonomy":"category","embeddable":true,"href":"https:\/\/franciscanos.org.br\/vidacrista\/wp-json\/wp\/v2\/categories?post=8418"},{"taxonomy":"post_tag","embeddable":true,"href":"https:\/\/franciscanos.org.br\/vidacrista\/wp-json\/wp\/v2\/tags?post=8418"}],"curies":[{"name":"wp","href":"https:\/\/api.w.org\/{rel}","templated":true}]}}