{"id":8414,"date":"2010-12-03T01:00:02","date_gmt":"2010-12-03T03:00:02","guid":{"rendered":"http:\/\/new.franciscanos.org.br\/?p=8414"},"modified":"2019-03-02T11:12:36","modified_gmt":"2019-03-02T14:12:36","slug":"um-coracao-cheio-de-misericordia","status":"publish","type":"post","link":"https:\/\/franciscanos.org.br\/vidacrista\/um-coracao-cheio-de-misericordia\/","title":{"rendered":"Um cora\u00e7\u00e3o cheio de miseric\u00f3rdia"},"content":{"rendered":"<p align=\"left\"><em><a href=\"http:\/\/franciscanos.org.br\/wp-content\/uploads\/2010\/12\/1906_040412.jpg\"><img decoding=\"async\" loading=\"lazy\" class=\"alignright size-full wp-image-14828\" title=\"Sagrado Cora\u00e7\u00e3o de Jesus\" src=\"http:\/\/franciscanos.org.br\/wp-content\/uploads\/2010\/12\/1906_040412.jpg\" alt=\"\" width=\"400\" height=\"367\" \/><\/a>O Verbo de Deus n\u00e3o curou apenas nossas enfermidades com o poder dos milagres. Tomou sobre si nossas fraquezas, pagou nossa d\u00edvida mediante o supl\u00edcio da cruz, libertando-nos dos muitos e grav\u00edssimos pecados, como se ele fosse o culpado, quando na verdade era inocente de qualquer culpa. Al\u00e9m disso, com muitas palavras e exemplos, exortou-nos a imit\u00e1-lo, na bondade, na compreens\u00e3o e na perfeita caridade fraterna. ( <\/em>Das Cartas de M\u00e1ximo, o confessor, abade<em>).<\/em><\/p>\n<p align=\"left\"><strong>1.<\/strong> Os que se aproximam de Cristo, sabem que est\u00e3o diante do homem da miseric\u00f3rdia, da bondade e do perd\u00e3o. Nunca os disc\u00edpulos de Jesus de hoje deixam de olhar para o Ressuscitado que vive no meio de n\u00f3s, na f\u00e9 dos seus, continuando a exercer a miseric\u00f3rdia. Pensar em Cristo \u00e9 pensar no bom pastor e no bom samaritano. Cristo \u00e9 o pastor bom e o samaritano exalando o perfume da miseric\u00f3rdia.<\/p>\n<p align=\"left\"><strong>2. <\/strong>A express\u00e3o mais acabada da miseric\u00f3rdia de Deus se manifesta na cruz. Nunca, n\u00f3s franciscanos, contemplaremos suficientemente o Cristo crucificado. Nosso pai Francisco se extasiava diante de tanta bondade. \u201cUm dia, no princ\u00edpio de sua convers\u00e3o, ele rezava na solid\u00e3o e, arrebatado por seu fervor, estava totalmente absorto em Deus e apareceu-lhe o Cristo crucificado. Com esta vis\u00e3o sua alma se comoveu e a lembran\u00e7a da Paix\u00e3o de Cristo penetrou nele t\u00e3o profundamente que, a partir daquele momento, era-lhe quase imposs\u00edvel reprimir o pranto e suspiros quando come\u00e7ava a pensar no Crucificado\u201d (Leg.Maior I,5). Sim, na cruz Jesus \u00e9 bondade, paci\u00eancia, miseric\u00f3rdia, dom, entrega. L\u00e1 se torna abjeto, coberto de chagas, cheio de feridas, ensopado de sangue, feito, na verdade, uma \u00fanica chaga. Naqueles momentos, nas horas de desola\u00e7\u00e3o, ele toma a decis\u00e3o de se entregar pelos seus. Ningu\u00e9m lhe tira a vida. S\u00e3o M\u00e1ximo recorda: tomou nossas fraquezas, pagou nossa d\u00edvida mediante o supl\u00edcio da cruz. Aquele que foi obediente at\u00e9 o fim, obediente at\u00e9 a morte de Cruz, teve o seu peito aberto pela lan\u00e7a do soldado e todas as gera\u00e7\u00f5es de cora\u00e7\u00f5es retos contemplaram e contemplam essa fenda no cora\u00e7\u00e3o do Senhor. Tropegamente, mas com confian\u00e7a, os pecadores de ontem e de hoje buscam instalar-se no albergue do cora\u00e7\u00e3o do Mestre.<\/p>\n<p align=\"left\"><strong>3.<\/strong> Para manifestar a sua miseric\u00f3rdia e a bondade do Pai que ele encarnava contou a par\u00e1bola do bom samaritano: \u201c\u00c0quele homem que ca\u00edra nas m\u00e3os dos ladr\u00f5es e fora despojado de todas as vestes, maltratado e deixado semimorto, atou-lhe as feridas, tratou-as com vinho e \u00f3leo, e tendo-o colocado no seu jumento, deixou-o numa hospedaria para que cuidassem dele; pagou o necess\u00e1rio para o seu tratamento e ainda prometeu dar na volta, o que porventura se gastasse a mais\u201d (S\u00e3o M\u00e1ximo). Ele, o Mestre dilacerado no alto da cruz, \u00e9 o bom samaritano, misericordioso samaritano. Ousamos dizer que a hospedaria de que fala a par\u00e1bola pode bem ser o espa\u00e7o cavado no cora\u00e7\u00e3o de Jesus pela lan\u00e7a do soldado. Ali se abrigam os desventurados buscados pelo Senhor.<\/p>\n<p align=\"left\"><strong>4. <\/strong>A Igreja \u00e9 santa e pecadora. Todos fazemos essa dolorida experi\u00eancia. Queremos seguir a Cristo, queremos viver o esp\u00edrito do Serm\u00e3o da Montanha. N\u00e3o ag\u00fcentamos mais tanta mediocridade em nossa vida e \u00e0 nossa volta. Sentimos que somos um povo que busca a santidade, mas tamb\u00e9m carrega o pecado, o dilaceramento. N\u00e3o podemos endurecer o cora\u00e7\u00e3o. Precisamos acolher o perd\u00e3o do Senhor que se d\u00e1 quando nosso cora\u00e7\u00e3o vive a contri\u00e7\u00e3o. A Igreja \u00e9 santa e pecadora. Precisamos, de verdade, nos aproximar do albergue e da hospedaria da Igreja onde nos \u00e9 concedido, pelo minist\u00e9rio dos sacerdotes, o perd\u00e3o do pecado que nos agonia e angustia. Temos certeza de que seremos bem recebidos na hospedaria da Igreja.<\/p>\n<p align=\"left\"><strong>5. <\/strong>Vamos pedir a S\u00e3o M\u00e1ximo que continue nos ajudando a refletir. O santo abade continua descrevendo a miseric\u00f3rdia do Senhor: \u201c&#8230; reconduziu ao redil a ovelhinha que se afastara das outras cem ovelhas de Deus e fora encontrada vagueando por montes e colinas. N\u00e3o lhe bateu, nem a amea\u00e7ou, nem a extenuou de cansa\u00e7o; pelo contr\u00e1rio, colocando-a nos pr\u00f3prios ombros, cheio de compaix\u00e3o, trouxe-a s\u00e3 e salva para o rebanho\u201d. Na verdade, a par\u00e1bola do bom pastor nos encanta, nos fascina. H\u00e1 festa no c\u00e9u quando um pecador se converte. Temos sempre a terr\u00edvel tenta\u00e7\u00e3o de pensar que os pecadores s\u00e3o os outros. Dever\u00edamos experimentar um j\u00fabilo sem par quando o Senhor nos d\u00e1 a gra\u00e7a da contri\u00e7\u00e3o e assim podermos nos jogar nele e solicitar \u00e0 Igreja o perd\u00e3o. Ela recolheu em suas m\u00e3os o sangue e a \u00e1gua que correram do peito aberto daquele que havia se feito chaga para sanar nossas chagas.<\/p>\n<p align=\"left\"><strong>6.<\/strong> Numa primorosa obra sobre a experi\u00eancia de desola\u00e7\u00e3o e de f\u00e9 do ex\u00edlio, \u00c9loi Leclerc fala do cora\u00e7\u00e3o contrito. N\u00e3o posso me privar ao prazer de transcrever algumas de suas linhas e pensar que aquela experi\u00eancia diante de Jav\u00e9 e sua santidade se aplica ao cora\u00e7\u00e3o contrito diante de Cristo feito abandono, chaga e abrigo no alto da cruz: \u201cO <em>cora\u00e7\u00e3o contrito <\/em>\u00e9 primeiramente isto: um cora\u00e7\u00e3o deslumbrado pela santidade de Jav\u00e9. Maravilhado e ferido. \u201cAi de mim, estou perdido porque sou homem de l\u00e1bios impuros\u201d (Is 6,5). No principio h\u00e1 a irradia\u00e7\u00e3o da santidade de Deus, sobre a alma. E, por repercuss\u00e3o, manifesta-se em toda a realidade o pecado e a mis\u00e9ria do homem. Perante essa dupla revela\u00e7\u00e3o, a da santidade de Deus e a do pr\u00f3prio pecado, a alma \u00e9 sacudida por um arrepio ao mesmo tempo de amor e de horror. O cora\u00e7\u00e3o parte-se\u201d (<em>\u00c9loi Leclerc, O povo de Deus no meio da noite, Braga, p. 81<\/em>). Sim, o cora\u00e7\u00e3o contrito \u00e9 o cora\u00e7\u00e3o partido. Mas n\u00e3o se desespera. Procura abrigo no Cora\u00e7\u00e3o do Redentor.<\/p>\n<p align=\"left\"><strong>7.<\/strong> Ainda S\u00e3o M\u00e1ximo: <em>\u201cE deste modo, exclamou: Vinde a mim todos que estais cansados e carregados de fardos, e eu vos darei descanso. Tomai sobre v\u00f3s o meu jugo<\/em> (Mt 11,28-29). <em>Ele chamava de jugo os mandamentos ou a vida segundo os preceitos evang\u00e9licos; e, quanto ao peso, que pela penit\u00eancia parecia ser grande e mais penoso, acrescentou: O meu jugo \u00e9 suave e o meu fardo \u00e9 leve<\/em> (Mt 11,30).<\/p>\n<p align=\"left\"><em>S\u00e3o M\u00e1ximo, Confessor e Abade foram extra\u00eddas do Lecion\u00e1rio Mon\u00e1stico II, p. 380-382<br \/>\n<\/em><strong><br \/>\nN\u00e3o podemos deixar de repetir a mais n\u00e3o poder: Cristo tem um cora\u00e7\u00e3o repleto, transbordante de miseric\u00f3rdia. Possa a Igreja ser espa\u00e7o onde se manifesta claramente a miseric\u00f3rdia do Senhor.<\/strong><\/p>\n","protected":false},"excerpt":{"rendered":"<p>Frei Almir Ribeiro Guimar\u00e3es<\/p>\n","protected":false},"author":1,"featured_media":178283,"comment_status":"closed","ping_status":"open","sticky":false,"template":"","format":"standard","meta":{"footnotes":""},"categories":[105],"tags":[106,112],"yoast_head":"<!-- This site is optimized with the Yoast SEO plugin v19.4 - https:\/\/yoast.com\/wordpress\/plugins\/seo\/ -->\n<title>Um cora\u00e7\u00e3o cheio de miseric\u00f3rdia - Vida Crist\u00e3 - Franciscanos<\/title>\n<meta name=\"robots\" content=\"index, follow, max-snippet:-1, max-image-preview:large, max-video-preview:-1\" \/>\n<link rel=\"canonical\" href=\"https:\/\/franciscanos.org.br\/vidacrista\/um-coracao-cheio-de-misericordia\/\" \/>\n<meta property=\"og:locale\" content=\"pt_BR\" \/>\n<meta property=\"og:type\" content=\"article\" \/>\n<meta property=\"og:title\" content=\"Um cora\u00e7\u00e3o cheio de miseric\u00f3rdia - Vida Crist\u00e3 - Franciscanos\" \/>\n<meta property=\"og:description\" content=\"Frei Almir Ribeiro Guimar\u00e3es\" \/>\n<meta property=\"og:url\" content=\"https:\/\/franciscanos.org.br\/vidacrista\/um-coracao-cheio-de-misericordia\/\" \/>\n<meta property=\"og:site_name\" content=\"Vida Crist\u00e3 - Franciscanos\" \/>\n<meta property=\"article:published_time\" content=\"2010-12-03T03:00:02+00:00\" \/>\n<meta property=\"article:modified_time\" content=\"2019-03-02T14:12:36+00:00\" \/>\n<meta property=\"og:image\" content=\"https:\/\/franciscanos.org.br\/vidacrista\/wp-content\/uploads\/2010\/12\/sagrado_031210.jpg\" \/>\n\t<meta property=\"og:image:width\" content=\"273\" \/>\n\t<meta property=\"og:image:height\" content=\"181\" \/>\n\t<meta property=\"og:image:type\" content=\"image\/jpeg\" \/>\n<meta name=\"author\" content=\"admin\" \/>\n<meta name=\"twitter:card\" content=\"summary_large_image\" \/>\n<meta name=\"twitter:label1\" content=\"Escrito por\" \/>\n\t<meta name=\"twitter:data1\" content=\"admin\" \/>\n\t<meta name=\"twitter:label2\" content=\"Est. tempo de leitura\" \/>\n\t<meta name=\"twitter:data2\" content=\"6 minutos\" \/>\n<script type=\"application\/ld+json\" class=\"yoast-schema-graph\">{\"@context\":\"https:\/\/schema.org\",\"@graph\":[{\"@type\":\"WebSite\",\"@id\":\"https:\/\/franciscanos.org.br\/vidacrista\/#website\",\"url\":\"https:\/\/franciscanos.org.br\/vidacrista\/\",\"name\":\"Vida Crist\u00e3 - Franciscanos\",\"description\":\"Prov\u00edncia Franciscana da Imaculada Concei\u00e7\u00e3o do Brasil - Ordem dos Frades Menores\",\"potentialAction\":[{\"@type\":\"SearchAction\",\"target\":{\"@type\":\"EntryPoint\",\"urlTemplate\":\"https:\/\/franciscanos.org.br\/vidacrista\/?s={search_term_string}\"},\"query-input\":\"required name=search_term_string\"}],\"inLanguage\":\"pt-BR\"},{\"@type\":\"WebPage\",\"@id\":\"https:\/\/franciscanos.org.br\/vidacrista\/um-coracao-cheio-de-misericordia\/\",\"url\":\"https:\/\/franciscanos.org.br\/vidacrista\/um-coracao-cheio-de-misericordia\/\",\"name\":\"Um cora\u00e7\u00e3o cheio de miseric\u00f3rdia - Vida Crist\u00e3 - Franciscanos\",\"isPartOf\":{\"@id\":\"https:\/\/franciscanos.org.br\/vidacrista\/#website\"},\"datePublished\":\"2010-12-03T03:00:02+00:00\",\"dateModified\":\"2019-03-02T14:12:36+00:00\",\"author\":{\"@id\":\"https:\/\/franciscanos.org.br\/vidacrista\/#\/schema\/person\/133632ca93cec555316a35f76ab4153b\"},\"breadcrumb\":{\"@id\":\"https:\/\/franciscanos.org.br\/vidacrista\/um-coracao-cheio-de-misericordia\/#breadcrumb\"},\"inLanguage\":\"pt-BR\",\"potentialAction\":[{\"@type\":\"ReadAction\",\"target\":[\"https:\/\/franciscanos.org.br\/vidacrista\/um-coracao-cheio-de-misericordia\/\"]}]},{\"@type\":\"BreadcrumbList\",\"@id\":\"https:\/\/franciscanos.org.br\/vidacrista\/um-coracao-cheio-de-misericordia\/#breadcrumb\",\"itemListElement\":[{\"@type\":\"ListItem\",\"position\":1,\"name\":\"Home\",\"item\":\"https:\/\/franciscanos.org.br\/vidacrista\/\"},{\"@type\":\"ListItem\",\"position\":2,\"name\":\"Um cora\u00e7\u00e3o cheio de miseric\u00f3rdia\"}]},{\"@type\":\"Person\",\"@id\":\"https:\/\/franciscanos.org.br\/vidacrista\/#\/schema\/person\/133632ca93cec555316a35f76ab4153b\",\"name\":\"admin\",\"image\":{\"@type\":\"ImageObject\",\"inLanguage\":\"pt-BR\",\"@id\":\"https:\/\/franciscanos.org.br\/vidacrista\/#\/schema\/person\/image\/\",\"url\":\"https:\/\/secure.gravatar.com\/avatar\/e8495742d34d0ba6448ea1c628263b3e?s=96&d=mm&r=g\",\"contentUrl\":\"https:\/\/secure.gravatar.com\/avatar\/e8495742d34d0ba6448ea1c628263b3e?s=96&d=mm&r=g\",\"caption\":\"admin\"},\"url\":\"https:\/\/franciscanos.org.br\/vidacrista\/author\/admin\/\"}]}<\/script>\n<!-- \/ Yoast SEO plugin. -->","yoast_head_json":{"title":"Um cora\u00e7\u00e3o cheio de miseric\u00f3rdia - Vida Crist\u00e3 - Franciscanos","robots":{"index":"index","follow":"follow","max-snippet":"max-snippet:-1","max-image-preview":"max-image-preview:large","max-video-preview":"max-video-preview:-1"},"canonical":"https:\/\/franciscanos.org.br\/vidacrista\/um-coracao-cheio-de-misericordia\/","og_locale":"pt_BR","og_type":"article","og_title":"Um cora\u00e7\u00e3o cheio de miseric\u00f3rdia - Vida Crist\u00e3 - Franciscanos","og_description":"Frei Almir Ribeiro Guimar\u00e3es","og_url":"https:\/\/franciscanos.org.br\/vidacrista\/um-coracao-cheio-de-misericordia\/","og_site_name":"Vida Crist\u00e3 - Franciscanos","article_published_time":"2010-12-03T03:00:02+00:00","article_modified_time":"2019-03-02T14:12:36+00:00","og_image":[{"width":273,"height":181,"url":"https:\/\/franciscanos.org.br\/vidacrista\/wp-content\/uploads\/2010\/12\/sagrado_031210.jpg","type":"image\/jpeg"}],"author":"admin","twitter_card":"summary_large_image","twitter_misc":{"Escrito por":"admin","Est. tempo de leitura":"6 minutos"},"schema":{"@context":"https:\/\/schema.org","@graph":[{"@type":"WebSite","@id":"https:\/\/franciscanos.org.br\/vidacrista\/#website","url":"https:\/\/franciscanos.org.br\/vidacrista\/","name":"Vida Crist\u00e3 - Franciscanos","description":"Prov\u00edncia Franciscana da Imaculada Concei\u00e7\u00e3o do Brasil - Ordem dos Frades Menores","potentialAction":[{"@type":"SearchAction","target":{"@type":"EntryPoint","urlTemplate":"https:\/\/franciscanos.org.br\/vidacrista\/?s={search_term_string}"},"query-input":"required name=search_term_string"}],"inLanguage":"pt-BR"},{"@type":"WebPage","@id":"https:\/\/franciscanos.org.br\/vidacrista\/um-coracao-cheio-de-misericordia\/","url":"https:\/\/franciscanos.org.br\/vidacrista\/um-coracao-cheio-de-misericordia\/","name":"Um cora\u00e7\u00e3o cheio de miseric\u00f3rdia - Vida Crist\u00e3 - Franciscanos","isPartOf":{"@id":"https:\/\/franciscanos.org.br\/vidacrista\/#website"},"datePublished":"2010-12-03T03:00:02+00:00","dateModified":"2019-03-02T14:12:36+00:00","author":{"@id":"https:\/\/franciscanos.org.br\/vidacrista\/#\/schema\/person\/133632ca93cec555316a35f76ab4153b"},"breadcrumb":{"@id":"https:\/\/franciscanos.org.br\/vidacrista\/um-coracao-cheio-de-misericordia\/#breadcrumb"},"inLanguage":"pt-BR","potentialAction":[{"@type":"ReadAction","target":["https:\/\/franciscanos.org.br\/vidacrista\/um-coracao-cheio-de-misericordia\/"]}]},{"@type":"BreadcrumbList","@id":"https:\/\/franciscanos.org.br\/vidacrista\/um-coracao-cheio-de-misericordia\/#breadcrumb","itemListElement":[{"@type":"ListItem","position":1,"name":"Home","item":"https:\/\/franciscanos.org.br\/vidacrista\/"},{"@type":"ListItem","position":2,"name":"Um cora\u00e7\u00e3o cheio de miseric\u00f3rdia"}]},{"@type":"Person","@id":"https:\/\/franciscanos.org.br\/vidacrista\/#\/schema\/person\/133632ca93cec555316a35f76ab4153b","name":"admin","image":{"@type":"ImageObject","inLanguage":"pt-BR","@id":"https:\/\/franciscanos.org.br\/vidacrista\/#\/schema\/person\/image\/","url":"https:\/\/secure.gravatar.com\/avatar\/e8495742d34d0ba6448ea1c628263b3e?s=96&d=mm&r=g","contentUrl":"https:\/\/secure.gravatar.com\/avatar\/e8495742d34d0ba6448ea1c628263b3e?s=96&d=mm&r=g","caption":"admin"},"url":"https:\/\/franciscanos.org.br\/vidacrista\/author\/admin\/"}]}},"_links":{"self":[{"href":"https:\/\/franciscanos.org.br\/vidacrista\/wp-json\/wp\/v2\/posts\/8414"}],"collection":[{"href":"https:\/\/franciscanos.org.br\/vidacrista\/wp-json\/wp\/v2\/posts"}],"about":[{"href":"https:\/\/franciscanos.org.br\/vidacrista\/wp-json\/wp\/v2\/types\/post"}],"author":[{"embeddable":true,"href":"https:\/\/franciscanos.org.br\/vidacrista\/wp-json\/wp\/v2\/users\/1"}],"replies":[{"embeddable":true,"href":"https:\/\/franciscanos.org.br\/vidacrista\/wp-json\/wp\/v2\/comments?post=8414"}],"version-history":[{"count":1,"href":"https:\/\/franciscanos.org.br\/vidacrista\/wp-json\/wp\/v2\/posts\/8414\/revisions"}],"predecessor-version":[{"id":178173,"href":"https:\/\/franciscanos.org.br\/vidacrista\/wp-json\/wp\/v2\/posts\/8414\/revisions\/178173"}],"wp:featuredmedia":[{"embeddable":true,"href":"https:\/\/franciscanos.org.br\/vidacrista\/wp-json\/wp\/v2\/media\/178283"}],"wp:attachment":[{"href":"https:\/\/franciscanos.org.br\/vidacrista\/wp-json\/wp\/v2\/media?parent=8414"}],"wp:term":[{"taxonomy":"category","embeddable":true,"href":"https:\/\/franciscanos.org.br\/vidacrista\/wp-json\/wp\/v2\/categories?post=8414"},{"taxonomy":"post_tag","embeddable":true,"href":"https:\/\/franciscanos.org.br\/vidacrista\/wp-json\/wp\/v2\/tags?post=8414"}],"curies":[{"name":"wp","href":"https:\/\/api.w.org\/{rel}","templated":true}]}}