{"id":8412,"date":"2010-11-05T01:00:16","date_gmt":"2010-11-05T03:00:16","guid":{"rendered":"http:\/\/new.franciscanos.org.br\/?p=8412"},"modified":"2020-05-22T13:07:02","modified_gmt":"2020-05-22T16:07:02","slug":"os-que-foram-feridos-pela-caridade","status":"publish","type":"post","link":"https:\/\/franciscanos.org.br\/vidacrista\/os-que-foram-feridos-pela-caridade\/","title":{"rendered":"Os que foram feridos pela caridade"},"content":{"rendered":"<p><strong><a href=\"http:\/\/franciscanos.org.br\/wp-content\/uploads\/2010\/11\/1909_040412.jpg\"><img decoding=\"async\" loading=\"lazy\" class=\"alignright size-full wp-image-14833\" title=\"Sagrado Cora\u00e7\u00e3o de Jesus\" src=\"http:\/\/franciscanos.org.br\/wp-content\/uploads\/2010\/11\/1909_040412.jpg\" alt=\"\" width=\"300\" height=\"571\" \/><\/a>1. <\/strong>Estamos assistindo em nossa Igreja um empenho de busca das coisas essenciais. N\u00e3o basta apenas uma pr\u00e1tica solta, mec\u00e2nica ou emocional. N\u00e3o queremos uma sacramentaliza\u00e7\u00e3o sem seguimento de Cristo. O Documento de Aparecida e o outro da Inicia\u00e7\u00e3o \u00e0 Vida Crista da CNBB nos falam de seguimento, discipulado, ardor, recep\u00e7\u00e3o l\u00facida e consciente dos sacramentos. \u201cA pessoa amadurece constantemente no conhecimento , amor e seguimento de Jesus Mestre, se aprofunda no mist\u00e9rio de sua pessoa, de seu exemplo e de sua doutrina. Para esse passo s\u00e3o de fundamental import\u00e2ncia a catequese permanente e a vida sacramental, que fortalecem a convers\u00e3o inicial e permitem que os disc\u00edpulos mission\u00e1rios possam perseverar na vida crist\u00e3 e na miss\u00e3o em meio ao mundo que os desafia\u201d (<em>Aparecida<\/em>, 278,c).<\/p>\n<p><strong>2. <\/strong>N\u00e3o h\u00e1 d\u00favida. Necess\u00e1rio se faz colocar-se aos p\u00e9s do Mestre, contemplar seus gestos e se extasiar diante do amor que se torna cruz, abandono e solid\u00e3o. Na medida em que deixamos que nosso interior seja perpassado por este tipo de contempla\u00e7\u00e3o sa\u00edmos da dimens\u00e3o do jur\u00eddica, do funcional, do imediato, do formal, do frio&#8230; Os que v\u00e3o se deixando tocar pelo amor do Senhor s\u00e3o disc\u00edpulos ardorosos.<\/p>\n<p><strong>3.<\/strong> Toda a m\u00edstica crist\u00e3 sempre contemplou com imenso carinho e respeito a ferida do peito aberto de Cristo no alto da cruz. Afinal de contas, n\u00e3o podia ser de outra maneira. Nos que fomos arrancados do t\u00e9trico universo da solid\u00e3o e do abandono n\u00e3o cessamos de contemplar essa ferida e a fonte que dela jorra. Nunca seremos suficientemente reconhecidos ao Amor que n\u00e3o \u00e9 amado. Nunca poderemos pagar esta d\u00edvida: o mais belo de todos os filhos dos homens, Deus morando em nosso meio, morrendo de amor. S\u00e3o Columbano (sec. VII) assim escreve: \u201cOxal\u00e1, Senhor, te dignes admitir-me a esta fonte. Deus misericordioso, bom Senhor, onde eu, com os que t\u00eam sede de ti, beberei da onda viva da fonte viva da \u00e1gua corrente. Refeito por sua indiz\u00edvel do\u00e7ura,esteja sempre unido a ela e diga: Qu\u00e3o doce \u00e9 a fonte de \u00e1gua viva que jorra para a vida eterna\u201d. A \u00e1gua que jorra, no dizer de Jo\u00e3o, \u00e9 o Esp\u00edrito. A \u00e1gua que jorra serve para matar a sede de plenitude que existe em n\u00f3s e que nunca pode ser saciada. Da fonte saem \u00e1gua e sangue. Em outras palavras jorram rios de amor. Assim, nessa contempla\u00e7\u00e3o profunda, cresce o disc\u00edpulo, dilata-se sem cora\u00e7\u00e3o e arde dentro dele o senso mission\u00e1rio. N\u00e3o quer ficar numa beata contempla\u00e7\u00e3o, cheia de emo\u00e7\u00e3o e de afeto, mas quer fazer de sua vida um hino de servi\u00e7o amoroso, como Cristo Jesus. Insisto: os que se colocam diante do Cora\u00e7\u00e3o se tornam ardorosos mission\u00e1rios.<\/p>\n<p><strong>4. <\/strong>Mais adiante S\u00e3o Columbano fala da ferida do amor, da caridade. \u201cRogo-te, nosso Jesus, inspira os nossos cora\u00e7\u00f5es com aquela brisa do teu Esp\u00edrito e fere nossas almas com a tua caridade (&#8230;). Desejo, Senhor, que se grave em mim esta ferida. Feliz a alma que assim foi ferida pela caridade; esta busca a fonte, esta bebe e, no entanto, sempre tem sede bebendo e sempre haure desejando aquela que sempre bebe sedenta. Assim sempre busca amando aquela que se cura ferindo\u201d. Sim, ser disc\u00edpulo n\u00e3o simplesmente colocar meia d\u00fazia de pr\u00e1ticas religiosas. N\u00e3o \u00e9 repetir as f\u00f3rmulas do Credo, mas \u00e9 deixar-se tocar pelo amor, pela caridade. N\u00e3o h\u00e1 receita m\u00e1gica para alimentar o amor de esposos. S\u00e3o as coisas de todos os dias que robustecem o cora\u00e7\u00e3o: aten\u00e7\u00f5es, presen\u00e7a, carinho, fidelidade. Os que fomos tocados pelo amor do peito rasgado de Cristo e que aparamos nossas m\u00e3os para colher os rios de miseric\u00f3rdia, sentimos com que uma ferida na alma, somos marcados pelos raios e pela reverbera\u00e7\u00e3o do amor do peito de Cristo que a lan\u00e7a do soldado abriu. Somos assim convidados a contemplar demoradamente. Alimentamo-nos desse amor de modo especial, no banquete do p\u00e3o e do vinho e no sacramento do perd\u00e3o. E a ferida aberta em nosso cora\u00e7\u00e3o nunca fecha.<\/p>\n<p><strong>5.<\/strong> Os que s\u00e3o feridos pela Caridade se encantam com o projeto de Jesus e a ele d\u00e3o sua generosa ades\u00e3o. \u201cO projeto de Jesus n\u00e3o tem nada de pequeno e de mesquinho: pelo contr\u00e1rio, somos chamados a um trabalho exigente e emocionante. Num mundo ferido pela viol\u00eancia, escravizado ao consumismo irrespons\u00e1vel, numa sociedade constru\u00edda sobre a injusti\u00e7a, Jesus nos impulsiona a viver a fraternidade, a defender os fracos, a construir a paz, valorizando a honestidade e a dignidade humana, sabendo perdoar e partilhar\u201d (<em>Inicia\u00e7\u00e3o \u00e0 Vida Crista, Estudos da CNBB 97<\/em>, n.21). O mundo est\u00e1 cheio de pessoas feridas, jogadas \u00e0 beira do caminho. Elas ser\u00e3o atendidas por aqueles que foram feridos pela Caridade do Cora\u00e7\u00e3o do Redentor. Os devotos da chaga do cora\u00e7\u00e3o de Cristo n\u00e3o s\u00e3o alienados, mas ardorosos mission\u00e1rios.<\/p>\n<p><strong>Nota bene:<\/strong> As cita\u00e7\u00f5es de S\u00e3o Columbano foram tiradas da Liturgia das Horas IV, p. 147-148<\/p>\n","protected":false},"excerpt":{"rendered":"<p>Frei Almir Ribeiro Guimar\u00e3es<\/p>\n","protected":false},"author":1,"featured_media":184650,"comment_status":"open","ping_status":"open","sticky":false,"template":"","format":"standard","meta":{"footnotes":""},"categories":[105],"tags":[106,112],"yoast_head":"<!-- This site is optimized with the Yoast SEO plugin v19.4 - https:\/\/yoast.com\/wordpress\/plugins\/seo\/ -->\n<title>Os que foram feridos pela caridade - Vida Crist\u00e3 - Franciscanos<\/title>\n<meta name=\"robots\" content=\"index, follow, max-snippet:-1, max-image-preview:large, max-video-preview:-1\" \/>\n<link rel=\"canonical\" href=\"https:\/\/franciscanos.org.br\/vidacrista\/os-que-foram-feridos-pela-caridade\/\" \/>\n<meta property=\"og:locale\" content=\"pt_BR\" \/>\n<meta property=\"og:type\" content=\"article\" \/>\n<meta property=\"og:title\" content=\"Os que foram feridos pela caridade - Vida Crist\u00e3 - Franciscanos\" \/>\n<meta property=\"og:description\" content=\"Frei Almir Ribeiro Guimar\u00e3es\" \/>\n<meta property=\"og:url\" content=\"https:\/\/franciscanos.org.br\/vidacrista\/os-que-foram-feridos-pela-caridade\/\" \/>\n<meta property=\"og:site_name\" content=\"Vida Crist\u00e3 - Franciscanos\" \/>\n<meta property=\"article:published_time\" content=\"2010-11-05T03:00:16+00:00\" \/>\n<meta property=\"article:modified_time\" content=\"2020-05-22T16:07:02+00:00\" \/>\n<meta property=\"og:image\" content=\"https:\/\/franciscanos.org.br\/vidacrista\/wp-content\/uploads\/2010\/04\/1922_040412.jpg\" \/>\n\t<meta property=\"og:image:width\" content=\"800\" \/>\n\t<meta property=\"og:image:height\" content=\"600\" \/>\n\t<meta property=\"og:image:type\" content=\"image\/jpeg\" \/>\n<meta name=\"author\" content=\"admin\" \/>\n<meta name=\"twitter:card\" content=\"summary_large_image\" \/>\n<meta name=\"twitter:label1\" content=\"Escrito por\" \/>\n\t<meta name=\"twitter:data1\" content=\"admin\" \/>\n\t<meta name=\"twitter:label2\" content=\"Est. tempo de leitura\" \/>\n\t<meta name=\"twitter:data2\" content=\"4 minutos\" \/>\n<script type=\"application\/ld+json\" class=\"yoast-schema-graph\">{\"@context\":\"https:\/\/schema.org\",\"@graph\":[{\"@type\":\"WebSite\",\"@id\":\"https:\/\/franciscanos.org.br\/vidacrista\/#website\",\"url\":\"https:\/\/franciscanos.org.br\/vidacrista\/\",\"name\":\"Vida Crist\u00e3 - Franciscanos\",\"description\":\"Prov\u00edncia Franciscana da Imaculada Concei\u00e7\u00e3o do Brasil - Ordem dos Frades Menores\",\"potentialAction\":[{\"@type\":\"SearchAction\",\"target\":{\"@type\":\"EntryPoint\",\"urlTemplate\":\"https:\/\/franciscanos.org.br\/vidacrista\/?s={search_term_string}\"},\"query-input\":\"required name=search_term_string\"}],\"inLanguage\":\"pt-BR\"},{\"@type\":\"WebPage\",\"@id\":\"https:\/\/franciscanos.org.br\/vidacrista\/os-que-foram-feridos-pela-caridade\/\",\"url\":\"https:\/\/franciscanos.org.br\/vidacrista\/os-que-foram-feridos-pela-caridade\/\",\"name\":\"Os que foram feridos pela caridade - Vida Crist\u00e3 - Franciscanos\",\"isPartOf\":{\"@id\":\"https:\/\/franciscanos.org.br\/vidacrista\/#website\"},\"datePublished\":\"2010-11-05T03:00:16+00:00\",\"dateModified\":\"2020-05-22T16:07:02+00:00\",\"author\":{\"@id\":\"https:\/\/franciscanos.org.br\/vidacrista\/#\/schema\/person\/133632ca93cec555316a35f76ab4153b\"},\"breadcrumb\":{\"@id\":\"https:\/\/franciscanos.org.br\/vidacrista\/os-que-foram-feridos-pela-caridade\/#breadcrumb\"},\"inLanguage\":\"pt-BR\",\"potentialAction\":[{\"@type\":\"ReadAction\",\"target\":[\"https:\/\/franciscanos.org.br\/vidacrista\/os-que-foram-feridos-pela-caridade\/\"]}]},{\"@type\":\"BreadcrumbList\",\"@id\":\"https:\/\/franciscanos.org.br\/vidacrista\/os-que-foram-feridos-pela-caridade\/#breadcrumb\",\"itemListElement\":[{\"@type\":\"ListItem\",\"position\":1,\"name\":\"Home\",\"item\":\"https:\/\/franciscanos.org.br\/vidacrista\/\"},{\"@type\":\"ListItem\",\"position\":2,\"name\":\"Os que foram feridos pela caridade\"}]},{\"@type\":\"Person\",\"@id\":\"https:\/\/franciscanos.org.br\/vidacrista\/#\/schema\/person\/133632ca93cec555316a35f76ab4153b\",\"name\":\"admin\",\"image\":{\"@type\":\"ImageObject\",\"inLanguage\":\"pt-BR\",\"@id\":\"https:\/\/franciscanos.org.br\/vidacrista\/#\/schema\/person\/image\/\",\"url\":\"https:\/\/secure.gravatar.com\/avatar\/e8495742d34d0ba6448ea1c628263b3e?s=96&d=mm&r=g\",\"contentUrl\":\"https:\/\/secure.gravatar.com\/avatar\/e8495742d34d0ba6448ea1c628263b3e?s=96&d=mm&r=g\",\"caption\":\"admin\"},\"url\":\"https:\/\/franciscanos.org.br\/vidacrista\/author\/admin\/\"}]}<\/script>\n<!-- \/ Yoast SEO plugin. -->","yoast_head_json":{"title":"Os que foram feridos pela caridade - Vida Crist\u00e3 - Franciscanos","robots":{"index":"index","follow":"follow","max-snippet":"max-snippet:-1","max-image-preview":"max-image-preview:large","max-video-preview":"max-video-preview:-1"},"canonical":"https:\/\/franciscanos.org.br\/vidacrista\/os-que-foram-feridos-pela-caridade\/","og_locale":"pt_BR","og_type":"article","og_title":"Os que foram feridos pela caridade - Vida Crist\u00e3 - Franciscanos","og_description":"Frei Almir Ribeiro Guimar\u00e3es","og_url":"https:\/\/franciscanos.org.br\/vidacrista\/os-que-foram-feridos-pela-caridade\/","og_site_name":"Vida Crist\u00e3 - Franciscanos","article_published_time":"2010-11-05T03:00:16+00:00","article_modified_time":"2020-05-22T16:07:02+00:00","og_image":[{"width":800,"height":600,"url":"https:\/\/franciscanos.org.br\/vidacrista\/wp-content\/uploads\/2010\/04\/1922_040412.jpg","type":"image\/jpeg"}],"author":"admin","twitter_card":"summary_large_image","twitter_misc":{"Escrito por":"admin","Est. tempo de leitura":"4 minutos"},"schema":{"@context":"https:\/\/schema.org","@graph":[{"@type":"WebSite","@id":"https:\/\/franciscanos.org.br\/vidacrista\/#website","url":"https:\/\/franciscanos.org.br\/vidacrista\/","name":"Vida Crist\u00e3 - Franciscanos","description":"Prov\u00edncia Franciscana da Imaculada Concei\u00e7\u00e3o do Brasil - Ordem dos Frades Menores","potentialAction":[{"@type":"SearchAction","target":{"@type":"EntryPoint","urlTemplate":"https:\/\/franciscanos.org.br\/vidacrista\/?s={search_term_string}"},"query-input":"required name=search_term_string"}],"inLanguage":"pt-BR"},{"@type":"WebPage","@id":"https:\/\/franciscanos.org.br\/vidacrista\/os-que-foram-feridos-pela-caridade\/","url":"https:\/\/franciscanos.org.br\/vidacrista\/os-que-foram-feridos-pela-caridade\/","name":"Os que foram feridos pela caridade - Vida Crist\u00e3 - Franciscanos","isPartOf":{"@id":"https:\/\/franciscanos.org.br\/vidacrista\/#website"},"datePublished":"2010-11-05T03:00:16+00:00","dateModified":"2020-05-22T16:07:02+00:00","author":{"@id":"https:\/\/franciscanos.org.br\/vidacrista\/#\/schema\/person\/133632ca93cec555316a35f76ab4153b"},"breadcrumb":{"@id":"https:\/\/franciscanos.org.br\/vidacrista\/os-que-foram-feridos-pela-caridade\/#breadcrumb"},"inLanguage":"pt-BR","potentialAction":[{"@type":"ReadAction","target":["https:\/\/franciscanos.org.br\/vidacrista\/os-que-foram-feridos-pela-caridade\/"]}]},{"@type":"BreadcrumbList","@id":"https:\/\/franciscanos.org.br\/vidacrista\/os-que-foram-feridos-pela-caridade\/#breadcrumb","itemListElement":[{"@type":"ListItem","position":1,"name":"Home","item":"https:\/\/franciscanos.org.br\/vidacrista\/"},{"@type":"ListItem","position":2,"name":"Os que foram feridos pela caridade"}]},{"@type":"Person","@id":"https:\/\/franciscanos.org.br\/vidacrista\/#\/schema\/person\/133632ca93cec555316a35f76ab4153b","name":"admin","image":{"@type":"ImageObject","inLanguage":"pt-BR","@id":"https:\/\/franciscanos.org.br\/vidacrista\/#\/schema\/person\/image\/","url":"https:\/\/secure.gravatar.com\/avatar\/e8495742d34d0ba6448ea1c628263b3e?s=96&d=mm&r=g","contentUrl":"https:\/\/secure.gravatar.com\/avatar\/e8495742d34d0ba6448ea1c628263b3e?s=96&d=mm&r=g","caption":"admin"},"url":"https:\/\/franciscanos.org.br\/vidacrista\/author\/admin\/"}]}},"_links":{"self":[{"href":"https:\/\/franciscanos.org.br\/vidacrista\/wp-json\/wp\/v2\/posts\/8412"}],"collection":[{"href":"https:\/\/franciscanos.org.br\/vidacrista\/wp-json\/wp\/v2\/posts"}],"about":[{"href":"https:\/\/franciscanos.org.br\/vidacrista\/wp-json\/wp\/v2\/types\/post"}],"author":[{"embeddable":true,"href":"https:\/\/franciscanos.org.br\/vidacrista\/wp-json\/wp\/v2\/users\/1"}],"replies":[{"embeddable":true,"href":"https:\/\/franciscanos.org.br\/vidacrista\/wp-json\/wp\/v2\/comments?post=8412"}],"version-history":[{"count":1,"href":"https:\/\/franciscanos.org.br\/vidacrista\/wp-json\/wp\/v2\/posts\/8412\/revisions"}],"predecessor-version":[{"id":178030,"href":"https:\/\/franciscanos.org.br\/vidacrista\/wp-json\/wp\/v2\/posts\/8412\/revisions\/178030"}],"wp:featuredmedia":[{"embeddable":true,"href":"https:\/\/franciscanos.org.br\/vidacrista\/wp-json\/wp\/v2\/media\/184650"}],"wp:attachment":[{"href":"https:\/\/franciscanos.org.br\/vidacrista\/wp-json\/wp\/v2\/media?parent=8412"}],"wp:term":[{"taxonomy":"category","embeddable":true,"href":"https:\/\/franciscanos.org.br\/vidacrista\/wp-json\/wp\/v2\/categories?post=8412"},{"taxonomy":"post_tag","embeddable":true,"href":"https:\/\/franciscanos.org.br\/vidacrista\/wp-json\/wp\/v2\/tags?post=8412"}],"curies":[{"name":"wp","href":"https:\/\/api.w.org\/{rel}","templated":true}]}}