{"id":8409,"date":"2010-10-01T01:00:05","date_gmt":"2010-10-01T04:00:05","guid":{"rendered":"http:\/\/new.franciscanos.org.br\/?p=8409"},"modified":"2019-03-02T11:14:51","modified_gmt":"2019-03-02T14:14:51","slug":"aquele-que-acolhe-de-bracos-abertos","status":"publish","type":"post","link":"https:\/\/franciscanos.org.br\/vidacrista\/aquele-que-acolhe-de-bracos-abertos\/","title":{"rendered":"Aquele que acolhe de bra\u00e7os abertos"},"content":{"rendered":"<p><strong><a href=\"http:\/\/franciscanos.org.br\/wp-content\/uploads\/2010\/10\/1910_040412.jpg\"><img decoding=\"async\" loading=\"lazy\" class=\"alignright size-full wp-image-14837\" title=\"Sagrado Cora\u00e7\u00e3o de Jesus\" src=\"http:\/\/franciscanos.org.br\/wp-content\/uploads\/2010\/10\/1910_040412.jpg\" alt=\"\" width=\"350\" height=\"431\" \/><\/a>1.<\/strong> Nunca nos cansamos de contemplar os \u00faltimos momentos da trajet\u00f3ria do Cristo de nossas vidas. Sabemo-lo ressuscitado e presente no meio de n\u00f3s. De alguma forma, podemos dizer que nossa vida se confunde com sua vida. N\u00e3o somos homens e mulheres da sexta-feira das dores, mas da manh\u00e3 da ressurrei\u00e7\u00e3o. Neste curto espa\u00e7o de tempo de nossa vida tivemos a ventura e a alegria de sermos delicadamente apresentados ao Senhor. Gostamos, mesmo sabendo que o Senhor \u00e9 o ressuscitado, de contemplar sua cruz. Aquela solid\u00e3o, aqueles momentos delicados em que o pr\u00f3prio Pai parece t\u00ea-lo abandonado. Aquele peito aberto pela lan\u00e7a do soldado. Aquele Cora\u00e7\u00e3o que espreitava o nosso cora\u00e7\u00e3o. Aqueles bra\u00e7os abertos querendo nosso abra\u00e7o.<\/p>\n<p><strong>2.<\/strong> Z\u00f3zimo, autor eclesi\u00e1stico antigo, contemplando a cruz do Senhor, escreve: \u201cQuando nos aproximamos da cruz de Jesus, ele nos olha de bra\u00e7os abertos. Tem sua santa cabe\u00e7a inclinada para ouvir tua voz. Deus fechou os olhos para n\u00e3o ver teus pecados. Permitiu que seus p\u00e9s fossem pregados ao lenho, para n\u00e3o se afastar daqueles que, na realidade, n\u00e3o mereciam seu amor\u201d.<\/p>\n<p><strong>3.<\/strong> Disc\u00edpulos de Cristo, experimentamos, diante do Cora\u00e7\u00e3o aberto do Mestre um sentimento de confus\u00e3o pelos nossos pecados, pela incapacidade de responder amor com amor, pela vida mais ou menos t\u00edbia que uns e outros levamos. Pela falta de zelo mission\u00e1rio. Pela perda do \u00e9lan no desgaste do tempo. Esse sentimento de confus\u00e3o se mistura ao des\u00e2nimo e ao peso de atos que colocados corroem a nossa consci\u00eancia. Mas ele est\u00e1 pregado, preso, n\u00e3o se afasta. Est\u00e1 a chamar. \u00c9 poss\u00edvel tudo recome\u00e7ar. O sentimento de confian\u00e7a, do <em>cor contritum,<\/em> invade a nossa vida. \u00c9 o grande momento da gra\u00e7a!<\/p>\n<p><strong>4. <\/strong>Novamente Z\u00f3simo: \u201cEle n\u00e3o somente abriu a porta de seu cora\u00e7\u00e3o, cheio de caridade. Permitiu que ele fosse traspassado pela lan\u00e7a para que sua ternura e seu amor escorressem sem interrup\u00e7\u00e3o sobre todos os que se lan\u00e7a aos p\u00e9s de Deus que, com seu amor, se fez pregar na cruz\u201d. Se \u00e9 verdade (e como!!!) que os crist\u00e3os n\u00e3o podem se acomodar, n\u00e3o descansam enquanto o maior n\u00famero de homens e de mulheres n\u00e3o venham a se apaixonar por Cristo, tamb\u00e9m \u00e9 certo que precisam compreender contemplativamente a grandeza do sangue que corre, da \u00e1gua que mana do Cora\u00e7\u00e3o daquele ama sem ser amado. N\u00e3o se pode perder de vista esse denso momento da trajet\u00f3ria de Deus que se aproxima de n\u00f3s.<\/p>\n<p><strong>5.<\/strong> N\u00e3o \u00e9 poss\u00edvel deixar de beber desta fonte no cuidado da busca do sil\u00eancio e na constante visita ao nosso interior. N\u00e3o podemos deixar o nosso interior se torne vazio. Intimidade sim, em vista da miss\u00e3o. Mas tempo de intimidade. \u201cEntendei o que bebeis. Diga-vos Jeremias, diga-vos a pr\u00f3pria fonte: <em>Abandonaram-me a mim, fonte de \u00e1gua viva, diz o Senhor<\/em> (Jr 2,13). O pr\u00f3prio Senhor, nosso Deus, Jesus Cristo, \u00e9 a fonte da vida: por isso nos convida a irmos a ele, fonte para bebermos. Bebe-o quem ama; bebe quem se sacia com a palavra de Deus; quem muito ama, muito deseja; bebe quem arde de amor pela sabedoria\u201d <em>(S\u00e3o Columbano, Liturgia das Horas IV, p. 143<\/em>).<\/p>\n<p><strong>6. <\/strong>Vamos correndo na dire\u00e7\u00e3o do Cora\u00e7\u00e3o aberto do Senhor, sem medo e sem hesita\u00e7\u00e3o. Z\u00f3simo nos ensina a postura diante dele: \u201cMedita em sua bondade e reza, ou como o publicano, dize baixinho com humildade e compun\u00e7\u00e3o: <em>Tem piedade de mim, que sou pecador<\/em>! Ou ent\u00e3o grita como a canan\u00e9ia, ou permanece silencio banhado de l\u00e1grimas, como a pecadora aos p\u00e9s do Salvador, ou corre sem medo, como o filho pr\u00f3digo. Os bra\u00e7os do Salvador, cobertos de sangue, acolhe todos os que a ele se voltam\u201d.<\/p>\n","protected":false},"excerpt":{"rendered":"<p>Frei Almir Ribeiro Guimar\u00e3es<\/p>\n","protected":false},"author":1,"featured_media":178284,"comment_status":"closed","ping_status":"open","sticky":false,"template":"","format":"standard","meta":{"footnotes":""},"categories":[105],"tags":[106,112],"yoast_head":"<!-- This site is optimized with the Yoast SEO plugin v19.4 - https:\/\/yoast.com\/wordpress\/plugins\/seo\/ -->\n<title>Aquele que acolhe de bra\u00e7os abertos - Vida Crist\u00e3 - Franciscanos<\/title>\n<meta name=\"robots\" content=\"index, follow, max-snippet:-1, max-image-preview:large, max-video-preview:-1\" \/>\n<link rel=\"canonical\" href=\"https:\/\/franciscanos.org.br\/vidacrista\/aquele-que-acolhe-de-bracos-abertos\/\" \/>\n<meta property=\"og:locale\" content=\"pt_BR\" \/>\n<meta property=\"og:type\" content=\"article\" \/>\n<meta property=\"og:title\" content=\"Aquele que acolhe de bra\u00e7os abertos - Vida Crist\u00e3 - Franciscanos\" \/>\n<meta property=\"og:description\" content=\"Frei Almir Ribeiro Guimar\u00e3es\" \/>\n<meta property=\"og:url\" content=\"https:\/\/franciscanos.org.br\/vidacrista\/aquele-que-acolhe-de-bracos-abertos\/\" \/>\n<meta property=\"og:site_name\" content=\"Vida Crist\u00e3 - Franciscanos\" \/>\n<meta property=\"article:published_time\" content=\"2010-10-01T04:00:05+00:00\" \/>\n<meta property=\"article:modified_time\" content=\"2019-03-02T14:14:51+00:00\" \/>\n<meta property=\"og:image\" content=\"https:\/\/franciscanos.org.br\/vidacrista\/wp-content\/uploads\/2010\/10\/sagrado_011010.jpg\" \/>\n\t<meta property=\"og:image:width\" content=\"273\" \/>\n\t<meta property=\"og:image:height\" content=\"181\" \/>\n\t<meta property=\"og:image:type\" content=\"image\/jpeg\" \/>\n<meta name=\"author\" content=\"admin\" \/>\n<meta name=\"twitter:card\" content=\"summary_large_image\" \/>\n<meta name=\"twitter:label1\" content=\"Escrito por\" \/>\n\t<meta name=\"twitter:data1\" content=\"admin\" \/>\n\t<meta name=\"twitter:label2\" content=\"Est. tempo de leitura\" \/>\n\t<meta name=\"twitter:data2\" content=\"3 minutos\" \/>\n<script type=\"application\/ld+json\" class=\"yoast-schema-graph\">{\"@context\":\"https:\/\/schema.org\",\"@graph\":[{\"@type\":\"WebSite\",\"@id\":\"https:\/\/franciscanos.org.br\/vidacrista\/#website\",\"url\":\"https:\/\/franciscanos.org.br\/vidacrista\/\",\"name\":\"Vida Crist\u00e3 - Franciscanos\",\"description\":\"Prov\u00edncia Franciscana da Imaculada Concei\u00e7\u00e3o do Brasil - Ordem dos Frades Menores\",\"potentialAction\":[{\"@type\":\"SearchAction\",\"target\":{\"@type\":\"EntryPoint\",\"urlTemplate\":\"https:\/\/franciscanos.org.br\/vidacrista\/?s={search_term_string}\"},\"query-input\":\"required name=search_term_string\"}],\"inLanguage\":\"pt-BR\"},{\"@type\":\"WebPage\",\"@id\":\"https:\/\/franciscanos.org.br\/vidacrista\/aquele-que-acolhe-de-bracos-abertos\/\",\"url\":\"https:\/\/franciscanos.org.br\/vidacrista\/aquele-que-acolhe-de-bracos-abertos\/\",\"name\":\"Aquele que acolhe de bra\u00e7os abertos - Vida Crist\u00e3 - Franciscanos\",\"isPartOf\":{\"@id\":\"https:\/\/franciscanos.org.br\/vidacrista\/#website\"},\"datePublished\":\"2010-10-01T04:00:05+00:00\",\"dateModified\":\"2019-03-02T14:14:51+00:00\",\"author\":{\"@id\":\"https:\/\/franciscanos.org.br\/vidacrista\/#\/schema\/person\/133632ca93cec555316a35f76ab4153b\"},\"breadcrumb\":{\"@id\":\"https:\/\/franciscanos.org.br\/vidacrista\/aquele-que-acolhe-de-bracos-abertos\/#breadcrumb\"},\"inLanguage\":\"pt-BR\",\"potentialAction\":[{\"@type\":\"ReadAction\",\"target\":[\"https:\/\/franciscanos.org.br\/vidacrista\/aquele-que-acolhe-de-bracos-abertos\/\"]}]},{\"@type\":\"BreadcrumbList\",\"@id\":\"https:\/\/franciscanos.org.br\/vidacrista\/aquele-que-acolhe-de-bracos-abertos\/#breadcrumb\",\"itemListElement\":[{\"@type\":\"ListItem\",\"position\":1,\"name\":\"Home\",\"item\":\"https:\/\/franciscanos.org.br\/vidacrista\/\"},{\"@type\":\"ListItem\",\"position\":2,\"name\":\"Aquele que acolhe de bra\u00e7os abertos\"}]},{\"@type\":\"Person\",\"@id\":\"https:\/\/franciscanos.org.br\/vidacrista\/#\/schema\/person\/133632ca93cec555316a35f76ab4153b\",\"name\":\"admin\",\"image\":{\"@type\":\"ImageObject\",\"inLanguage\":\"pt-BR\",\"@id\":\"https:\/\/franciscanos.org.br\/vidacrista\/#\/schema\/person\/image\/\",\"url\":\"https:\/\/secure.gravatar.com\/avatar\/e8495742d34d0ba6448ea1c628263b3e?s=96&d=mm&r=g\",\"contentUrl\":\"https:\/\/secure.gravatar.com\/avatar\/e8495742d34d0ba6448ea1c628263b3e?s=96&d=mm&r=g\",\"caption\":\"admin\"},\"url\":\"https:\/\/franciscanos.org.br\/vidacrista\/author\/admin\/\"}]}<\/script>\n<!-- \/ Yoast SEO plugin. -->","yoast_head_json":{"title":"Aquele que acolhe de bra\u00e7os abertos - Vida Crist\u00e3 - Franciscanos","robots":{"index":"index","follow":"follow","max-snippet":"max-snippet:-1","max-image-preview":"max-image-preview:large","max-video-preview":"max-video-preview:-1"},"canonical":"https:\/\/franciscanos.org.br\/vidacrista\/aquele-que-acolhe-de-bracos-abertos\/","og_locale":"pt_BR","og_type":"article","og_title":"Aquele que acolhe de bra\u00e7os abertos - Vida Crist\u00e3 - Franciscanos","og_description":"Frei Almir Ribeiro Guimar\u00e3es","og_url":"https:\/\/franciscanos.org.br\/vidacrista\/aquele-que-acolhe-de-bracos-abertos\/","og_site_name":"Vida Crist\u00e3 - Franciscanos","article_published_time":"2010-10-01T04:00:05+00:00","article_modified_time":"2019-03-02T14:14:51+00:00","og_image":[{"width":273,"height":181,"url":"https:\/\/franciscanos.org.br\/vidacrista\/wp-content\/uploads\/2010\/10\/sagrado_011010.jpg","type":"image\/jpeg"}],"author":"admin","twitter_card":"summary_large_image","twitter_misc":{"Escrito por":"admin","Est. tempo de leitura":"3 minutos"},"schema":{"@context":"https:\/\/schema.org","@graph":[{"@type":"WebSite","@id":"https:\/\/franciscanos.org.br\/vidacrista\/#website","url":"https:\/\/franciscanos.org.br\/vidacrista\/","name":"Vida Crist\u00e3 - Franciscanos","description":"Prov\u00edncia Franciscana da Imaculada Concei\u00e7\u00e3o do Brasil - Ordem dos Frades Menores","potentialAction":[{"@type":"SearchAction","target":{"@type":"EntryPoint","urlTemplate":"https:\/\/franciscanos.org.br\/vidacrista\/?s={search_term_string}"},"query-input":"required name=search_term_string"}],"inLanguage":"pt-BR"},{"@type":"WebPage","@id":"https:\/\/franciscanos.org.br\/vidacrista\/aquele-que-acolhe-de-bracos-abertos\/","url":"https:\/\/franciscanos.org.br\/vidacrista\/aquele-que-acolhe-de-bracos-abertos\/","name":"Aquele que acolhe de bra\u00e7os abertos - Vida Crist\u00e3 - Franciscanos","isPartOf":{"@id":"https:\/\/franciscanos.org.br\/vidacrista\/#website"},"datePublished":"2010-10-01T04:00:05+00:00","dateModified":"2019-03-02T14:14:51+00:00","author":{"@id":"https:\/\/franciscanos.org.br\/vidacrista\/#\/schema\/person\/133632ca93cec555316a35f76ab4153b"},"breadcrumb":{"@id":"https:\/\/franciscanos.org.br\/vidacrista\/aquele-que-acolhe-de-bracos-abertos\/#breadcrumb"},"inLanguage":"pt-BR","potentialAction":[{"@type":"ReadAction","target":["https:\/\/franciscanos.org.br\/vidacrista\/aquele-que-acolhe-de-bracos-abertos\/"]}]},{"@type":"BreadcrumbList","@id":"https:\/\/franciscanos.org.br\/vidacrista\/aquele-que-acolhe-de-bracos-abertos\/#breadcrumb","itemListElement":[{"@type":"ListItem","position":1,"name":"Home","item":"https:\/\/franciscanos.org.br\/vidacrista\/"},{"@type":"ListItem","position":2,"name":"Aquele que acolhe de bra\u00e7os abertos"}]},{"@type":"Person","@id":"https:\/\/franciscanos.org.br\/vidacrista\/#\/schema\/person\/133632ca93cec555316a35f76ab4153b","name":"admin","image":{"@type":"ImageObject","inLanguage":"pt-BR","@id":"https:\/\/franciscanos.org.br\/vidacrista\/#\/schema\/person\/image\/","url":"https:\/\/secure.gravatar.com\/avatar\/e8495742d34d0ba6448ea1c628263b3e?s=96&d=mm&r=g","contentUrl":"https:\/\/secure.gravatar.com\/avatar\/e8495742d34d0ba6448ea1c628263b3e?s=96&d=mm&r=g","caption":"admin"},"url":"https:\/\/franciscanos.org.br\/vidacrista\/author\/admin\/"}]}},"_links":{"self":[{"href":"https:\/\/franciscanos.org.br\/vidacrista\/wp-json\/wp\/v2\/posts\/8409"}],"collection":[{"href":"https:\/\/franciscanos.org.br\/vidacrista\/wp-json\/wp\/v2\/posts"}],"about":[{"href":"https:\/\/franciscanos.org.br\/vidacrista\/wp-json\/wp\/v2\/types\/post"}],"author":[{"embeddable":true,"href":"https:\/\/franciscanos.org.br\/vidacrista\/wp-json\/wp\/v2\/users\/1"}],"replies":[{"embeddable":true,"href":"https:\/\/franciscanos.org.br\/vidacrista\/wp-json\/wp\/v2\/comments?post=8409"}],"version-history":[{"count":1,"href":"https:\/\/franciscanos.org.br\/vidacrista\/wp-json\/wp\/v2\/posts\/8409\/revisions"}],"predecessor-version":[{"id":178172,"href":"https:\/\/franciscanos.org.br\/vidacrista\/wp-json\/wp\/v2\/posts\/8409\/revisions\/178172"}],"wp:featuredmedia":[{"embeddable":true,"href":"https:\/\/franciscanos.org.br\/vidacrista\/wp-json\/wp\/v2\/media\/178284"}],"wp:attachment":[{"href":"https:\/\/franciscanos.org.br\/vidacrista\/wp-json\/wp\/v2\/media?parent=8409"}],"wp:term":[{"taxonomy":"category","embeddable":true,"href":"https:\/\/franciscanos.org.br\/vidacrista\/wp-json\/wp\/v2\/categories?post=8409"},{"taxonomy":"post_tag","embeddable":true,"href":"https:\/\/franciscanos.org.br\/vidacrista\/wp-json\/wp\/v2\/tags?post=8409"}],"curies":[{"name":"wp","href":"https:\/\/api.w.org\/{rel}","templated":true}]}}