{"id":8400,"date":"2010-09-03T01:00:41","date_gmt":"2010-09-03T04:00:41","guid":{"rendered":"http:\/\/new.franciscanos.org.br\/?p=8400"},"modified":"2020-06-15T12:37:56","modified_gmt":"2020-06-15T15:37:56","slug":"nas-alturas-do-rochedo","status":"publish","type":"post","link":"https:\/\/franciscanos.org.br\/vidacrista\/nas-alturas-do-rochedo\/","title":{"rendered":"Nas alturas do rochedo"},"content":{"rendered":"<p style=\"text-align: left;\" align=\"right\"><em><a href=\"http:\/\/franciscanos.org.br\/wp-content\/uploads\/2010\/09\/1912_040412.jpg\"><img decoding=\"async\" loading=\"lazy\" class=\"alignright size-full wp-image-14842\" title=\"Sagrado Cora\u00e7\u00e3o de Jesus\" src=\"http:\/\/franciscanos.org.br\/wp-content\/uploads\/2010\/09\/1912_040412.jpg\" alt=\"\" width=\"300\" height=\"411\" \/><\/a>Conduzi-me \u00e0s alturas<br \/>\n<\/em><em>do rochedo, e deixai-me descansar neste lugar.<br \/>\nPorque sois o meu ref\u00fagio e fortaleza, torre forte na presen\u00e7a do inimigo<br \/>\n(Sl 60,3-4)<\/em><\/p>\n<p><strong>1.<\/strong> Nunca cessamos de contemplar tudo o que aconteceu na cruz do Redentor. Ficamos pasmos! O amor n\u00e3o podia inventar gestos mais lindos e mais generosos. H\u00e1 essa entrega de Jesus, depois de horas de tormentosa agonia, de solid\u00e3o terr\u00edvel, de vontade de ver-se livre de pregos e amarras e assim poder correr at\u00e9 o fim do mundo. A loucura do cora\u00e7\u00e3o humano, o pecado que mora em n\u00f3s levaram Jesus ao extremo de uma tal morte. Ladr\u00f5es que reclamam, soldados ao p\u00e9 da cruz, solid\u00e3o&#8230; sensa\u00e7\u00e3o de que tudo fora perdido. E, quando tudo j\u00e1 havia terminado, um soldado faz uma cavidade no lado do Senhor. H\u00e1 um espa\u00e7o novo no peito de Jesus. \u00c9 lugar de ref\u00fagio.<\/p>\n<p><strong>2. <\/strong>Os passarinhos, as andorinhas gostam de viver perto de um rio, de um espelho de \u00e1gua. Muitas vezes elas procuram fazer seus ninhos nas alturas dos rochedos, \u00e0s margens dos rios. Pai e m\u00e3e voam e voltam a essa cavidade levando comida para os filhotes e exprimindo a alegria com chilreios encantadores. Os p\u00e1ssaros se sentem em seguran\u00e7a com a casa que fazem na altura do rochedo.<\/p>\n<p><strong>3. <\/strong>Nas alturas do rochedo do peito de Cristo, os disc\u00edpulos buscam alimento e prote\u00e7\u00e3o. Misticamente sabem que podem refugiar-se naquela sala de amor. Assim, podemos aplicar os vers\u00edculos do salmo transcritos ao Cora\u00e7\u00e3o do Redentor.<\/p>\n<ul>\n<li>A\u00ed descansamos. H\u00e1 a vida crist\u00e3, exigente, h\u00e1 a fam\u00edlia, h\u00e1 os empenhos de todos os dias. Os disc\u00edpulos de Jesus descansam, ficam em sil\u00eancio, segregam salmos, passam um tempo de gra\u00e7a descansando na casa do rochedo das alturas, rochedo transformado em casa no alto da cruz.<\/li>\n<li>Buscamos ref\u00fagio. \u00c9 duro ser fiel ao Evangelho, duro viver a fraternidade, duro acolher as contradi\u00e7\u00f5es da vida, duro ter consci\u00eancia do pecado. O cora\u00e7\u00e3o de Jesus \u00e9 ref\u00fagio.<\/li>\n<li>Somos fortalecidos. Todos fazemos a experi\u00eancia de nossa fragilidade. Um casamento parece ruir, uma vida de consagra\u00e7\u00e3o a Deus parece perder seu \u00e9lan. Cambaleamos. Posso bem imaginar que os que comungam diariamente, com sinceridade, est\u00e3o se fortalecendo. O cora\u00e7\u00e3o do Redentor \u00e9 lugar de fortaleza.<\/li>\n<li>Um Deus morrendo de amor! Esse que tem o peito aberto afugenta o inimigo. \u201cTorre forte na presen\u00e7a do inimigo\u201d.<\/li>\n<\/ul>\n<p><strong>4. <\/strong>\u201cDesejo, Senhor, que se grave em mim esta ferida. Feliz a alma que assim foi ferida pela caridade; esta busca a fonte, esta bebe e, no entanto, sempre tem sede bebendo e sempre haure desejando aquele que sempre bebe sedenta. Assim, sempre busca amando aquela que se cura ferindo. Que Deus e nosso Senhor Jesus Cristo, o bom m\u00e9dico eficaz, se digne ferir com a chaga da salva\u00e7\u00e3o o \u00edntimo de nossa alma\u201d (<em>Instru\u00e7\u00f5es de S\u00e3o Columbano Abade, s\u00e9culo VII, Liturgia das Horas IV, p. 148<\/em>).<\/p>\n<p><em>Quem me dera morar sempre em vossa casa e abrigar-me \u00e0 prote\u00e7\u00e3o de vossas asas! (Sl 60, 5)<\/em><\/p>\n","protected":false},"excerpt":{"rendered":"<p>Frei Almir Ribeiro Guimar\u00e3es<\/p>\n","protected":false},"author":1,"featured_media":185681,"comment_status":"closed","ping_status":"open","sticky":false,"template":"","format":"standard","meta":{"footnotes":""},"categories":[105],"tags":[106,112],"yoast_head":"<!-- This site is optimized with the Yoast SEO plugin v19.4 - https:\/\/yoast.com\/wordpress\/plugins\/seo\/ -->\n<title>Nas alturas do rochedo - Vida Crist\u00e3 - Franciscanos<\/title>\n<meta name=\"robots\" content=\"index, follow, max-snippet:-1, max-image-preview:large, max-video-preview:-1\" \/>\n<link rel=\"canonical\" href=\"https:\/\/franciscanos.org.br\/vidacrista\/nas-alturas-do-rochedo\/\" \/>\n<meta property=\"og:locale\" content=\"pt_BR\" \/>\n<meta property=\"og:type\" content=\"article\" \/>\n<meta property=\"og:title\" content=\"Nas alturas do rochedo - Vida Crist\u00e3 - Franciscanos\" \/>\n<meta property=\"og:description\" content=\"Frei Almir Ribeiro Guimar\u00e3es\" \/>\n<meta property=\"og:url\" content=\"https:\/\/franciscanos.org.br\/vidacrista\/nas-alturas-do-rochedo\/\" \/>\n<meta property=\"og:site_name\" content=\"Vida Crist\u00e3 - Franciscanos\" \/>\n<meta property=\"article:published_time\" content=\"2010-09-03T04:00:41+00:00\" \/>\n<meta property=\"article:modified_time\" content=\"2020-06-15T15:37:56+00:00\" \/>\n<meta property=\"og:image\" content=\"https:\/\/franciscanos.org.br\/vidacrista\/wp-content\/uploads\/2010\/09\/1912_040412.jpg\" \/>\n\t<meta property=\"og:image:width\" content=\"800\" \/>\n\t<meta property=\"og:image:height\" content=\"600\" \/>\n\t<meta property=\"og:image:type\" content=\"image\/jpeg\" \/>\n<meta name=\"author\" content=\"admin\" \/>\n<meta name=\"twitter:card\" content=\"summary_large_image\" \/>\n<meta name=\"twitter:label1\" content=\"Escrito por\" \/>\n\t<meta name=\"twitter:data1\" content=\"admin\" \/>\n\t<meta name=\"twitter:label2\" content=\"Est. tempo de leitura\" \/>\n\t<meta name=\"twitter:data2\" content=\"3 minutos\" \/>\n<script type=\"application\/ld+json\" class=\"yoast-schema-graph\">{\"@context\":\"https:\/\/schema.org\",\"@graph\":[{\"@type\":\"WebSite\",\"@id\":\"https:\/\/franciscanos.org.br\/vidacrista\/#website\",\"url\":\"https:\/\/franciscanos.org.br\/vidacrista\/\",\"name\":\"Vida Crist\u00e3 - Franciscanos\",\"description\":\"Prov\u00edncia Franciscana da Imaculada Concei\u00e7\u00e3o do Brasil - Ordem dos Frades Menores\",\"potentialAction\":[{\"@type\":\"SearchAction\",\"target\":{\"@type\":\"EntryPoint\",\"urlTemplate\":\"https:\/\/franciscanos.org.br\/vidacrista\/?s={search_term_string}\"},\"query-input\":\"required name=search_term_string\"}],\"inLanguage\":\"pt-BR\"},{\"@type\":\"WebPage\",\"@id\":\"https:\/\/franciscanos.org.br\/vidacrista\/nas-alturas-do-rochedo\/\",\"url\":\"https:\/\/franciscanos.org.br\/vidacrista\/nas-alturas-do-rochedo\/\",\"name\":\"Nas alturas do rochedo - Vida Crist\u00e3 - Franciscanos\",\"isPartOf\":{\"@id\":\"https:\/\/franciscanos.org.br\/vidacrista\/#website\"},\"datePublished\":\"2010-09-03T04:00:41+00:00\",\"dateModified\":\"2020-06-15T15:37:56+00:00\",\"author\":{\"@id\":\"https:\/\/franciscanos.org.br\/vidacrista\/#\/schema\/person\/133632ca93cec555316a35f76ab4153b\"},\"breadcrumb\":{\"@id\":\"https:\/\/franciscanos.org.br\/vidacrista\/nas-alturas-do-rochedo\/#breadcrumb\"},\"inLanguage\":\"pt-BR\",\"potentialAction\":[{\"@type\":\"ReadAction\",\"target\":[\"https:\/\/franciscanos.org.br\/vidacrista\/nas-alturas-do-rochedo\/\"]}]},{\"@type\":\"BreadcrumbList\",\"@id\":\"https:\/\/franciscanos.org.br\/vidacrista\/nas-alturas-do-rochedo\/#breadcrumb\",\"itemListElement\":[{\"@type\":\"ListItem\",\"position\":1,\"name\":\"Home\",\"item\":\"https:\/\/franciscanos.org.br\/vidacrista\/\"},{\"@type\":\"ListItem\",\"position\":2,\"name\":\"Nas alturas do rochedo\"}]},{\"@type\":\"Person\",\"@id\":\"https:\/\/franciscanos.org.br\/vidacrista\/#\/schema\/person\/133632ca93cec555316a35f76ab4153b\",\"name\":\"admin\",\"image\":{\"@type\":\"ImageObject\",\"inLanguage\":\"pt-BR\",\"@id\":\"https:\/\/franciscanos.org.br\/vidacrista\/#\/schema\/person\/image\/\",\"url\":\"https:\/\/secure.gravatar.com\/avatar\/e8495742d34d0ba6448ea1c628263b3e?s=96&d=mm&r=g\",\"contentUrl\":\"https:\/\/secure.gravatar.com\/avatar\/e8495742d34d0ba6448ea1c628263b3e?s=96&d=mm&r=g\",\"caption\":\"admin\"},\"url\":\"https:\/\/franciscanos.org.br\/vidacrista\/author\/admin\/\"}]}<\/script>\n<!-- \/ Yoast SEO plugin. -->","yoast_head_json":{"title":"Nas alturas do rochedo - Vida Crist\u00e3 - Franciscanos","robots":{"index":"index","follow":"follow","max-snippet":"max-snippet:-1","max-image-preview":"max-image-preview:large","max-video-preview":"max-video-preview:-1"},"canonical":"https:\/\/franciscanos.org.br\/vidacrista\/nas-alturas-do-rochedo\/","og_locale":"pt_BR","og_type":"article","og_title":"Nas alturas do rochedo - Vida Crist\u00e3 - Franciscanos","og_description":"Frei Almir Ribeiro Guimar\u00e3es","og_url":"https:\/\/franciscanos.org.br\/vidacrista\/nas-alturas-do-rochedo\/","og_site_name":"Vida Crist\u00e3 - Franciscanos","article_published_time":"2010-09-03T04:00:41+00:00","article_modified_time":"2020-06-15T15:37:56+00:00","og_image":[{"width":800,"height":600,"url":"https:\/\/franciscanos.org.br\/vidacrista\/wp-content\/uploads\/2010\/09\/1912_040412.jpg","type":"image\/jpeg"}],"author":"admin","twitter_card":"summary_large_image","twitter_misc":{"Escrito por":"admin","Est. tempo de leitura":"3 minutos"},"schema":{"@context":"https:\/\/schema.org","@graph":[{"@type":"WebSite","@id":"https:\/\/franciscanos.org.br\/vidacrista\/#website","url":"https:\/\/franciscanos.org.br\/vidacrista\/","name":"Vida Crist\u00e3 - Franciscanos","description":"Prov\u00edncia Franciscana da Imaculada Concei\u00e7\u00e3o do Brasil - Ordem dos Frades Menores","potentialAction":[{"@type":"SearchAction","target":{"@type":"EntryPoint","urlTemplate":"https:\/\/franciscanos.org.br\/vidacrista\/?s={search_term_string}"},"query-input":"required name=search_term_string"}],"inLanguage":"pt-BR"},{"@type":"WebPage","@id":"https:\/\/franciscanos.org.br\/vidacrista\/nas-alturas-do-rochedo\/","url":"https:\/\/franciscanos.org.br\/vidacrista\/nas-alturas-do-rochedo\/","name":"Nas alturas do rochedo - Vida Crist\u00e3 - Franciscanos","isPartOf":{"@id":"https:\/\/franciscanos.org.br\/vidacrista\/#website"},"datePublished":"2010-09-03T04:00:41+00:00","dateModified":"2020-06-15T15:37:56+00:00","author":{"@id":"https:\/\/franciscanos.org.br\/vidacrista\/#\/schema\/person\/133632ca93cec555316a35f76ab4153b"},"breadcrumb":{"@id":"https:\/\/franciscanos.org.br\/vidacrista\/nas-alturas-do-rochedo\/#breadcrumb"},"inLanguage":"pt-BR","potentialAction":[{"@type":"ReadAction","target":["https:\/\/franciscanos.org.br\/vidacrista\/nas-alturas-do-rochedo\/"]}]},{"@type":"BreadcrumbList","@id":"https:\/\/franciscanos.org.br\/vidacrista\/nas-alturas-do-rochedo\/#breadcrumb","itemListElement":[{"@type":"ListItem","position":1,"name":"Home","item":"https:\/\/franciscanos.org.br\/vidacrista\/"},{"@type":"ListItem","position":2,"name":"Nas alturas do rochedo"}]},{"@type":"Person","@id":"https:\/\/franciscanos.org.br\/vidacrista\/#\/schema\/person\/133632ca93cec555316a35f76ab4153b","name":"admin","image":{"@type":"ImageObject","inLanguage":"pt-BR","@id":"https:\/\/franciscanos.org.br\/vidacrista\/#\/schema\/person\/image\/","url":"https:\/\/secure.gravatar.com\/avatar\/e8495742d34d0ba6448ea1c628263b3e?s=96&d=mm&r=g","contentUrl":"https:\/\/secure.gravatar.com\/avatar\/e8495742d34d0ba6448ea1c628263b3e?s=96&d=mm&r=g","caption":"admin"},"url":"https:\/\/franciscanos.org.br\/vidacrista\/author\/admin\/"}]}},"_links":{"self":[{"href":"https:\/\/franciscanos.org.br\/vidacrista\/wp-json\/wp\/v2\/posts\/8400"}],"collection":[{"href":"https:\/\/franciscanos.org.br\/vidacrista\/wp-json\/wp\/v2\/posts"}],"about":[{"href":"https:\/\/franciscanos.org.br\/vidacrista\/wp-json\/wp\/v2\/types\/post"}],"author":[{"embeddable":true,"href":"https:\/\/franciscanos.org.br\/vidacrista\/wp-json\/wp\/v2\/users\/1"}],"replies":[{"embeddable":true,"href":"https:\/\/franciscanos.org.br\/vidacrista\/wp-json\/wp\/v2\/comments?post=8400"}],"version-history":[{"count":1,"href":"https:\/\/franciscanos.org.br\/vidacrista\/wp-json\/wp\/v2\/posts\/8400\/revisions"}],"predecessor-version":[{"id":178171,"href":"https:\/\/franciscanos.org.br\/vidacrista\/wp-json\/wp\/v2\/posts\/8400\/revisions\/178171"}],"wp:featuredmedia":[{"embeddable":true,"href":"https:\/\/franciscanos.org.br\/vidacrista\/wp-json\/wp\/v2\/media\/185681"}],"wp:attachment":[{"href":"https:\/\/franciscanos.org.br\/vidacrista\/wp-json\/wp\/v2\/media?parent=8400"}],"wp:term":[{"taxonomy":"category","embeddable":true,"href":"https:\/\/franciscanos.org.br\/vidacrista\/wp-json\/wp\/v2\/categories?post=8400"},{"taxonomy":"post_tag","embeddable":true,"href":"https:\/\/franciscanos.org.br\/vidacrista\/wp-json\/wp\/v2\/tags?post=8400"}],"curies":[{"name":"wp","href":"https:\/\/api.w.org\/{rel}","templated":true}]}}