{"id":8398,"date":"2010-08-06T01:00:30","date_gmt":"2010-08-06T04:00:30","guid":{"rendered":"http:\/\/new.franciscanos.org.br\/?p=8398"},"modified":"2020-05-22T12:57:30","modified_gmt":"2020-05-22T15:57:30","slug":"aquele-que-nos-amou-por-primeiro","status":"publish","type":"post","link":"https:\/\/franciscanos.org.br\/vidacrista\/aquele-que-nos-amou-por-primeiro\/","title":{"rendered":"Aquele que nos amou por primeiro"},"content":{"rendered":"<p><strong><a href=\"http:\/\/franciscanos.org.br\/wp-content\/uploads\/2010\/08\/1914_040412.jpg\"><img decoding=\"async\" loading=\"lazy\" class=\"alignright size-full wp-image-14846\" title=\"Sagrado Cora\u00e7\u00e3o de Jesus\" src=\"http:\/\/franciscanos.org.br\/wp-content\/uploads\/2010\/08\/1914_040412.jpg\" alt=\"\" width=\"350\" height=\"449\" \/><\/a>1.<\/strong> Come\u00e7amos nossa reflex\u00e3o com um pensamento de Santo Agostinho: \u201cN\u00e3o h\u00e1 ningu\u00e9m que n\u00e3o ame. A quest\u00e3o \u00e9 saber o que se deve amar. N\u00e3o somos convidados a n\u00e3o amar, mas sim a escolher o que devemos amar. Mas o que podemos escolher, se antes n\u00e3o formos escolhidos? Porque n\u00e3o conseguiremos amar, se antes n\u00e3o formos amados. Escutai o ap\u00f3stolo Jo\u00e3o: N\u00f3s amamos porque ele nos amou primeiro (cf. 1Jo 4, 10). Procura saber como o homem pode amar a Deus, n\u00e3o encontrar\u00e1s resposta, a n\u00e3o ser esta: Deus o amou primeiro. Deu-se a si mesmo aquele que amamos, deu-nos a capacidade de amar\u201d (<em>Liturgia das Horas, II<\/em>, p. 642).<\/p>\n<p><strong>2. <\/strong>Somos feitos para o amor. N\u00e3o h\u00e1 sentido em vidas humanas que vegetam, seres que nascem, crescem, morrem de qualquer jeito. Uns jogados sob as marquises, outros drogados, desesperados, sorvem os goles amargos de uma solid\u00e3o inomin\u00e1vel. Esses seres humanos que somos n\u00f3s temos uma cabe\u00e7a para pensar, uma vontade para querer, um cora\u00e7\u00e3o para amar. Ali\u00e1s, tudo \u00e9 amor. A crian\u00e7a que vem ao mundo come\u00e7ar\u00e1 bem sua caminhada se puder contar com o olhar amoroso de um homem e de uma mulher, seu pai e sua m\u00e3e que quiseram efetivamente que ela viesse ao mundo e tivesse a convic\u00e7\u00e3o de ser estimada por eles. Crescendo com esta certeza, a crian\u00e7a se torna adulta e capaz, por sua vez, de querer bem. Uma exist\u00eancia \u00e9 grande quando tecida de amor, de amor recebido e de amor concedido. Ora, amar \u00e9 fazer com que o outro exista, exista em plenitude, exista apontando sempre para um melhor existir. Amar significa, n\u00e3o outro jeito, dar a vida aos poucos para o outro.<\/p>\n<p><strong>3. <\/strong>Num determinado momento da caminhada de uma pessoa, ela busca um concretiza\u00e7\u00e3o especial, tenta dar uma resposta ao emaranhado de sentimentos, anseios e sonhos que dentro dela fervilham. \u00c9 amada pelos outros e faz a experi\u00eancia de amar. Vive primeiro a amizade. No tempo da adolesc\u00eancia e da juventude encontra pessoas que se aproximam de seu cora\u00e7\u00e3o. Elas, de mansinho, se instalam no seu interior. A pessoa \u00e9 estimada e amada por algu\u00e9m exterior ao c\u00edrculo familiar. Todos temos experi\u00eancias tonificantes de amizade. Amizade \u00e9 um bem querer desinteressado, gratuito, n\u00e3o possessivo. Algu\u00e9m tem a porta aberta para n\u00f3s. De repente, nos vemos colocando gestos generosos e sendo at\u00e9 capazes de esquecer de n\u00f3s mesmos. Existimos quando somos amados. Analogamente se poderia fazer a mesma reflex\u00e3o no que se refere ao amor conjugal. Um homem quer bem a uma mulher. Uma mulher abriga em seu interior algu\u00e9m que vem de fora. Os dois, no jogo do amor, existem e caminham na vida com galhardia.<\/p>\n<p><strong>4.<\/strong> Ora, o amor de Deus nos renova e nos faz viver. A primeira carta de Jo\u00e3o, j\u00e1 embutida no texto transcrito de Agostinho, diz coisas maravilhosas: \u201cFoi assim que o amor de Deus se manifestou em n\u00f3s: Deus enviou o seu Filho \u00fanico ao mundo, para que tenhamos a vida por meio dele. Nisto consiste o amor: n\u00e3o fomos n\u00f3s que amamos a Deus, mas foi ele que nos amou e enviou o seu Filho como v\u00edtima de repara\u00e7\u00e3o pelos nossos pecados. Se Deus nos amou assim, n\u00f3s tamb\u00e9m devemos amar-nos uns aos outros\u201d (1Jo 4, 9-11).<\/p>\n<p><strong>5.<\/strong> Antes que exist\u00edssemos, j\u00e1 fomos amados. Quando fomos formados lentamente no seio da m\u00e3e, as m\u00e3os do Criador, foram nos plasmando um pouco menor que os anjos. N\u00f3s que n\u00e3o exist\u00edamos, passamos a existir. Intelig\u00eancia, vontade, afeto, borbulhar de sentimentos. Aos poucos fomos nos dando conta de que uma atra\u00e7\u00e3o irresist\u00edvel nos fazia buscar as estrelas. Nossa fonte estava para al\u00e9m de n\u00f3s mesmos. Ele, o Alt\u00edssimo, quis que exist\u00edssemos. O amor nos criou. Por isso, o cora\u00e7\u00e3o irrequieto sempre busca fonte que nos tirou do nada.<\/p>\n<p><strong>6. <\/strong>Todos conhecemos nosso drama, drama nosso e da humanidade. Temos um cora\u00e7\u00e3o partido, fissurado. Como Paulo diz: queremos o bem, fazemos o mal. Temos uma dupla lei em nossos membros. Fomos compreendendo que o amor criador de Deus, ganhava o nome de amor redentor em Cristo Jesus. Este veio para exprimir o amor do Pai e para ser ele mesmo a encarna\u00e7\u00e3o do amor. Nasceu, viveu, cresceu, morreu. Uma trajet\u00f3ria humana. Jesus passou a vida fazendo o bem. Saindo de si. H\u00e1 um momento crucial em sua trajet\u00f3ria. \u00c9 levantado da terra ao c\u00e9u. \u00c9 pregado numa cruz, aquele que tinha desejo de caminhar. \u00c9 desprezado e ridicularizado. Fica firme at\u00e9 o fim. H\u00e1 um momento em que n\u00e3o ag\u00fcenta mais e, baixando a cabe\u00e7a, morre de dom, de amor, de entrega. O Deus grande que havia se instalado em Jesus de Nazar\u00e9 morre de amor. Realiza em sua pessoa aquilo que antes dissera: \u201cN\u00e3o existe maior amor do que dar a vida pelos seus\u201d. Morre, entregando-se.<\/p>\n<p><strong>7. <\/strong>Ora, quando viemos \u00e0 luz, algu\u00e9m nos amou criando-nos e j\u00e1 t\u00ednhamos a garantia de um amor restaurador por parte de Cristo Jesus. Na sua ora\u00e7\u00e3o sacerdotal j\u00e1 havia pedido por n\u00f3s, por todos os que um dia viessem a crer nele. No alto da cruz, na tarde das dores, ele j\u00e1 tinha garantido seu bem querer por n\u00f3s. Somos felizardos!!! E, no final de tudo, digamos mesmo para c\u00famulo de tudo, Jesus permitiu que seu peito fosse aberto pela lan\u00e7a do soldado. E atrav\u00e9s desta fenda ficamos sabendo que ele nos amou antes de tudo. Assim, como humanamente vivemos somente quando somos amados, da mesma forma em nosso ser mais \u00edntimo, olhando o peito aberto do Senhor temos a certeza de que podemos viver. Algu\u00e9m nos ama. E cabe repetir o pensamento de Jo\u00e3o no vers\u00edculo da Carta antes mencionada: \u201cSe Deus nos amou assim, n\u00f3s tamb\u00e9m devemos amar-nos uns aos outros\u201d. Os verdadeiros devotos do Cora\u00e7\u00e3o de Jesus t\u00eam certeza dessa atmosfera de amor que lhes vem do dom de Cristo e de seu Cora\u00e7\u00e3o aberto e por isso, apesar de suas falhas, tentam viver de amor.<\/p>\n<p><strong>8. <\/strong>O que ama acolhe o amado em seu interior. O Cora\u00e7\u00e3o de Jesus \u00e9 o espa\u00e7o de amor que nos abriga e nos fortalece para ir atrav\u00e9s do mundo dizendo a \u00fanica coisa que conta \u00e9 o amor.<\/p>\n","protected":false},"excerpt":{"rendered":"<p>Frei Almir Ribeiro Guimar\u00e3es<\/p>\n","protected":false},"author":1,"featured_media":184648,"comment_status":"closed","ping_status":"open","sticky":false,"template":"","format":"standard","meta":{"footnotes":""},"categories":[105],"tags":[106,112],"yoast_head":"<!-- This site is optimized with the Yoast SEO plugin v19.4 - https:\/\/yoast.com\/wordpress\/plugins\/seo\/ -->\n<title>Aquele que nos amou por primeiro - Vida Crist\u00e3 - Franciscanos<\/title>\n<meta name=\"robots\" content=\"index, follow, max-snippet:-1, max-image-preview:large, max-video-preview:-1\" \/>\n<link rel=\"canonical\" href=\"https:\/\/franciscanos.org.br\/vidacrista\/aquele-que-nos-amou-por-primeiro\/\" \/>\n<meta property=\"og:locale\" content=\"pt_BR\" \/>\n<meta property=\"og:type\" content=\"article\" \/>\n<meta property=\"og:title\" content=\"Aquele que nos amou por primeiro - Vida Crist\u00e3 - Franciscanos\" \/>\n<meta property=\"og:description\" content=\"Frei Almir Ribeiro Guimar\u00e3es\" \/>\n<meta property=\"og:url\" content=\"https:\/\/franciscanos.org.br\/vidacrista\/aquele-que-nos-amou-por-primeiro\/\" \/>\n<meta property=\"og:site_name\" content=\"Vida Crist\u00e3 - Franciscanos\" \/>\n<meta property=\"article:published_time\" content=\"2010-08-06T04:00:30+00:00\" \/>\n<meta property=\"article:modified_time\" content=\"2020-05-22T15:57:30+00:00\" \/>\n<meta property=\"og:image\" content=\"https:\/\/franciscanos.org.br\/vidacrista\/wp-content\/uploads\/2010\/08\/1914_040412.jpg\" \/>\n\t<meta property=\"og:image:width\" content=\"800\" \/>\n\t<meta property=\"og:image:height\" content=\"601\" \/>\n\t<meta property=\"og:image:type\" content=\"image\/jpeg\" \/>\n<meta name=\"author\" content=\"admin\" \/>\n<meta name=\"twitter:card\" content=\"summary_large_image\" \/>\n<meta name=\"twitter:label1\" content=\"Escrito por\" \/>\n\t<meta name=\"twitter:data1\" content=\"admin\" \/>\n\t<meta name=\"twitter:label2\" content=\"Est. tempo de leitura\" \/>\n\t<meta name=\"twitter:data2\" content=\"5 minutos\" \/>\n<script type=\"application\/ld+json\" class=\"yoast-schema-graph\">{\"@context\":\"https:\/\/schema.org\",\"@graph\":[{\"@type\":\"WebSite\",\"@id\":\"https:\/\/franciscanos.org.br\/vidacrista\/#website\",\"url\":\"https:\/\/franciscanos.org.br\/vidacrista\/\",\"name\":\"Vida Crist\u00e3 - Franciscanos\",\"description\":\"Prov\u00edncia Franciscana da Imaculada Concei\u00e7\u00e3o do Brasil - Ordem dos Frades Menores\",\"potentialAction\":[{\"@type\":\"SearchAction\",\"target\":{\"@type\":\"EntryPoint\",\"urlTemplate\":\"https:\/\/franciscanos.org.br\/vidacrista\/?s={search_term_string}\"},\"query-input\":\"required name=search_term_string\"}],\"inLanguage\":\"pt-BR\"},{\"@type\":\"WebPage\",\"@id\":\"https:\/\/franciscanos.org.br\/vidacrista\/aquele-que-nos-amou-por-primeiro\/\",\"url\":\"https:\/\/franciscanos.org.br\/vidacrista\/aquele-que-nos-amou-por-primeiro\/\",\"name\":\"Aquele que nos amou por primeiro - Vida Crist\u00e3 - Franciscanos\",\"isPartOf\":{\"@id\":\"https:\/\/franciscanos.org.br\/vidacrista\/#website\"},\"datePublished\":\"2010-08-06T04:00:30+00:00\",\"dateModified\":\"2020-05-22T15:57:30+00:00\",\"author\":{\"@id\":\"https:\/\/franciscanos.org.br\/vidacrista\/#\/schema\/person\/133632ca93cec555316a35f76ab4153b\"},\"breadcrumb\":{\"@id\":\"https:\/\/franciscanos.org.br\/vidacrista\/aquele-que-nos-amou-por-primeiro\/#breadcrumb\"},\"inLanguage\":\"pt-BR\",\"potentialAction\":[{\"@type\":\"ReadAction\",\"target\":[\"https:\/\/franciscanos.org.br\/vidacrista\/aquele-que-nos-amou-por-primeiro\/\"]}]},{\"@type\":\"BreadcrumbList\",\"@id\":\"https:\/\/franciscanos.org.br\/vidacrista\/aquele-que-nos-amou-por-primeiro\/#breadcrumb\",\"itemListElement\":[{\"@type\":\"ListItem\",\"position\":1,\"name\":\"Home\",\"item\":\"https:\/\/franciscanos.org.br\/vidacrista\/\"},{\"@type\":\"ListItem\",\"position\":2,\"name\":\"Aquele que nos amou por primeiro\"}]},{\"@type\":\"Person\",\"@id\":\"https:\/\/franciscanos.org.br\/vidacrista\/#\/schema\/person\/133632ca93cec555316a35f76ab4153b\",\"name\":\"admin\",\"image\":{\"@type\":\"ImageObject\",\"inLanguage\":\"pt-BR\",\"@id\":\"https:\/\/franciscanos.org.br\/vidacrista\/#\/schema\/person\/image\/\",\"url\":\"https:\/\/secure.gravatar.com\/avatar\/e8495742d34d0ba6448ea1c628263b3e?s=96&d=mm&r=g\",\"contentUrl\":\"https:\/\/secure.gravatar.com\/avatar\/e8495742d34d0ba6448ea1c628263b3e?s=96&d=mm&r=g\",\"caption\":\"admin\"},\"url\":\"https:\/\/franciscanos.org.br\/vidacrista\/author\/admin\/\"}]}<\/script>\n<!-- \/ Yoast SEO plugin. -->","yoast_head_json":{"title":"Aquele que nos amou por primeiro - Vida Crist\u00e3 - Franciscanos","robots":{"index":"index","follow":"follow","max-snippet":"max-snippet:-1","max-image-preview":"max-image-preview:large","max-video-preview":"max-video-preview:-1"},"canonical":"https:\/\/franciscanos.org.br\/vidacrista\/aquele-que-nos-amou-por-primeiro\/","og_locale":"pt_BR","og_type":"article","og_title":"Aquele que nos amou por primeiro - Vida Crist\u00e3 - Franciscanos","og_description":"Frei Almir Ribeiro Guimar\u00e3es","og_url":"https:\/\/franciscanos.org.br\/vidacrista\/aquele-que-nos-amou-por-primeiro\/","og_site_name":"Vida Crist\u00e3 - Franciscanos","article_published_time":"2010-08-06T04:00:30+00:00","article_modified_time":"2020-05-22T15:57:30+00:00","og_image":[{"width":800,"height":601,"url":"https:\/\/franciscanos.org.br\/vidacrista\/wp-content\/uploads\/2010\/08\/1914_040412.jpg","type":"image\/jpeg"}],"author":"admin","twitter_card":"summary_large_image","twitter_misc":{"Escrito por":"admin","Est. tempo de leitura":"5 minutos"},"schema":{"@context":"https:\/\/schema.org","@graph":[{"@type":"WebSite","@id":"https:\/\/franciscanos.org.br\/vidacrista\/#website","url":"https:\/\/franciscanos.org.br\/vidacrista\/","name":"Vida Crist\u00e3 - Franciscanos","description":"Prov\u00edncia Franciscana da Imaculada Concei\u00e7\u00e3o do Brasil - Ordem dos Frades Menores","potentialAction":[{"@type":"SearchAction","target":{"@type":"EntryPoint","urlTemplate":"https:\/\/franciscanos.org.br\/vidacrista\/?s={search_term_string}"},"query-input":"required name=search_term_string"}],"inLanguage":"pt-BR"},{"@type":"WebPage","@id":"https:\/\/franciscanos.org.br\/vidacrista\/aquele-que-nos-amou-por-primeiro\/","url":"https:\/\/franciscanos.org.br\/vidacrista\/aquele-que-nos-amou-por-primeiro\/","name":"Aquele que nos amou por primeiro - Vida Crist\u00e3 - Franciscanos","isPartOf":{"@id":"https:\/\/franciscanos.org.br\/vidacrista\/#website"},"datePublished":"2010-08-06T04:00:30+00:00","dateModified":"2020-05-22T15:57:30+00:00","author":{"@id":"https:\/\/franciscanos.org.br\/vidacrista\/#\/schema\/person\/133632ca93cec555316a35f76ab4153b"},"breadcrumb":{"@id":"https:\/\/franciscanos.org.br\/vidacrista\/aquele-que-nos-amou-por-primeiro\/#breadcrumb"},"inLanguage":"pt-BR","potentialAction":[{"@type":"ReadAction","target":["https:\/\/franciscanos.org.br\/vidacrista\/aquele-que-nos-amou-por-primeiro\/"]}]},{"@type":"BreadcrumbList","@id":"https:\/\/franciscanos.org.br\/vidacrista\/aquele-que-nos-amou-por-primeiro\/#breadcrumb","itemListElement":[{"@type":"ListItem","position":1,"name":"Home","item":"https:\/\/franciscanos.org.br\/vidacrista\/"},{"@type":"ListItem","position":2,"name":"Aquele que nos amou por primeiro"}]},{"@type":"Person","@id":"https:\/\/franciscanos.org.br\/vidacrista\/#\/schema\/person\/133632ca93cec555316a35f76ab4153b","name":"admin","image":{"@type":"ImageObject","inLanguage":"pt-BR","@id":"https:\/\/franciscanos.org.br\/vidacrista\/#\/schema\/person\/image\/","url":"https:\/\/secure.gravatar.com\/avatar\/e8495742d34d0ba6448ea1c628263b3e?s=96&d=mm&r=g","contentUrl":"https:\/\/secure.gravatar.com\/avatar\/e8495742d34d0ba6448ea1c628263b3e?s=96&d=mm&r=g","caption":"admin"},"url":"https:\/\/franciscanos.org.br\/vidacrista\/author\/admin\/"}]}},"_links":{"self":[{"href":"https:\/\/franciscanos.org.br\/vidacrista\/wp-json\/wp\/v2\/posts\/8398"}],"collection":[{"href":"https:\/\/franciscanos.org.br\/vidacrista\/wp-json\/wp\/v2\/posts"}],"about":[{"href":"https:\/\/franciscanos.org.br\/vidacrista\/wp-json\/wp\/v2\/types\/post"}],"author":[{"embeddable":true,"href":"https:\/\/franciscanos.org.br\/vidacrista\/wp-json\/wp\/v2\/users\/1"}],"replies":[{"embeddable":true,"href":"https:\/\/franciscanos.org.br\/vidacrista\/wp-json\/wp\/v2\/comments?post=8398"}],"version-history":[{"count":1,"href":"https:\/\/franciscanos.org.br\/vidacrista\/wp-json\/wp\/v2\/posts\/8398\/revisions"}],"predecessor-version":[{"id":178169,"href":"https:\/\/franciscanos.org.br\/vidacrista\/wp-json\/wp\/v2\/posts\/8398\/revisions\/178169"}],"wp:featuredmedia":[{"embeddable":true,"href":"https:\/\/franciscanos.org.br\/vidacrista\/wp-json\/wp\/v2\/media\/184648"}],"wp:attachment":[{"href":"https:\/\/franciscanos.org.br\/vidacrista\/wp-json\/wp\/v2\/media?parent=8398"}],"wp:term":[{"taxonomy":"category","embeddable":true,"href":"https:\/\/franciscanos.org.br\/vidacrista\/wp-json\/wp\/v2\/categories?post=8398"},{"taxonomy":"post_tag","embeddable":true,"href":"https:\/\/franciscanos.org.br\/vidacrista\/wp-json\/wp\/v2\/tags?post=8398"}],"curies":[{"name":"wp","href":"https:\/\/api.w.org\/{rel}","templated":true}]}}