{"id":8389,"date":"2010-07-02T01:00:24","date_gmt":"2010-07-02T04:00:24","guid":{"rendered":"http:\/\/new.franciscanos.org.br\/?p=8389"},"modified":"2019-03-02T11:27:06","modified_gmt":"2019-03-02T14:27:06","slug":"quem-matara-a-sede-de-nossas-gargantas","status":"publish","type":"post","link":"https:\/\/franciscanos.org.br\/vidacrista\/quem-matara-a-sede-de-nossas-gargantas\/","title":{"rendered":"Quem matar\u00e1 a sede de nossas gargantas?"},"content":{"rendered":"<p style=\"text-align: left;\" align=\"right\"><em><img decoding=\"async\" loading=\"lazy\" class=\"size-medium wp-image-178292 alignright\" src=\"https:\/\/franciscanos.org.br\/vidacrista\/wp-content\/uploads\/2010\/07\/sagrado_020710-302x450.jpg\" alt=\"\" width=\"302\" height=\"450\" srcset=\"https:\/\/franciscanos.org.br\/vidacrista\/wp-content\/uploads\/2010\/07\/sagrado_020710-302x450.jpg 302w, https:\/\/franciscanos.org.br\/vidacrista\/wp-content\/uploads\/2010\/07\/sagrado_020710-768x1144.jpg 768w, https:\/\/franciscanos.org.br\/vidacrista\/wp-content\/uploads\/2010\/07\/sagrado_020710-687x1024.jpg 687w, https:\/\/franciscanos.org.br\/vidacrista\/wp-content\/uploads\/2010\/07\/sagrado_020710-150x223.jpg 150w, https:\/\/franciscanos.org.br\/vidacrista\/wp-content\/uploads\/2010\/07\/sagrado_020710.jpg 792w\" sizes=\"(max-width: 302px) 100vw, 302px\" \/>Em v\u00f3s est\u00e1 a fonte da vida&#8230;Salmo 35,10<\/em><\/p>\n<p><strong>1.<\/strong> Uma das mais torturantes experi\u00eancias que o ser humano faz \u00e9 a da sede. H\u00e1 essa terr\u00edvel ard\u00eancia na garanta! H\u00e1 os que caminham no deserto e deliram suspirando por um po\u00e7o ou ent\u00e3o uma fonte que brotasse da rocha. Nos campos de batalha da guerra os soldados, feridos ou extenuados, arrastam-se por terra, para sorver algumas gotas de \u00e1gua misturadas na lama e em no meio de todos os detritos. Quanta sofreguid\u00e3o! E que al\u00edvio quando a sede come\u00e7a a amainar&#8230;<\/p>\n<p><strong>2.<\/strong>H\u00e1 pessoas que se dizem \u201creligiosas\u201d. H\u00e1 essas que parecem satisfeitas com algumas pr\u00e1ticas de piedade e de caridade. N\u00e3o experimentam desejo de ir adiante. Parecem ter domesticado a Deus. H\u00e1 outras que t\u00eam sede de plenitude. Encontraram a Deus na inf\u00e2ncia ou em outra esta\u00e7\u00e3o de sua caminhada, mas sempre com desejo de dar um passo adiante, de andar na busca de uma fonte de plenitude. Felizes os sedentos de Deus! Lament\u00e1vel a vida dos saciados, dos fazedores da mesmice, dos repetidores de ritos.<\/p>\n<p><strong>3. <\/strong>\u201cSe algu\u00e9m tiver sede, venha a mim e beba. Daquele que cr\u00ea em mim brotar\u00e3o rios de \u00e1gua viva\u201d (<em>Jo 7, 37-38<\/em>). Felizes aqueles que conseguem vislumbrar no caminho da vida essa \u00e1gua que vem de Cristo, felizes esses sedentos que encontram com Cristo e podem beber de seu amor. N\u00e3o se trata de encontrar uma mera lembran\u00e7a do passado. Mas algu\u00e9m postado diante das encruzilhadas de nossas vidas oferecendo-se para matar nossa sede de plenitude. Esse que se apresenta como uma alternativa vigorosa. N\u00e3o fomos feitos para a rotina, para repetir gestos e palavras, queixas e lamentos. Nosso cora\u00e7\u00e3o \u00e9 feito para grandezas.<\/p>\n<p><strong>4.<\/strong> E podemos multiplicar os textos da antiga e da nova alian\u00e7a que falam de uma misteriosa \u00e1gua:<\/p>\n<ul>\n<li>Pelos prados e campinas verdejantes ele me leva a descansar. Para as \u00e1guas repousantes me encaminha e restaura as minhas for\u00e7as (<em>Sl 22,2-3<\/em>).<\/li>\n<li>Eis que os filhos dos homens se abrigam sob a sombra das asas de Deus. Na abund\u00e2ncia da vossa morada eles v\u00eam saciar-se de bens. V\u00f3s lhes dais de beber \u00e1gua viva, nas torrente das vossas del\u00edcias. Pois em v\u00f3s est\u00e1 a fonte da vida, e em vossa luz contemplamos a luz (<em>Sl 35, 8-10<\/em>).<\/li>\n<li>Jesus encontra-se com uma mulher de Samaria. Pede \u00e1gua para matar sua sede e, depois, oferece \u00e0 mulher uma \u00e1gua diferente que saciaria sua sede para sempre.<\/li>\n<\/ul>\n<p><strong>5.<\/strong> Jesus, no alto da cruz, \u00e9 a manifesta\u00e7\u00e3o mais acabada e definitiva da ternura e do amor de Deus pelos homens. Com efeito, ele mesmo havia afirmado, que a ele tudo atrairia quando estivesse elevado da terra. Por isso, todos temos necessidade de contemplar com as nossas entranhas o momento da entrega definitiva do Mestre no alto da cruz e, ao mesmo tempo, aquele toque da lan\u00e7a que abriu para n\u00f3s a janela do amor.<\/p>\n<p><strong>6.<\/strong> Boaventura: \u201cConsidera, \u00f3 homem redimido, quem \u00e9 aquele que por tua causa est\u00e1 pregado na cruz, qual a sua dignidade e grandeza. A sua morte d\u00e1 vida; por sua morte chorem os c\u00e9us e a terra, e fendem-se at\u00e9 as pedras mais duras. Para que, do lado de Cristo, morto na cruz se formasse a Igreja e se cumprisse a Escritura que diz: <em>Olhar\u00e3o para aquele que transpassaram<\/em> (Jo 19,37), a divina Provid\u00eancia permitiu que um dos soldados lhe abrisse com a lan\u00e7a o sagrado lado, de onde jorraram sangue e \u00e1gua. Este \u00e9 o pre\u00e7o da nossa salva\u00e7\u00e3o. Sa\u00eddo daquela fonte divina, isto \u00e9, do \u00edntimo de seu Cora\u00e7\u00e3o, iria dar aos sacramentos da Igreja o poder de conferir a vida da gra\u00e7a, tornando-se para os que j\u00e1 vivem em Cristo bebida da fonte <em>que jorra para a vida eterna<\/em> (<em>Jo 4,14<\/em>)\u201d (<em>Liturgia das Horas<\/em> III, p. 571)<strong>.<\/strong><\/p>\n<p><strong>7. <\/strong>A fonte da \u00e1gua e do sangue que sa\u00edram pela fenda do peito aberto \u00e9 uma vontade humano-divina de atingir todos aqueles que desejam se libertar de si, dos liames da mediocridade, da escravid\u00e3o do desamor. Os que se deixam tocar pelo peito aberto do Salvador valorizam sempre mais a Eucaristia que n\u00e3o \u00e9 um evento qualquer, que nada tem a ver com show, mas \u00e9 o momento de se recolher por sobre a toalha branca do altar uma \u00e1gua viva que pode nos tornar criaturas menos med\u00edocres e cheias de um vigor que s\u00f3 pode ter origem no amor de um Deus que tem o peito aberto. O amor de Deus manifestado no peito aberto do Salvador poder\u00e1 ser \u00e1gua de que tanto reclama nossa garganta!<\/p>\n","protected":false},"excerpt":{"rendered":"<p>Frei Almir Ribeiro Guimar\u00e3es<\/p>\n","protected":false},"author":1,"featured_media":178293,"comment_status":"closed","ping_status":"open","sticky":false,"template":"","format":"standard","meta":{"footnotes":""},"categories":[105],"tags":[106,112],"yoast_head":"<!-- This site is optimized with the Yoast SEO plugin v19.4 - https:\/\/yoast.com\/wordpress\/plugins\/seo\/ -->\n<title>Quem matar\u00e1 a sede de nossas gargantas? - Vida Crist\u00e3 - Franciscanos<\/title>\n<meta name=\"robots\" content=\"index, follow, max-snippet:-1, max-image-preview:large, max-video-preview:-1\" \/>\n<link rel=\"canonical\" href=\"https:\/\/franciscanos.org.br\/vidacrista\/quem-matara-a-sede-de-nossas-gargantas\/\" \/>\n<meta property=\"og:locale\" content=\"pt_BR\" \/>\n<meta property=\"og:type\" content=\"article\" \/>\n<meta property=\"og:title\" content=\"Quem matar\u00e1 a sede de nossas gargantas? - Vida Crist\u00e3 - Franciscanos\" \/>\n<meta property=\"og:description\" content=\"Frei Almir Ribeiro Guimar\u00e3es\" \/>\n<meta property=\"og:url\" content=\"https:\/\/franciscanos.org.br\/vidacrista\/quem-matara-a-sede-de-nossas-gargantas\/\" \/>\n<meta property=\"og:site_name\" content=\"Vida Crist\u00e3 - Franciscanos\" \/>\n<meta property=\"article:published_time\" content=\"2010-07-02T04:00:24+00:00\" \/>\n<meta property=\"article:modified_time\" content=\"2019-03-02T14:27:06+00:00\" \/>\n<meta property=\"og:image\" content=\"https:\/\/franciscanos.org.br\/vidacrista\/wp-content\/uploads\/2010\/07\/sagrado_020710_1.jpg\" \/>\n\t<meta property=\"og:image:width\" content=\"273\" \/>\n\t<meta property=\"og:image:height\" content=\"181\" \/>\n\t<meta property=\"og:image:type\" content=\"image\/jpeg\" \/>\n<meta name=\"author\" content=\"admin\" \/>\n<meta name=\"twitter:card\" content=\"summary_large_image\" \/>\n<meta name=\"twitter:label1\" content=\"Escrito por\" \/>\n\t<meta name=\"twitter:data1\" content=\"admin\" \/>\n\t<meta name=\"twitter:label2\" content=\"Est. tempo de leitura\" \/>\n\t<meta name=\"twitter:data2\" content=\"4 minutos\" \/>\n<script type=\"application\/ld+json\" class=\"yoast-schema-graph\">{\"@context\":\"https:\/\/schema.org\",\"@graph\":[{\"@type\":\"WebSite\",\"@id\":\"https:\/\/franciscanos.org.br\/vidacrista\/#website\",\"url\":\"https:\/\/franciscanos.org.br\/vidacrista\/\",\"name\":\"Vida Crist\u00e3 - Franciscanos\",\"description\":\"Prov\u00edncia Franciscana da Imaculada Concei\u00e7\u00e3o do Brasil - Ordem dos Frades Menores\",\"potentialAction\":[{\"@type\":\"SearchAction\",\"target\":{\"@type\":\"EntryPoint\",\"urlTemplate\":\"https:\/\/franciscanos.org.br\/vidacrista\/?s={search_term_string}\"},\"query-input\":\"required name=search_term_string\"}],\"inLanguage\":\"pt-BR\"},{\"@type\":\"WebPage\",\"@id\":\"https:\/\/franciscanos.org.br\/vidacrista\/quem-matara-a-sede-de-nossas-gargantas\/\",\"url\":\"https:\/\/franciscanos.org.br\/vidacrista\/quem-matara-a-sede-de-nossas-gargantas\/\",\"name\":\"Quem matar\u00e1 a sede de nossas gargantas? - Vida Crist\u00e3 - Franciscanos\",\"isPartOf\":{\"@id\":\"https:\/\/franciscanos.org.br\/vidacrista\/#website\"},\"datePublished\":\"2010-07-02T04:00:24+00:00\",\"dateModified\":\"2019-03-02T14:27:06+00:00\",\"author\":{\"@id\":\"https:\/\/franciscanos.org.br\/vidacrista\/#\/schema\/person\/133632ca93cec555316a35f76ab4153b\"},\"breadcrumb\":{\"@id\":\"https:\/\/franciscanos.org.br\/vidacrista\/quem-matara-a-sede-de-nossas-gargantas\/#breadcrumb\"},\"inLanguage\":\"pt-BR\",\"potentialAction\":[{\"@type\":\"ReadAction\",\"target\":[\"https:\/\/franciscanos.org.br\/vidacrista\/quem-matara-a-sede-de-nossas-gargantas\/\"]}]},{\"@type\":\"BreadcrumbList\",\"@id\":\"https:\/\/franciscanos.org.br\/vidacrista\/quem-matara-a-sede-de-nossas-gargantas\/#breadcrumb\",\"itemListElement\":[{\"@type\":\"ListItem\",\"position\":1,\"name\":\"Home\",\"item\":\"https:\/\/franciscanos.org.br\/vidacrista\/\"},{\"@type\":\"ListItem\",\"position\":2,\"name\":\"Quem matar\u00e1 a sede de nossas gargantas?\"}]},{\"@type\":\"Person\",\"@id\":\"https:\/\/franciscanos.org.br\/vidacrista\/#\/schema\/person\/133632ca93cec555316a35f76ab4153b\",\"name\":\"admin\",\"image\":{\"@type\":\"ImageObject\",\"inLanguage\":\"pt-BR\",\"@id\":\"https:\/\/franciscanos.org.br\/vidacrista\/#\/schema\/person\/image\/\",\"url\":\"https:\/\/secure.gravatar.com\/avatar\/e8495742d34d0ba6448ea1c628263b3e?s=96&d=mm&r=g\",\"contentUrl\":\"https:\/\/secure.gravatar.com\/avatar\/e8495742d34d0ba6448ea1c628263b3e?s=96&d=mm&r=g\",\"caption\":\"admin\"},\"url\":\"https:\/\/franciscanos.org.br\/vidacrista\/author\/admin\/\"}]}<\/script>\n<!-- \/ Yoast SEO plugin. -->","yoast_head_json":{"title":"Quem matar\u00e1 a sede de nossas gargantas? - Vida Crist\u00e3 - Franciscanos","robots":{"index":"index","follow":"follow","max-snippet":"max-snippet:-1","max-image-preview":"max-image-preview:large","max-video-preview":"max-video-preview:-1"},"canonical":"https:\/\/franciscanos.org.br\/vidacrista\/quem-matara-a-sede-de-nossas-gargantas\/","og_locale":"pt_BR","og_type":"article","og_title":"Quem matar\u00e1 a sede de nossas gargantas? - Vida Crist\u00e3 - Franciscanos","og_description":"Frei Almir Ribeiro Guimar\u00e3es","og_url":"https:\/\/franciscanos.org.br\/vidacrista\/quem-matara-a-sede-de-nossas-gargantas\/","og_site_name":"Vida Crist\u00e3 - Franciscanos","article_published_time":"2010-07-02T04:00:24+00:00","article_modified_time":"2019-03-02T14:27:06+00:00","og_image":[{"width":273,"height":181,"url":"https:\/\/franciscanos.org.br\/vidacrista\/wp-content\/uploads\/2010\/07\/sagrado_020710_1.jpg","type":"image\/jpeg"}],"author":"admin","twitter_card":"summary_large_image","twitter_misc":{"Escrito por":"admin","Est. tempo de leitura":"4 minutos"},"schema":{"@context":"https:\/\/schema.org","@graph":[{"@type":"WebSite","@id":"https:\/\/franciscanos.org.br\/vidacrista\/#website","url":"https:\/\/franciscanos.org.br\/vidacrista\/","name":"Vida Crist\u00e3 - Franciscanos","description":"Prov\u00edncia Franciscana da Imaculada Concei\u00e7\u00e3o do Brasil - Ordem dos Frades Menores","potentialAction":[{"@type":"SearchAction","target":{"@type":"EntryPoint","urlTemplate":"https:\/\/franciscanos.org.br\/vidacrista\/?s={search_term_string}"},"query-input":"required name=search_term_string"}],"inLanguage":"pt-BR"},{"@type":"WebPage","@id":"https:\/\/franciscanos.org.br\/vidacrista\/quem-matara-a-sede-de-nossas-gargantas\/","url":"https:\/\/franciscanos.org.br\/vidacrista\/quem-matara-a-sede-de-nossas-gargantas\/","name":"Quem matar\u00e1 a sede de nossas gargantas? - Vida Crist\u00e3 - Franciscanos","isPartOf":{"@id":"https:\/\/franciscanos.org.br\/vidacrista\/#website"},"datePublished":"2010-07-02T04:00:24+00:00","dateModified":"2019-03-02T14:27:06+00:00","author":{"@id":"https:\/\/franciscanos.org.br\/vidacrista\/#\/schema\/person\/133632ca93cec555316a35f76ab4153b"},"breadcrumb":{"@id":"https:\/\/franciscanos.org.br\/vidacrista\/quem-matara-a-sede-de-nossas-gargantas\/#breadcrumb"},"inLanguage":"pt-BR","potentialAction":[{"@type":"ReadAction","target":["https:\/\/franciscanos.org.br\/vidacrista\/quem-matara-a-sede-de-nossas-gargantas\/"]}]},{"@type":"BreadcrumbList","@id":"https:\/\/franciscanos.org.br\/vidacrista\/quem-matara-a-sede-de-nossas-gargantas\/#breadcrumb","itemListElement":[{"@type":"ListItem","position":1,"name":"Home","item":"https:\/\/franciscanos.org.br\/vidacrista\/"},{"@type":"ListItem","position":2,"name":"Quem matar\u00e1 a sede de nossas gargantas?"}]},{"@type":"Person","@id":"https:\/\/franciscanos.org.br\/vidacrista\/#\/schema\/person\/133632ca93cec555316a35f76ab4153b","name":"admin","image":{"@type":"ImageObject","inLanguage":"pt-BR","@id":"https:\/\/franciscanos.org.br\/vidacrista\/#\/schema\/person\/image\/","url":"https:\/\/secure.gravatar.com\/avatar\/e8495742d34d0ba6448ea1c628263b3e?s=96&d=mm&r=g","contentUrl":"https:\/\/secure.gravatar.com\/avatar\/e8495742d34d0ba6448ea1c628263b3e?s=96&d=mm&r=g","caption":"admin"},"url":"https:\/\/franciscanos.org.br\/vidacrista\/author\/admin\/"}]}},"_links":{"self":[{"href":"https:\/\/franciscanos.org.br\/vidacrista\/wp-json\/wp\/v2\/posts\/8389"}],"collection":[{"href":"https:\/\/franciscanos.org.br\/vidacrista\/wp-json\/wp\/v2\/posts"}],"about":[{"href":"https:\/\/franciscanos.org.br\/vidacrista\/wp-json\/wp\/v2\/types\/post"}],"author":[{"embeddable":true,"href":"https:\/\/franciscanos.org.br\/vidacrista\/wp-json\/wp\/v2\/users\/1"}],"replies":[{"embeddable":true,"href":"https:\/\/franciscanos.org.br\/vidacrista\/wp-json\/wp\/v2\/comments?post=8389"}],"version-history":[{"count":3,"href":"https:\/\/franciscanos.org.br\/vidacrista\/wp-json\/wp\/v2\/posts\/8389\/revisions"}],"predecessor-version":[{"id":178294,"href":"https:\/\/franciscanos.org.br\/vidacrista\/wp-json\/wp\/v2\/posts\/8389\/revisions\/178294"}],"wp:featuredmedia":[{"embeddable":true,"href":"https:\/\/franciscanos.org.br\/vidacrista\/wp-json\/wp\/v2\/media\/178293"}],"wp:attachment":[{"href":"https:\/\/franciscanos.org.br\/vidacrista\/wp-json\/wp\/v2\/media?parent=8389"}],"wp:term":[{"taxonomy":"category","embeddable":true,"href":"https:\/\/franciscanos.org.br\/vidacrista\/wp-json\/wp\/v2\/categories?post=8389"},{"taxonomy":"post_tag","embeddable":true,"href":"https:\/\/franciscanos.org.br\/vidacrista\/wp-json\/wp\/v2\/tags?post=8389"}],"curies":[{"name":"wp","href":"https:\/\/api.w.org\/{rel}","templated":true}]}}