{"id":8387,"date":"2010-06-04T01:00:14","date_gmt":"2010-06-04T04:00:14","guid":{"rendered":"http:\/\/new.franciscanos.org.br\/?p=8387"},"modified":"2020-05-22T10:07:32","modified_gmt":"2020-05-22T13:07:32","slug":"aquele-que-tem-os-bracos-estendidos","status":"publish","type":"post","link":"https:\/\/franciscanos.org.br\/vidacrista\/aquele-que-tem-os-bracos-estendidos\/","title":{"rendered":"Aquele que tem os bra\u00e7os estendidos"},"content":{"rendered":"<p align=\"left\"><em><a href=\"http:\/\/franciscanos.org.br\/wp-content\/uploads\/2010\/06\/1918_040412.jpg\"><img decoding=\"async\" loading=\"lazy\" class=\"alignright size-full wp-image-14852\" title=\"Sagrado Cora\u00e7\u00e3o de Jesus\" src=\"http:\/\/franciscanos.org.br\/wp-content\/uploads\/2010\/06\/1918_040412.jpg\" alt=\"\" width=\"350\" height=\"254\" \/><\/a>Manso Jesus, de cabe\u00e7a inclinada, morto. Manso, de bra\u00e7os estendidos. Manso com o lado aberto pela lan\u00e7a. Manso, com os p\u00e9s trespassados por um prego <\/em>(Das Medita\u00e7\u00f5es atribu\u00eddas a Santo Anselmo).<\/p>\n<p align=\"left\">O texto que abre essa nossa reflex\u00e3o nos fala daquele que tem o lado aberto pela lan\u00e7a e, desta forma, aponta para as riquezas do Cora\u00e7\u00e3o do Redentor. Nunca nos cansamos de refletir sobre o amor daquele que se entrega sem limites no alto da cruz, no abandono dos abandonos, na solid\u00e3o das solid\u00f5es. H\u00e1 um momento crucial: n\u00e3o tendo mais posi\u00e7\u00e3o no pat\u00edbulo, com os p\u00e9s trespassados por um s\u00f3 prego, Jesus olha o horizonte pr\u00f3ximo e distante. N\u00e3o v\u00ea claro muito longe porque seus olhos est\u00e3o turvados com a poeira, o suor e os escarros&#8230; N\u00e3o v\u00ea longe, mas est\u00e1 ali. Re\u00fane na mente e no cora\u00e7\u00e3o as melhores energias que tem e entrega-se ao Pai pelos seus. Ama de verdade, sem romantismo, sem lirismo. Ama valente e vigorosamente. Os devotos do Cora\u00e7\u00e3o de Jesus contemplando um amor t\u00e3o vigoroso querem amar na qualidade do amor do Mestre.<\/p>\n<p>O texto da medita\u00e7\u00e3o atribu\u00edda a Santo Anselmo diz que naquele momento, depois de ter feito a oferenda viva de si, Jesus est\u00e1 com a cabe\u00e7a inclinada. Sabemos que a morte n\u00e3o foi a \u00faltima palavra do Mestre. O Pai n\u00e3o deixou que assim fosse e por isso o arrancou da morte e fez dele o Senhor dos vivos e dos mortos. N\u00e3o somos fautores de uma espiritualidade sombria, escura, cinzenta. Somos filhos da manh\u00e3 da P\u00e1scoa, o que n\u00e3o nos impede de contemplar a cena final da vida daquele que \u00e9 vida de nossa vida.<\/p>\n<p>Aquele que tem a cabe\u00e7a inclinada \u00e9 o manso Jesus, o manso cordeiro, aquele que foi levado n\u00e3o para o deserto, mas para fora dos muros e que, com a obla\u00e7\u00e3o, se tornou o cordeiro querido que tira o pecado do mundo. Sabemos disso. Para que repetir? Porque estamos acostumados demais a n\u00e3o pensar no que significa dar a vida pelos seus e dar vida por cada um de n\u00f3s. A rotina e a repeti\u00e7\u00e3o autom\u00e1tica fazem com que sejamos criaturas sem fogo.<\/p>\n<p>Anselmo chama aten\u00e7\u00e3o para o Senhor dos bra\u00e7os estendidos. Quem tem os bra\u00e7os abertos quer acolher, est\u00e1 disposto ao abra\u00e7o, n\u00e3o coloca resist\u00eancia. Bel\u00edssimo ver uma crian\u00e7a que corre ao encontro do pai que chega do trabalho e que lhe abre os bra\u00e7os. Que beleza um tal abra\u00e7o! No aeroporto uma irm\u00e3, com os bra\u00e7os abertos, espera o irm\u00e3o que vem da guerra. A m\u00e3e que vai visitar o filho presidi\u00e1rio, depois da conversa, levanta-se abre os bra\u00e7os e aperta o filho junto do cora\u00e7\u00e3o. Os bra\u00e7os abertos convidam para a intimidade, constituem um sinal de perd\u00e3o. Os que abrem os bra\u00e7os para acolher os outros tamb\u00e9m querem um espa\u00e7o no cora\u00e7\u00e3o dos outros. O pai do pr\u00f3digo abra\u00e7a o filho e o cobre de beijos.<\/p>\n<p>A partir da morte e da ressurrei\u00e7\u00e3o do Senhor, o pecado do homem, suas loucuras, a satisfa\u00e7\u00e3o de seus desejos imediatos, o esquecimento daquele que \u00e9 belo, do Senhor, a tentativa de organizar a vida a partir de interesses pequenos podem ser cobertos pela miseric\u00f3rdia do Senhor.<\/p>\n<p>Aquele que tem a cabe\u00e7a inclinada, os bra\u00e7os estendidos, tem tamb\u00e9m o lado aberto. E do lado aberto do Senhor, do rochedo de seu peito, sa\u00edram dois pequenos filetes de \u00e1gua e de sangue. Lembramo-nos deste peito aberto quando as pessoas s\u00e3o batizadas. As \u00e1guas de nossos batist\u00e9rios s\u00e3o sacramentos do lado aberto. Lembramo-nos da sede de nossa gargantas. Dessa sede de plenitude, de amor sem limites. Lembramo-nos do c\u00e1lice que est\u00e1 sobre a toalha branca, c\u00e1lice e vinho, eles tamb\u00e9m, sacramentos desse bendito lado aberto.<\/p>\n<p>Aquele que est\u00e1 suspenso entre o c\u00e9u e a terra tem os p\u00e9s trespassados, mas corre velozmente, como Ressuscitado, batendo \u00e0 porta dos seus e esperando a festa da intimidade. O prego n\u00e3o impediu a corrida daquele que \u00e9 o Amado buscando o amor dos seus.<\/p>\n<p>Cora\u00e7\u00e3o aberto, janela do amor, fonte de vida, asilo dos que est\u00e3o cansados!<\/p>\n<p align=\"left\">Terminamos estas breves reflex\u00f5es retomando Santo Anselmo. \u201cTerno, com os bra\u00e7os estendidos!!! Estendendo os bra\u00e7os, manifesta que abra\u00e7os ele pr\u00f3prio deseja receber de n\u00f3s. Parece dizer: <em>V\u00f3s todos que estais cansados e carregados de fardos (<\/em>Mt 11, 28), vinde vos refazer em meus bra\u00e7os, com meus abra\u00e7os. Vede que eu estou preparado para vos reunir todos entre meus bra\u00e7os. Vinde, pois, todos. Que ningu\u00e9m tema ser repelido, pois n\u00e3o tenho prazer na morte do \u00edmpio, mas que mude de conduta e que viva (Ez 18,23). Minha alegria em estar com os filhos dos homens\u201d (Pr 8,31).<\/p>\n<p align=\"left\"><span style=\"text-decoration: underline;\"><em>Observa\u00e7\u00e3o<\/em><\/span><em>: As cita\u00e7\u00f5es de Santo Anselmo foram tiradas do Lecion\u00e1rio Mon\u00e1stico II, p. 453<\/em><\/p>\n","protected":false},"excerpt":{"rendered":"<p>Frei Almir Ribeiro Guimar\u00e3es<\/p>\n","protected":false},"author":1,"featured_media":184571,"comment_status":"closed","ping_status":"open","sticky":false,"template":"","format":"standard","meta":{"footnotes":""},"categories":[105],"tags":[106,112],"yoast_head":"<!-- This site is optimized with the Yoast SEO plugin v19.4 - https:\/\/yoast.com\/wordpress\/plugins\/seo\/ -->\n<title>Aquele que tem os bra\u00e7os estendidos - Vida Crist\u00e3 - Franciscanos<\/title>\n<meta name=\"robots\" content=\"index, follow, max-snippet:-1, max-image-preview:large, max-video-preview:-1\" \/>\n<link rel=\"canonical\" href=\"https:\/\/franciscanos.org.br\/vidacrista\/aquele-que-tem-os-bracos-estendidos\/\" \/>\n<meta property=\"og:locale\" content=\"pt_BR\" \/>\n<meta property=\"og:type\" content=\"article\" \/>\n<meta property=\"og:title\" content=\"Aquele que tem os bra\u00e7os estendidos - Vida Crist\u00e3 - Franciscanos\" \/>\n<meta property=\"og:description\" content=\"Frei Almir Ribeiro Guimar\u00e3es\" \/>\n<meta property=\"og:url\" content=\"https:\/\/franciscanos.org.br\/vidacrista\/aquele-que-tem-os-bracos-estendidos\/\" \/>\n<meta property=\"og:site_name\" content=\"Vida Crist\u00e3 - Franciscanos\" \/>\n<meta property=\"article:published_time\" content=\"2010-06-04T04:00:14+00:00\" \/>\n<meta property=\"article:modified_time\" content=\"2020-05-22T13:07:32+00:00\" \/>\n<meta property=\"og:image\" content=\"https:\/\/franciscanos.org.br\/vidacrista\/wp-content\/uploads\/2010\/06\/1918_040412.jpg\" \/>\n\t<meta property=\"og:image:width\" content=\"800\" \/>\n\t<meta property=\"og:image:height\" content=\"601\" \/>\n\t<meta property=\"og:image:type\" content=\"image\/jpeg\" \/>\n<meta name=\"author\" content=\"admin\" \/>\n<meta name=\"twitter:card\" content=\"summary_large_image\" \/>\n<meta name=\"twitter:label1\" content=\"Escrito por\" \/>\n\t<meta name=\"twitter:data1\" content=\"admin\" \/>\n\t<meta name=\"twitter:label2\" content=\"Est. tempo de leitura\" \/>\n\t<meta name=\"twitter:data2\" content=\"4 minutos\" \/>\n<script type=\"application\/ld+json\" class=\"yoast-schema-graph\">{\"@context\":\"https:\/\/schema.org\",\"@graph\":[{\"@type\":\"WebSite\",\"@id\":\"https:\/\/franciscanos.org.br\/vidacrista\/#website\",\"url\":\"https:\/\/franciscanos.org.br\/vidacrista\/\",\"name\":\"Vida Crist\u00e3 - Franciscanos\",\"description\":\"Prov\u00edncia Franciscana da Imaculada Concei\u00e7\u00e3o do Brasil - Ordem dos Frades Menores\",\"potentialAction\":[{\"@type\":\"SearchAction\",\"target\":{\"@type\":\"EntryPoint\",\"urlTemplate\":\"https:\/\/franciscanos.org.br\/vidacrista\/?s={search_term_string}\"},\"query-input\":\"required name=search_term_string\"}],\"inLanguage\":\"pt-BR\"},{\"@type\":\"WebPage\",\"@id\":\"https:\/\/franciscanos.org.br\/vidacrista\/aquele-que-tem-os-bracos-estendidos\/\",\"url\":\"https:\/\/franciscanos.org.br\/vidacrista\/aquele-que-tem-os-bracos-estendidos\/\",\"name\":\"Aquele que tem os bra\u00e7os estendidos - Vida Crist\u00e3 - Franciscanos\",\"isPartOf\":{\"@id\":\"https:\/\/franciscanos.org.br\/vidacrista\/#website\"},\"datePublished\":\"2010-06-04T04:00:14+00:00\",\"dateModified\":\"2020-05-22T13:07:32+00:00\",\"author\":{\"@id\":\"https:\/\/franciscanos.org.br\/vidacrista\/#\/schema\/person\/133632ca93cec555316a35f76ab4153b\"},\"breadcrumb\":{\"@id\":\"https:\/\/franciscanos.org.br\/vidacrista\/aquele-que-tem-os-bracos-estendidos\/#breadcrumb\"},\"inLanguage\":\"pt-BR\",\"potentialAction\":[{\"@type\":\"ReadAction\",\"target\":[\"https:\/\/franciscanos.org.br\/vidacrista\/aquele-que-tem-os-bracos-estendidos\/\"]}]},{\"@type\":\"BreadcrumbList\",\"@id\":\"https:\/\/franciscanos.org.br\/vidacrista\/aquele-que-tem-os-bracos-estendidos\/#breadcrumb\",\"itemListElement\":[{\"@type\":\"ListItem\",\"position\":1,\"name\":\"Home\",\"item\":\"https:\/\/franciscanos.org.br\/vidacrista\/\"},{\"@type\":\"ListItem\",\"position\":2,\"name\":\"Aquele que tem os bra\u00e7os estendidos\"}]},{\"@type\":\"Person\",\"@id\":\"https:\/\/franciscanos.org.br\/vidacrista\/#\/schema\/person\/133632ca93cec555316a35f76ab4153b\",\"name\":\"admin\",\"image\":{\"@type\":\"ImageObject\",\"inLanguage\":\"pt-BR\",\"@id\":\"https:\/\/franciscanos.org.br\/vidacrista\/#\/schema\/person\/image\/\",\"url\":\"https:\/\/secure.gravatar.com\/avatar\/e8495742d34d0ba6448ea1c628263b3e?s=96&d=mm&r=g\",\"contentUrl\":\"https:\/\/secure.gravatar.com\/avatar\/e8495742d34d0ba6448ea1c628263b3e?s=96&d=mm&r=g\",\"caption\":\"admin\"},\"url\":\"https:\/\/franciscanos.org.br\/vidacrista\/author\/admin\/\"}]}<\/script>\n<!-- \/ Yoast SEO plugin. -->","yoast_head_json":{"title":"Aquele que tem os bra\u00e7os estendidos - Vida Crist\u00e3 - Franciscanos","robots":{"index":"index","follow":"follow","max-snippet":"max-snippet:-1","max-image-preview":"max-image-preview:large","max-video-preview":"max-video-preview:-1"},"canonical":"https:\/\/franciscanos.org.br\/vidacrista\/aquele-que-tem-os-bracos-estendidos\/","og_locale":"pt_BR","og_type":"article","og_title":"Aquele que tem os bra\u00e7os estendidos - Vida Crist\u00e3 - Franciscanos","og_description":"Frei Almir Ribeiro Guimar\u00e3es","og_url":"https:\/\/franciscanos.org.br\/vidacrista\/aquele-que-tem-os-bracos-estendidos\/","og_site_name":"Vida Crist\u00e3 - Franciscanos","article_published_time":"2010-06-04T04:00:14+00:00","article_modified_time":"2020-05-22T13:07:32+00:00","og_image":[{"width":800,"height":601,"url":"https:\/\/franciscanos.org.br\/vidacrista\/wp-content\/uploads\/2010\/06\/1918_040412.jpg","type":"image\/jpeg"}],"author":"admin","twitter_card":"summary_large_image","twitter_misc":{"Escrito por":"admin","Est. tempo de leitura":"4 minutos"},"schema":{"@context":"https:\/\/schema.org","@graph":[{"@type":"WebSite","@id":"https:\/\/franciscanos.org.br\/vidacrista\/#website","url":"https:\/\/franciscanos.org.br\/vidacrista\/","name":"Vida Crist\u00e3 - Franciscanos","description":"Prov\u00edncia Franciscana da Imaculada Concei\u00e7\u00e3o do Brasil - Ordem dos Frades Menores","potentialAction":[{"@type":"SearchAction","target":{"@type":"EntryPoint","urlTemplate":"https:\/\/franciscanos.org.br\/vidacrista\/?s={search_term_string}"},"query-input":"required name=search_term_string"}],"inLanguage":"pt-BR"},{"@type":"WebPage","@id":"https:\/\/franciscanos.org.br\/vidacrista\/aquele-que-tem-os-bracos-estendidos\/","url":"https:\/\/franciscanos.org.br\/vidacrista\/aquele-que-tem-os-bracos-estendidos\/","name":"Aquele que tem os bra\u00e7os estendidos - Vida Crist\u00e3 - Franciscanos","isPartOf":{"@id":"https:\/\/franciscanos.org.br\/vidacrista\/#website"},"datePublished":"2010-06-04T04:00:14+00:00","dateModified":"2020-05-22T13:07:32+00:00","author":{"@id":"https:\/\/franciscanos.org.br\/vidacrista\/#\/schema\/person\/133632ca93cec555316a35f76ab4153b"},"breadcrumb":{"@id":"https:\/\/franciscanos.org.br\/vidacrista\/aquele-que-tem-os-bracos-estendidos\/#breadcrumb"},"inLanguage":"pt-BR","potentialAction":[{"@type":"ReadAction","target":["https:\/\/franciscanos.org.br\/vidacrista\/aquele-que-tem-os-bracos-estendidos\/"]}]},{"@type":"BreadcrumbList","@id":"https:\/\/franciscanos.org.br\/vidacrista\/aquele-que-tem-os-bracos-estendidos\/#breadcrumb","itemListElement":[{"@type":"ListItem","position":1,"name":"Home","item":"https:\/\/franciscanos.org.br\/vidacrista\/"},{"@type":"ListItem","position":2,"name":"Aquele que tem os bra\u00e7os estendidos"}]},{"@type":"Person","@id":"https:\/\/franciscanos.org.br\/vidacrista\/#\/schema\/person\/133632ca93cec555316a35f76ab4153b","name":"admin","image":{"@type":"ImageObject","inLanguage":"pt-BR","@id":"https:\/\/franciscanos.org.br\/vidacrista\/#\/schema\/person\/image\/","url":"https:\/\/secure.gravatar.com\/avatar\/e8495742d34d0ba6448ea1c628263b3e?s=96&d=mm&r=g","contentUrl":"https:\/\/secure.gravatar.com\/avatar\/e8495742d34d0ba6448ea1c628263b3e?s=96&d=mm&r=g","caption":"admin"},"url":"https:\/\/franciscanos.org.br\/vidacrista\/author\/admin\/"}]}},"_links":{"self":[{"href":"https:\/\/franciscanos.org.br\/vidacrista\/wp-json\/wp\/v2\/posts\/8387"}],"collection":[{"href":"https:\/\/franciscanos.org.br\/vidacrista\/wp-json\/wp\/v2\/posts"}],"about":[{"href":"https:\/\/franciscanos.org.br\/vidacrista\/wp-json\/wp\/v2\/types\/post"}],"author":[{"embeddable":true,"href":"https:\/\/franciscanos.org.br\/vidacrista\/wp-json\/wp\/v2\/users\/1"}],"replies":[{"embeddable":true,"href":"https:\/\/franciscanos.org.br\/vidacrista\/wp-json\/wp\/v2\/comments?post=8387"}],"version-history":[{"count":1,"href":"https:\/\/franciscanos.org.br\/vidacrista\/wp-json\/wp\/v2\/posts\/8387\/revisions"}],"predecessor-version":[{"id":178167,"href":"https:\/\/franciscanos.org.br\/vidacrista\/wp-json\/wp\/v2\/posts\/8387\/revisions\/178167"}],"wp:featuredmedia":[{"embeddable":true,"href":"https:\/\/franciscanos.org.br\/vidacrista\/wp-json\/wp\/v2\/media\/184571"}],"wp:attachment":[{"href":"https:\/\/franciscanos.org.br\/vidacrista\/wp-json\/wp\/v2\/media?parent=8387"}],"wp:term":[{"taxonomy":"category","embeddable":true,"href":"https:\/\/franciscanos.org.br\/vidacrista\/wp-json\/wp\/v2\/categories?post=8387"},{"taxonomy":"post_tag","embeddable":true,"href":"https:\/\/franciscanos.org.br\/vidacrista\/wp-json\/wp\/v2\/tags?post=8387"}],"curies":[{"name":"wp","href":"https:\/\/api.w.org\/{rel}","templated":true}]}}