{"id":8385,"date":"2010-05-07T01:00:17","date_gmt":"2010-05-07T04:00:17","guid":{"rendered":"http:\/\/new.franciscanos.org.br\/?p=8385"},"modified":"2020-05-29T09:45:55","modified_gmt":"2020-05-29T12:45:55","slug":"por-onde-anda-o-coracao","status":"publish","type":"post","link":"https:\/\/franciscanos.org.br\/vidacrista\/por-onde-anda-o-coracao\/","title":{"rendered":"Por onde anda o cora\u00e7\u00e3o?"},"content":{"rendered":"<p><strong><a href=\"http:\/\/franciscanos.org.br\/wp-content\/uploads\/2010\/05\/1920_040412.jpg\"><img decoding=\"async\" loading=\"lazy\" class=\"alignright size-full wp-image-14857\" title=\"Sagrado Cora\u00e7\u00e3o de Jesus\" src=\"http:\/\/franciscanos.org.br\/wp-content\/uploads\/2010\/05\/1920_040412.jpg\" alt=\"\" width=\"229\" height=\"337\" \/><\/a>1.\u00a0<\/strong>O nosso cora\u00e7\u00e3o e o cora\u00e7\u00e3o do Senhor? A\u00ed estamos n\u00f3s mergulhados na trama da vida. Corremos, lutamos, compramos, vendemos, rimos, choramos, solteiros, casados, padres e consagrados. H\u00e1 dias em que semeamos, outros que regamos, outros ainda em que colhemos. Dias luminosos e dias de escurid\u00e3o, sem saber para onde ir, sem vontade de levantar, sem sinal para onde olhar. E no af\u00e3 da vida vai batendo esse cora\u00e7\u00e3o dentro do peito. Por vezes colocamos a m\u00e3o do lado e vemos que ele anda agitado. Cora\u00e7\u00e3o de carne, cora\u00e7\u00e3o de m\u00fasculos? Sim, cora\u00e7\u00e3o de carne, mas tamb\u00e9m lugar secreto, mais \u00edntimo de n\u00f3s mesmos a partir de onde amamos, temos sede de plenitude e fazemos projetos de atingir as estrelas.<\/p>\n<p><strong>2.<\/strong> E nosso pensamento voa para longe, para muito longe, para um lugar onde um dia, h\u00e1 muitos anos, esteve suspenso o mais belo de todos os filhos dos homens, o filho da Virgem Maria. Ele tamb\u00e9m, n\u00e3o encontrando posi\u00e7\u00e3o no leito duro do madeiro da cruz, teve aceleradas as palpita\u00e7\u00f5es e seu cora\u00e7\u00e3o bate, bate muito. Cora\u00e7\u00e3o de carne, cora\u00e7\u00e3o de m\u00fasculo? Um cora\u00e7\u00e3o que batia de amor. H\u00e1 um momento em que ele se acalma. Quase no fim. Sempre se contorcendo, resolve cessar de fazer esfor\u00e7os. No mais \u00edntimo de si, no segredo mais secreto entrega tudo, vida, hist\u00f3ria, passado, presente, num dom cheio de amor. D\u00e1 a vida. Foi levando seus disc\u00edpulos por v\u00e1rios caminhos e nos colocou ali diante dele, de seu gesto de amor, humano e divino. Dom de si, dom do Filho da Virgem Maria, dom do Verbo encarnado. Num determinado momento n\u00e3o havia mais nada a fazer. Chega a hora do trespasse. E amando os seus que estavam no mundo, amou-os at\u00e9 o fim. Inclinando a cabe\u00e7a ele deu o seu esp\u00edrito ou deu o Esp\u00edrito com <em><span style=\"text-decoration: underline;\">e<\/span><\/em> mai\u00fasculo?<\/p>\n<p><strong>3.<\/strong> Por vezes, nesse viver, nos sentimos sozinhos, mergulhados em d\u00favidas, cansados de tanto caminhar. Estamos derramados nas coisas, errantes, vestidos de fantasia e cobertos de ilus\u00f5es. Buscamos amores que n\u00e3o satisfazem, aspiramos o perfume de todas as flores que por vezes nos entorpecem e paralisam nossos movimentos. Nosso cora\u00e7\u00e3o anda de um lado para o outro, errantemente, sem ningu\u00e9m que nos ame e sem ningu\u00e9m para amar. Agitados, sem calma, sem paz.<\/p>\n<p><strong>4.<\/strong> \u201cOnde encontrar repouso tranq\u00fcilo e firme seguran\u00e7a para os fracos a n\u00e3o ser nas chagas do Salvador? Ali permane\u00e7o tanto mais seguro,quanto mais poderoso \u00e9 ele para salvar. O mundo agita, o corpo dificulta, o dem\u00f4nio arma ciladas; mas n\u00e3o caio, porque estou fundado sobre a rocha firme\u201d (<em>S. Bernardo, L.Horas III, p. 106<\/em>).<\/p>\n<p><strong>5.<\/strong> Os disc\u00edpulos de Jesus fixam sua morada na intimidade do Cora\u00e7\u00e3o do Redentor. \u201cLevanta-te, pois, tu que amas Cristo, s\u00ea como a pomba que faz o seu ninho no rochedo (Jr 48,28). E a\u00ed, como o p\u00e1ssaro que encontrou sua morada, n\u00e3o cesses de estar vigilante: a\u00ed esconde com a andorinha os filhos nascidos do casto amor, a\u00ed aproxima teus l\u00e1bios para beber as \u00e1guas nas fontes do Salvador. Pois est\u00e1 \u00e9 a fonte que brota no meio do para\u00edso, e dividida em quatro rios, se derrama no cora\u00e7\u00e3o dos fi\u00e9is para irrigar e fecundar a terra inteira\u201d<em> (S\u00e3o Boaventura, Liturgia das Horas III, p. 571).<\/em><\/p>\n<p><strong>6.<\/strong> Cristo, do cora\u00e7\u00e3o aberto, tesouro de nossas vidas e \u00e1gua que mata a sede: \u201cQueres compreender mais profundamente os poder do sangue de Cristo? Repara de onde come\u00e7ou a correr e de que fonte brotou? Come\u00e7ou a brotar da pr\u00f3pria cruz, e a sua origem foi o lado do Senhor. Estando Jesus j\u00e1 morto e ainda pregado na cruz, diz o evangelista, um soldado aproximou-se, feriu-lhe o lado com uma lan\u00e7a, e imediatamente saiu \u00e1gua e sangue: a \u00e1gua como s\u00edmbolo do batismo; o sangue, como s\u00edmbolo da eucaristia. O soldado, traspassando-lhe o lado, abriu uma brecha na parede do templo santo, e eu encontrando um enorme tesouro, alegro-me por ter encontrado riquezas extraordin\u00e1rias\u201d <em>(S\u00e3o Jo\u00e3o Cris\u00f3stomo, Liturgia das Horas II, p., 416).<\/em><\/p>\n","protected":false},"excerpt":{"rendered":"<p>Frei Almir Ribeiro Guimar\u00e3es<\/p>\n","protected":false},"author":1,"featured_media":184987,"comment_status":"open","ping_status":"open","sticky":false,"template":"","format":"standard","meta":{"footnotes":""},"categories":[105],"tags":[106,112],"yoast_head":"<!-- This site is optimized with the Yoast SEO plugin v19.4 - https:\/\/yoast.com\/wordpress\/plugins\/seo\/ -->\n<title>Por onde anda o cora\u00e7\u00e3o? - Vida Crist\u00e3 - Franciscanos<\/title>\n<meta name=\"robots\" content=\"index, follow, max-snippet:-1, max-image-preview:large, max-video-preview:-1\" \/>\n<link rel=\"canonical\" href=\"https:\/\/franciscanos.org.br\/vidacrista\/por-onde-anda-o-coracao\/\" \/>\n<meta property=\"og:locale\" content=\"pt_BR\" \/>\n<meta property=\"og:type\" content=\"article\" \/>\n<meta property=\"og:title\" content=\"Por onde anda o cora\u00e7\u00e3o? - Vida Crist\u00e3 - Franciscanos\" \/>\n<meta property=\"og:description\" content=\"Frei Almir Ribeiro Guimar\u00e3es\" \/>\n<meta property=\"og:url\" content=\"https:\/\/franciscanos.org.br\/vidacrista\/por-onde-anda-o-coracao\/\" \/>\n<meta property=\"og:site_name\" content=\"Vida Crist\u00e3 - Franciscanos\" \/>\n<meta property=\"article:published_time\" content=\"2010-05-07T04:00:17+00:00\" \/>\n<meta property=\"article:modified_time\" content=\"2020-05-29T12:45:55+00:00\" \/>\n<meta property=\"og:image\" content=\"https:\/\/franciscanos.org.br\/vidacrista\/wp-content\/uploads\/2010\/05\/1920_040412.jpg\" \/>\n\t<meta property=\"og:image:width\" content=\"800\" \/>\n\t<meta property=\"og:image:height\" content=\"597\" \/>\n\t<meta property=\"og:image:type\" content=\"image\/jpeg\" \/>\n<meta name=\"author\" content=\"admin\" \/>\n<meta name=\"twitter:card\" content=\"summary_large_image\" \/>\n<meta name=\"twitter:label1\" content=\"Escrito por\" \/>\n\t<meta name=\"twitter:data1\" content=\"admin\" \/>\n\t<meta name=\"twitter:label2\" content=\"Est. tempo de leitura\" \/>\n\t<meta name=\"twitter:data2\" content=\"4 minutos\" \/>\n<script type=\"application\/ld+json\" class=\"yoast-schema-graph\">{\"@context\":\"https:\/\/schema.org\",\"@graph\":[{\"@type\":\"WebSite\",\"@id\":\"https:\/\/franciscanos.org.br\/vidacrista\/#website\",\"url\":\"https:\/\/franciscanos.org.br\/vidacrista\/\",\"name\":\"Vida Crist\u00e3 - Franciscanos\",\"description\":\"Prov\u00edncia Franciscana da Imaculada Concei\u00e7\u00e3o do Brasil - Ordem dos Frades Menores\",\"potentialAction\":[{\"@type\":\"SearchAction\",\"target\":{\"@type\":\"EntryPoint\",\"urlTemplate\":\"https:\/\/franciscanos.org.br\/vidacrista\/?s={search_term_string}\"},\"query-input\":\"required name=search_term_string\"}],\"inLanguage\":\"pt-BR\"},{\"@type\":\"WebPage\",\"@id\":\"https:\/\/franciscanos.org.br\/vidacrista\/por-onde-anda-o-coracao\/\",\"url\":\"https:\/\/franciscanos.org.br\/vidacrista\/por-onde-anda-o-coracao\/\",\"name\":\"Por onde anda o cora\u00e7\u00e3o? - Vida Crist\u00e3 - Franciscanos\",\"isPartOf\":{\"@id\":\"https:\/\/franciscanos.org.br\/vidacrista\/#website\"},\"datePublished\":\"2010-05-07T04:00:17+00:00\",\"dateModified\":\"2020-05-29T12:45:55+00:00\",\"author\":{\"@id\":\"https:\/\/franciscanos.org.br\/vidacrista\/#\/schema\/person\/133632ca93cec555316a35f76ab4153b\"},\"breadcrumb\":{\"@id\":\"https:\/\/franciscanos.org.br\/vidacrista\/por-onde-anda-o-coracao\/#breadcrumb\"},\"inLanguage\":\"pt-BR\",\"potentialAction\":[{\"@type\":\"ReadAction\",\"target\":[\"https:\/\/franciscanos.org.br\/vidacrista\/por-onde-anda-o-coracao\/\"]}]},{\"@type\":\"BreadcrumbList\",\"@id\":\"https:\/\/franciscanos.org.br\/vidacrista\/por-onde-anda-o-coracao\/#breadcrumb\",\"itemListElement\":[{\"@type\":\"ListItem\",\"position\":1,\"name\":\"Home\",\"item\":\"https:\/\/franciscanos.org.br\/vidacrista\/\"},{\"@type\":\"ListItem\",\"position\":2,\"name\":\"Por onde anda o cora\u00e7\u00e3o?\"}]},{\"@type\":\"Person\",\"@id\":\"https:\/\/franciscanos.org.br\/vidacrista\/#\/schema\/person\/133632ca93cec555316a35f76ab4153b\",\"name\":\"admin\",\"image\":{\"@type\":\"ImageObject\",\"inLanguage\":\"pt-BR\",\"@id\":\"https:\/\/franciscanos.org.br\/vidacrista\/#\/schema\/person\/image\/\",\"url\":\"https:\/\/secure.gravatar.com\/avatar\/e8495742d34d0ba6448ea1c628263b3e?s=96&d=mm&r=g\",\"contentUrl\":\"https:\/\/secure.gravatar.com\/avatar\/e8495742d34d0ba6448ea1c628263b3e?s=96&d=mm&r=g\",\"caption\":\"admin\"},\"url\":\"https:\/\/franciscanos.org.br\/vidacrista\/author\/admin\/\"}]}<\/script>\n<!-- \/ Yoast SEO plugin. -->","yoast_head_json":{"title":"Por onde anda o cora\u00e7\u00e3o? - Vida Crist\u00e3 - Franciscanos","robots":{"index":"index","follow":"follow","max-snippet":"max-snippet:-1","max-image-preview":"max-image-preview:large","max-video-preview":"max-video-preview:-1"},"canonical":"https:\/\/franciscanos.org.br\/vidacrista\/por-onde-anda-o-coracao\/","og_locale":"pt_BR","og_type":"article","og_title":"Por onde anda o cora\u00e7\u00e3o? - Vida Crist\u00e3 - Franciscanos","og_description":"Frei Almir Ribeiro Guimar\u00e3es","og_url":"https:\/\/franciscanos.org.br\/vidacrista\/por-onde-anda-o-coracao\/","og_site_name":"Vida Crist\u00e3 - Franciscanos","article_published_time":"2010-05-07T04:00:17+00:00","article_modified_time":"2020-05-29T12:45:55+00:00","og_image":[{"width":800,"height":597,"url":"https:\/\/franciscanos.org.br\/vidacrista\/wp-content\/uploads\/2010\/05\/1920_040412.jpg","type":"image\/jpeg"}],"author":"admin","twitter_card":"summary_large_image","twitter_misc":{"Escrito por":"admin","Est. tempo de leitura":"4 minutos"},"schema":{"@context":"https:\/\/schema.org","@graph":[{"@type":"WebSite","@id":"https:\/\/franciscanos.org.br\/vidacrista\/#website","url":"https:\/\/franciscanos.org.br\/vidacrista\/","name":"Vida Crist\u00e3 - Franciscanos","description":"Prov\u00edncia Franciscana da Imaculada Concei\u00e7\u00e3o do Brasil - Ordem dos Frades Menores","potentialAction":[{"@type":"SearchAction","target":{"@type":"EntryPoint","urlTemplate":"https:\/\/franciscanos.org.br\/vidacrista\/?s={search_term_string}"},"query-input":"required name=search_term_string"}],"inLanguage":"pt-BR"},{"@type":"WebPage","@id":"https:\/\/franciscanos.org.br\/vidacrista\/por-onde-anda-o-coracao\/","url":"https:\/\/franciscanos.org.br\/vidacrista\/por-onde-anda-o-coracao\/","name":"Por onde anda o cora\u00e7\u00e3o? - Vida Crist\u00e3 - Franciscanos","isPartOf":{"@id":"https:\/\/franciscanos.org.br\/vidacrista\/#website"},"datePublished":"2010-05-07T04:00:17+00:00","dateModified":"2020-05-29T12:45:55+00:00","author":{"@id":"https:\/\/franciscanos.org.br\/vidacrista\/#\/schema\/person\/133632ca93cec555316a35f76ab4153b"},"breadcrumb":{"@id":"https:\/\/franciscanos.org.br\/vidacrista\/por-onde-anda-o-coracao\/#breadcrumb"},"inLanguage":"pt-BR","potentialAction":[{"@type":"ReadAction","target":["https:\/\/franciscanos.org.br\/vidacrista\/por-onde-anda-o-coracao\/"]}]},{"@type":"BreadcrumbList","@id":"https:\/\/franciscanos.org.br\/vidacrista\/por-onde-anda-o-coracao\/#breadcrumb","itemListElement":[{"@type":"ListItem","position":1,"name":"Home","item":"https:\/\/franciscanos.org.br\/vidacrista\/"},{"@type":"ListItem","position":2,"name":"Por onde anda o cora\u00e7\u00e3o?"}]},{"@type":"Person","@id":"https:\/\/franciscanos.org.br\/vidacrista\/#\/schema\/person\/133632ca93cec555316a35f76ab4153b","name":"admin","image":{"@type":"ImageObject","inLanguage":"pt-BR","@id":"https:\/\/franciscanos.org.br\/vidacrista\/#\/schema\/person\/image\/","url":"https:\/\/secure.gravatar.com\/avatar\/e8495742d34d0ba6448ea1c628263b3e?s=96&d=mm&r=g","contentUrl":"https:\/\/secure.gravatar.com\/avatar\/e8495742d34d0ba6448ea1c628263b3e?s=96&d=mm&r=g","caption":"admin"},"url":"https:\/\/franciscanos.org.br\/vidacrista\/author\/admin\/"}]}},"_links":{"self":[{"href":"https:\/\/franciscanos.org.br\/vidacrista\/wp-json\/wp\/v2\/posts\/8385"}],"collection":[{"href":"https:\/\/franciscanos.org.br\/vidacrista\/wp-json\/wp\/v2\/posts"}],"about":[{"href":"https:\/\/franciscanos.org.br\/vidacrista\/wp-json\/wp\/v2\/types\/post"}],"author":[{"embeddable":true,"href":"https:\/\/franciscanos.org.br\/vidacrista\/wp-json\/wp\/v2\/users\/1"}],"replies":[{"embeddable":true,"href":"https:\/\/franciscanos.org.br\/vidacrista\/wp-json\/wp\/v2\/comments?post=8385"}],"version-history":[{"count":1,"href":"https:\/\/franciscanos.org.br\/vidacrista\/wp-json\/wp\/v2\/posts\/8385\/revisions"}],"predecessor-version":[{"id":178060,"href":"https:\/\/franciscanos.org.br\/vidacrista\/wp-json\/wp\/v2\/posts\/8385\/revisions\/178060"}],"wp:featuredmedia":[{"embeddable":true,"href":"https:\/\/franciscanos.org.br\/vidacrista\/wp-json\/wp\/v2\/media\/184987"}],"wp:attachment":[{"href":"https:\/\/franciscanos.org.br\/vidacrista\/wp-json\/wp\/v2\/media?parent=8385"}],"wp:term":[{"taxonomy":"category","embeddable":true,"href":"https:\/\/franciscanos.org.br\/vidacrista\/wp-json\/wp\/v2\/categories?post=8385"},{"taxonomy":"post_tag","embeddable":true,"href":"https:\/\/franciscanos.org.br\/vidacrista\/wp-json\/wp\/v2\/tags?post=8385"}],"curies":[{"name":"wp","href":"https:\/\/api.w.org\/{rel}","templated":true}]}}