{"id":8382,"date":"2010-04-02T01:00:14","date_gmt":"2010-04-02T04:00:14","guid":{"rendered":"http:\/\/new.franciscanos.org.br\/?p=8382"},"modified":"2020-05-22T12:58:58","modified_gmt":"2020-05-22T15:58:58","slug":"abeirando-nos-da-fonte-da-vida","status":"publish","type":"post","link":"https:\/\/franciscanos.org.br\/vidacrista\/abeirando-nos-da-fonte-da-vida\/","title":{"rendered":"Abeirando-nos da fonte da vida"},"content":{"rendered":"<p align=\"left\"><em><a href=\"http:\/\/franciscanos.org.br\/wp-content\/uploads\/2010\/04\/1922_040412.jpg\"><img decoding=\"async\" loading=\"lazy\" class=\"alignright size-full wp-image-14860\" title=\"Sagrado Cora\u00e7\u00e3o de Jesus\" src=\"http:\/\/franciscanos.org.br\/wp-content\/uploads\/2010\/04\/1922_040412.jpg\" alt=\"\" width=\"300\" height=\"426\" \/><\/a>O amor de Cristo nos constrange, considerando que, se um morreu por todos, logo todos morreram. Ele morreu por todos para que os que vivem j\u00e1 n\u00e3o vivam para si, mas para aquele que por eles morreu e ressuscitou (2Cor 5,14-15)<\/em><\/p>\n<p>Ressoam ainda em nossos ouvidos as leituras b\u00edblicas e patr\u00edsticas que nos colocavam no alto do Calv\u00e1rio na quaresma e nesta semana santa. Ali, na colina da dor e do amor, o mais belo de todos os filhos dos homens dava a vida pela vida dos homens. Estamos envolvidos no mist\u00e9rio da morte e ressurrei\u00e7\u00e3o do Senhor. N\u00e3o o contemplamos do exterior. Paulo nos exorta a que n\u00e3o vivamos para n\u00f3s, mas para aquele que por n\u00f3s morreu e ressuscitou. Jo\u00e3o, no evangelho desta sexta-feira das dores falava do Cora\u00e7\u00e3o de Jesus. Um soldado, depois da morte, toca o peito do Mestre com a lan\u00e7a. Do corpo crucificado de Cristo jorra a torrente vivificante; a \u00e1gua que o Esp\u00edrito dado aos que cr\u00eaem nele, a \u00e1gua que se algu\u00e9m beber jamais ter\u00e1 sede de novo.<br \/>\n<em><strong><br \/>\n1.<\/strong> Quando eu for elevado da terra, atrairei todos a mim<\/em> (Jo 12,32). Com efeito, se o Senhor atrairia a si pela cruz, sobre a qual deveria ser elevado, assim tamb\u00e9m \u00e9 pela humildade, a paci\u00eancia e o amor que deveria atrair todos os homens: pois, como ele sofreu, assim deveremos segui-lo na medida de nossas for\u00e7as deixando-nos igualmente prender, amarrar e condenar espiritualmente (<em>Serm\u00f5es de Jo\u00e3o Tauler, Lecion\u00e1rio Mon\u00e1stico II, p. 447<\/em>).<\/p>\n<p><em><strong>2.<\/strong><\/em> Santo Anselmo n\u00e3o encontra palavras adequadas para descrever o amor do Amado: \u201cTerno, com os bra\u00e7os estendidos. Estendendo os bra\u00e7os, manifesta que abra\u00e7os ele pr\u00f3prio deseja receber de n\u00f3s. Parece dizer: <em>V\u00f3s todos que estais cansados e carregados de fardos <\/em>(Mt 11, 28), vinde vos refazer em meus bra\u00e7os, com meus abra\u00e7os. Vinde, pois, todos. Que ningu\u00e9m tema ser repelido, pois n\u00e3o tenho prazer na morte do \u00edmpio, mas que mude de conduta e viva (Ez 18,23)<em>. Minha alegria \u00e9 estar com os filhos dos homens<\/em> (Pr 8,31).<\/p>\n<p><em><strong>3.<\/strong><\/em> S\u00e3o Boaventura se extasia diante da fonte que esteve diante de nossos olhos na sexta-feira das dores: \u201cAcorre com vivo desejo a esta fonte de vida e de luz, quem quer que sejas, o alma consagrada a Deus e exclama com todas as for\u00e7as do teu cora\u00e7\u00e3o. \u00d3 inef\u00e1vel beleza do Deus alt\u00edssimo e pur\u00edssimos esplendor da luz eterna, vida que vivifica toda vida, luz que ilumina toda luz e conserva em perp\u00e9tuo esplendor a multid\u00e3o dos astros, que desde a primeira aurora resplandecem diante da vossa divindade. \u00d3 eterno e inacess\u00edvel, brilhante e suave manancial daquela fonte oculta aos olhos de todos os mortais! Sois profundidade infinita, altura sem limite, amplid\u00e3o sem medida, pureza sem mancha! De ti procede o rio que <em>vem trazer alegria \u00e0 cidade de Deus<\/em>(Sl 45,5), para que <em>entre vozes de j\u00fabilo e de contentamento<\/em> ( cf. Sl 41,5)possamos cantar hinos de louvor ao vosso nome, sabendo por experi\u00eancia que <em>em v\u00f3s est\u00e1 a fonte da vida, e em vossa luz comtemplamos a luz<\/em> (Sl 35,10) (<em>Liturgia das Horas III, p.572).<\/em><\/p>\n<p><em><strong>4.<\/strong><\/em> Damos, por fim, a palavra a Jo\u00e3o Cris\u00f3stomo: \u201c<em>Do seu lado saiu sangue e \u00e1gua<\/em> (Jo 19,34). N\u00e3o quero, querido ouvinte, que trates com superficialidade o segredo de t\u00e3o grande mist\u00e9rio. Falta-me ainda explicar-te outros significado m\u00edstico e profundo. Disse que essa \u00e1gua e esse sangue s\u00e3o s\u00edmbolos do batismo e da eucaristia. Foi desses sacramentos que nasceu a santa Igreja, pelo banho da regenera\u00e7\u00e3o e pela renova\u00e7\u00e3o do Esp\u00edrito Santo , isto \u00e9, pelo batismo e pela eucaristia que brotaram do lado de Cristo. Pois o Cristo formou a Igreja de seu lado traspassado, assim como do lado de Ad\u00e3o foi formada Eva, sua esposa\u201d (<em>Lecion\u00e1rio Mon\u00e1stico II, p. 580).<\/em><\/p>\n<p>Durante o tempo pascal, prel\u00fadio da eternidade, abeiramo-nos da fonte da vida.<\/p>\n","protected":false},"excerpt":{"rendered":"<p>Frei Almir Ribeiro Guimar\u00e3es<\/p>\n","protected":false},"author":1,"featured_media":184650,"comment_status":"open","ping_status":"open","sticky":false,"template":"","format":"standard","meta":{"footnotes":""},"categories":[105],"tags":[106,112],"yoast_head":"<!-- This site is optimized with the Yoast SEO plugin v19.4 - https:\/\/yoast.com\/wordpress\/plugins\/seo\/ -->\n<title>Abeirando-nos da fonte da vida - Vida Crist\u00e3 - Franciscanos<\/title>\n<meta name=\"robots\" content=\"index, follow, max-snippet:-1, max-image-preview:large, max-video-preview:-1\" \/>\n<link rel=\"canonical\" href=\"https:\/\/franciscanos.org.br\/vidacrista\/abeirando-nos-da-fonte-da-vida\/\" \/>\n<meta property=\"og:locale\" content=\"pt_BR\" \/>\n<meta property=\"og:type\" content=\"article\" \/>\n<meta property=\"og:title\" content=\"Abeirando-nos da fonte da vida - Vida Crist\u00e3 - Franciscanos\" \/>\n<meta property=\"og:description\" content=\"Frei Almir Ribeiro Guimar\u00e3es\" \/>\n<meta property=\"og:url\" content=\"https:\/\/franciscanos.org.br\/vidacrista\/abeirando-nos-da-fonte-da-vida\/\" \/>\n<meta property=\"og:site_name\" content=\"Vida Crist\u00e3 - Franciscanos\" \/>\n<meta property=\"article:published_time\" content=\"2010-04-02T04:00:14+00:00\" \/>\n<meta property=\"article:modified_time\" content=\"2020-05-22T15:58:58+00:00\" \/>\n<meta property=\"og:image\" content=\"https:\/\/franciscanos.org.br\/vidacrista\/wp-content\/uploads\/2010\/04\/1922_040412.jpg\" \/>\n\t<meta property=\"og:image:width\" content=\"800\" \/>\n\t<meta property=\"og:image:height\" content=\"600\" \/>\n\t<meta property=\"og:image:type\" content=\"image\/jpeg\" \/>\n<meta name=\"author\" content=\"admin\" \/>\n<meta name=\"twitter:card\" content=\"summary_large_image\" \/>\n<meta name=\"twitter:label1\" content=\"Escrito por\" \/>\n\t<meta name=\"twitter:data1\" content=\"admin\" \/>\n\t<meta name=\"twitter:label2\" content=\"Est. tempo de leitura\" \/>\n\t<meta name=\"twitter:data2\" content=\"3 minutos\" \/>\n<script type=\"application\/ld+json\" class=\"yoast-schema-graph\">{\"@context\":\"https:\/\/schema.org\",\"@graph\":[{\"@type\":\"WebSite\",\"@id\":\"https:\/\/franciscanos.org.br\/vidacrista\/#website\",\"url\":\"https:\/\/franciscanos.org.br\/vidacrista\/\",\"name\":\"Vida Crist\u00e3 - Franciscanos\",\"description\":\"Prov\u00edncia Franciscana da Imaculada Concei\u00e7\u00e3o do Brasil - Ordem dos Frades Menores\",\"potentialAction\":[{\"@type\":\"SearchAction\",\"target\":{\"@type\":\"EntryPoint\",\"urlTemplate\":\"https:\/\/franciscanos.org.br\/vidacrista\/?s={search_term_string}\"},\"query-input\":\"required name=search_term_string\"}],\"inLanguage\":\"pt-BR\"},{\"@type\":\"WebPage\",\"@id\":\"https:\/\/franciscanos.org.br\/vidacrista\/abeirando-nos-da-fonte-da-vida\/\",\"url\":\"https:\/\/franciscanos.org.br\/vidacrista\/abeirando-nos-da-fonte-da-vida\/\",\"name\":\"Abeirando-nos da fonte da vida - Vida Crist\u00e3 - Franciscanos\",\"isPartOf\":{\"@id\":\"https:\/\/franciscanos.org.br\/vidacrista\/#website\"},\"datePublished\":\"2010-04-02T04:00:14+00:00\",\"dateModified\":\"2020-05-22T15:58:58+00:00\",\"author\":{\"@id\":\"https:\/\/franciscanos.org.br\/vidacrista\/#\/schema\/person\/133632ca93cec555316a35f76ab4153b\"},\"breadcrumb\":{\"@id\":\"https:\/\/franciscanos.org.br\/vidacrista\/abeirando-nos-da-fonte-da-vida\/#breadcrumb\"},\"inLanguage\":\"pt-BR\",\"potentialAction\":[{\"@type\":\"ReadAction\",\"target\":[\"https:\/\/franciscanos.org.br\/vidacrista\/abeirando-nos-da-fonte-da-vida\/\"]}]},{\"@type\":\"BreadcrumbList\",\"@id\":\"https:\/\/franciscanos.org.br\/vidacrista\/abeirando-nos-da-fonte-da-vida\/#breadcrumb\",\"itemListElement\":[{\"@type\":\"ListItem\",\"position\":1,\"name\":\"Home\",\"item\":\"https:\/\/franciscanos.org.br\/vidacrista\/\"},{\"@type\":\"ListItem\",\"position\":2,\"name\":\"Abeirando-nos da fonte da vida\"}]},{\"@type\":\"Person\",\"@id\":\"https:\/\/franciscanos.org.br\/vidacrista\/#\/schema\/person\/133632ca93cec555316a35f76ab4153b\",\"name\":\"admin\",\"image\":{\"@type\":\"ImageObject\",\"inLanguage\":\"pt-BR\",\"@id\":\"https:\/\/franciscanos.org.br\/vidacrista\/#\/schema\/person\/image\/\",\"url\":\"https:\/\/secure.gravatar.com\/avatar\/e8495742d34d0ba6448ea1c628263b3e?s=96&d=mm&r=g\",\"contentUrl\":\"https:\/\/secure.gravatar.com\/avatar\/e8495742d34d0ba6448ea1c628263b3e?s=96&d=mm&r=g\",\"caption\":\"admin\"},\"url\":\"https:\/\/franciscanos.org.br\/vidacrista\/author\/admin\/\"}]}<\/script>\n<!-- \/ Yoast SEO plugin. -->","yoast_head_json":{"title":"Abeirando-nos da fonte da vida - Vida Crist\u00e3 - Franciscanos","robots":{"index":"index","follow":"follow","max-snippet":"max-snippet:-1","max-image-preview":"max-image-preview:large","max-video-preview":"max-video-preview:-1"},"canonical":"https:\/\/franciscanos.org.br\/vidacrista\/abeirando-nos-da-fonte-da-vida\/","og_locale":"pt_BR","og_type":"article","og_title":"Abeirando-nos da fonte da vida - Vida Crist\u00e3 - Franciscanos","og_description":"Frei Almir Ribeiro Guimar\u00e3es","og_url":"https:\/\/franciscanos.org.br\/vidacrista\/abeirando-nos-da-fonte-da-vida\/","og_site_name":"Vida Crist\u00e3 - Franciscanos","article_published_time":"2010-04-02T04:00:14+00:00","article_modified_time":"2020-05-22T15:58:58+00:00","og_image":[{"width":800,"height":600,"url":"https:\/\/franciscanos.org.br\/vidacrista\/wp-content\/uploads\/2010\/04\/1922_040412.jpg","type":"image\/jpeg"}],"author":"admin","twitter_card":"summary_large_image","twitter_misc":{"Escrito por":"admin","Est. tempo de leitura":"3 minutos"},"schema":{"@context":"https:\/\/schema.org","@graph":[{"@type":"WebSite","@id":"https:\/\/franciscanos.org.br\/vidacrista\/#website","url":"https:\/\/franciscanos.org.br\/vidacrista\/","name":"Vida Crist\u00e3 - Franciscanos","description":"Prov\u00edncia Franciscana da Imaculada Concei\u00e7\u00e3o do Brasil - Ordem dos Frades Menores","potentialAction":[{"@type":"SearchAction","target":{"@type":"EntryPoint","urlTemplate":"https:\/\/franciscanos.org.br\/vidacrista\/?s={search_term_string}"},"query-input":"required name=search_term_string"}],"inLanguage":"pt-BR"},{"@type":"WebPage","@id":"https:\/\/franciscanos.org.br\/vidacrista\/abeirando-nos-da-fonte-da-vida\/","url":"https:\/\/franciscanos.org.br\/vidacrista\/abeirando-nos-da-fonte-da-vida\/","name":"Abeirando-nos da fonte da vida - Vida Crist\u00e3 - Franciscanos","isPartOf":{"@id":"https:\/\/franciscanos.org.br\/vidacrista\/#website"},"datePublished":"2010-04-02T04:00:14+00:00","dateModified":"2020-05-22T15:58:58+00:00","author":{"@id":"https:\/\/franciscanos.org.br\/vidacrista\/#\/schema\/person\/133632ca93cec555316a35f76ab4153b"},"breadcrumb":{"@id":"https:\/\/franciscanos.org.br\/vidacrista\/abeirando-nos-da-fonte-da-vida\/#breadcrumb"},"inLanguage":"pt-BR","potentialAction":[{"@type":"ReadAction","target":["https:\/\/franciscanos.org.br\/vidacrista\/abeirando-nos-da-fonte-da-vida\/"]}]},{"@type":"BreadcrumbList","@id":"https:\/\/franciscanos.org.br\/vidacrista\/abeirando-nos-da-fonte-da-vida\/#breadcrumb","itemListElement":[{"@type":"ListItem","position":1,"name":"Home","item":"https:\/\/franciscanos.org.br\/vidacrista\/"},{"@type":"ListItem","position":2,"name":"Abeirando-nos da fonte da vida"}]},{"@type":"Person","@id":"https:\/\/franciscanos.org.br\/vidacrista\/#\/schema\/person\/133632ca93cec555316a35f76ab4153b","name":"admin","image":{"@type":"ImageObject","inLanguage":"pt-BR","@id":"https:\/\/franciscanos.org.br\/vidacrista\/#\/schema\/person\/image\/","url":"https:\/\/secure.gravatar.com\/avatar\/e8495742d34d0ba6448ea1c628263b3e?s=96&d=mm&r=g","contentUrl":"https:\/\/secure.gravatar.com\/avatar\/e8495742d34d0ba6448ea1c628263b3e?s=96&d=mm&r=g","caption":"admin"},"url":"https:\/\/franciscanos.org.br\/vidacrista\/author\/admin\/"}]}},"_links":{"self":[{"href":"https:\/\/franciscanos.org.br\/vidacrista\/wp-json\/wp\/v2\/posts\/8382"}],"collection":[{"href":"https:\/\/franciscanos.org.br\/vidacrista\/wp-json\/wp\/v2\/posts"}],"about":[{"href":"https:\/\/franciscanos.org.br\/vidacrista\/wp-json\/wp\/v2\/types\/post"}],"author":[{"embeddable":true,"href":"https:\/\/franciscanos.org.br\/vidacrista\/wp-json\/wp\/v2\/users\/1"}],"replies":[{"embeddable":true,"href":"https:\/\/franciscanos.org.br\/vidacrista\/wp-json\/wp\/v2\/comments?post=8382"}],"version-history":[{"count":1,"href":"https:\/\/franciscanos.org.br\/vidacrista\/wp-json\/wp\/v2\/posts\/8382\/revisions"}],"predecessor-version":[{"id":178034,"href":"https:\/\/franciscanos.org.br\/vidacrista\/wp-json\/wp\/v2\/posts\/8382\/revisions\/178034"}],"wp:featuredmedia":[{"embeddable":true,"href":"https:\/\/franciscanos.org.br\/vidacrista\/wp-json\/wp\/v2\/media\/184650"}],"wp:attachment":[{"href":"https:\/\/franciscanos.org.br\/vidacrista\/wp-json\/wp\/v2\/media?parent=8382"}],"wp:term":[{"taxonomy":"category","embeddable":true,"href":"https:\/\/franciscanos.org.br\/vidacrista\/wp-json\/wp\/v2\/categories?post=8382"},{"taxonomy":"post_tag","embeddable":true,"href":"https:\/\/franciscanos.org.br\/vidacrista\/wp-json\/wp\/v2\/tags?post=8382"}],"curies":[{"name":"wp","href":"https:\/\/api.w.org\/{rel}","templated":true}]}}