{"id":8380,"date":"2010-03-05T01:00:07","date_gmt":"2010-03-05T04:00:07","guid":{"rendered":"http:\/\/new.franciscanos.org.br\/?p=8380"},"modified":"2020-05-29T08:47:59","modified_gmt":"2020-05-29T11:47:59","slug":"na-morada-do-coracao","status":"publish","type":"post","link":"https:\/\/franciscanos.org.br\/vidacrista\/na-morada-do-coracao\/","title":{"rendered":"Na morada do cora\u00e7\u00e3o"},"content":{"rendered":"<p align=\"left\"><em><img decoding=\"async\" loading=\"lazy\" class=\"size-medium wp-image-178090 alignright\" src=\"https:\/\/franciscanos.org.br\/vidacrista\/wp-content\/uploads\/2010\/03\/sagrado_050310_1-356x450.jpg\" alt=\"\" width=\"356\" height=\"450\" srcset=\"https:\/\/franciscanos.org.br\/vidacrista\/wp-content\/uploads\/2010\/03\/sagrado_050310_1-356x450.jpg 356w, https:\/\/franciscanos.org.br\/vidacrista\/wp-content\/uploads\/2010\/03\/sagrado_050310_1-150x189.jpg 150w, https:\/\/franciscanos.org.br\/vidacrista\/wp-content\/uploads\/2010\/03\/sagrado_050310_1.jpg 640w\" sizes=\"(max-width: 356px) 100vw, 356px\" \/>O Senhor nos acolheu em seu rega\u00e7o e Cora\u00e7\u00e3o, fiel ao seu amor<\/em>. (Ant\u00edfona do Benedictus da Solenidade do Cora\u00e7\u00e3o de Jesus)<\/p>\n<p><strong>1. <\/strong>Sempre de novo os crist\u00e3os s\u00e3o convidados a viver profundamente unidos a Cristo. Ao longo de nossa vida o Ressuscitado vai nos tocando, sempre chamando nossa aten\u00e7\u00e3o para sua presen\u00e7a e fazendo com que nos lembremos das ternuras que ele nos manifestou durante a sua vida terrena. Os grandes m\u00edsticos sempre olharam para o Cora\u00e7\u00e3o do Mestre como um abismo de gra\u00e7a e de b\u00ean\u00e7\u00e3os. Frei Tiago de Mil\u00e3o, frade menor, talvez de maneira um pouco afetada para nosso gosto, descreve seu encantamento com o cora\u00e7\u00e3o do Senhor no alto da cruz. O texto que temos diante de nossos olhos \u00e9 uma tradu\u00e7\u00e3o de Fr. Urbano Plenz, falecido h\u00e1 poucos anos, texto que apareceu nos <em>Cadernos Franciscanos<\/em> de Belo Horizonte (1984, n.4).<\/p>\n<p><strong>2. <\/strong>\u201c\u00d3 morte am\u00e1vel, \u00f3 morte deliciosa! Quem me dera ter estado no lugar desta cruz, pregado junto do Cristo com minhas m\u00e3os e meus p\u00e9s. Eu teria certamente dito a Jos\u00e9 de Arimat\u00e9ia: <em>N\u00e3o o tires de mim, p\u00f5e-me junto dele na sepultura. N\u00e3o quero mais ficar separado dele<\/em>. Uma vez que n\u00e3o posso agir assim com meu corpo, quero, pelo menos, faz\u00ea-lo com o meu cora\u00e7\u00e3o\u201d. &#8211; Aquele que sente tocado pelo amor de Cristo quer ficar unido ao Amado. Paulo, o Ap\u00f3stolo, dizia-se pregado na cruz com Cristo. Na medida em que uma pessoa vai fazendo, no plano da f\u00e9, uma experi\u00eancia de conviv\u00eancia com Cristo ( vida de ora\u00e7\u00e3o e medita\u00e7\u00e3o, participa\u00e7\u00e3o profunda na eucaristia di\u00e1ria, intui\u00e7\u00f5es e gra\u00e7as peculiares) sente-se como que una com Cristo. Numa figura liter\u00e1ria bela Tiago pede a Jos\u00e9 de Arimateia n\u00e3o o prive do corpo do Senhor. Lembra um pouco Madalena que fala com o jardineiro: \u201cRoubaram o meu Senhor, onde o puseram?\u201d.<\/p>\n<p><strong>3. <\/strong>\u201c\u00c9 bom ficar com ele. Nele eu vou fazer tr\u00eas tendas: uma em suas m\u00e3os, outra em seus p\u00e9s, e uma terceira, permanente, em seu lado. L\u00e1 eu quero descansar e dormir, comer e beber, ler e rezar. L\u00e1 falarei ao seu Cora\u00e7\u00e3o e tudo dele receberei\u201d. A maneira como o m\u00edstico fala lembra a cena da Transfigura\u00e7\u00e3o: Pedro queria fazer tr\u00eas tendas, uma para Jesus, outra para Mois\u00e9s e uma terceira para Elias. Estamos em pleno clima de m\u00edstica. Permanecer, ficar s\u00e3o verbos que exprimem vontade de perpetuar uma experi\u00eancia, no caso presente, experi\u00eancia da proximidade de Deus que em Cristo tem seu peito aberto. Frei Tiago fala de uma s\u00e9rie atividades que quer exercer nessas tendas. N\u00e3o estaria ele descrevendo, de alguma forma, o esp\u00edrito da contempla\u00e7\u00e3o ou mesmo da Regra de S\u00e3o Francisco para os eremit\u00e9rios? Uma vida s\u00f3 para Deus: rezar, ler, comer, descansar&#8230;<\/p>\n<p><strong>4. <\/strong>Vem ent\u00e3o desenvolvida a id\u00e9ia da casa, da morada. O m\u00edstico n\u00e3o quer mais abandonar Cristo: \u201c\u00c9 l\u00e1 que eu moro;l\u00e1 me alimento da comida que ele come, e l\u00e1 me embriago com a sua bebida;l\u00e1 experimentarei uma t\u00e3o grande do\u00e7ura que nem d\u00e1 para explicar\u201d. <em>Morar com<\/em> significa intimidade. Ele, aquele que a alma ama, tem como alimento fazer a vontade do Pai. Em Cristo, fazendo a vontade do Pai, quem ama tem o mais s\u00f3lido e indispens\u00e1vel alimento. A bebida pode lembrar o vinho\/sangue na Eucaristia, sangue\/vinho derramado para a vida do mundo. Frei Tiago n\u00e3o encontra palavras para descrever o que pensa e o que vive ou o que deseja viver misticamente em Cristo. <em>Minha comida \u00e9 fazer a vontade do Pai.<\/em><\/p>\n<p><strong>5. <\/strong>O m\u00edstico continua desenvolvendo a id\u00e9ia da morada e exprime medo de abandonar essa casa querida : \u201cAquele que por causa dos pecadores morou no seio virginal, hoje digna-se carregar-me, a mim miser\u00e1vel, em suas pr\u00f3prias entranhas. Tenho medo de que venha um dia o parto, quem me privaria das del\u00edcias de que estou gozando\u201d. Estamos de cheio no linguajar da m\u00edstica. Podemos n\u00e3o apreciar as imagens e palavras, talvez melosas para nossos ouvidos. Mas a realidade da \u00edntima comunh\u00e3o com Cristo est\u00e1 bem clara. O Verbo veio morar em nossa carne e carrega nosso corpo. Nada de estranho. O Verbo encarnado que acolhe a carne pecadora. H\u00e1 um medo de perder o calor do ninho. Talvez ter que descer da montanha. Medo de chegar a hora do parto e sair de Jesus e Jesus sair do m\u00edstico. Mas \u00e9 inevit\u00e1vel. Ainda n\u00e3o estamos no tempo da comunh\u00e3o definitiva. Estamos nas ante-salas dos definitivos esponsais m\u00edsticos.<\/p>\n<p><strong>6.<\/strong> Talvez o texto seguinte seja o mais afetado. N\u00e3o importa. Sempre de novo essa tentativa de descrever por imagens o mist\u00e9rio da uni\u00e3o. \u201cSem d\u00favida se ele me p\u00f5e no mundo, precisar\u00e1, como uma m\u00e3e, dar-me o leite de seu seio, lavar-me com suas m\u00e3os, carregar-me em seus bra\u00e7os, consolar-me com seus beijos, aquecer-me sobre o seu peito\u201d. Quando a m\u00e3e d\u00e1 \u00e0 luz ela olha para a cria, d\u00e1-lhe leite, calor e for\u00e7a. Os que fazem a experi\u00eancia m\u00edstica sabem que nascem de novo e que Deus n\u00e3o os largar\u00e1 no mundo.<\/p>\n<p><strong>7.<\/strong> Finalmente temendo a necessidade de descer da montanha, ele descobre uma porta, ou v\u00e1rias portas por onde pode entrar: as portas das feridas do corpo do amado, de modo particular, daquela do cora\u00e7\u00e3o. \u201cSei bem o que eu vou fazer: ele me pode fazer sair dele quantas vezes quiser, sei que suas feridas est\u00e3o sempre abertas. Por elas, penetrarei de novo em seu seio, e para l\u00e1 voltarei cada vez, at\u00e9 que eu esteja inseparavelmente unido a ele\u201d. O contemplativo sabe que a comunh\u00e3o definitiva e o pleno \u00eaxtase n\u00e3o s\u00e3o para o momento. \u00c9 tempo de peregrinar. Mais tarde. Enquanto isso \u00e9 poss\u00edvel morar, pela f\u00e9, nas chagas do Cristo mormente naquele espa\u00e7o privilegiado, express\u00e3o de amor sem limites, que \u00e9 o Cora\u00e7\u00e3o do Mestre.<\/p>\n","protected":false},"excerpt":{"rendered":"<p>Frei Almir Ribeiro Guimar\u00e3es<\/p>\n","protected":false},"author":1,"featured_media":184948,"comment_status":"open","ping_status":"open","sticky":false,"template":"","format":"standard","meta":{"footnotes":""},"categories":[105],"tags":[106,112],"yoast_head":"<!-- This site is optimized with the Yoast SEO plugin v19.4 - https:\/\/yoast.com\/wordpress\/plugins\/seo\/ -->\n<title>Na morada do cora\u00e7\u00e3o - Vida Crist\u00e3 - Franciscanos<\/title>\n<meta name=\"robots\" content=\"index, follow, max-snippet:-1, max-image-preview:large, max-video-preview:-1\" \/>\n<link rel=\"canonical\" href=\"https:\/\/franciscanos.org.br\/vidacrista\/na-morada-do-coracao\/\" \/>\n<meta property=\"og:locale\" content=\"pt_BR\" \/>\n<meta property=\"og:type\" content=\"article\" \/>\n<meta property=\"og:title\" content=\"Na morada do cora\u00e7\u00e3o - Vida Crist\u00e3 - Franciscanos\" \/>\n<meta property=\"og:description\" content=\"Frei Almir Ribeiro Guimar\u00e3es\" \/>\n<meta property=\"og:url\" content=\"https:\/\/franciscanos.org.br\/vidacrista\/na-morada-do-coracao\/\" \/>\n<meta property=\"og:site_name\" content=\"Vida Crist\u00e3 - Franciscanos\" \/>\n<meta property=\"article:published_time\" content=\"2010-03-05T04:00:07+00:00\" \/>\n<meta property=\"article:modified_time\" content=\"2020-05-29T11:47:59+00:00\" \/>\n<meta property=\"og:image\" content=\"https:\/\/franciscanos.org.br\/vidacrista\/wp-content\/uploads\/2010\/03\/sagrado_050310_1-356x450-1.jpg\" \/>\n\t<meta property=\"og:image:width\" content=\"800\" \/>\n\t<meta property=\"og:image:height\" content=\"600\" \/>\n\t<meta property=\"og:image:type\" content=\"image\/jpeg\" \/>\n<meta name=\"author\" content=\"admin\" \/>\n<meta name=\"twitter:card\" content=\"summary_large_image\" \/>\n<meta name=\"twitter:label1\" content=\"Escrito por\" \/>\n\t<meta name=\"twitter:data1\" content=\"admin\" \/>\n\t<meta name=\"twitter:label2\" content=\"Est. tempo de leitura\" \/>\n\t<meta name=\"twitter:data2\" content=\"5 minutos\" \/>\n<script type=\"application\/ld+json\" class=\"yoast-schema-graph\">{\"@context\":\"https:\/\/schema.org\",\"@graph\":[{\"@type\":\"WebSite\",\"@id\":\"https:\/\/franciscanos.org.br\/vidacrista\/#website\",\"url\":\"https:\/\/franciscanos.org.br\/vidacrista\/\",\"name\":\"Vida Crist\u00e3 - Franciscanos\",\"description\":\"Prov\u00edncia Franciscana da Imaculada Concei\u00e7\u00e3o do Brasil - Ordem dos Frades Menores\",\"potentialAction\":[{\"@type\":\"SearchAction\",\"target\":{\"@type\":\"EntryPoint\",\"urlTemplate\":\"https:\/\/franciscanos.org.br\/vidacrista\/?s={search_term_string}\"},\"query-input\":\"required name=search_term_string\"}],\"inLanguage\":\"pt-BR\"},{\"@type\":\"WebPage\",\"@id\":\"https:\/\/franciscanos.org.br\/vidacrista\/na-morada-do-coracao\/\",\"url\":\"https:\/\/franciscanos.org.br\/vidacrista\/na-morada-do-coracao\/\",\"name\":\"Na morada do cora\u00e7\u00e3o - Vida Crist\u00e3 - Franciscanos\",\"isPartOf\":{\"@id\":\"https:\/\/franciscanos.org.br\/vidacrista\/#website\"},\"datePublished\":\"2010-03-05T04:00:07+00:00\",\"dateModified\":\"2020-05-29T11:47:59+00:00\",\"author\":{\"@id\":\"https:\/\/franciscanos.org.br\/vidacrista\/#\/schema\/person\/133632ca93cec555316a35f76ab4153b\"},\"breadcrumb\":{\"@id\":\"https:\/\/franciscanos.org.br\/vidacrista\/na-morada-do-coracao\/#breadcrumb\"},\"inLanguage\":\"pt-BR\",\"potentialAction\":[{\"@type\":\"ReadAction\",\"target\":[\"https:\/\/franciscanos.org.br\/vidacrista\/na-morada-do-coracao\/\"]}]},{\"@type\":\"BreadcrumbList\",\"@id\":\"https:\/\/franciscanos.org.br\/vidacrista\/na-morada-do-coracao\/#breadcrumb\",\"itemListElement\":[{\"@type\":\"ListItem\",\"position\":1,\"name\":\"Home\",\"item\":\"https:\/\/franciscanos.org.br\/vidacrista\/\"},{\"@type\":\"ListItem\",\"position\":2,\"name\":\"Na morada do cora\u00e7\u00e3o\"}]},{\"@type\":\"Person\",\"@id\":\"https:\/\/franciscanos.org.br\/vidacrista\/#\/schema\/person\/133632ca93cec555316a35f76ab4153b\",\"name\":\"admin\",\"image\":{\"@type\":\"ImageObject\",\"inLanguage\":\"pt-BR\",\"@id\":\"https:\/\/franciscanos.org.br\/vidacrista\/#\/schema\/person\/image\/\",\"url\":\"https:\/\/secure.gravatar.com\/avatar\/e8495742d34d0ba6448ea1c628263b3e?s=96&d=mm&r=g\",\"contentUrl\":\"https:\/\/secure.gravatar.com\/avatar\/e8495742d34d0ba6448ea1c628263b3e?s=96&d=mm&r=g\",\"caption\":\"admin\"},\"url\":\"https:\/\/franciscanos.org.br\/vidacrista\/author\/admin\/\"}]}<\/script>\n<!-- \/ Yoast SEO plugin. -->","yoast_head_json":{"title":"Na morada do cora\u00e7\u00e3o - Vida Crist\u00e3 - Franciscanos","robots":{"index":"index","follow":"follow","max-snippet":"max-snippet:-1","max-image-preview":"max-image-preview:large","max-video-preview":"max-video-preview:-1"},"canonical":"https:\/\/franciscanos.org.br\/vidacrista\/na-morada-do-coracao\/","og_locale":"pt_BR","og_type":"article","og_title":"Na morada do cora\u00e7\u00e3o - Vida Crist\u00e3 - Franciscanos","og_description":"Frei Almir Ribeiro Guimar\u00e3es","og_url":"https:\/\/franciscanos.org.br\/vidacrista\/na-morada-do-coracao\/","og_site_name":"Vida Crist\u00e3 - Franciscanos","article_published_time":"2010-03-05T04:00:07+00:00","article_modified_time":"2020-05-29T11:47:59+00:00","og_image":[{"width":800,"height":600,"url":"https:\/\/franciscanos.org.br\/vidacrista\/wp-content\/uploads\/2010\/03\/sagrado_050310_1-356x450-1.jpg","type":"image\/jpeg"}],"author":"admin","twitter_card":"summary_large_image","twitter_misc":{"Escrito por":"admin","Est. tempo de leitura":"5 minutos"},"schema":{"@context":"https:\/\/schema.org","@graph":[{"@type":"WebSite","@id":"https:\/\/franciscanos.org.br\/vidacrista\/#website","url":"https:\/\/franciscanos.org.br\/vidacrista\/","name":"Vida Crist\u00e3 - Franciscanos","description":"Prov\u00edncia Franciscana da Imaculada Concei\u00e7\u00e3o do Brasil - Ordem dos Frades Menores","potentialAction":[{"@type":"SearchAction","target":{"@type":"EntryPoint","urlTemplate":"https:\/\/franciscanos.org.br\/vidacrista\/?s={search_term_string}"},"query-input":"required name=search_term_string"}],"inLanguage":"pt-BR"},{"@type":"WebPage","@id":"https:\/\/franciscanos.org.br\/vidacrista\/na-morada-do-coracao\/","url":"https:\/\/franciscanos.org.br\/vidacrista\/na-morada-do-coracao\/","name":"Na morada do cora\u00e7\u00e3o - Vida Crist\u00e3 - Franciscanos","isPartOf":{"@id":"https:\/\/franciscanos.org.br\/vidacrista\/#website"},"datePublished":"2010-03-05T04:00:07+00:00","dateModified":"2020-05-29T11:47:59+00:00","author":{"@id":"https:\/\/franciscanos.org.br\/vidacrista\/#\/schema\/person\/133632ca93cec555316a35f76ab4153b"},"breadcrumb":{"@id":"https:\/\/franciscanos.org.br\/vidacrista\/na-morada-do-coracao\/#breadcrumb"},"inLanguage":"pt-BR","potentialAction":[{"@type":"ReadAction","target":["https:\/\/franciscanos.org.br\/vidacrista\/na-morada-do-coracao\/"]}]},{"@type":"BreadcrumbList","@id":"https:\/\/franciscanos.org.br\/vidacrista\/na-morada-do-coracao\/#breadcrumb","itemListElement":[{"@type":"ListItem","position":1,"name":"Home","item":"https:\/\/franciscanos.org.br\/vidacrista\/"},{"@type":"ListItem","position":2,"name":"Na morada do cora\u00e7\u00e3o"}]},{"@type":"Person","@id":"https:\/\/franciscanos.org.br\/vidacrista\/#\/schema\/person\/133632ca93cec555316a35f76ab4153b","name":"admin","image":{"@type":"ImageObject","inLanguage":"pt-BR","@id":"https:\/\/franciscanos.org.br\/vidacrista\/#\/schema\/person\/image\/","url":"https:\/\/secure.gravatar.com\/avatar\/e8495742d34d0ba6448ea1c628263b3e?s=96&d=mm&r=g","contentUrl":"https:\/\/secure.gravatar.com\/avatar\/e8495742d34d0ba6448ea1c628263b3e?s=96&d=mm&r=g","caption":"admin"},"url":"https:\/\/franciscanos.org.br\/vidacrista\/author\/admin\/"}]}},"_links":{"self":[{"href":"https:\/\/franciscanos.org.br\/vidacrista\/wp-json\/wp\/v2\/posts\/8380"}],"collection":[{"href":"https:\/\/franciscanos.org.br\/vidacrista\/wp-json\/wp\/v2\/posts"}],"about":[{"href":"https:\/\/franciscanos.org.br\/vidacrista\/wp-json\/wp\/v2\/types\/post"}],"author":[{"embeddable":true,"href":"https:\/\/franciscanos.org.br\/vidacrista\/wp-json\/wp\/v2\/users\/1"}],"replies":[{"embeddable":true,"href":"https:\/\/franciscanos.org.br\/vidacrista\/wp-json\/wp\/v2\/comments?post=8380"}],"version-history":[{"count":2,"href":"https:\/\/franciscanos.org.br\/vidacrista\/wp-json\/wp\/v2\/posts\/8380\/revisions"}],"predecessor-version":[{"id":178091,"href":"https:\/\/franciscanos.org.br\/vidacrista\/wp-json\/wp\/v2\/posts\/8380\/revisions\/178091"}],"wp:featuredmedia":[{"embeddable":true,"href":"https:\/\/franciscanos.org.br\/vidacrista\/wp-json\/wp\/v2\/media\/184948"}],"wp:attachment":[{"href":"https:\/\/franciscanos.org.br\/vidacrista\/wp-json\/wp\/v2\/media?parent=8380"}],"wp:term":[{"taxonomy":"category","embeddable":true,"href":"https:\/\/franciscanos.org.br\/vidacrista\/wp-json\/wp\/v2\/categories?post=8380"},{"taxonomy":"post_tag","embeddable":true,"href":"https:\/\/franciscanos.org.br\/vidacrista\/wp-json\/wp\/v2\/tags?post=8380"}],"curies":[{"name":"wp","href":"https:\/\/api.w.org\/{rel}","templated":true}]}}