{"id":8378,"date":"2010-02-05T01:00:18","date_gmt":"2010-02-05T03:00:18","guid":{"rendered":"http:\/\/new.franciscanos.org.br\/?p=8378"},"modified":"2019-03-02T11:30:58","modified_gmt":"2019-03-02T14:30:58","slug":"o-filho-amado-do-lado-transpassado","status":"publish","type":"post","link":"https:\/\/franciscanos.org.br\/vidacrista\/o-filho-amado-do-lado-transpassado\/","title":{"rendered":"O filho amado do lado transpassado"},"content":{"rendered":"<p align=\"left\"><em><a href=\"http:\/\/franciscanos.org.br\/wp-content\/uploads\/2010\/02\/1926_040412.jpg\"><img decoding=\"async\" loading=\"lazy\" class=\"alignright size-full wp-image-14866\" title=\"Sagrado Cora\u00e7\u00e3o de Jesus\" src=\"http:\/\/franciscanos.org.br\/wp-content\/uploads\/2010\/02\/1926_040412.jpg\" alt=\"\" width=\"350\" height=\"463\" \/><\/a>Transpassam seu lado e ele cura o lado de Ad\u00e3o.<\/em><\/p>\n<p><strong>1.<\/strong> Bel\u00edssimo este texto do Serm\u00e3o da Teofania, atribu\u00eddo a Santo Hip\u00f3lito: <em>Este \u00e9 o meu Filho amado. Tem fome e alimenta multid\u00f5es inumer\u00e1veis; afadiga-se e alivia os fatigados; n\u00e3o tem onde reclinar a cabe\u00e7a e tudo sustenta com suas m\u00e3os; sofre e d\u00e1 rem\u00e9dio a todos os sofrimentos; \u00e9 esbofeteado e d\u00e1 liberdade ao mundo; transpassam o seu lado e ele cura o lado de Ad\u00e3o <\/em>(Liturgia das Horas I, p. 531).<\/p>\n<p><strong>2.<\/strong> Cristo Jesus, ontem hoje e sempre. Os crist\u00e3os vivem em fun\u00e7\u00e3o dele. N\u00e3o se vinculam apenas a uma personagem do passado, perdido nas brumas dos s\u00e9culos, mas convivem com o Senhor ressuscitado, na f\u00e9 em sua presen\u00e7a, no regime dos sinais, na certeza de que ele veio estar conosco para sempre, o Emanuel. Nossa f\u00e9 se revigora quando ouvimos essa palavra do Pai: <em>Este \u00e9 o meu Filho amado, escutai-o<\/em>. Em momentos de ora\u00e7\u00e3o, durante o sil\u00eancio do retiro, nas viagens feitas ao fundo de nosso cora\u00e7\u00e3o ficamos abismados com as ternuras do amor de Deus. Ele est\u00e1 perto de n\u00f3s. Ouvimos o Pai dizer que coloca nele todas as suas complac\u00eancias.<\/p>\n<p><strong>3.<\/strong> O centro e o v\u00e9rtice da devo\u00e7\u00e3o ao Cora\u00e7\u00e3o do Redentor est\u00e1 no culto ao amor salv\u00edfico por n\u00f3s. Em tal amor encontra-se a raiz de todas as gra\u00e7as, de todos os benef\u00edcios, de todas as bondades que continuamente recebemos. Por causa desse amor do Redentor recebemos o dom da vida divina, da filia\u00e7\u00e3o divina atrav\u00e9s do batismo, aperfei\u00e7oada na confirma\u00e7\u00e3o, nutrida na Eucaristia. Todas as gra\u00e7as s\u00e3o provenientes da paix\u00e3o, morte e ressurrei\u00e7\u00e3o de Cristo, do lado transpassado.<\/p>\n<p><strong>4.<\/strong> A crian\u00e7a que se remexe nas palhas do pres\u00e9pio, aquele que se assenta \u00e0 mesa para comer \u00e9 <em>um Deus faminto<\/em>. Experimenta a dor do est\u00f4mago sem alimento. No alto da cruz tem sede. Sede de \u00e1gua e sede de amor. E ele alimenta multid\u00f5es. Os que t\u00eam fome a ele se dirigem. <em>Este \u00e9 o meu Filho amado<\/em>.<\/p>\n<p><strong>5.<\/strong> Que Deus fr\u00e1gil! Cansa-se pelas estradas da vida, tem necessidade de repouso no deserto depois de ser quase devorado pela multid\u00e3o. Mas pede que <em>todos os que se sentem esgotados a ele se dirijam e possam se aliviados<\/em>. <em>Este \u00e9 o meu Filho amado<\/em>.<\/p>\n<p><strong>6.<\/strong> Um Mestre andarilho que n\u00e3o tem casa, nem cama, nem colch\u00e3o, nem conforto e que na sua for\u00e7a sustenta o mundo. Mas ele mesmo n\u00e3o tem uma pedra para reclinar a cabe\u00e7a. Sofre, \u00e9 torturado, sofre de solid\u00e3o, de amargura, do amargor do fel e do vinagre, um Deus que n\u00e3o \u00e9 masoquista, n\u00e3o anda buscando sofrimentos, mas acolhe aquilo que chega como contradi\u00e7\u00e3o da vida, esse que d\u00e1 rem\u00e9dio a todos os sofrimentos: consola a vi\u00fava que perde seu filho \u00fanico, tem pena da multid\u00e3o sem p\u00e3o, derrama a \u00e1gua de seu Esp\u00edrito em nossas vidas e nos faz pessoas novas, renascidas.<\/p>\n<p><em><strong>7.<\/strong> Este \u00e9 meu Filho amado<\/em>. \u00c9 esbofeteado como se fosse um assassino, um delinq\u00fcente, um fora da lei. \u00c9 esbofeteado e acorrentado e d\u00e1 liberdade ao mundo.<\/p>\n<p><strong>8.<\/strong><em> Transpassam o seu lado e ele cura o lado de Ad\u00e3o<\/em>. H\u00e1 o lado de Cristo, o lado do cora\u00e7\u00e3o. Depois que Jesus j\u00e1 estava morto um soldado abriu-lhe o lado com a lan\u00e7a. E nasceu uma ferida, uma fenda, uma abertura no lado do Senhor. \u00c1gua e sangue correram&#8230; O autor do texto que abriu esta medita\u00e7\u00e3o diz que Jesus tem o lado aberto e cura o lado de Ad\u00e3o. Que significa isto? Segundo a Escritura o Deus Alt\u00edssimo quis dar a Ad\u00e3o uma companheira. Deu-lhe um sono e tirou-lhe uma costela da qual criou a mulher. Depois seria preciso fechar a ferida. Deus curou a humanidade. Quis que os maridos se amassem sua esposa como Cristo amou a Igreja. A fenda do cora\u00e7\u00e3o de Ad\u00e3o tem a ver com a ferida do peito de Jesus. Quis que a \u00e1gua de seu cora\u00e7\u00e3o pudesse ser aspergida no lado dos homens. Curou o lado de Ad\u00e3o.<\/p>\n<p><strong>9.<\/strong> Jo\u00e3o, o evangelista e apostolo, na intimidade da Ceia, coloca sua cabe\u00e7a no peito de Jesus. Esse encontro \u00e9 encontro de amor e de ternura. Sempre de novo o tema do amor. Muitas representa\u00e7\u00f5es do Cora\u00e7\u00e3o de Jesus mostram o cora\u00e7\u00e3o cercado de uma coroa de espinhos e com chamas ardentes. Estamos assim face ao tema do amor que vai at\u00e9 o fim. O Cora\u00e7\u00e3o de Jesus \u00e9 s\u00edmbolo vivo da caridade divina. O Cora\u00e7\u00e3o de Jesus \u00e9 todo amor por Deus e pelos homens. O amor de Cristo pelos homens \u00e9 como o amor do Pai. \u201cComo o Pai me amou assim tamb\u00e9m eu vos amei\u201d.<\/p>\n<p><strong>10.<\/strong> \u201c\u00d3 Cora\u00e7\u00e3o ador\u00e1vel de Jesus, cora\u00e7\u00e3o enamorado de todos os homens. Cora\u00e7\u00e3o criado exatamente para amar os homens. Como teu amor pode ser t\u00e3o pouco correspondido pelos homens? Ai de mim que estou entre aqueles ingratos que n\u00e3o te sabem amar. Perdoa-me. Este \u00e9 meu grande pecado, ou seja, de n\u00e3o te ter amado sendo tu t\u00e3o am\u00e1vel e me havendo amado que fizeste todo o poss\u00edvel para que eu pudesse te amar\u201d (Ora\u00e7\u00e3o de Santo Afonso Maria Lig\u00f3rio).<\/p>\n<p><strong>11.<\/strong> \u201cE de tal modo, Pai santo, amastes o mundo que, chegada a plenitude dos tempos, nos enviaste vosso pr\u00f3prio Filho para ser o nosso Salvador. Verdadeiro homem, concebido do Esp\u00edrito Santo e nascido da Virgem Maria, viveu em tudo a condi\u00e7\u00e3o humana, menos o pecado, anunciou aos pobres a salva\u00e7\u00e3o, aos oprimidos, a liberdade, aos tristes a alegria. E para realizar o vosso plano de amor, entregou-se \u00e0 morte e, ressuscitando dos mortos, venceu a morte e renovou a vida\u201d (Ora\u00e7ao Eucar\u00edstica n.IV).<\/p>\n","protected":false},"excerpt":{"rendered":"<p>Frei Almir Ribeiro Guimar\u00e3es<\/p>\n","protected":false},"author":1,"featured_media":178297,"comment_status":"open","ping_status":"open","sticky":false,"template":"","format":"standard","meta":{"footnotes":""},"categories":[105],"tags":[106,112],"yoast_head":"<!-- This site is optimized with the Yoast SEO plugin v19.4 - https:\/\/yoast.com\/wordpress\/plugins\/seo\/ -->\n<title>O filho amado do lado transpassado - Vida Crist\u00e3 - Franciscanos<\/title>\n<meta name=\"robots\" content=\"index, follow, max-snippet:-1, max-image-preview:large, max-video-preview:-1\" \/>\n<link rel=\"canonical\" href=\"https:\/\/franciscanos.org.br\/vidacrista\/o-filho-amado-do-lado-transpassado\/\" \/>\n<meta property=\"og:locale\" content=\"pt_BR\" \/>\n<meta property=\"og:type\" content=\"article\" \/>\n<meta property=\"og:title\" content=\"O filho amado do lado transpassado - Vida Crist\u00e3 - Franciscanos\" \/>\n<meta property=\"og:description\" content=\"Frei Almir Ribeiro Guimar\u00e3es\" \/>\n<meta property=\"og:url\" content=\"https:\/\/franciscanos.org.br\/vidacrista\/o-filho-amado-do-lado-transpassado\/\" \/>\n<meta property=\"og:site_name\" content=\"Vida Crist\u00e3 - Franciscanos\" \/>\n<meta property=\"article:published_time\" content=\"2010-02-05T03:00:18+00:00\" \/>\n<meta property=\"article:modified_time\" content=\"2019-03-02T14:30:58+00:00\" \/>\n<meta property=\"og:image\" content=\"https:\/\/franciscanos.org.br\/vidacrista\/wp-content\/uploads\/2010\/02\/sagrado_050210.jpg\" \/>\n\t<meta property=\"og:image:width\" content=\"273\" \/>\n\t<meta property=\"og:image:height\" content=\"181\" \/>\n\t<meta property=\"og:image:type\" content=\"image\/jpeg\" \/>\n<meta name=\"author\" content=\"admin\" \/>\n<meta name=\"twitter:card\" content=\"summary_large_image\" \/>\n<meta name=\"twitter:label1\" content=\"Escrito por\" \/>\n\t<meta name=\"twitter:data1\" content=\"admin\" \/>\n\t<meta name=\"twitter:label2\" content=\"Est. tempo de leitura\" \/>\n\t<meta name=\"twitter:data2\" content=\"5 minutos\" \/>\n<script type=\"application\/ld+json\" class=\"yoast-schema-graph\">{\"@context\":\"https:\/\/schema.org\",\"@graph\":[{\"@type\":\"WebSite\",\"@id\":\"https:\/\/franciscanos.org.br\/vidacrista\/#website\",\"url\":\"https:\/\/franciscanos.org.br\/vidacrista\/\",\"name\":\"Vida Crist\u00e3 - Franciscanos\",\"description\":\"Prov\u00edncia Franciscana da Imaculada Concei\u00e7\u00e3o do Brasil - Ordem dos Frades Menores\",\"potentialAction\":[{\"@type\":\"SearchAction\",\"target\":{\"@type\":\"EntryPoint\",\"urlTemplate\":\"https:\/\/franciscanos.org.br\/vidacrista\/?s={search_term_string}\"},\"query-input\":\"required name=search_term_string\"}],\"inLanguage\":\"pt-BR\"},{\"@type\":\"WebPage\",\"@id\":\"https:\/\/franciscanos.org.br\/vidacrista\/o-filho-amado-do-lado-transpassado\/\",\"url\":\"https:\/\/franciscanos.org.br\/vidacrista\/o-filho-amado-do-lado-transpassado\/\",\"name\":\"O filho amado do lado transpassado - Vida Crist\u00e3 - Franciscanos\",\"isPartOf\":{\"@id\":\"https:\/\/franciscanos.org.br\/vidacrista\/#website\"},\"datePublished\":\"2010-02-05T03:00:18+00:00\",\"dateModified\":\"2019-03-02T14:30:58+00:00\",\"author\":{\"@id\":\"https:\/\/franciscanos.org.br\/vidacrista\/#\/schema\/person\/133632ca93cec555316a35f76ab4153b\"},\"breadcrumb\":{\"@id\":\"https:\/\/franciscanos.org.br\/vidacrista\/o-filho-amado-do-lado-transpassado\/#breadcrumb\"},\"inLanguage\":\"pt-BR\",\"potentialAction\":[{\"@type\":\"ReadAction\",\"target\":[\"https:\/\/franciscanos.org.br\/vidacrista\/o-filho-amado-do-lado-transpassado\/\"]}]},{\"@type\":\"BreadcrumbList\",\"@id\":\"https:\/\/franciscanos.org.br\/vidacrista\/o-filho-amado-do-lado-transpassado\/#breadcrumb\",\"itemListElement\":[{\"@type\":\"ListItem\",\"position\":1,\"name\":\"Home\",\"item\":\"https:\/\/franciscanos.org.br\/vidacrista\/\"},{\"@type\":\"ListItem\",\"position\":2,\"name\":\"O filho amado do lado transpassado\"}]},{\"@type\":\"Person\",\"@id\":\"https:\/\/franciscanos.org.br\/vidacrista\/#\/schema\/person\/133632ca93cec555316a35f76ab4153b\",\"name\":\"admin\",\"image\":{\"@type\":\"ImageObject\",\"inLanguage\":\"pt-BR\",\"@id\":\"https:\/\/franciscanos.org.br\/vidacrista\/#\/schema\/person\/image\/\",\"url\":\"https:\/\/secure.gravatar.com\/avatar\/e8495742d34d0ba6448ea1c628263b3e?s=96&d=mm&r=g\",\"contentUrl\":\"https:\/\/secure.gravatar.com\/avatar\/e8495742d34d0ba6448ea1c628263b3e?s=96&d=mm&r=g\",\"caption\":\"admin\"},\"url\":\"https:\/\/franciscanos.org.br\/vidacrista\/author\/admin\/\"}]}<\/script>\n<!-- \/ Yoast SEO plugin. -->","yoast_head_json":{"title":"O filho amado do lado transpassado - Vida Crist\u00e3 - Franciscanos","robots":{"index":"index","follow":"follow","max-snippet":"max-snippet:-1","max-image-preview":"max-image-preview:large","max-video-preview":"max-video-preview:-1"},"canonical":"https:\/\/franciscanos.org.br\/vidacrista\/o-filho-amado-do-lado-transpassado\/","og_locale":"pt_BR","og_type":"article","og_title":"O filho amado do lado transpassado - Vida Crist\u00e3 - Franciscanos","og_description":"Frei Almir Ribeiro Guimar\u00e3es","og_url":"https:\/\/franciscanos.org.br\/vidacrista\/o-filho-amado-do-lado-transpassado\/","og_site_name":"Vida Crist\u00e3 - Franciscanos","article_published_time":"2010-02-05T03:00:18+00:00","article_modified_time":"2019-03-02T14:30:58+00:00","og_image":[{"width":273,"height":181,"url":"https:\/\/franciscanos.org.br\/vidacrista\/wp-content\/uploads\/2010\/02\/sagrado_050210.jpg","type":"image\/jpeg"}],"author":"admin","twitter_card":"summary_large_image","twitter_misc":{"Escrito por":"admin","Est. tempo de leitura":"5 minutos"},"schema":{"@context":"https:\/\/schema.org","@graph":[{"@type":"WebSite","@id":"https:\/\/franciscanos.org.br\/vidacrista\/#website","url":"https:\/\/franciscanos.org.br\/vidacrista\/","name":"Vida Crist\u00e3 - Franciscanos","description":"Prov\u00edncia Franciscana da Imaculada Concei\u00e7\u00e3o do Brasil - Ordem dos Frades Menores","potentialAction":[{"@type":"SearchAction","target":{"@type":"EntryPoint","urlTemplate":"https:\/\/franciscanos.org.br\/vidacrista\/?s={search_term_string}"},"query-input":"required name=search_term_string"}],"inLanguage":"pt-BR"},{"@type":"WebPage","@id":"https:\/\/franciscanos.org.br\/vidacrista\/o-filho-amado-do-lado-transpassado\/","url":"https:\/\/franciscanos.org.br\/vidacrista\/o-filho-amado-do-lado-transpassado\/","name":"O filho amado do lado transpassado - Vida Crist\u00e3 - Franciscanos","isPartOf":{"@id":"https:\/\/franciscanos.org.br\/vidacrista\/#website"},"datePublished":"2010-02-05T03:00:18+00:00","dateModified":"2019-03-02T14:30:58+00:00","author":{"@id":"https:\/\/franciscanos.org.br\/vidacrista\/#\/schema\/person\/133632ca93cec555316a35f76ab4153b"},"breadcrumb":{"@id":"https:\/\/franciscanos.org.br\/vidacrista\/o-filho-amado-do-lado-transpassado\/#breadcrumb"},"inLanguage":"pt-BR","potentialAction":[{"@type":"ReadAction","target":["https:\/\/franciscanos.org.br\/vidacrista\/o-filho-amado-do-lado-transpassado\/"]}]},{"@type":"BreadcrumbList","@id":"https:\/\/franciscanos.org.br\/vidacrista\/o-filho-amado-do-lado-transpassado\/#breadcrumb","itemListElement":[{"@type":"ListItem","position":1,"name":"Home","item":"https:\/\/franciscanos.org.br\/vidacrista\/"},{"@type":"ListItem","position":2,"name":"O filho amado do lado transpassado"}]},{"@type":"Person","@id":"https:\/\/franciscanos.org.br\/vidacrista\/#\/schema\/person\/133632ca93cec555316a35f76ab4153b","name":"admin","image":{"@type":"ImageObject","inLanguage":"pt-BR","@id":"https:\/\/franciscanos.org.br\/vidacrista\/#\/schema\/person\/image\/","url":"https:\/\/secure.gravatar.com\/avatar\/e8495742d34d0ba6448ea1c628263b3e?s=96&d=mm&r=g","contentUrl":"https:\/\/secure.gravatar.com\/avatar\/e8495742d34d0ba6448ea1c628263b3e?s=96&d=mm&r=g","caption":"admin"},"url":"https:\/\/franciscanos.org.br\/vidacrista\/author\/admin\/"}]}},"_links":{"self":[{"href":"https:\/\/franciscanos.org.br\/vidacrista\/wp-json\/wp\/v2\/posts\/8378"}],"collection":[{"href":"https:\/\/franciscanos.org.br\/vidacrista\/wp-json\/wp\/v2\/posts"}],"about":[{"href":"https:\/\/franciscanos.org.br\/vidacrista\/wp-json\/wp\/v2\/types\/post"}],"author":[{"embeddable":true,"href":"https:\/\/franciscanos.org.br\/vidacrista\/wp-json\/wp\/v2\/users\/1"}],"replies":[{"embeddable":true,"href":"https:\/\/franciscanos.org.br\/vidacrista\/wp-json\/wp\/v2\/comments?post=8378"}],"version-history":[{"count":1,"href":"https:\/\/franciscanos.org.br\/vidacrista\/wp-json\/wp\/v2\/posts\/8378\/revisions"}],"predecessor-version":[{"id":178166,"href":"https:\/\/franciscanos.org.br\/vidacrista\/wp-json\/wp\/v2\/posts\/8378\/revisions\/178166"}],"wp:featuredmedia":[{"embeddable":true,"href":"https:\/\/franciscanos.org.br\/vidacrista\/wp-json\/wp\/v2\/media\/178297"}],"wp:attachment":[{"href":"https:\/\/franciscanos.org.br\/vidacrista\/wp-json\/wp\/v2\/media?parent=8378"}],"wp:term":[{"taxonomy":"category","embeddable":true,"href":"https:\/\/franciscanos.org.br\/vidacrista\/wp-json\/wp\/v2\/categories?post=8378"},{"taxonomy":"post_tag","embeddable":true,"href":"https:\/\/franciscanos.org.br\/vidacrista\/wp-json\/wp\/v2\/tags?post=8378"}],"curies":[{"name":"wp","href":"https:\/\/api.w.org\/{rel}","templated":true}]}}