{"id":8358,"date":"2010-01-01T01:00:40","date_gmt":"2010-01-01T03:00:40","guid":{"rendered":"http:\/\/new.franciscanos.org.br\/?p=8358"},"modified":"2020-05-28T12:09:49","modified_gmt":"2020-05-28T15:09:49","slug":"amar-sem-limites","status":"publish","type":"post","link":"https:\/\/franciscanos.org.br\/vidacrista\/amar-sem-limites\/","title":{"rendered":"Amar sem limites"},"content":{"rendered":"<p align=\"left\"><em><img decoding=\"async\" loading=\"lazy\" class=\"size-medium wp-image-178312 alignright\" src=\"https:\/\/franciscanos.org.br\/vidacrista\/wp-content\/uploads\/2010\/01\/sagrado_010110-360x450.jpg\" alt=\"\" width=\"360\" height=\"450\" srcset=\"https:\/\/franciscanos.org.br\/vidacrista\/wp-content\/uploads\/2010\/01\/sagrado_010110-360x450.jpg 360w, https:\/\/franciscanos.org.br\/vidacrista\/wp-content\/uploads\/2010\/01\/sagrado_010110-768x960.jpg 768w, https:\/\/franciscanos.org.br\/vidacrista\/wp-content\/uploads\/2010\/01\/sagrado_010110-819x1024.jpg 819w, https:\/\/franciscanos.org.br\/vidacrista\/wp-content\/uploads\/2010\/01\/sagrado_010110-150x188.jpg 150w, https:\/\/franciscanos.org.br\/vidacrista\/wp-content\/uploads\/2010\/01\/sagrado_010110.jpg 1080w\" sizes=\"(max-width: 360px) 100vw, 360px\" \/>Antes da festa da P\u00e1scoa, sabendo Jesus que chegara a hora de passar deste mundo para o Pai, tendo amado os seus que estavam no mundo, amou-os at\u00e9 o fim (Jo 13, 1).<\/em><\/p>\n<p align=\"left\"><strong>1. <\/strong>Ressoa sempre aos nossos ouvidos, principalmente nos momentos em que somos profundamente verdadeiros ou que fazemos a do\u00edda experi\u00eancia do pecado, as palavras do quarto evangelista a respeito de Jesus: \u201cTendo amado os seus que estavam no mundo, amou-os at\u00e9 o fim\u201d. Mais n\u00e3o podia amar, amou-os em extremo, amou-os sem limites. Um Deus que ama, que se contorce de dores e mesmo assim ama e deixa ainda que se lhe abram o peito para mostrar a fonte de tal amor, ou seja, seu cora\u00e7\u00e3o.<\/p>\n<p><strong>2.<\/strong> Deus \u00e9 uma fornalha de amor. N\u00e3o \u00e9 um policial que controla nossos gestos e palavras, n\u00e3o \u00e9 o deus frio dos fil\u00f3sofos, n\u00e3o \u00e9 um velhote bonach\u00e3o que passa a m\u00e3o em nossas cabe\u00e7as perdoando nossas ingratid\u00f5es. Deus \u00e9 eternamente \u00e9 amor. O Pai ama o Verbo e amor do Verbo pelo Pai se faz no la\u00e7o do Esp\u00edrito. Eterna doa\u00e7\u00e3o de amor. Esse Deus resolve sair de si, criar, formar os humanos, colocar dentro deles um desejo de infinito, fazer deles objeto de seu amor sem limites. Deus fala ao homem por meio de toda a cria\u00e7\u00e3o; c\u00e9u, terra, abismos, gelo, neves. Bernhard H\u00e4ring escreve: \u201cO c\u00e9u e a terra cantam a beleza da gl\u00f3ria do Eterno. A cria\u00e7\u00e3o \u00e9 revela\u00e7\u00e3o da gl\u00f3ria e do amor sobretudo atrav\u00e9s de sua beleza e prodigalidade\u201d. Ficamos extasiados diante de tanto esplendor&#8230; Pena que os humanos estejam destruindo a cria\u00e7\u00e3o que nos revela o amor do Senhor!<\/p>\n<p><strong>3.<\/strong> E a Palavra, o Verbo que est\u00e1 na cria\u00e7\u00e3o ganhou carne, rosto e vida na figura de Jesus. Ele \u00e9 o Emanuel, o Deus conosco, Filho do homem, um de n\u00f3s. Deus colocou em Jesus n\u00e3o somente o seu poder, mas todo o seu amor. Cito ainda B. H\u00e4ring: \u201cDeus \u00e9 nosso criador, o grande artista que faz de n\u00f3s imagem e resposta ao seu amor. Mas isto ainda n\u00e3o basta: em seu Verbo eterno encarnado ele \u00e9, ao mesmo tempo, nosso irm\u00e3o, o amigo mais \u00edntimo, nosso Salvador, nosso m\u00e9dico divino, inclusive, segundo ousada imagem da Escritura, nada menos do que esposo de seu povo, de sua Igreja, da humanidade redimida\u201d<\/p>\n<p><strong>4.<\/strong> O Verbo penetra sem reservas em nossa mis\u00e9ria. Coloca-se decididamente ao lado dos pobres e dos pequenos. O Deus grande e belo se acerca daquilo que \u00e9 fragilidade. Assim, quer arrancar livremente de n\u00f3s uma resposta amorosa. O Filho de Deus partilha nossos cansa\u00e7os, nossa desilus\u00e3o e nossa fragilidade. Carrega o peso de nossos pecados. Tem tanto empenho em nos arrancar da mis\u00e9ria em que vivemos que compassivo e abalado pelo pecado chega a suar sangue em Gets\u00eamani. Sim, tendo amado os seus, amou-os at\u00e9 o fim.<\/p>\n<p><strong>5.<\/strong> No alto da cruz Jesus d\u00e1 o sim definitivo ao mist\u00e9rio incompreens\u00edvel do amor expiat\u00f3rio. Entrega-se \u00e0 morte sem desespero e no meio de incredulidade e \u00f3dio dos circunstantes. O pecado \u00e9 vencido e derrotado pela for\u00e7a e energia do amor de Jesus, amor sem limites. Um Cora\u00e7\u00e3o que amou at\u00e9 o fim. Vale, neste contexto lembrar das palavras vigorosas de Paulo dizendo do amor do Pai por n\u00f3s: \u201cQuem n\u00e3o poupou o seu pr\u00f3prio Filho e o entregou por todos n\u00f3s, como n\u00e3o haver\u00e1 de agraciar em tudo junto com ele ?(&#8230;) Quem nos separar\u00e1 do amor de Cristo? A tribula\u00e7\u00e3o, a ang\u00fastia, a persegui\u00e7\u00e3o, a fome, a nudez, os perigos, a espada? (&#8230;) Pois eu estou convencido que nem a morte, nem a vida, nem os anjos nem os principados, nem o presente nem o futuro, nem os poderes, nem a altura, nem a profundeza, nem qualquer outra criatura poder\u00e1 nos separar do amor de Deus, manifestado em Cristo Jesus, nosso Senhor\u201d (Romanos 8, 31ss).<\/p>\n<p><strong>6.<\/strong>O disc\u00edpulo predileto, nas linhas seguintes da cita\u00e7\u00e3o de abertura, vai falar do lavap\u00e9s e da ceia com os ap\u00f3stolos antes da partida. Jo\u00e3o tem o olhar voltado para o cen\u00e1culo. Cen\u00e1culo lembra Eucaristia. O mist\u00e9rio do amor e da autoaniquila\u00e7\u00e3o de Jesus \u00e9 a prova mais acabada de amor. Quis Jesus dar uma presente supremo desse gesto no alto da cruz no sacramento do amor sob as esp\u00e9cies do p\u00e3o e do vinho. Continua nos amando, amando at\u00e9 o fim. Convida-nos, a n\u00f3s que participamos da Eucaristia, a darmos a vida pelo mundo. Permanecendo na Eucaristia Jesus quer atrair os cora\u00e7\u00f5es. As batidas do cora\u00e7\u00e3o humano de Jesus continuam na gl\u00f3ria do Ressuscitado.<\/p>\n<p><em>Nada e ningu\u00e9m podem nos separar do amor de Cristo manifestado em seu peito amor, t\u00e3o cheio de amor.<\/em><\/p>\n<p><em>Texto inspirado no livro <strong>El Sagrado Coraz\u00f3n de Jes\u00fas y la salvaci\u00f3n del mundo<\/strong>, Bernhard H\u00e4ring, Ed. San Pablo, Ed. San Paulo, Bogot\u00e1, 1995, p. 20-25).<\/em><\/p>\n","protected":false},"excerpt":{"rendered":"<p>Frei Almir Ribeiro Guimar\u00e3es<\/p>\n","protected":false},"author":1,"featured_media":184901,"comment_status":"open","ping_status":"open","sticky":false,"template":"","format":"standard","meta":{"footnotes":""},"categories":[105],"tags":[106,112],"yoast_head":"<!-- This site is optimized with the Yoast SEO plugin v19.4 - https:\/\/yoast.com\/wordpress\/plugins\/seo\/ -->\n<title>Amar sem limites - Vida Crist\u00e3 - Franciscanos<\/title>\n<meta name=\"robots\" content=\"index, follow, max-snippet:-1, max-image-preview:large, max-video-preview:-1\" \/>\n<link rel=\"canonical\" href=\"https:\/\/franciscanos.org.br\/vidacrista\/amar-sem-limites\/\" \/>\n<meta property=\"og:locale\" content=\"pt_BR\" \/>\n<meta property=\"og:type\" content=\"article\" \/>\n<meta property=\"og:title\" content=\"Amar sem limites - Vida Crist\u00e3 - Franciscanos\" \/>\n<meta property=\"og:description\" content=\"Frei Almir Ribeiro Guimar\u00e3es\" \/>\n<meta property=\"og:url\" content=\"https:\/\/franciscanos.org.br\/vidacrista\/amar-sem-limites\/\" \/>\n<meta property=\"og:site_name\" content=\"Vida Crist\u00e3 - Franciscanos\" \/>\n<meta property=\"article:published_time\" content=\"2010-01-01T03:00:40+00:00\" \/>\n<meta property=\"article:modified_time\" content=\"2020-05-28T15:09:49+00:00\" \/>\n<meta property=\"og:image\" content=\"https:\/\/franciscanos.org.br\/vidacrista\/wp-content\/uploads\/2010\/01\/sagrado_010110-360x450-1.jpg\" \/>\n\t<meta property=\"og:image:width\" content=\"800\" \/>\n\t<meta property=\"og:image:height\" content=\"600\" \/>\n\t<meta property=\"og:image:type\" content=\"image\/jpeg\" \/>\n<meta name=\"author\" content=\"admin\" \/>\n<meta name=\"twitter:card\" content=\"summary_large_image\" \/>\n<meta name=\"twitter:label1\" content=\"Escrito por\" \/>\n\t<meta name=\"twitter:data1\" content=\"admin\" \/>\n\t<meta name=\"twitter:label2\" content=\"Est. tempo de leitura\" \/>\n\t<meta name=\"twitter:data2\" content=\"4 minutos\" \/>\n<script type=\"application\/ld+json\" class=\"yoast-schema-graph\">{\"@context\":\"https:\/\/schema.org\",\"@graph\":[{\"@type\":\"WebSite\",\"@id\":\"https:\/\/franciscanos.org.br\/vidacrista\/#website\",\"url\":\"https:\/\/franciscanos.org.br\/vidacrista\/\",\"name\":\"Vida Crist\u00e3 - Franciscanos\",\"description\":\"Prov\u00edncia Franciscana da Imaculada Concei\u00e7\u00e3o do Brasil - Ordem dos Frades Menores\",\"potentialAction\":[{\"@type\":\"SearchAction\",\"target\":{\"@type\":\"EntryPoint\",\"urlTemplate\":\"https:\/\/franciscanos.org.br\/vidacrista\/?s={search_term_string}\"},\"query-input\":\"required name=search_term_string\"}],\"inLanguage\":\"pt-BR\"},{\"@type\":\"WebPage\",\"@id\":\"https:\/\/franciscanos.org.br\/vidacrista\/amar-sem-limites\/\",\"url\":\"https:\/\/franciscanos.org.br\/vidacrista\/amar-sem-limites\/\",\"name\":\"Amar sem limites - Vida Crist\u00e3 - Franciscanos\",\"isPartOf\":{\"@id\":\"https:\/\/franciscanos.org.br\/vidacrista\/#website\"},\"datePublished\":\"2010-01-01T03:00:40+00:00\",\"dateModified\":\"2020-05-28T15:09:49+00:00\",\"author\":{\"@id\":\"https:\/\/franciscanos.org.br\/vidacrista\/#\/schema\/person\/133632ca93cec555316a35f76ab4153b\"},\"breadcrumb\":{\"@id\":\"https:\/\/franciscanos.org.br\/vidacrista\/amar-sem-limites\/#breadcrumb\"},\"inLanguage\":\"pt-BR\",\"potentialAction\":[{\"@type\":\"ReadAction\",\"target\":[\"https:\/\/franciscanos.org.br\/vidacrista\/amar-sem-limites\/\"]}]},{\"@type\":\"BreadcrumbList\",\"@id\":\"https:\/\/franciscanos.org.br\/vidacrista\/amar-sem-limites\/#breadcrumb\",\"itemListElement\":[{\"@type\":\"ListItem\",\"position\":1,\"name\":\"Home\",\"item\":\"https:\/\/franciscanos.org.br\/vidacrista\/\"},{\"@type\":\"ListItem\",\"position\":2,\"name\":\"Amar sem limites\"}]},{\"@type\":\"Person\",\"@id\":\"https:\/\/franciscanos.org.br\/vidacrista\/#\/schema\/person\/133632ca93cec555316a35f76ab4153b\",\"name\":\"admin\",\"image\":{\"@type\":\"ImageObject\",\"inLanguage\":\"pt-BR\",\"@id\":\"https:\/\/franciscanos.org.br\/vidacrista\/#\/schema\/person\/image\/\",\"url\":\"https:\/\/secure.gravatar.com\/avatar\/e8495742d34d0ba6448ea1c628263b3e?s=96&d=mm&r=g\",\"contentUrl\":\"https:\/\/secure.gravatar.com\/avatar\/e8495742d34d0ba6448ea1c628263b3e?s=96&d=mm&r=g\",\"caption\":\"admin\"},\"url\":\"https:\/\/franciscanos.org.br\/vidacrista\/author\/admin\/\"}]}<\/script>\n<!-- \/ Yoast SEO plugin. -->","yoast_head_json":{"title":"Amar sem limites - Vida Crist\u00e3 - Franciscanos","robots":{"index":"index","follow":"follow","max-snippet":"max-snippet:-1","max-image-preview":"max-image-preview:large","max-video-preview":"max-video-preview:-1"},"canonical":"https:\/\/franciscanos.org.br\/vidacrista\/amar-sem-limites\/","og_locale":"pt_BR","og_type":"article","og_title":"Amar sem limites - Vida Crist\u00e3 - Franciscanos","og_description":"Frei Almir Ribeiro Guimar\u00e3es","og_url":"https:\/\/franciscanos.org.br\/vidacrista\/amar-sem-limites\/","og_site_name":"Vida Crist\u00e3 - Franciscanos","article_published_time":"2010-01-01T03:00:40+00:00","article_modified_time":"2020-05-28T15:09:49+00:00","og_image":[{"width":800,"height":600,"url":"https:\/\/franciscanos.org.br\/vidacrista\/wp-content\/uploads\/2010\/01\/sagrado_010110-360x450-1.jpg","type":"image\/jpeg"}],"author":"admin","twitter_card":"summary_large_image","twitter_misc":{"Escrito por":"admin","Est. tempo de leitura":"4 minutos"},"schema":{"@context":"https:\/\/schema.org","@graph":[{"@type":"WebSite","@id":"https:\/\/franciscanos.org.br\/vidacrista\/#website","url":"https:\/\/franciscanos.org.br\/vidacrista\/","name":"Vida Crist\u00e3 - Franciscanos","description":"Prov\u00edncia Franciscana da Imaculada Concei\u00e7\u00e3o do Brasil - Ordem dos Frades Menores","potentialAction":[{"@type":"SearchAction","target":{"@type":"EntryPoint","urlTemplate":"https:\/\/franciscanos.org.br\/vidacrista\/?s={search_term_string}"},"query-input":"required name=search_term_string"}],"inLanguage":"pt-BR"},{"@type":"WebPage","@id":"https:\/\/franciscanos.org.br\/vidacrista\/amar-sem-limites\/","url":"https:\/\/franciscanos.org.br\/vidacrista\/amar-sem-limites\/","name":"Amar sem limites - Vida Crist\u00e3 - Franciscanos","isPartOf":{"@id":"https:\/\/franciscanos.org.br\/vidacrista\/#website"},"datePublished":"2010-01-01T03:00:40+00:00","dateModified":"2020-05-28T15:09:49+00:00","author":{"@id":"https:\/\/franciscanos.org.br\/vidacrista\/#\/schema\/person\/133632ca93cec555316a35f76ab4153b"},"breadcrumb":{"@id":"https:\/\/franciscanos.org.br\/vidacrista\/amar-sem-limites\/#breadcrumb"},"inLanguage":"pt-BR","potentialAction":[{"@type":"ReadAction","target":["https:\/\/franciscanos.org.br\/vidacrista\/amar-sem-limites\/"]}]},{"@type":"BreadcrumbList","@id":"https:\/\/franciscanos.org.br\/vidacrista\/amar-sem-limites\/#breadcrumb","itemListElement":[{"@type":"ListItem","position":1,"name":"Home","item":"https:\/\/franciscanos.org.br\/vidacrista\/"},{"@type":"ListItem","position":2,"name":"Amar sem limites"}]},{"@type":"Person","@id":"https:\/\/franciscanos.org.br\/vidacrista\/#\/schema\/person\/133632ca93cec555316a35f76ab4153b","name":"admin","image":{"@type":"ImageObject","inLanguage":"pt-BR","@id":"https:\/\/franciscanos.org.br\/vidacrista\/#\/schema\/person\/image\/","url":"https:\/\/secure.gravatar.com\/avatar\/e8495742d34d0ba6448ea1c628263b3e?s=96&d=mm&r=g","contentUrl":"https:\/\/secure.gravatar.com\/avatar\/e8495742d34d0ba6448ea1c628263b3e?s=96&d=mm&r=g","caption":"admin"},"url":"https:\/\/franciscanos.org.br\/vidacrista\/author\/admin\/"}]}},"_links":{"self":[{"href":"https:\/\/franciscanos.org.br\/vidacrista\/wp-json\/wp\/v2\/posts\/8358"}],"collection":[{"href":"https:\/\/franciscanos.org.br\/vidacrista\/wp-json\/wp\/v2\/posts"}],"about":[{"href":"https:\/\/franciscanos.org.br\/vidacrista\/wp-json\/wp\/v2\/types\/post"}],"author":[{"embeddable":true,"href":"https:\/\/franciscanos.org.br\/vidacrista\/wp-json\/wp\/v2\/users\/1"}],"replies":[{"embeddable":true,"href":"https:\/\/franciscanos.org.br\/vidacrista\/wp-json\/wp\/v2\/comments?post=8358"}],"version-history":[{"count":3,"href":"https:\/\/franciscanos.org.br\/vidacrista\/wp-json\/wp\/v2\/posts\/8358\/revisions"}],"predecessor-version":[{"id":178315,"href":"https:\/\/franciscanos.org.br\/vidacrista\/wp-json\/wp\/v2\/posts\/8358\/revisions\/178315"}],"wp:featuredmedia":[{"embeddable":true,"href":"https:\/\/franciscanos.org.br\/vidacrista\/wp-json\/wp\/v2\/media\/184901"}],"wp:attachment":[{"href":"https:\/\/franciscanos.org.br\/vidacrista\/wp-json\/wp\/v2\/media?parent=8358"}],"wp:term":[{"taxonomy":"category","embeddable":true,"href":"https:\/\/franciscanos.org.br\/vidacrista\/wp-json\/wp\/v2\/categories?post=8358"},{"taxonomy":"post_tag","embeddable":true,"href":"https:\/\/franciscanos.org.br\/vidacrista\/wp-json\/wp\/v2\/tags?post=8358"}],"curies":[{"name":"wp","href":"https:\/\/api.w.org\/{rel}","templated":true}]}}