{"id":8332,"date":"2009-12-04T01:00:38","date_gmt":"2009-12-04T03:00:38","guid":{"rendered":"http:\/\/new.franciscanos.org.br\/?p=8332"},"modified":"2020-06-11T09:26:14","modified_gmt":"2020-06-11T12:26:14","slug":"foi-ele-que-nos-amou-por-primeiro","status":"publish","type":"post","link":"https:\/\/franciscanos.org.br\/vidacrista\/foi-ele-que-nos-amou-por-primeiro\/","title":{"rendered":"Foi Ele que nos amou por primeiro"},"content":{"rendered":"<p><strong><a href=\"http:\/\/franciscanos.org.br\/wp-content\/uploads\/2009\/12\/1930_040412.jpg\"><img decoding=\"async\" loading=\"lazy\" class=\"alignright size-full wp-image-14872\" title=\"Sagrado Cora\u00e7\u00e3o de Jesus\" src=\"http:\/\/franciscanos.org.br\/wp-content\/uploads\/2009\/12\/1930_040412.jpg\" alt=\"\" width=\"300\" height=\"373\" \/><\/a>1.<\/strong> \u201cQuem n\u00e3o ama n\u00e3o conheceu a Deus, porque Deus \u00e9 amor. Foi assim que se manifestou o amor de Deus para conosco: Deus enviou ao mundo seu Filho unig\u00eanito para que tenhamos a vida por meio dele. Nisto consiste o amor: n\u00e3o fomos n\u00f3s que amamos a Deus, mas foi ele que nos amou e enviou o seu Filho como propicia\u00e7\u00e3o pelos nossos pecados\u201d (<em>1Jo 4,8-10<\/em>). Deus nos amou por primeiro, veio ao nosso encontro.<\/p>\n<p><strong>2. <\/strong>Estamos vivendo o tempo do advento e do Natal. H\u00e1 no ar essa atmosfera da festa do Menino que nos veio visitar. Empurrou a porta de nossas casas e pediu que lhe fiz\u00e9ssemos um espa\u00e7o. Mas ele veio na singeleza e na simplicidade. A iniciativa foi do Senhor Deus. Sempre o tema do amor gratuito. Deus toma a iniciativa. Bernhard H\u00e4ring assim se exprime: \u201cO Cora\u00e7\u00e3o de Jesus que come\u00e7ou a palpitar no seio da M\u00e3e e cujos \u00faltimos latejos na cruz s\u00e3o para n\u00f3s sin\u00f4nimo de um amor inef\u00e1vel e ilimitado. Representa o n\u00facleo da nossa f\u00e9 na encarna\u00e7\u00e3o do Filho de Deus. Neste cora\u00e7\u00e3o humano, por meio deste cora\u00e7\u00e3o capaz de amar do que todos os outros cora\u00e7\u00f5es, o pr\u00f3prio Deus nos ama com um amor divino e ao mesmo tempo humano\u201d ( <em>El Sagrado Coraz\u00f3n de Jes\u00fas y la salvaci\u00f3n del mundo, San Pablo, Bogot\u00e1, 1995, p. 14<\/em>).<\/p>\n<p><strong>3. <\/strong>O cardeal John Newman assim se dirige ao Cora\u00e7\u00e3o de Jesus: \u201c\u00d3 s\u00edmbolo sant\u00edssimo e sacramento do amor ao mesmo tempo divino e humano, amor em sua plenitude, tu me salvaste com tua for\u00e7a divina e teu calor humano e, por fim, com teu sangue milagroso, transbordando de amor\u201d. Sempre o tema do amor, de um Deus que vem, que ama, que salva, que acolhe, que perdoa. Um Deus que ama&#8230;<\/p>\n<p><strong>4.<\/strong> Deus, com efeito, criou o mundo e os homens num movimento de amor. Nada existia. Do nada, de gra\u00e7a, brotaram as estrelas, os p\u00e1ssaros, os animais dos campos e a sinfonia do universo. No centro da cria\u00e7\u00e3o o homem e a mulher, criados \u00e0 imagem e semelhan\u00e7a do Senhor. De gra\u00e7a. Deus quer pessoas que o amem de fora, de fora dele, dele Trindade, Pai, Filho e Esp\u00edrito. \u201cDeus, que \u00e9 amor na plenitude trinit\u00e1ria, n\u00e3o podia ter outro motivo para criar o homem a n\u00e3o ser um amor transbordante, que deseja comunicar-se. Quer a n\u00f3s, seres humanos, n\u00e3o apenas como objeto de seu amor, mas como participantes deste mesmo amor, pessoas que amam com ele. Este o sentido mais profundo da afirma\u00e7\u00e3o: Deus criou o homem \u00e0 sua imagem e semelhan\u00e7a\u201d (idem, p. 14-15).<\/p>\n<p><strong>5. <\/strong>Um Deus que \u00e9 amor vem ao encontro do ser humano que precisa amar, mas que vive no desamor, no pecado. Esses tantos homens e mulheres rodando em torno de seus interesses, incapazes de fazer o \u00eaxodo de si mesmos e buscar o outro, por causa do outro, para que o outro n\u00e3o se extravie. H\u00e1 no ser humano essa fissura interior, esse dilaceramento que se chama pecado. Aquele que veio na noite de Bel\u00e9m \u00e9 o mesmo que tem o Cora\u00e7\u00e3o aberto para mostrar at\u00e9 que ponto nos ama e nos convocar para ingressarmos na senda da volta, no caminho da convers\u00e3o, Deus n\u00e3o se cansa de amar. Continua sendo fiel aos seus des\u00edgnios. Jeremias lembra que mesmo com o pecado do homem, Deus n\u00e3o abandona os des\u00edgnios de seu cora\u00e7\u00e3o (<em>Jr 30,24<\/em>). Ou Os\u00e9ias: \u201cEu curarei as suas apostasias, eu os amarei de todo o cora\u00e7\u00e3o, pois minha ir se afastou dele\u201d (<em>14, 5<\/em>). E, no alto da cruz, depois de amar de todos os modos, Jesus tem o peito aberto para mostrar o mist\u00e9rio de seu interior.<\/p>\n<p><strong>6. <\/strong>Sempre o amor, o amor que busca, o amor que previne, o amor com fortes conota\u00e7\u00f5es de miseric\u00f3rdia. No Cora\u00e7\u00e3o de Jesus se escondem os tesouros da sabedoria, da ci\u00eancia\u2026Os que contemplam o Cora\u00e7\u00e3o aberto do Redentor se d\u00e3o conta de que amor precisa ser pago com amor. Assim, a vida crist\u00e3 passa a ser uma exist\u00eancia de ardorosa resposta ao amor que veio at\u00e9 n\u00f3s em primeiro lugar. Na vida de ora\u00e7\u00e3o, no apostolado, na fidelidade de todos os dias, no abra\u00e7o da cruz, o devoto do Cora\u00e7\u00e3o de Jesus percebe que precisa viver a chama do amor. Muitas vezes, mesmo os crist\u00e3os mais ou menos praticantes, s\u00e3o formais. Rezam por rezar. N\u00e3o se d\u00e3o conta da beleza do dom de Cristo na cruz e no altar. Falta-lhes o ardor. Muitas pessoas foram ficando insens\u00edveis de cora\u00e7\u00e3o e se tornaram cegas. Praticam a religi\u00e3o mon\u00f3tona da rotina dos gestos, dos ritos e das palavras. Amam mas v\u00e3o at\u00e9 o fim. Em muitos crist\u00e3os a caridade foi se esfriando.<\/p>\n<p><strong>7. <\/strong>Os verdadeiros devotos do Cora\u00e7\u00e3o do Redentor n\u00e3o buscam apenas aprofundar e purificar incessantemente o seu amor pessoal pelo Senhor, abeirando-se das fontes da salva\u00e7\u00e3o, mas querem ver Deus amado por outros. Pode acontecer que o mundo venha a morrer dormente e os crist\u00e3os conscientes inventam meios e modos para fazer com que o amor de Cristo que tomou conta deles possa ser conhecido de todos e por todos. Os devotos do Cora\u00e7\u00e3o de Jesus s\u00e3o mission\u00e1rios criativos. N\u00e3o s\u00e3o meros tocadores de pastorais mec\u00e2nicas, mas agem a partir da espiritualidade daquele que no alto da cruz d\u00e1 a vida pelos seus.<\/p>\n<p><strong>8.<\/strong> Realmente n\u00e3o existe maior amor do que dar a vida pelos seus amigos!<\/p>\n","protected":false},"excerpt":{"rendered":"<p>Frei Almir Ribeiro Guimar\u00e3es<\/p>\n","protected":false},"author":1,"featured_media":185400,"comment_status":"open","ping_status":"open","sticky":false,"template":"","format":"standard","meta":{"footnotes":""},"categories":[105],"tags":[106,112],"yoast_head":"<!-- This site is optimized with the Yoast SEO plugin v19.4 - https:\/\/yoast.com\/wordpress\/plugins\/seo\/ -->\n<title>Foi Ele que nos amou por primeiro - Vida Crist\u00e3 - Franciscanos<\/title>\n<meta name=\"robots\" content=\"index, follow, max-snippet:-1, max-image-preview:large, max-video-preview:-1\" \/>\n<link rel=\"canonical\" href=\"https:\/\/franciscanos.org.br\/vidacrista\/foi-ele-que-nos-amou-por-primeiro\/\" \/>\n<meta property=\"og:locale\" content=\"pt_BR\" \/>\n<meta property=\"og:type\" content=\"article\" \/>\n<meta property=\"og:title\" content=\"Foi Ele que nos amou por primeiro - Vida Crist\u00e3 - Franciscanos\" \/>\n<meta property=\"og:description\" content=\"Frei Almir Ribeiro Guimar\u00e3es\" \/>\n<meta property=\"og:url\" content=\"https:\/\/franciscanos.org.br\/vidacrista\/foi-ele-que-nos-amou-por-primeiro\/\" \/>\n<meta property=\"og:site_name\" content=\"Vida Crist\u00e3 - Franciscanos\" \/>\n<meta property=\"article:published_time\" content=\"2009-12-04T03:00:38+00:00\" \/>\n<meta property=\"article:modified_time\" content=\"2020-06-11T12:26:14+00:00\" \/>\n<meta property=\"og:image\" content=\"https:\/\/franciscanos.org.br\/vidacrista\/wp-content\/uploads\/2009\/12\/1930_040412.jpg\" \/>\n\t<meta property=\"og:image:width\" content=\"800\" \/>\n\t<meta property=\"og:image:height\" content=\"600\" \/>\n\t<meta property=\"og:image:type\" content=\"image\/jpeg\" \/>\n<meta name=\"author\" content=\"admin\" \/>\n<meta name=\"twitter:card\" content=\"summary_large_image\" \/>\n<meta name=\"twitter:label1\" content=\"Escrito por\" \/>\n\t<meta name=\"twitter:data1\" content=\"admin\" \/>\n\t<meta name=\"twitter:label2\" content=\"Est. tempo de leitura\" \/>\n\t<meta name=\"twitter:data2\" content=\"5 minutos\" \/>\n<script type=\"application\/ld+json\" class=\"yoast-schema-graph\">{\"@context\":\"https:\/\/schema.org\",\"@graph\":[{\"@type\":\"WebSite\",\"@id\":\"https:\/\/franciscanos.org.br\/vidacrista\/#website\",\"url\":\"https:\/\/franciscanos.org.br\/vidacrista\/\",\"name\":\"Vida Crist\u00e3 - Franciscanos\",\"description\":\"Prov\u00edncia Franciscana da Imaculada Concei\u00e7\u00e3o do Brasil - Ordem dos Frades Menores\",\"potentialAction\":[{\"@type\":\"SearchAction\",\"target\":{\"@type\":\"EntryPoint\",\"urlTemplate\":\"https:\/\/franciscanos.org.br\/vidacrista\/?s={search_term_string}\"},\"query-input\":\"required name=search_term_string\"}],\"inLanguage\":\"pt-BR\"},{\"@type\":\"WebPage\",\"@id\":\"https:\/\/franciscanos.org.br\/vidacrista\/foi-ele-que-nos-amou-por-primeiro\/\",\"url\":\"https:\/\/franciscanos.org.br\/vidacrista\/foi-ele-que-nos-amou-por-primeiro\/\",\"name\":\"Foi Ele que nos amou por primeiro - Vida Crist\u00e3 - Franciscanos\",\"isPartOf\":{\"@id\":\"https:\/\/franciscanos.org.br\/vidacrista\/#website\"},\"datePublished\":\"2009-12-04T03:00:38+00:00\",\"dateModified\":\"2020-06-11T12:26:14+00:00\",\"author\":{\"@id\":\"https:\/\/franciscanos.org.br\/vidacrista\/#\/schema\/person\/133632ca93cec555316a35f76ab4153b\"},\"breadcrumb\":{\"@id\":\"https:\/\/franciscanos.org.br\/vidacrista\/foi-ele-que-nos-amou-por-primeiro\/#breadcrumb\"},\"inLanguage\":\"pt-BR\",\"potentialAction\":[{\"@type\":\"ReadAction\",\"target\":[\"https:\/\/franciscanos.org.br\/vidacrista\/foi-ele-que-nos-amou-por-primeiro\/\"]}]},{\"@type\":\"BreadcrumbList\",\"@id\":\"https:\/\/franciscanos.org.br\/vidacrista\/foi-ele-que-nos-amou-por-primeiro\/#breadcrumb\",\"itemListElement\":[{\"@type\":\"ListItem\",\"position\":1,\"name\":\"Home\",\"item\":\"https:\/\/franciscanos.org.br\/vidacrista\/\"},{\"@type\":\"ListItem\",\"position\":2,\"name\":\"Foi Ele que nos amou por primeiro\"}]},{\"@type\":\"Person\",\"@id\":\"https:\/\/franciscanos.org.br\/vidacrista\/#\/schema\/person\/133632ca93cec555316a35f76ab4153b\",\"name\":\"admin\",\"image\":{\"@type\":\"ImageObject\",\"inLanguage\":\"pt-BR\",\"@id\":\"https:\/\/franciscanos.org.br\/vidacrista\/#\/schema\/person\/image\/\",\"url\":\"https:\/\/secure.gravatar.com\/avatar\/e8495742d34d0ba6448ea1c628263b3e?s=96&d=mm&r=g\",\"contentUrl\":\"https:\/\/secure.gravatar.com\/avatar\/e8495742d34d0ba6448ea1c628263b3e?s=96&d=mm&r=g\",\"caption\":\"admin\"},\"url\":\"https:\/\/franciscanos.org.br\/vidacrista\/author\/admin\/\"}]}<\/script>\n<!-- \/ Yoast SEO plugin. -->","yoast_head_json":{"title":"Foi Ele que nos amou por primeiro - Vida Crist\u00e3 - Franciscanos","robots":{"index":"index","follow":"follow","max-snippet":"max-snippet:-1","max-image-preview":"max-image-preview:large","max-video-preview":"max-video-preview:-1"},"canonical":"https:\/\/franciscanos.org.br\/vidacrista\/foi-ele-que-nos-amou-por-primeiro\/","og_locale":"pt_BR","og_type":"article","og_title":"Foi Ele que nos amou por primeiro - Vida Crist\u00e3 - Franciscanos","og_description":"Frei Almir Ribeiro Guimar\u00e3es","og_url":"https:\/\/franciscanos.org.br\/vidacrista\/foi-ele-que-nos-amou-por-primeiro\/","og_site_name":"Vida Crist\u00e3 - Franciscanos","article_published_time":"2009-12-04T03:00:38+00:00","article_modified_time":"2020-06-11T12:26:14+00:00","og_image":[{"width":800,"height":600,"url":"https:\/\/franciscanos.org.br\/vidacrista\/wp-content\/uploads\/2009\/12\/1930_040412.jpg","type":"image\/jpeg"}],"author":"admin","twitter_card":"summary_large_image","twitter_misc":{"Escrito por":"admin","Est. tempo de leitura":"5 minutos"},"schema":{"@context":"https:\/\/schema.org","@graph":[{"@type":"WebSite","@id":"https:\/\/franciscanos.org.br\/vidacrista\/#website","url":"https:\/\/franciscanos.org.br\/vidacrista\/","name":"Vida Crist\u00e3 - Franciscanos","description":"Prov\u00edncia Franciscana da Imaculada Concei\u00e7\u00e3o do Brasil - Ordem dos Frades Menores","potentialAction":[{"@type":"SearchAction","target":{"@type":"EntryPoint","urlTemplate":"https:\/\/franciscanos.org.br\/vidacrista\/?s={search_term_string}"},"query-input":"required name=search_term_string"}],"inLanguage":"pt-BR"},{"@type":"WebPage","@id":"https:\/\/franciscanos.org.br\/vidacrista\/foi-ele-que-nos-amou-por-primeiro\/","url":"https:\/\/franciscanos.org.br\/vidacrista\/foi-ele-que-nos-amou-por-primeiro\/","name":"Foi Ele que nos amou por primeiro - Vida Crist\u00e3 - Franciscanos","isPartOf":{"@id":"https:\/\/franciscanos.org.br\/vidacrista\/#website"},"datePublished":"2009-12-04T03:00:38+00:00","dateModified":"2020-06-11T12:26:14+00:00","author":{"@id":"https:\/\/franciscanos.org.br\/vidacrista\/#\/schema\/person\/133632ca93cec555316a35f76ab4153b"},"breadcrumb":{"@id":"https:\/\/franciscanos.org.br\/vidacrista\/foi-ele-que-nos-amou-por-primeiro\/#breadcrumb"},"inLanguage":"pt-BR","potentialAction":[{"@type":"ReadAction","target":["https:\/\/franciscanos.org.br\/vidacrista\/foi-ele-que-nos-amou-por-primeiro\/"]}]},{"@type":"BreadcrumbList","@id":"https:\/\/franciscanos.org.br\/vidacrista\/foi-ele-que-nos-amou-por-primeiro\/#breadcrumb","itemListElement":[{"@type":"ListItem","position":1,"name":"Home","item":"https:\/\/franciscanos.org.br\/vidacrista\/"},{"@type":"ListItem","position":2,"name":"Foi Ele que nos amou por primeiro"}]},{"@type":"Person","@id":"https:\/\/franciscanos.org.br\/vidacrista\/#\/schema\/person\/133632ca93cec555316a35f76ab4153b","name":"admin","image":{"@type":"ImageObject","inLanguage":"pt-BR","@id":"https:\/\/franciscanos.org.br\/vidacrista\/#\/schema\/person\/image\/","url":"https:\/\/secure.gravatar.com\/avatar\/e8495742d34d0ba6448ea1c628263b3e?s=96&d=mm&r=g","contentUrl":"https:\/\/secure.gravatar.com\/avatar\/e8495742d34d0ba6448ea1c628263b3e?s=96&d=mm&r=g","caption":"admin"},"url":"https:\/\/franciscanos.org.br\/vidacrista\/author\/admin\/"}]}},"_links":{"self":[{"href":"https:\/\/franciscanos.org.br\/vidacrista\/wp-json\/wp\/v2\/posts\/8332"}],"collection":[{"href":"https:\/\/franciscanos.org.br\/vidacrista\/wp-json\/wp\/v2\/posts"}],"about":[{"href":"https:\/\/franciscanos.org.br\/vidacrista\/wp-json\/wp\/v2\/types\/post"}],"author":[{"embeddable":true,"href":"https:\/\/franciscanos.org.br\/vidacrista\/wp-json\/wp\/v2\/users\/1"}],"replies":[{"embeddable":true,"href":"https:\/\/franciscanos.org.br\/vidacrista\/wp-json\/wp\/v2\/comments?post=8332"}],"version-history":[{"count":1,"href":"https:\/\/franciscanos.org.br\/vidacrista\/wp-json\/wp\/v2\/posts\/8332\/revisions"}],"predecessor-version":[{"id":176511,"href":"https:\/\/franciscanos.org.br\/vidacrista\/wp-json\/wp\/v2\/posts\/8332\/revisions\/176511"}],"wp:featuredmedia":[{"embeddable":true,"href":"https:\/\/franciscanos.org.br\/vidacrista\/wp-json\/wp\/v2\/media\/185400"}],"wp:attachment":[{"href":"https:\/\/franciscanos.org.br\/vidacrista\/wp-json\/wp\/v2\/media?parent=8332"}],"wp:term":[{"taxonomy":"category","embeddable":true,"href":"https:\/\/franciscanos.org.br\/vidacrista\/wp-json\/wp\/v2\/categories?post=8332"},{"taxonomy":"post_tag","embeddable":true,"href":"https:\/\/franciscanos.org.br\/vidacrista\/wp-json\/wp\/v2\/tags?post=8332"}],"curies":[{"name":"wp","href":"https:\/\/api.w.org\/{rel}","templated":true}]}}