{"id":8328,"date":"2009-10-02T01:00:03","date_gmt":"2009-10-02T04:00:03","guid":{"rendered":"http:\/\/new.franciscanos.org.br\/?p=8328"},"modified":"2019-03-02T11:40:50","modified_gmt":"2019-03-02T14:40:50","slug":"um-coracao-do-tamanho-do-mundo","status":"publish","type":"post","link":"https:\/\/franciscanos.org.br\/vidacrista\/um-coracao-do-tamanho-do-mundo\/","title":{"rendered":"Um cora\u00e7\u00e3o do tamanho do mundo"},"content":{"rendered":"<p><img decoding=\"async\" loading=\"lazy\" class=\"size-medium wp-image-178307 alignright\" src=\"https:\/\/franciscanos.org.br\/vidacrista\/wp-content\/uploads\/2009\/10\/Sagrado_021009-388x450.jpg\" alt=\"\" width=\"388\" height=\"450\" srcset=\"https:\/\/franciscanos.org.br\/vidacrista\/wp-content\/uploads\/2009\/10\/Sagrado_021009-388x450.jpg 388w, https:\/\/franciscanos.org.br\/vidacrista\/wp-content\/uploads\/2009\/10\/Sagrado_021009-150x174.jpg 150w, https:\/\/franciscanos.org.br\/vidacrista\/wp-content\/uploads\/2009\/10\/Sagrado_021009.jpg 640w\" sizes=\"(max-width: 388px) 100vw, 388px\" \/>Fim de uma hist\u00f3ria? Ou come\u00e7o do al\u00e9m da hist\u00f3ria? O mais belo de todos os filhos dos homens est\u00e1 para consumar tudo. \u201cEm que foi que te faltei? Dei-te o leite, o mel, meu corpo, a vida e minhas entranhas. Que mais podia dar?\u201d Os passantes podiam ouvir sua voz: \u201cSer\u00e1 que existe dor igual \u00e0 minha?\u201d Dor de sofrimento, mas tamb\u00e9m, dor de amor. Ele tem sede, procura o Pai que parece distante e depois, inclinando a cabe\u00e7a, entrega seu esp\u00edrito. Um cora\u00e7\u00e3o do tamanho do mundo. \u201cSim, tenho o cora\u00e7\u00e3o esmagado no peito, e meus ossos todos estremecem\u201d. Antes de inclinar a cabe\u00e7a: \u201cProcurei quem de mim tivesse pena e n\u00e3o achei, algu\u00e9m que pudesse me consolar e n\u00e3o havia\u201d. \u201cMeu jugo n\u00e3o \u00e9 pesado, vinde todos porque sou manso de cora\u00e7\u00e3o\u201d. O Pref\u00e1cio da Solenidade diz: \u201cE de seu lado aberto pela lan\u00e7a fez jorrar com a \u00e1gua e o sangue, os sacramentos da Igreja, para que todos atra\u00eddos ao seu Cora\u00e7\u00e3o, pudessem beber com perene alegria da fonte salvadora\u201d. Um cora\u00e7\u00e3o do tamanho do mundo.<\/p>\n","protected":false},"excerpt":{"rendered":"<p>Frei Almir Ribeiro Guimar\u00e3es<\/p>\n","protected":false},"author":1,"featured_media":178309,"comment_status":"open","ping_status":"open","sticky":false,"template":"","format":"standard","meta":{"footnotes":""},"categories":[105],"tags":[106,112],"yoast_head":"<!-- This site is optimized with the Yoast SEO plugin v19.4 - https:\/\/yoast.com\/wordpress\/plugins\/seo\/ -->\n<title>Um cora\u00e7\u00e3o do tamanho do mundo - Vida Crist\u00e3 - Franciscanos<\/title>\n<meta name=\"robots\" content=\"index, follow, max-snippet:-1, max-image-preview:large, max-video-preview:-1\" \/>\n<link rel=\"canonical\" href=\"https:\/\/franciscanos.org.br\/vidacrista\/um-coracao-do-tamanho-do-mundo\/\" \/>\n<meta property=\"og:locale\" content=\"pt_BR\" \/>\n<meta property=\"og:type\" content=\"article\" \/>\n<meta property=\"og:title\" content=\"Um cora\u00e7\u00e3o do tamanho do mundo - Vida Crist\u00e3 - Franciscanos\" \/>\n<meta property=\"og:description\" content=\"Frei Almir Ribeiro Guimar\u00e3es\" \/>\n<meta property=\"og:url\" content=\"https:\/\/franciscanos.org.br\/vidacrista\/um-coracao-do-tamanho-do-mundo\/\" \/>\n<meta property=\"og:site_name\" content=\"Vida Crist\u00e3 - Franciscanos\" \/>\n<meta property=\"article:published_time\" content=\"2009-10-02T04:00:03+00:00\" \/>\n<meta property=\"article:modified_time\" content=\"2019-03-02T14:40:50+00:00\" \/>\n<meta property=\"og:image\" content=\"https:\/\/franciscanos.org.br\/vidacrista\/wp-content\/uploads\/2009\/10\/Sagrado_021009_1.jpg\" \/>\n\t<meta property=\"og:image:width\" content=\"273\" \/>\n\t<meta property=\"og:image:height\" content=\"181\" \/>\n\t<meta property=\"og:image:type\" content=\"image\/jpeg\" \/>\n<meta name=\"author\" content=\"admin\" \/>\n<meta name=\"twitter:card\" content=\"summary_large_image\" \/>\n<meta name=\"twitter:label1\" content=\"Escrito por\" \/>\n\t<meta name=\"twitter:data1\" content=\"admin\" \/>\n\t<meta name=\"twitter:label2\" content=\"Est. tempo de leitura\" \/>\n\t<meta name=\"twitter:data2\" content=\"1 minuto\" \/>\n<script type=\"application\/ld+json\" class=\"yoast-schema-graph\">{\"@context\":\"https:\/\/schema.org\",\"@graph\":[{\"@type\":\"WebSite\",\"@id\":\"https:\/\/franciscanos.org.br\/vidacrista\/#website\",\"url\":\"https:\/\/franciscanos.org.br\/vidacrista\/\",\"name\":\"Vida Crist\u00e3 - Franciscanos\",\"description\":\"Prov\u00edncia Franciscana da Imaculada Concei\u00e7\u00e3o do Brasil - Ordem dos Frades Menores\",\"potentialAction\":[{\"@type\":\"SearchAction\",\"target\":{\"@type\":\"EntryPoint\",\"urlTemplate\":\"https:\/\/franciscanos.org.br\/vidacrista\/?s={search_term_string}\"},\"query-input\":\"required name=search_term_string\"}],\"inLanguage\":\"pt-BR\"},{\"@type\":\"WebPage\",\"@id\":\"https:\/\/franciscanos.org.br\/vidacrista\/um-coracao-do-tamanho-do-mundo\/\",\"url\":\"https:\/\/franciscanos.org.br\/vidacrista\/um-coracao-do-tamanho-do-mundo\/\",\"name\":\"Um cora\u00e7\u00e3o do tamanho do mundo - Vida Crist\u00e3 - Franciscanos\",\"isPartOf\":{\"@id\":\"https:\/\/franciscanos.org.br\/vidacrista\/#website\"},\"datePublished\":\"2009-10-02T04:00:03+00:00\",\"dateModified\":\"2019-03-02T14:40:50+00:00\",\"author\":{\"@id\":\"https:\/\/franciscanos.org.br\/vidacrista\/#\/schema\/person\/133632ca93cec555316a35f76ab4153b\"},\"breadcrumb\":{\"@id\":\"https:\/\/franciscanos.org.br\/vidacrista\/um-coracao-do-tamanho-do-mundo\/#breadcrumb\"},\"inLanguage\":\"pt-BR\",\"potentialAction\":[{\"@type\":\"ReadAction\",\"target\":[\"https:\/\/franciscanos.org.br\/vidacrista\/um-coracao-do-tamanho-do-mundo\/\"]}]},{\"@type\":\"BreadcrumbList\",\"@id\":\"https:\/\/franciscanos.org.br\/vidacrista\/um-coracao-do-tamanho-do-mundo\/#breadcrumb\",\"itemListElement\":[{\"@type\":\"ListItem\",\"position\":1,\"name\":\"Home\",\"item\":\"https:\/\/franciscanos.org.br\/vidacrista\/\"},{\"@type\":\"ListItem\",\"position\":2,\"name\":\"Um cora\u00e7\u00e3o do tamanho do mundo\"}]},{\"@type\":\"Person\",\"@id\":\"https:\/\/franciscanos.org.br\/vidacrista\/#\/schema\/person\/133632ca93cec555316a35f76ab4153b\",\"name\":\"admin\",\"image\":{\"@type\":\"ImageObject\",\"inLanguage\":\"pt-BR\",\"@id\":\"https:\/\/franciscanos.org.br\/vidacrista\/#\/schema\/person\/image\/\",\"url\":\"https:\/\/secure.gravatar.com\/avatar\/e8495742d34d0ba6448ea1c628263b3e?s=96&d=mm&r=g\",\"contentUrl\":\"https:\/\/secure.gravatar.com\/avatar\/e8495742d34d0ba6448ea1c628263b3e?s=96&d=mm&r=g\",\"caption\":\"admin\"},\"url\":\"https:\/\/franciscanos.org.br\/vidacrista\/author\/admin\/\"}]}<\/script>\n<!-- \/ Yoast SEO plugin. -->","yoast_head_json":{"title":"Um cora\u00e7\u00e3o do tamanho do mundo - Vida Crist\u00e3 - Franciscanos","robots":{"index":"index","follow":"follow","max-snippet":"max-snippet:-1","max-image-preview":"max-image-preview:large","max-video-preview":"max-video-preview:-1"},"canonical":"https:\/\/franciscanos.org.br\/vidacrista\/um-coracao-do-tamanho-do-mundo\/","og_locale":"pt_BR","og_type":"article","og_title":"Um cora\u00e7\u00e3o do tamanho do mundo - Vida Crist\u00e3 - Franciscanos","og_description":"Frei Almir Ribeiro Guimar\u00e3es","og_url":"https:\/\/franciscanos.org.br\/vidacrista\/um-coracao-do-tamanho-do-mundo\/","og_site_name":"Vida Crist\u00e3 - Franciscanos","article_published_time":"2009-10-02T04:00:03+00:00","article_modified_time":"2019-03-02T14:40:50+00:00","og_image":[{"width":273,"height":181,"url":"https:\/\/franciscanos.org.br\/vidacrista\/wp-content\/uploads\/2009\/10\/Sagrado_021009_1.jpg","type":"image\/jpeg"}],"author":"admin","twitter_card":"summary_large_image","twitter_misc":{"Escrito por":"admin","Est. tempo de leitura":"1 minuto"},"schema":{"@context":"https:\/\/schema.org","@graph":[{"@type":"WebSite","@id":"https:\/\/franciscanos.org.br\/vidacrista\/#website","url":"https:\/\/franciscanos.org.br\/vidacrista\/","name":"Vida Crist\u00e3 - Franciscanos","description":"Prov\u00edncia Franciscana da Imaculada Concei\u00e7\u00e3o do Brasil - Ordem dos Frades Menores","potentialAction":[{"@type":"SearchAction","target":{"@type":"EntryPoint","urlTemplate":"https:\/\/franciscanos.org.br\/vidacrista\/?s={search_term_string}"},"query-input":"required name=search_term_string"}],"inLanguage":"pt-BR"},{"@type":"WebPage","@id":"https:\/\/franciscanos.org.br\/vidacrista\/um-coracao-do-tamanho-do-mundo\/","url":"https:\/\/franciscanos.org.br\/vidacrista\/um-coracao-do-tamanho-do-mundo\/","name":"Um cora\u00e7\u00e3o do tamanho do mundo - Vida Crist\u00e3 - Franciscanos","isPartOf":{"@id":"https:\/\/franciscanos.org.br\/vidacrista\/#website"},"datePublished":"2009-10-02T04:00:03+00:00","dateModified":"2019-03-02T14:40:50+00:00","author":{"@id":"https:\/\/franciscanos.org.br\/vidacrista\/#\/schema\/person\/133632ca93cec555316a35f76ab4153b"},"breadcrumb":{"@id":"https:\/\/franciscanos.org.br\/vidacrista\/um-coracao-do-tamanho-do-mundo\/#breadcrumb"},"inLanguage":"pt-BR","potentialAction":[{"@type":"ReadAction","target":["https:\/\/franciscanos.org.br\/vidacrista\/um-coracao-do-tamanho-do-mundo\/"]}]},{"@type":"BreadcrumbList","@id":"https:\/\/franciscanos.org.br\/vidacrista\/um-coracao-do-tamanho-do-mundo\/#breadcrumb","itemListElement":[{"@type":"ListItem","position":1,"name":"Home","item":"https:\/\/franciscanos.org.br\/vidacrista\/"},{"@type":"ListItem","position":2,"name":"Um cora\u00e7\u00e3o do tamanho do mundo"}]},{"@type":"Person","@id":"https:\/\/franciscanos.org.br\/vidacrista\/#\/schema\/person\/133632ca93cec555316a35f76ab4153b","name":"admin","image":{"@type":"ImageObject","inLanguage":"pt-BR","@id":"https:\/\/franciscanos.org.br\/vidacrista\/#\/schema\/person\/image\/","url":"https:\/\/secure.gravatar.com\/avatar\/e8495742d34d0ba6448ea1c628263b3e?s=96&d=mm&r=g","contentUrl":"https:\/\/secure.gravatar.com\/avatar\/e8495742d34d0ba6448ea1c628263b3e?s=96&d=mm&r=g","caption":"admin"},"url":"https:\/\/franciscanos.org.br\/vidacrista\/author\/admin\/"}]}},"_links":{"self":[{"href":"https:\/\/franciscanos.org.br\/vidacrista\/wp-json\/wp\/v2\/posts\/8328"}],"collection":[{"href":"https:\/\/franciscanos.org.br\/vidacrista\/wp-json\/wp\/v2\/posts"}],"about":[{"href":"https:\/\/franciscanos.org.br\/vidacrista\/wp-json\/wp\/v2\/types\/post"}],"author":[{"embeddable":true,"href":"https:\/\/franciscanos.org.br\/vidacrista\/wp-json\/wp\/v2\/users\/1"}],"replies":[{"embeddable":true,"href":"https:\/\/franciscanos.org.br\/vidacrista\/wp-json\/wp\/v2\/comments?post=8328"}],"version-history":[{"count":3,"href":"https:\/\/franciscanos.org.br\/vidacrista\/wp-json\/wp\/v2\/posts\/8328\/revisions"}],"predecessor-version":[{"id":178310,"href":"https:\/\/franciscanos.org.br\/vidacrista\/wp-json\/wp\/v2\/posts\/8328\/revisions\/178310"}],"wp:featuredmedia":[{"embeddable":true,"href":"https:\/\/franciscanos.org.br\/vidacrista\/wp-json\/wp\/v2\/media\/178309"}],"wp:attachment":[{"href":"https:\/\/franciscanos.org.br\/vidacrista\/wp-json\/wp\/v2\/media?parent=8328"}],"wp:term":[{"taxonomy":"category","embeddable":true,"href":"https:\/\/franciscanos.org.br\/vidacrista\/wp-json\/wp\/v2\/categories?post=8328"},{"taxonomy":"post_tag","embeddable":true,"href":"https:\/\/franciscanos.org.br\/vidacrista\/wp-json\/wp\/v2\/tags?post=8328"}],"curies":[{"name":"wp","href":"https:\/\/api.w.org\/{rel}","templated":true}]}}