{"id":80776,"date":"2015-03-05T12:50:09","date_gmt":"2015-03-05T15:50:09","guid":{"rendered":"http:\/\/franciscanos.org.br\/?p=80776"},"modified":"2019-03-01T14:11:41","modified_gmt":"2019-03-01T17:11:41","slug":"a-agua-do-coracao-do-senhor","status":"publish","type":"post","link":"https:\/\/franciscanos.org.br\/vidacrista\/a-agua-do-coracao-do-senhor\/","title":{"rendered":"A \u00e1gua do cora\u00e7\u00e3o do Senhor"},"content":{"rendered":"<p><img decoding=\"async\" loading=\"lazy\" src=\"http:\/\/franciscanos.org.br\/wp-content\/uploads\/2015\/03\/agua_a.jpg\" alt=\"agua_a\" width=\"820\" height=\"511\" \/><\/p>\n<h3>\u00a0<strong>\u00a0\u201cBem o sabe a espada do soldado!\u201d<\/strong><\/h3>\n<p>Estamos vivendo uma crise h\u00eddrica. No linguajar cotidiano era pouco conhecido esse adjetivo de origem grega \u201ch\u00eddrico\u201d, hoje empregado a todo momento. De fato, fala-se muito de \u00e1gua. E com raz\u00e3o. Grande parte de nosso pa\u00eds est\u00e1 diante do fantasma da falta de \u00e1gua e, devido \u00e0 falta de \u00e1gua para movimentar as hidrel\u00e9tricas, est\u00e1 diante tamb\u00e9m do racionamento de energia el\u00e9trica. De modo especial penam as ind\u00fastrias e, com isso, o PIB brasileiro marca passo ou vai para tr\u00e1s. Como ser\u00e1 nosso amanh\u00e3? Andamos descuidando demais de muitas coisas. N\u00e3o tivemos o devido cuidado com\u00a0 nossa irm\u00e3 \u00e1gua, t\u00e3o casta e pura, no dizer de\u00a0 Francisco de Assis.<\/p>\n<p>Nesta primeira sexta-feira de mar\u00e7o possa ajudar nossa reflex\u00e3o e nossa ora\u00e7\u00e3o um texto luminoso de Tertuliano que viveu no final do s\u00e9culo II e come\u00e7os do s\u00e9culo III. Todo o discurso desse crist\u00e3o da \u00c1frica \u00e9 uma medita\u00e7\u00e3o sobre o Esp\u00edrito e a \u00e1gua.\u00a0 Interessa-nos, nesse quadro da primeira sexta-feira, as afirma\u00e7\u00f5es a respeito de Cristo e da \u00e1gua:<\/p>\n<p>\u201cQuanta gra\u00e7a tem a \u00e1gua junto de Deus e de seu Cristo na institui\u00e7\u00e3o do batismo! Jamais vemos o Cristo sem a \u00e1gua! \u00a0Ele mesmo se deixa batizar na \u00e1gua. Chamado \u00e0s bodas de Can\u00e1 \u00e9 com a \u00e1gua que inaugura a manifesta\u00e7\u00e3o de seu poder. Quando prega, convida os que t\u00eam sede a beber de sua \u00e1gua eterna.\u00a0 Quando fala da caridade, aprova entre as obras de amor, o copo d\u2019\u00e1gua oferecido ao pr\u00f3ximo. Junto a um po\u00e7o restaura as suas for\u00e7as. Caminha sobre a \u00e1gua, atravessando-a livremente.\u00a0 Serve-a aos disc\u00edpulos. At\u00e9 em sua paix\u00e3o prossegue o testemunho do batismo: pois a \u00e1gua est\u00e1 presente\u00a0 &#8211; sabem-no as m\u00e3os de Pilatos \u2013 quando \u00e9 condenado \u00e1 cruz. E ao ser traspassado\u00a0 &#8211; bem o sabe a espada do soldado\u00a0 &#8211; jorra \u00e1gua de seu lado\u201d\u00a0 (<em>Lecion\u00e1rio Mon\u00e1stico\u00a0 I,\u00a0 p.513<\/em>).<\/p>\n<p>Os grandes simbolismos da \u00e1gua penetram nossa espiritualidade: a \u00e1gua que mata a sede, a \u00e1gua fonte de vida e alimentadora da vida, a \u00e1gua que purifica. Os verdadeiros buscadores de Deus s\u00e3o pessoas que sempre experimentam necessidade de Deus, sede de Deus. Nascemos do seio da m\u00e3e\u00a0 onde nad\u00e1vamos em \u00e1gua. Renascemos pelas \u00e1guas do batismo. Temos urg\u00eancia de nos colocar sob a cruz de Jesus, como indiv\u00edduos e como comunidade, para deixar que o amor extremo manifeste na \u00faltima gota de \u00e1gua\u00a0 e de sangue nos purifique. Que esse banho da \u00e1gua do peito aberto renove nossa vida.\u00a0 A espada do soldado ficou sabendo que jorrava \u00e1gua do peito do Senhor.<\/p>\n<p><strong>\u00a0Frei Almir Ribeiro Guimar\u00e3es<\/strong><\/p>\n","protected":false},"excerpt":{"rendered":"<p>Frei Almir Guimar\u00e3es<\/p>\n","protected":false},"author":1,"featured_media":178225,"comment_status":"open","ping_status":"open","sticky":false,"template":"","format":"standard","meta":{"footnotes":""},"categories":[105],"tags":[106,112],"yoast_head":"<!-- This site is optimized with the Yoast SEO plugin v19.4 - https:\/\/yoast.com\/wordpress\/plugins\/seo\/ -->\n<title>A \u00e1gua do cora\u00e7\u00e3o do Senhor - Vida Crist\u00e3 - Franciscanos<\/title>\n<meta name=\"robots\" content=\"index, follow, max-snippet:-1, max-image-preview:large, max-video-preview:-1\" \/>\n<link rel=\"canonical\" href=\"https:\/\/franciscanos.org.br\/vidacrista\/a-agua-do-coracao-do-senhor\/\" \/>\n<meta property=\"og:locale\" content=\"pt_BR\" \/>\n<meta property=\"og:type\" content=\"article\" \/>\n<meta property=\"og:title\" content=\"A \u00e1gua do cora\u00e7\u00e3o do Senhor - Vida Crist\u00e3 - Franciscanos\" \/>\n<meta property=\"og:description\" content=\"Frei Almir Guimar\u00e3es\" \/>\n<meta property=\"og:url\" content=\"https:\/\/franciscanos.org.br\/vidacrista\/a-agua-do-coracao-do-senhor\/\" \/>\n<meta property=\"og:site_name\" content=\"Vida Crist\u00e3 - Franciscanos\" \/>\n<meta property=\"article:published_time\" content=\"2015-03-05T15:50:09+00:00\" \/>\n<meta property=\"article:modified_time\" content=\"2019-03-01T17:11:41+00:00\" \/>\n<meta property=\"og:image\" content=\"https:\/\/franciscanos.org.br\/vidacrista\/wp-content\/uploads\/2015\/03\/sagrado_050315.jpg\" \/>\n\t<meta property=\"og:image:width\" content=\"273\" \/>\n\t<meta property=\"og:image:height\" content=\"181\" \/>\n\t<meta property=\"og:image:type\" content=\"image\/jpeg\" \/>\n<meta name=\"author\" content=\"admin\" \/>\n<meta name=\"twitter:card\" content=\"summary_large_image\" \/>\n<meta name=\"twitter:label1\" content=\"Escrito por\" \/>\n\t<meta name=\"twitter:data1\" content=\"admin\" \/>\n\t<meta name=\"twitter:label2\" content=\"Est. tempo de leitura\" \/>\n\t<meta name=\"twitter:data2\" content=\"2 minutos\" \/>\n<script type=\"application\/ld+json\" class=\"yoast-schema-graph\">{\"@context\":\"https:\/\/schema.org\",\"@graph\":[{\"@type\":\"WebSite\",\"@id\":\"https:\/\/franciscanos.org.br\/vidacrista\/#website\",\"url\":\"https:\/\/franciscanos.org.br\/vidacrista\/\",\"name\":\"Vida Crist\u00e3 - Franciscanos\",\"description\":\"Prov\u00edncia Franciscana da Imaculada Concei\u00e7\u00e3o do Brasil - Ordem dos Frades Menores\",\"potentialAction\":[{\"@type\":\"SearchAction\",\"target\":{\"@type\":\"EntryPoint\",\"urlTemplate\":\"https:\/\/franciscanos.org.br\/vidacrista\/?s={search_term_string}\"},\"query-input\":\"required name=search_term_string\"}],\"inLanguage\":\"pt-BR\"},{\"@type\":\"WebPage\",\"@id\":\"https:\/\/franciscanos.org.br\/vidacrista\/a-agua-do-coracao-do-senhor\/\",\"url\":\"https:\/\/franciscanos.org.br\/vidacrista\/a-agua-do-coracao-do-senhor\/\",\"name\":\"A \u00e1gua do cora\u00e7\u00e3o do Senhor - Vida Crist\u00e3 - Franciscanos\",\"isPartOf\":{\"@id\":\"https:\/\/franciscanos.org.br\/vidacrista\/#website\"},\"datePublished\":\"2015-03-05T15:50:09+00:00\",\"dateModified\":\"2019-03-01T17:11:41+00:00\",\"author\":{\"@id\":\"https:\/\/franciscanos.org.br\/vidacrista\/#\/schema\/person\/133632ca93cec555316a35f76ab4153b\"},\"breadcrumb\":{\"@id\":\"https:\/\/franciscanos.org.br\/vidacrista\/a-agua-do-coracao-do-senhor\/#breadcrumb\"},\"inLanguage\":\"pt-BR\",\"potentialAction\":[{\"@type\":\"ReadAction\",\"target\":[\"https:\/\/franciscanos.org.br\/vidacrista\/a-agua-do-coracao-do-senhor\/\"]}]},{\"@type\":\"BreadcrumbList\",\"@id\":\"https:\/\/franciscanos.org.br\/vidacrista\/a-agua-do-coracao-do-senhor\/#breadcrumb\",\"itemListElement\":[{\"@type\":\"ListItem\",\"position\":1,\"name\":\"Home\",\"item\":\"https:\/\/franciscanos.org.br\/vidacrista\/\"},{\"@type\":\"ListItem\",\"position\":2,\"name\":\"A \u00e1gua do cora\u00e7\u00e3o do Senhor\"}]},{\"@type\":\"Person\",\"@id\":\"https:\/\/franciscanos.org.br\/vidacrista\/#\/schema\/person\/133632ca93cec555316a35f76ab4153b\",\"name\":\"admin\",\"image\":{\"@type\":\"ImageObject\",\"inLanguage\":\"pt-BR\",\"@id\":\"https:\/\/franciscanos.org.br\/vidacrista\/#\/schema\/person\/image\/\",\"url\":\"https:\/\/secure.gravatar.com\/avatar\/e8495742d34d0ba6448ea1c628263b3e?s=96&d=mm&r=g\",\"contentUrl\":\"https:\/\/secure.gravatar.com\/avatar\/e8495742d34d0ba6448ea1c628263b3e?s=96&d=mm&r=g\",\"caption\":\"admin\"},\"url\":\"https:\/\/franciscanos.org.br\/vidacrista\/author\/admin\/\"}]}<\/script>\n<!-- \/ Yoast SEO plugin. -->","yoast_head_json":{"title":"A \u00e1gua do cora\u00e7\u00e3o do Senhor - Vida Crist\u00e3 - Franciscanos","robots":{"index":"index","follow":"follow","max-snippet":"max-snippet:-1","max-image-preview":"max-image-preview:large","max-video-preview":"max-video-preview:-1"},"canonical":"https:\/\/franciscanos.org.br\/vidacrista\/a-agua-do-coracao-do-senhor\/","og_locale":"pt_BR","og_type":"article","og_title":"A \u00e1gua do cora\u00e7\u00e3o do Senhor - Vida Crist\u00e3 - Franciscanos","og_description":"Frei Almir Guimar\u00e3es","og_url":"https:\/\/franciscanos.org.br\/vidacrista\/a-agua-do-coracao-do-senhor\/","og_site_name":"Vida Crist\u00e3 - Franciscanos","article_published_time":"2015-03-05T15:50:09+00:00","article_modified_time":"2019-03-01T17:11:41+00:00","og_image":[{"width":273,"height":181,"url":"https:\/\/franciscanos.org.br\/vidacrista\/wp-content\/uploads\/2015\/03\/sagrado_050315.jpg","type":"image\/jpeg"}],"author":"admin","twitter_card":"summary_large_image","twitter_misc":{"Escrito por":"admin","Est. tempo de leitura":"2 minutos"},"schema":{"@context":"https:\/\/schema.org","@graph":[{"@type":"WebSite","@id":"https:\/\/franciscanos.org.br\/vidacrista\/#website","url":"https:\/\/franciscanos.org.br\/vidacrista\/","name":"Vida Crist\u00e3 - Franciscanos","description":"Prov\u00edncia Franciscana da Imaculada Concei\u00e7\u00e3o do Brasil - Ordem dos Frades Menores","potentialAction":[{"@type":"SearchAction","target":{"@type":"EntryPoint","urlTemplate":"https:\/\/franciscanos.org.br\/vidacrista\/?s={search_term_string}"},"query-input":"required name=search_term_string"}],"inLanguage":"pt-BR"},{"@type":"WebPage","@id":"https:\/\/franciscanos.org.br\/vidacrista\/a-agua-do-coracao-do-senhor\/","url":"https:\/\/franciscanos.org.br\/vidacrista\/a-agua-do-coracao-do-senhor\/","name":"A \u00e1gua do cora\u00e7\u00e3o do Senhor - Vida Crist\u00e3 - Franciscanos","isPartOf":{"@id":"https:\/\/franciscanos.org.br\/vidacrista\/#website"},"datePublished":"2015-03-05T15:50:09+00:00","dateModified":"2019-03-01T17:11:41+00:00","author":{"@id":"https:\/\/franciscanos.org.br\/vidacrista\/#\/schema\/person\/133632ca93cec555316a35f76ab4153b"},"breadcrumb":{"@id":"https:\/\/franciscanos.org.br\/vidacrista\/a-agua-do-coracao-do-senhor\/#breadcrumb"},"inLanguage":"pt-BR","potentialAction":[{"@type":"ReadAction","target":["https:\/\/franciscanos.org.br\/vidacrista\/a-agua-do-coracao-do-senhor\/"]}]},{"@type":"BreadcrumbList","@id":"https:\/\/franciscanos.org.br\/vidacrista\/a-agua-do-coracao-do-senhor\/#breadcrumb","itemListElement":[{"@type":"ListItem","position":1,"name":"Home","item":"https:\/\/franciscanos.org.br\/vidacrista\/"},{"@type":"ListItem","position":2,"name":"A \u00e1gua do cora\u00e7\u00e3o do Senhor"}]},{"@type":"Person","@id":"https:\/\/franciscanos.org.br\/vidacrista\/#\/schema\/person\/133632ca93cec555316a35f76ab4153b","name":"admin","image":{"@type":"ImageObject","inLanguage":"pt-BR","@id":"https:\/\/franciscanos.org.br\/vidacrista\/#\/schema\/person\/image\/","url":"https:\/\/secure.gravatar.com\/avatar\/e8495742d34d0ba6448ea1c628263b3e?s=96&d=mm&r=g","contentUrl":"https:\/\/secure.gravatar.com\/avatar\/e8495742d34d0ba6448ea1c628263b3e?s=96&d=mm&r=g","caption":"admin"},"url":"https:\/\/franciscanos.org.br\/vidacrista\/author\/admin\/"}]}},"_links":{"self":[{"href":"https:\/\/franciscanos.org.br\/vidacrista\/wp-json\/wp\/v2\/posts\/80776"}],"collection":[{"href":"https:\/\/franciscanos.org.br\/vidacrista\/wp-json\/wp\/v2\/posts"}],"about":[{"href":"https:\/\/franciscanos.org.br\/vidacrista\/wp-json\/wp\/v2\/types\/post"}],"author":[{"embeddable":true,"href":"https:\/\/franciscanos.org.br\/vidacrista\/wp-json\/wp\/v2\/users\/1"}],"replies":[{"embeddable":true,"href":"https:\/\/franciscanos.org.br\/vidacrista\/wp-json\/wp\/v2\/comments?post=80776"}],"version-history":[{"count":1,"href":"https:\/\/franciscanos.org.br\/vidacrista\/wp-json\/wp\/v2\/posts\/80776\/revisions"}],"predecessor-version":[{"id":178155,"href":"https:\/\/franciscanos.org.br\/vidacrista\/wp-json\/wp\/v2\/posts\/80776\/revisions\/178155"}],"wp:featuredmedia":[{"embeddable":true,"href":"https:\/\/franciscanos.org.br\/vidacrista\/wp-json\/wp\/v2\/media\/178225"}],"wp:attachment":[{"href":"https:\/\/franciscanos.org.br\/vidacrista\/wp-json\/wp\/v2\/media?parent=80776"}],"wp:term":[{"taxonomy":"category","embeddable":true,"href":"https:\/\/franciscanos.org.br\/vidacrista\/wp-json\/wp\/v2\/categories?post=80776"},{"taxonomy":"post_tag","embeddable":true,"href":"https:\/\/franciscanos.org.br\/vidacrista\/wp-json\/wp\/v2\/tags?post=80776"}],"curies":[{"name":"wp","href":"https:\/\/api.w.org\/{rel}","templated":true}]}}