{"id":80694,"date":"2015-03-04T10:39:34","date_gmt":"2015-03-04T13:39:34","guid":{"rendered":"http:\/\/franciscanos.org.br\/?p=80694"},"modified":"2020-07-28T08:54:48","modified_gmt":"2020-07-28T11:54:48","slug":"o-que-precisa-ser-incorporado-ao-processo-de-educacao","status":"publish","type":"post","link":"https:\/\/franciscanos.org.br\/vidacrista\/o-que-precisa-ser-incorporado-ao-processo-de-educacao\/","title":{"rendered":"O que precisa ser incorporado ao processo de educa\u00e7\u00e3o"},"content":{"rendered":"<p>&nbsp;<\/p>\n<div id=\"attachment_187061\" style=\"width: 850px\" class=\"wp-caption alignnone\"><img aria-describedby=\"caption-attachment-187061\" decoding=\"async\" loading=\"lazy\" class=\"wp-image-187061 size-full\" src=\"https:\/\/franciscanos.org.br\/vidacrista\/wp-content\/uploads\/2015\/03\/artigo_2807_2.png\" alt=\"\" width=\"840\" height=\"450\" srcset=\"https:\/\/franciscanos.org.br\/vidacrista\/wp-content\/uploads\/2015\/03\/artigo_2807_2.png 840w, https:\/\/franciscanos.org.br\/vidacrista\/wp-content\/uploads\/2015\/03\/artigo_2807_2-450x241.png 450w, https:\/\/franciscanos.org.br\/vidacrista\/wp-content\/uploads\/2015\/03\/artigo_2807_2-768x411.png 768w, https:\/\/franciscanos.org.br\/vidacrista\/wp-content\/uploads\/2015\/03\/artigo_2807_2-150x80.png 150w\" sizes=\"(max-width: 840px) 100vw, 840px\" \/><p id=\"caption-attachment-187061\" class=\"wp-caption-text\"><em> \u00a0 \u00a0 Imagem ilustrativa (fonte: Canva)<\/em><\/p><\/div>\n<p><strong>Leonardo Boff<\/strong><\/p>\n<p>Geralmente o processo educativo da sociedade com suas institui\u00e7\u00f5es como a rede de escolas e de universidades est\u00e3o sempre atrasadas em rela\u00e7\u00e3o \u00e0s mudan\u00e7as que acontecem. N\u00e3o antecipam eventuais processos e custam-lhes fazer as mudan\u00e7as necess\u00e1rias para estar \u00e0 altura deles.<\/p>\n<p>Entre outras, duas s\u00e3o as grandes mudan\u00e7as que est\u00e3o ocorrendo na Terra: a introdu\u00e7\u00e3o da comunica\u00e7\u00e3o global via internet e redes sociais e a grande crise ecol\u00f3gica que p\u00f5e em risco o sistema-vida e o sistema-Terra. Podemos eventualmente desaparecer da face da Terra. Para impedir esse apocalipse a educa\u00e7\u00e3o deve ser outra, diversa daquela que dominou at\u00e9 agora.<\/p>\n<p>N\u00e3o basta o conhecimento. Precisamos de consci\u00eancia: uma nova mente e um novo cora\u00e7\u00e3o. Precisamos tamb\u00e9m de uma nova pr\u00e1tica. Urge nos reinventar como humanos, no sentido de inaugurar uma nova forma de habitar o planeta com outro tipo de civiliza\u00e7\u00e3o. Como dizia muito bem Hannah Arendt: &#8220;Podemos nos informar a vida inteira sem nunca nos educar\u201d. Hoje temos que nos reeducar e no reinventar como humanos.<\/p>\n<p>Por isso, acrescento \u00e0s dimens\u00f5es acima referidas, estas duas: aprender a cuidar e aprender a se espiritualizar.<br \/>\nMas antes faz-se mister, previamente, resgatar a intelig\u00eancia cordial, sens\u00edvel ou emocional. Sem ela, falar do cuidado e da espiritualidade faz pouco sentido. A causa reside no fato de que todo sistema moderno de ensino se funda na raz\u00e3o intelectual, instrumental e anal\u00edtica. Ela \u00e9 uma forma de conhecer e de dominar a realidade, fazendo-a mero objeto. Sob o pretexto de que a raz\u00e3o sens\u00edvel impediria a objetividade do conhecimento, foi recalcada. Com isso surgiu uma vis\u00e3o fria do mundo. Ocorreu uma esp\u00e9cie de lobotomia que nos impede de nos sentir parte da natureza e de perceber a dor os outros.<\/p>\n<p>Sabemos que a raz\u00e3o intelectual, como a temos hoje, \u00e9 recente, possui cerca de 200 mil anos quando surgiu o homo sapiens com seu c\u00e9rebro neo-cortical. Mas antes dele, surgiu h\u00e1 cerca de 200 milh\u00f5es de anos, o c\u00e9rebro l\u00edmbico, por ocasi\u00e3o da emerg\u00eancia dos mam\u00edferos. Com eles, entrou no mundo o amor, o cuidado, o sentimento que se devotam \u00e0 cria. N\u00f3s humanos, esquecemos que somos mam\u00edferos intelectuais. Logo, somos fundamentalmente portadores de emo\u00e7\u00f5es, paix\u00f5es e afetos. No c\u00e9rebro l\u00edmbico reside o nicho da \u00e9tica, dos sentimentos oce\u00e2nicos como os religiosos. Antes ainda h\u00e1 300 milh\u00f5es de anos, irrompeu o c\u00e9rebro retil\u00edneo que responde por nossos rea\u00e7\u00f5es instintivas; mas n\u00e3o \u00e9 o caso de abord\u00e1-lo aqui.<\/p>\n<p>O que importa \u00e9 que hoje temos que enriquecer nossa raz\u00e3o intelectual com a raz\u00e3o cordial, muito mais ancestral, se quisermos fazer valer o cuidado e a espiritualidade.<\/p>\n<p>Sem essas duas dimens\u00f5es n\u00e3o iremos nos mobilizar para cuidar da Terra, da \u00e1gua, do clima, das rela\u00e7\u00f5es inclusivas. Precisamos cuidar de tudo, sem o que as coisas se deterioram e perecem. E ent\u00e3o ir\u00edamos encontro de um cen\u00e1rio dram\u00e1tico.<\/p>\n<p>Outra tarefa \u00e9 resgatar a dimens\u00e3o da espiritualidade. Ela n\u00e3o deve ser identificada com a religi\u00e3o. Ela subjaz \u00e0 religi\u00e3o porque \u00e9 anterior a ela. A espiritualidade \u00e9 uma dimens\u00e3o inerente ao ser humano como a raz\u00e3o, a vontade e sexualidade. \u00c9 o lado do profundo, de onde emergem as quest\u00f5es do sentido terminal da vida e do mundo.<\/p>\n<p>Infelizmente estas quest\u00f5es foram tidas como algo privado e sem grande valor. Mas sem sua incorpora\u00e7\u00e3o, a vida perde irradia\u00e7\u00e3o e alegria. Mas h\u00e1 um dado novo: os neur\u00f3logos conclu\u00edram que sempre que o ser humano aborda estas quest\u00f5es do sentido, do sagrado e de Deus, h\u00e1 uma acelera\u00e7\u00e3o sens\u00edvel nos neur\u00f4nios do lobo frontal. Chamaram a isso \u201cponto Deus\u201d no c\u00e9rebro, uma esp\u00e9cie de \u00f3rg\u00e3o interior pelo qual captamos a Presen\u00e7a de uma Energia poderosa e amorosa que liga e re-liga todas as coisas.<\/p>\n<p>Avivar esse \u201cponto Deus\u201d nos faz mais solid\u00e1rios, amorosos e cuidadosos. Ele se op\u00f5e ao consumismo e materialismo de nossa cultura. Todos, especialmente os que est\u00e3o na escola, devem ser iniciados nessa espiritualidade, pois nos torna mais sens\u00edveis aos outros, mais ligados \u00e0 m\u00e3e Terra, \u00e0 natureza e ao cuidado, valores sem os quais n\u00e3o garantiremos um futuro bom para n\u00f3s.<\/p>\n<p>Intelig\u00eancia cordial e espiritualidade s\u00e3o as exig\u00eancias mais urgentes que a atual situa\u00e7\u00e3o amea\u00e7adora nos faz.<\/p>\n<hr \/>\n<p>L<em><strong>eonardo Boff \u00e9 colunista do JBonline e escreveu Saber cuidar, Vozes 2000 e O cuidado necess\u00e1rio e Vozes 2013.<\/strong><\/em><\/p>\n","protected":false},"excerpt":{"rendered":"<p>Artigo de Leonardo Boff<\/p>\n","protected":false},"author":1,"featured_media":187063,"comment_status":"open","ping_status":"open","sticky":false,"template":"","format":"standard","meta":{"footnotes":""},"categories":[26],"tags":[59],"yoast_head":"<!-- This site is optimized with the Yoast SEO plugin v19.4 - https:\/\/yoast.com\/wordpress\/plugins\/seo\/ -->\n<title>O que precisa ser incorporado ao processo de educa\u00e7\u00e3o - Vida Crist\u00e3 - Franciscanos<\/title>\n<meta name=\"robots\" content=\"index, follow, max-snippet:-1, max-image-preview:large, max-video-preview:-1\" \/>\n<link rel=\"canonical\" href=\"https:\/\/franciscanos.org.br\/vidacrista\/o-que-precisa-ser-incorporado-ao-processo-de-educacao\/\" \/>\n<meta property=\"og:locale\" content=\"pt_BR\" \/>\n<meta property=\"og:type\" content=\"article\" \/>\n<meta property=\"og:title\" content=\"O que precisa ser incorporado ao processo de educa\u00e7\u00e3o - Vida Crist\u00e3 - Franciscanos\" \/>\n<meta property=\"og:description\" content=\"Artigo de Leonardo Boff\" \/>\n<meta property=\"og:url\" content=\"https:\/\/franciscanos.org.br\/vidacrista\/o-que-precisa-ser-incorporado-ao-processo-de-educacao\/\" \/>\n<meta property=\"og:site_name\" content=\"Vida Crist\u00e3 - Franciscanos\" \/>\n<meta property=\"article:published_time\" content=\"2015-03-04T13:39:34+00:00\" \/>\n<meta property=\"article:modified_time\" content=\"2020-07-28T11:54:48+00:00\" \/>\n<meta property=\"og:image\" content=\"https:\/\/franciscanos.org.br\/vidacrista\/wp-content\/uploads\/2015\/03\/artigo_2807_2d.png\" \/>\n\t<meta property=\"og:image:width\" content=\"800\" \/>\n\t<meta property=\"og:image:height\" content=\"515\" \/>\n\t<meta property=\"og:image:type\" content=\"image\/png\" \/>\n<meta name=\"author\" content=\"admin\" \/>\n<meta name=\"twitter:card\" content=\"summary_large_image\" \/>\n<meta name=\"twitter:label1\" content=\"Escrito por\" \/>\n\t<meta name=\"twitter:data1\" content=\"admin\" \/>\n\t<meta name=\"twitter:label2\" content=\"Est. tempo de leitura\" \/>\n\t<meta name=\"twitter:data2\" content=\"4 minutos\" \/>\n<script type=\"application\/ld+json\" class=\"yoast-schema-graph\">{\"@context\":\"https:\/\/schema.org\",\"@graph\":[{\"@type\":\"WebSite\",\"@id\":\"https:\/\/franciscanos.org.br\/vidacrista\/#website\",\"url\":\"https:\/\/franciscanos.org.br\/vidacrista\/\",\"name\":\"Vida Crist\u00e3 - Franciscanos\",\"description\":\"Prov\u00edncia Franciscana da Imaculada Concei\u00e7\u00e3o do Brasil - Ordem dos Frades Menores\",\"potentialAction\":[{\"@type\":\"SearchAction\",\"target\":{\"@type\":\"EntryPoint\",\"urlTemplate\":\"https:\/\/franciscanos.org.br\/vidacrista\/?s={search_term_string}\"},\"query-input\":\"required name=search_term_string\"}],\"inLanguage\":\"pt-BR\"},{\"@type\":\"WebPage\",\"@id\":\"https:\/\/franciscanos.org.br\/vidacrista\/o-que-precisa-ser-incorporado-ao-processo-de-educacao\/\",\"url\":\"https:\/\/franciscanos.org.br\/vidacrista\/o-que-precisa-ser-incorporado-ao-processo-de-educacao\/\",\"name\":\"O que precisa ser incorporado ao processo de educa\u00e7\u00e3o - Vida Crist\u00e3 - Franciscanos\",\"isPartOf\":{\"@id\":\"https:\/\/franciscanos.org.br\/vidacrista\/#website\"},\"datePublished\":\"2015-03-04T13:39:34+00:00\",\"dateModified\":\"2020-07-28T11:54:48+00:00\",\"author\":{\"@id\":\"https:\/\/franciscanos.org.br\/vidacrista\/#\/schema\/person\/133632ca93cec555316a35f76ab4153b\"},\"breadcrumb\":{\"@id\":\"https:\/\/franciscanos.org.br\/vidacrista\/o-que-precisa-ser-incorporado-ao-processo-de-educacao\/#breadcrumb\"},\"inLanguage\":\"pt-BR\",\"potentialAction\":[{\"@type\":\"ReadAction\",\"target\":[\"https:\/\/franciscanos.org.br\/vidacrista\/o-que-precisa-ser-incorporado-ao-processo-de-educacao\/\"]}]},{\"@type\":\"BreadcrumbList\",\"@id\":\"https:\/\/franciscanos.org.br\/vidacrista\/o-que-precisa-ser-incorporado-ao-processo-de-educacao\/#breadcrumb\",\"itemListElement\":[{\"@type\":\"ListItem\",\"position\":1,\"name\":\"Home\",\"item\":\"https:\/\/franciscanos.org.br\/vidacrista\/\"},{\"@type\":\"ListItem\",\"position\":2,\"name\":\"O que precisa ser incorporado ao processo de educa\u00e7\u00e3o\"}]},{\"@type\":\"Person\",\"@id\":\"https:\/\/franciscanos.org.br\/vidacrista\/#\/schema\/person\/133632ca93cec555316a35f76ab4153b\",\"name\":\"admin\",\"image\":{\"@type\":\"ImageObject\",\"inLanguage\":\"pt-BR\",\"@id\":\"https:\/\/franciscanos.org.br\/vidacrista\/#\/schema\/person\/image\/\",\"url\":\"https:\/\/secure.gravatar.com\/avatar\/e8495742d34d0ba6448ea1c628263b3e?s=96&d=mm&r=g\",\"contentUrl\":\"https:\/\/secure.gravatar.com\/avatar\/e8495742d34d0ba6448ea1c628263b3e?s=96&d=mm&r=g\",\"caption\":\"admin\"},\"url\":\"https:\/\/franciscanos.org.br\/vidacrista\/author\/admin\/\"}]}<\/script>\n<!-- \/ Yoast SEO plugin. -->","yoast_head_json":{"title":"O que precisa ser incorporado ao processo de educa\u00e7\u00e3o - Vida Crist\u00e3 - Franciscanos","robots":{"index":"index","follow":"follow","max-snippet":"max-snippet:-1","max-image-preview":"max-image-preview:large","max-video-preview":"max-video-preview:-1"},"canonical":"https:\/\/franciscanos.org.br\/vidacrista\/o-que-precisa-ser-incorporado-ao-processo-de-educacao\/","og_locale":"pt_BR","og_type":"article","og_title":"O que precisa ser incorporado ao processo de educa\u00e7\u00e3o - Vida Crist\u00e3 - Franciscanos","og_description":"Artigo de Leonardo Boff","og_url":"https:\/\/franciscanos.org.br\/vidacrista\/o-que-precisa-ser-incorporado-ao-processo-de-educacao\/","og_site_name":"Vida Crist\u00e3 - Franciscanos","article_published_time":"2015-03-04T13:39:34+00:00","article_modified_time":"2020-07-28T11:54:48+00:00","og_image":[{"width":800,"height":515,"url":"https:\/\/franciscanos.org.br\/vidacrista\/wp-content\/uploads\/2015\/03\/artigo_2807_2d.png","type":"image\/png"}],"author":"admin","twitter_card":"summary_large_image","twitter_misc":{"Escrito por":"admin","Est. tempo de leitura":"4 minutos"},"schema":{"@context":"https:\/\/schema.org","@graph":[{"@type":"WebSite","@id":"https:\/\/franciscanos.org.br\/vidacrista\/#website","url":"https:\/\/franciscanos.org.br\/vidacrista\/","name":"Vida Crist\u00e3 - Franciscanos","description":"Prov\u00edncia Franciscana da Imaculada Concei\u00e7\u00e3o do Brasil - Ordem dos Frades Menores","potentialAction":[{"@type":"SearchAction","target":{"@type":"EntryPoint","urlTemplate":"https:\/\/franciscanos.org.br\/vidacrista\/?s={search_term_string}"},"query-input":"required name=search_term_string"}],"inLanguage":"pt-BR"},{"@type":"WebPage","@id":"https:\/\/franciscanos.org.br\/vidacrista\/o-que-precisa-ser-incorporado-ao-processo-de-educacao\/","url":"https:\/\/franciscanos.org.br\/vidacrista\/o-que-precisa-ser-incorporado-ao-processo-de-educacao\/","name":"O que precisa ser incorporado ao processo de educa\u00e7\u00e3o - Vida Crist\u00e3 - Franciscanos","isPartOf":{"@id":"https:\/\/franciscanos.org.br\/vidacrista\/#website"},"datePublished":"2015-03-04T13:39:34+00:00","dateModified":"2020-07-28T11:54:48+00:00","author":{"@id":"https:\/\/franciscanos.org.br\/vidacrista\/#\/schema\/person\/133632ca93cec555316a35f76ab4153b"},"breadcrumb":{"@id":"https:\/\/franciscanos.org.br\/vidacrista\/o-que-precisa-ser-incorporado-ao-processo-de-educacao\/#breadcrumb"},"inLanguage":"pt-BR","potentialAction":[{"@type":"ReadAction","target":["https:\/\/franciscanos.org.br\/vidacrista\/o-que-precisa-ser-incorporado-ao-processo-de-educacao\/"]}]},{"@type":"BreadcrumbList","@id":"https:\/\/franciscanos.org.br\/vidacrista\/o-que-precisa-ser-incorporado-ao-processo-de-educacao\/#breadcrumb","itemListElement":[{"@type":"ListItem","position":1,"name":"Home","item":"https:\/\/franciscanos.org.br\/vidacrista\/"},{"@type":"ListItem","position":2,"name":"O que precisa ser incorporado ao processo de educa\u00e7\u00e3o"}]},{"@type":"Person","@id":"https:\/\/franciscanos.org.br\/vidacrista\/#\/schema\/person\/133632ca93cec555316a35f76ab4153b","name":"admin","image":{"@type":"ImageObject","inLanguage":"pt-BR","@id":"https:\/\/franciscanos.org.br\/vidacrista\/#\/schema\/person\/image\/","url":"https:\/\/secure.gravatar.com\/avatar\/e8495742d34d0ba6448ea1c628263b3e?s=96&d=mm&r=g","contentUrl":"https:\/\/secure.gravatar.com\/avatar\/e8495742d34d0ba6448ea1c628263b3e?s=96&d=mm&r=g","caption":"admin"},"url":"https:\/\/franciscanos.org.br\/vidacrista\/author\/admin\/"}]}},"_links":{"self":[{"href":"https:\/\/franciscanos.org.br\/vidacrista\/wp-json\/wp\/v2\/posts\/80694"}],"collection":[{"href":"https:\/\/franciscanos.org.br\/vidacrista\/wp-json\/wp\/v2\/posts"}],"about":[{"href":"https:\/\/franciscanos.org.br\/vidacrista\/wp-json\/wp\/v2\/types\/post"}],"author":[{"embeddable":true,"href":"https:\/\/franciscanos.org.br\/vidacrista\/wp-json\/wp\/v2\/users\/1"}],"replies":[{"embeddable":true,"href":"https:\/\/franciscanos.org.br\/vidacrista\/wp-json\/wp\/v2\/comments?post=80694"}],"version-history":[{"count":4,"href":"https:\/\/franciscanos.org.br\/vidacrista\/wp-json\/wp\/v2\/posts\/80694\/revisions"}],"predecessor-version":[{"id":187064,"href":"https:\/\/franciscanos.org.br\/vidacrista\/wp-json\/wp\/v2\/posts\/80694\/revisions\/187064"}],"wp:featuredmedia":[{"embeddable":true,"href":"https:\/\/franciscanos.org.br\/vidacrista\/wp-json\/wp\/v2\/media\/187063"}],"wp:attachment":[{"href":"https:\/\/franciscanos.org.br\/vidacrista\/wp-json\/wp\/v2\/media?parent=80694"}],"wp:term":[{"taxonomy":"category","embeddable":true,"href":"https:\/\/franciscanos.org.br\/vidacrista\/wp-json\/wp\/v2\/categories?post=80694"},{"taxonomy":"post_tag","embeddable":true,"href":"https:\/\/franciscanos.org.br\/vidacrista\/wp-json\/wp\/v2\/tags?post=80694"}],"curies":[{"name":"wp","href":"https:\/\/api.w.org\/{rel}","templated":true}]}}