{"id":79066,"date":"2015-02-05T08:44:02","date_gmt":"2015-02-05T10:44:02","guid":{"rendered":"http:\/\/franciscanos.org.br\/?p=79066"},"modified":"2020-05-22T13:10:43","modified_gmt":"2020-05-22T16:10:43","slug":"aquele-que-se-fez-paciencia-ate-o-ultimo-momento","status":"publish","type":"post","link":"https:\/\/franciscanos.org.br\/vidacrista\/aquele-que-se-fez-paciencia-ate-o-ultimo-momento\/","title":{"rendered":"Aquele que se fez paci\u00eancia at\u00e9 o \u00faltimo momento"},"content":{"rendered":"<p>Somos os felizes disc\u00edpulos da Igreja que nossa \u00e9 m\u00e3e e mestra.\u00a0 O Ressuscitado, aquele que d\u00e1 sentido \u00e0 nossa vida, tem sua casa especial nessa assembleia dos seus seguidores, que \u00e9 a comunidade da Igreja. \u00a0Ela, ao longo\u00a0 do tempo, vai nos formando na qualidade de disc\u00edpulos. De maneira concreta crescemos no amor do Senhor vivenciando os tempos lit\u00fargicos.\u00a0 Nesses meses de mar\u00e7o e abril vamos sendo envolvidos pela quaresma e pela p\u00e1scoa.\u00a0\u00a0 Somos levados, de modo particular, a contemplar os \u00faltimos momentos do Amado. Textos b\u00edblicos, c\u00e2nticos, respons\u00f3rios, ant\u00edfonas colocam-nos diante do Crucificado\u00a0 e somos convidados\u00a0 a procurar abrigo\u00a0 na fenda feita pela lan\u00e7a do soldado no lado de Jesus.\u00a0 Contemplamos o Cora\u00e7\u00e3o do Redentor.<\/p>\n<p><a href=\"http:\/\/franciscanos.org.br\/wp-content\/uploads\/2015\/02\/coracao-de-jesus.jpg\"><img decoding=\"async\" loading=\"lazy\" class=\"alignright wp-image-79068\" src=\"http:\/\/franciscanos.org.br\/wp-content\/uploads\/2015\/02\/coracao-de-jesus.jpg\" alt=\"coracao-de-jesus\" width=\"396\" height=\"531\" \/><\/a>Tenho diante dos olhos\u00a0\u00a0 uma\u00a0 bela p\u00e1gina de S\u00e3o Cipriano, do Tratado sobre o bem da paci\u00eancia.<\/p>\n<p>Cipriano\u00a0 afirma que aquele que dissera ter descido para fazer a vontade do Pai, entre outras maravilhas de suas virtudes pelas quais expressou os sinais da divina majestade, observou a paci\u00eancia paterna pela pr\u00e1tica da mansid\u00e3o.<\/p>\n<p>\u201cTodos os seus atos, imediatamente ap\u00f3s a sua vinda,\u00a0 s\u00e3o assinalados pela presen\u00e7a da paci\u00eancia\u201d.<\/p>\n<p>Essa paci\u00eancia se mostra em sua atitude de viver em nossa e de nossa fraqueza.<\/p>\n<p>\u201cSendo imortal, n\u00e3o recusa tornar-se mortal para que, inocente,\u00a0 morresse pela salva\u00e7\u00e3o dos culpados. O Senhor \u00e9 batizado pelo servo; assim o que haveria de perdoar os pecados, n\u00e3o recusa lavar seu corpo no banho da regenera\u00e7\u00e3o. Jejua durante quarenta dias e atrav\u00e9s desse jejum os outros s\u00e3o\u00a0 alimentados;\u00a0 sente fome para que os que estiverem com fome da palavra e da gra\u00e7a se saciem com o p\u00e3o celeste\u201d.<\/p>\n<p>H\u00e1 uma manifesta\u00e7\u00e3o de paci\u00eancia toda peculiar de Jesus no trato com\u00a0 Judas:<\/p>\n<p>\u201cN\u00e3o \u00e9 de admirar\u00a0 que junto aos companheiros obedientes se mostrasse de tal maneira que p\u00f4de suportar Judas ao extremo.\u00a0 Com paci\u00eancia infinita, toma alimento com o inimigo, sabendo-o inimigo dom\u00e9stico, sem publicamente manifestar, nem recusar o \u00f3sculo do traidor\u201d.<\/p>\n<p>Impressiona-nos sempre o sil\u00eancio majestoso do Senhor no alto da cruz e a maneira nobre como enfrentou, pacientemente,\u00a0 tantas afrontas.<\/p>\n<p>\u201c Durante a pr\u00f3pria paix\u00e3o, antes que chegasse \u00e0 crueldade da morte e \u00e0 efus\u00e3o do sangue, ouviu pacientemente as\u00a0 inj\u00farias das palavras e tolerou as blasf\u00eamias. Recebeu daqueles que o insultavam, escarros &#8211;\u00a0 ele que com saliva, pouco antes, abrira os olhos ao cego. Foi flagelado, quem pela for\u00e7a do pr\u00f3prio nome, flagela o diabo com seus anjos.\u00a0 Foi\u00a0 coroado de espinhos que, com flores eternas, coroa os m\u00e1rtires.\u00a0 Sofreu a\u00e7oites na face, com palmas, quem concede verdadeiras palmas aos vencedores. Foi despojado da veste terrena quem aos outros\u00a0 veste com a imortalidade. Foi alimentado com fel\u00a0\u00a0 quem oferece alimento celeste.\u00a0 Foi com vinagre saciado em sua sede, que brindou os outros\u00a0 com bebida salutar\u201d.<\/p>\n<p>Assim, n\u00f3s, disc\u00edpulos do Senhor,\u00a0 contemplamos a virtude da paci\u00eancia encarnada em sua vida e\u00a0 somos convocados\u00a0 ador\u00e1-lo na cena final de sua vida:<\/p>\n<p>\u201cEle, inocente, justo, a pr\u00f3pria inoc\u00eancia e a pr\u00f3pria justi\u00e7a,\u00a0 \u00e9 julgado\u00a0 entre os criminosos e, com falsos testemunhos, \u00e9 esmagada, ele, a pr\u00f3pria verdade.\u00a0 \u00c9 julgado quem h\u00e1 de julgar, Ele, a Palavra de Deus, em sil\u00eancio \u00e9 levado\u00a0 ao sacrif\u00edcio. E quando, junto\u00a0 \u00e0 cruz do Senhor, as estrelas se confundem, os elementos se perturbam, a terra treme,\u00a0\u00a0 a noite encerra o dia, ele n\u00e3o fala e n\u00e3o se move, nem manifesta sua majestade, nem ao menos durante a pr\u00f3pria paix\u00e3o.\u00a0 At\u00e9 o fim, perseverante e continuamente, tudo \u00e9 tolerado, para que se consuma, em Cristo, a plena e perfeita paci\u00eancia\u201d.<\/p>\n<p>Nas primeiras sextas-feiras de cada m\u00eas \u00e9 colocado diante de nossos olhos o pen\u00faltimo ato da trajet\u00f3ria de Jesus:\u00a0 a morte que ele viveu com toda paci\u00eancia,\u00a0 com paci\u00eancia plena e perfeita.<\/p>\n<p><strong>Frei Almir Ribeiro Guimar\u00e3es<\/strong><\/p>\n","protected":false},"excerpt":{"rendered":"<p>1\u00aa Sexta-feira do M\u00eas<\/p>\n","protected":false},"author":1,"featured_media":184660,"comment_status":"open","ping_status":"open","sticky":false,"template":"","format":"standard","meta":{"footnotes":""},"categories":[105],"tags":[106,112],"yoast_head":"<!-- This site is optimized with the Yoast SEO plugin v19.4 - https:\/\/yoast.com\/wordpress\/plugins\/seo\/ -->\n<title>Aquele que se fez paci\u00eancia at\u00e9 o \u00faltimo momento - Vida Crist\u00e3 - Franciscanos<\/title>\n<meta name=\"robots\" content=\"index, follow, max-snippet:-1, max-image-preview:large, max-video-preview:-1\" \/>\n<link rel=\"canonical\" href=\"https:\/\/franciscanos.org.br\/vidacrista\/aquele-que-se-fez-paciencia-ate-o-ultimo-momento\/\" \/>\n<meta property=\"og:locale\" content=\"pt_BR\" \/>\n<meta property=\"og:type\" content=\"article\" \/>\n<meta property=\"og:title\" content=\"Aquele que se fez paci\u00eancia at\u00e9 o \u00faltimo momento - Vida Crist\u00e3 - Franciscanos\" \/>\n<meta property=\"og:description\" content=\"1\u00aa Sexta-feira do M\u00eas\" \/>\n<meta property=\"og:url\" content=\"https:\/\/franciscanos.org.br\/vidacrista\/aquele-que-se-fez-paciencia-ate-o-ultimo-momento\/\" \/>\n<meta property=\"og:site_name\" content=\"Vida Crist\u00e3 - Franciscanos\" \/>\n<meta property=\"article:published_time\" content=\"2015-02-05T10:44:02+00:00\" \/>\n<meta property=\"article:modified_time\" content=\"2020-05-22T16:10:43+00:00\" \/>\n<meta property=\"og:image\" content=\"https:\/\/franciscanos.org.br\/vidacrista\/wp-content\/uploads\/2015\/02\/coracao-de-jesus.jpg\" \/>\n\t<meta property=\"og:image:width\" content=\"800\" \/>\n\t<meta property=\"og:image:height\" content=\"600\" \/>\n\t<meta property=\"og:image:type\" content=\"image\/jpeg\" \/>\n<meta name=\"author\" content=\"admin\" \/>\n<meta name=\"twitter:card\" content=\"summary_large_image\" \/>\n<meta name=\"twitter:label1\" content=\"Escrito por\" \/>\n\t<meta name=\"twitter:data1\" content=\"admin\" \/>\n\t<meta name=\"twitter:label2\" content=\"Est. tempo de leitura\" \/>\n\t<meta name=\"twitter:data2\" content=\"3 minutos\" \/>\n<script type=\"application\/ld+json\" class=\"yoast-schema-graph\">{\"@context\":\"https:\/\/schema.org\",\"@graph\":[{\"@type\":\"WebSite\",\"@id\":\"https:\/\/franciscanos.org.br\/vidacrista\/#website\",\"url\":\"https:\/\/franciscanos.org.br\/vidacrista\/\",\"name\":\"Vida Crist\u00e3 - Franciscanos\",\"description\":\"Prov\u00edncia Franciscana da Imaculada Concei\u00e7\u00e3o do Brasil - Ordem dos Frades Menores\",\"potentialAction\":[{\"@type\":\"SearchAction\",\"target\":{\"@type\":\"EntryPoint\",\"urlTemplate\":\"https:\/\/franciscanos.org.br\/vidacrista\/?s={search_term_string}\"},\"query-input\":\"required name=search_term_string\"}],\"inLanguage\":\"pt-BR\"},{\"@type\":\"WebPage\",\"@id\":\"https:\/\/franciscanos.org.br\/vidacrista\/aquele-que-se-fez-paciencia-ate-o-ultimo-momento\/\",\"url\":\"https:\/\/franciscanos.org.br\/vidacrista\/aquele-que-se-fez-paciencia-ate-o-ultimo-momento\/\",\"name\":\"Aquele que se fez paci\u00eancia at\u00e9 o \u00faltimo momento - Vida Crist\u00e3 - Franciscanos\",\"isPartOf\":{\"@id\":\"https:\/\/franciscanos.org.br\/vidacrista\/#website\"},\"datePublished\":\"2015-02-05T10:44:02+00:00\",\"dateModified\":\"2020-05-22T16:10:43+00:00\",\"author\":{\"@id\":\"https:\/\/franciscanos.org.br\/vidacrista\/#\/schema\/person\/133632ca93cec555316a35f76ab4153b\"},\"breadcrumb\":{\"@id\":\"https:\/\/franciscanos.org.br\/vidacrista\/aquele-que-se-fez-paciencia-ate-o-ultimo-momento\/#breadcrumb\"},\"inLanguage\":\"pt-BR\",\"potentialAction\":[{\"@type\":\"ReadAction\",\"target\":[\"https:\/\/franciscanos.org.br\/vidacrista\/aquele-que-se-fez-paciencia-ate-o-ultimo-momento\/\"]}]},{\"@type\":\"BreadcrumbList\",\"@id\":\"https:\/\/franciscanos.org.br\/vidacrista\/aquele-que-se-fez-paciencia-ate-o-ultimo-momento\/#breadcrumb\",\"itemListElement\":[{\"@type\":\"ListItem\",\"position\":1,\"name\":\"Home\",\"item\":\"https:\/\/franciscanos.org.br\/vidacrista\/\"},{\"@type\":\"ListItem\",\"position\":2,\"name\":\"Aquele que se fez paci\u00eancia at\u00e9 o \u00faltimo momento\"}]},{\"@type\":\"Person\",\"@id\":\"https:\/\/franciscanos.org.br\/vidacrista\/#\/schema\/person\/133632ca93cec555316a35f76ab4153b\",\"name\":\"admin\",\"image\":{\"@type\":\"ImageObject\",\"inLanguage\":\"pt-BR\",\"@id\":\"https:\/\/franciscanos.org.br\/vidacrista\/#\/schema\/person\/image\/\",\"url\":\"https:\/\/secure.gravatar.com\/avatar\/e8495742d34d0ba6448ea1c628263b3e?s=96&d=mm&r=g\",\"contentUrl\":\"https:\/\/secure.gravatar.com\/avatar\/e8495742d34d0ba6448ea1c628263b3e?s=96&d=mm&r=g\",\"caption\":\"admin\"},\"url\":\"https:\/\/franciscanos.org.br\/vidacrista\/author\/admin\/\"}]}<\/script>\n<!-- \/ Yoast SEO plugin. -->","yoast_head_json":{"title":"Aquele que se fez paci\u00eancia at\u00e9 o \u00faltimo momento - Vida Crist\u00e3 - Franciscanos","robots":{"index":"index","follow":"follow","max-snippet":"max-snippet:-1","max-image-preview":"max-image-preview:large","max-video-preview":"max-video-preview:-1"},"canonical":"https:\/\/franciscanos.org.br\/vidacrista\/aquele-que-se-fez-paciencia-ate-o-ultimo-momento\/","og_locale":"pt_BR","og_type":"article","og_title":"Aquele que se fez paci\u00eancia at\u00e9 o \u00faltimo momento - Vida Crist\u00e3 - Franciscanos","og_description":"1\u00aa Sexta-feira do M\u00eas","og_url":"https:\/\/franciscanos.org.br\/vidacrista\/aquele-que-se-fez-paciencia-ate-o-ultimo-momento\/","og_site_name":"Vida Crist\u00e3 - Franciscanos","article_published_time":"2015-02-05T10:44:02+00:00","article_modified_time":"2020-05-22T16:10:43+00:00","og_image":[{"width":800,"height":600,"url":"https:\/\/franciscanos.org.br\/vidacrista\/wp-content\/uploads\/2015\/02\/coracao-de-jesus.jpg","type":"image\/jpeg"}],"author":"admin","twitter_card":"summary_large_image","twitter_misc":{"Escrito por":"admin","Est. tempo de leitura":"3 minutos"},"schema":{"@context":"https:\/\/schema.org","@graph":[{"@type":"WebSite","@id":"https:\/\/franciscanos.org.br\/vidacrista\/#website","url":"https:\/\/franciscanos.org.br\/vidacrista\/","name":"Vida Crist\u00e3 - Franciscanos","description":"Prov\u00edncia Franciscana da Imaculada Concei\u00e7\u00e3o do Brasil - Ordem dos Frades Menores","potentialAction":[{"@type":"SearchAction","target":{"@type":"EntryPoint","urlTemplate":"https:\/\/franciscanos.org.br\/vidacrista\/?s={search_term_string}"},"query-input":"required name=search_term_string"}],"inLanguage":"pt-BR"},{"@type":"WebPage","@id":"https:\/\/franciscanos.org.br\/vidacrista\/aquele-que-se-fez-paciencia-ate-o-ultimo-momento\/","url":"https:\/\/franciscanos.org.br\/vidacrista\/aquele-que-se-fez-paciencia-ate-o-ultimo-momento\/","name":"Aquele que se fez paci\u00eancia at\u00e9 o \u00faltimo momento - Vida Crist\u00e3 - Franciscanos","isPartOf":{"@id":"https:\/\/franciscanos.org.br\/vidacrista\/#website"},"datePublished":"2015-02-05T10:44:02+00:00","dateModified":"2020-05-22T16:10:43+00:00","author":{"@id":"https:\/\/franciscanos.org.br\/vidacrista\/#\/schema\/person\/133632ca93cec555316a35f76ab4153b"},"breadcrumb":{"@id":"https:\/\/franciscanos.org.br\/vidacrista\/aquele-que-se-fez-paciencia-ate-o-ultimo-momento\/#breadcrumb"},"inLanguage":"pt-BR","potentialAction":[{"@type":"ReadAction","target":["https:\/\/franciscanos.org.br\/vidacrista\/aquele-que-se-fez-paciencia-ate-o-ultimo-momento\/"]}]},{"@type":"BreadcrumbList","@id":"https:\/\/franciscanos.org.br\/vidacrista\/aquele-que-se-fez-paciencia-ate-o-ultimo-momento\/#breadcrumb","itemListElement":[{"@type":"ListItem","position":1,"name":"Home","item":"https:\/\/franciscanos.org.br\/vidacrista\/"},{"@type":"ListItem","position":2,"name":"Aquele que se fez paci\u00eancia at\u00e9 o \u00faltimo momento"}]},{"@type":"Person","@id":"https:\/\/franciscanos.org.br\/vidacrista\/#\/schema\/person\/133632ca93cec555316a35f76ab4153b","name":"admin","image":{"@type":"ImageObject","inLanguage":"pt-BR","@id":"https:\/\/franciscanos.org.br\/vidacrista\/#\/schema\/person\/image\/","url":"https:\/\/secure.gravatar.com\/avatar\/e8495742d34d0ba6448ea1c628263b3e?s=96&d=mm&r=g","contentUrl":"https:\/\/secure.gravatar.com\/avatar\/e8495742d34d0ba6448ea1c628263b3e?s=96&d=mm&r=g","caption":"admin"},"url":"https:\/\/franciscanos.org.br\/vidacrista\/author\/admin\/"}]}},"_links":{"self":[{"href":"https:\/\/franciscanos.org.br\/vidacrista\/wp-json\/wp\/v2\/posts\/79066"}],"collection":[{"href":"https:\/\/franciscanos.org.br\/vidacrista\/wp-json\/wp\/v2\/posts"}],"about":[{"href":"https:\/\/franciscanos.org.br\/vidacrista\/wp-json\/wp\/v2\/types\/post"}],"author":[{"embeddable":true,"href":"https:\/\/franciscanos.org.br\/vidacrista\/wp-json\/wp\/v2\/users\/1"}],"replies":[{"embeddable":true,"href":"https:\/\/franciscanos.org.br\/vidacrista\/wp-json\/wp\/v2\/comments?post=79066"}],"version-history":[{"count":2,"href":"https:\/\/franciscanos.org.br\/vidacrista\/wp-json\/wp\/v2\/posts\/79066\/revisions"}],"predecessor-version":[{"id":178228,"href":"https:\/\/franciscanos.org.br\/vidacrista\/wp-json\/wp\/v2\/posts\/79066\/revisions\/178228"}],"wp:featuredmedia":[{"embeddable":true,"href":"https:\/\/franciscanos.org.br\/vidacrista\/wp-json\/wp\/v2\/media\/184660"}],"wp:attachment":[{"href":"https:\/\/franciscanos.org.br\/vidacrista\/wp-json\/wp\/v2\/media?parent=79066"}],"wp:term":[{"taxonomy":"category","embeddable":true,"href":"https:\/\/franciscanos.org.br\/vidacrista\/wp-json\/wp\/v2\/categories?post=79066"},{"taxonomy":"post_tag","embeddable":true,"href":"https:\/\/franciscanos.org.br\/vidacrista\/wp-json\/wp\/v2\/tags?post=79066"}],"curies":[{"name":"wp","href":"https:\/\/api.w.org\/{rel}","templated":true}]}}