{"id":76538,"date":"2015-01-08T07:36:14","date_gmt":"2015-01-08T09:36:14","guid":{"rendered":"http:\/\/franciscanos.org.br\/?p=76538"},"modified":"2020-07-28T09:43:42","modified_gmt":"2020-07-28T12:43:42","slug":"onde-esta-o-no-da-questao-ecologica-i","status":"publish","type":"post","link":"https:\/\/franciscanos.org.br\/vidacrista\/onde-esta-o-no-da-questao-ecologica-i\/","title":{"rendered":"Onde est\u00e1 o n\u00f3 da quest\u00e3o ecol\u00f3gica (I)?"},"content":{"rendered":"<p>&nbsp;<\/p>\n<div id=\"attachment_187070\" style=\"width: 850px\" class=\"wp-caption alignnone\"><img aria-describedby=\"caption-attachment-187070\" decoding=\"async\" loading=\"lazy\" class=\"wp-image-187070 size-full\" src=\"https:\/\/franciscanos.org.br\/vidacrista\/wp-content\/uploads\/2015\/01\/artigo_2807_4.jpg\" alt=\"\" width=\"840\" height=\"450\" srcset=\"https:\/\/franciscanos.org.br\/vidacrista\/wp-content\/uploads\/2015\/01\/artigo_2807_4.jpg 840w, https:\/\/franciscanos.org.br\/vidacrista\/wp-content\/uploads\/2015\/01\/artigo_2807_4-450x241.jpg 450w, https:\/\/franciscanos.org.br\/vidacrista\/wp-content\/uploads\/2015\/01\/artigo_2807_4-768x411.jpg 768w, https:\/\/franciscanos.org.br\/vidacrista\/wp-content\/uploads\/2015\/01\/artigo_2807_4-150x80.jpg 150w\" sizes=\"(max-width: 840px) 100vw, 840px\" \/><p id=\"caption-attachment-187070\" class=\"wp-caption-text\"><em>\u00a0 \u00a0 \u00a0 \u00a0 \u00a0 \u00a0 \u00a0 \u00a0 \u00a0 \u00a0 \u00a0 \u00a0 \u00a0 \u00a0 \u00a0 \u00a0 \u00a0 \u00a0 \u00a0 \u00a0 \u00a0 \u00a0 \u00a0 \u00a0 \u00a0 \u00a0 \u00a0 \u00a0 \u00a0 \u00a0 \u00a0 \u00a0 \u00a0 \u00a0 \u00a0 \u00a0 \u00a0 \u00a0 \u00a0 \u00a0 \u00a0 \u00a0 \u00a0 \u00a0 \u00a0 \u00a0 \u00a0 \u00a0 \u00a0 \u00a0 \u00a0 \u00a0 \u00a0Imagem ilustrativa (reprodu\u00e7\u00e3o do filme &#8220;Jurassic Park&#8221;)<\/em><\/p><\/div>\n<p><strong>Leonardo Boff<\/strong><\/p>\n<p>Estamos acostumados ao discurso ambientalista generalizado pela m\u00eddia e pela consci\u00eancia coletiva. Mas importa reconhecer que restringir a ecologia ao ambientalismo \u00e9 incidir em grave reducionismo. N\u00e3o basta uma produ\u00e7\u00e3o de baixo carbono mas mantendo a mesma atitude de explora\u00e7\u00e3o irrespons\u00e1vel dos bens e servi\u00e7os da natureza. Seria como limar os dentes de um lobo com a ilus\u00e3o de tirar a ferocidade dele. Sua ferocidade reside em sua natureza e n\u00e3o nos dentes. Algo semelhante ocorre com o nosso sistema industrialista, produtivista e consumista. \u00c9 de sua natureza tratar a Terra como um balc\u00e3o de mercadorias a serem colocadas no mercado. Temos que superar esta vis\u00e3o caso quisermos alcan\u00e7ar um outro paradigma de rela\u00e7\u00e3o para com a Terra e assim sustar um processo que nos pode levar a um caminho sem retorno e mesmo a um abismo.<\/p>\n<p>Estamos cansados de meio-ambiente. Queremos o ambiente inteiro, vale dizer, uma vis\u00e3o sist\u00eamica do sistema-Terra, do sistema-vida e do sistema-civiliza\u00e7\u00e3o humana, constituindo um grande todo, feito de redes de interdepend\u00eancias, complementa\u00e7\u00f5es e reciprocidades.<\/p>\n<p>Com raz\u00e3o a Carta da Terra tende a substituir meio-ambiente por comunidade de vida, pois a moderna biologia e cosmologia nos ensinam que todos os seres vivos s\u00e3o portadores do mesmo c\u00f3digo gen\u00e9tico de base \u2013 os vinte amino\u00e1cidos e as quatro bases fosfatadas \u2013 desde a bact\u00e9ria mais origin\u00e1ria surgida h\u00e1 3,8 bilh\u00f5es de anos, passando pelas grandes florestas, os dinossauros, os colibris e chegando a n\u00f3s. A combina\u00e7\u00e3o diferenciada desses amino\u00e1cidos com as bases fosfatadas origina a diversidade dos seres vivos. O resultado desta constata\u00e7\u00e3o \u00e9 que um la\u00e7o de parentesco une todos os viventes, formando, de fato uma comunidade de vida a ser \u201ccuidada com compreens\u00e3o, compaix\u00e3o e amor\u201d (Carta da Terra, n. I, 2). O que S\u00e3o Francisco de Assis intu\u00eda em sua m\u00edstica c\u00f3smica, chamando a todos os seres com o doce nome de irm\u00e3os e irm\u00e3s, n\u00f3s o sabemos por um experimento cient\u00edfico.<\/p>\n<p>Entre esses seres vivos ressalta o planeta Terra. A partir dos anos 70 do s\u00e9culo passado se firmou, em grande parte da comunidade cient\u00edfica, primeiro a hip\u00f3tese e a partir de 2001 a teoria de que a Terra n\u00e3o somente possui vida sobre ela. Ela mesma \u00e9 viva, chamada por seu formulador principal James Lovelock e, no Brasil, por Jos\u00e9 Lutzenberger de Gaia, um dos nomes da mitologia grega para a Terra viva. Ela combina o qu\u00edmico, o f\u00edsico, o ecol\u00f3gico e antropol\u00f3gico de forma t\u00e3o sutil que sempre se torna capaz de produzir e reproduzir vida. Em raz\u00e3o desta constata\u00e7\u00e3o, a pr\u00f3pria ONU, em 22 de abril de 2009, numa famosa sess\u00e3o geral aprovou por unanimidade chamar a Terra de M\u00e3e Terra, <em>Magna Mater<\/em> e <em>Pachamama<\/em>. Vale dizer, ela \u00e9 um super Ente vivo, complexo, por vezes, aos nossos olhos, contradit\u00f3rio (faz conviver a ordem com a desordem) mas sempre geradora de todos os seres, nas suas mais distintas ordens, especialmente \u00e9 gestadora dos seres vivos, maxime, dos seres humanos, homens e mulheres.<\/p>\n<p>Acresce ainda este dado que segundo o bioqu\u00edmico e divulgador de assuntos cient\u00edficos Isaac Asimov \u00e9 o grande legado das viagens espaciais: a unicidade da Terra e da Humanidade. L\u00e1 de fora, das naves espaciais e da Lua, diz ele e o confirmaram os astronautas, n\u00e3o h\u00e1 diferen\u00e7a entre ser humano e Terra. Ambos formam uma \u00fanica entidade. Em outras palavras, o ser humano, dotado de intelig\u00eancia, de cuidado e de amor resulta de um momento avan\u00e7ado e altamente complexo da pr\u00f3pria Terra. Esta evoluiu a tal ponto que come\u00e7ou a sentir, a pensar, a amar, a cuidar e a venerar, como j\u00e1 acenava o grande cantador e poeta argentino ind\u00edgena Athaulpa Yupanqui. Eis que irrompeu o ser humano no cen\u00e1rio deste min\u00fasculo planeta Terra. Por isso, diz-se que homem se deriva de <em>humusa<\/em>: terra boa e f\u00e9rtil; ou <em>adamah<\/em> em hebraico b\u00edblico: o filho e a filha da terra ar\u00e1vel e fecunda.<\/p>\n<p>Todo esse processo da gesta\u00e7\u00e3o da vida seria imposs\u00edvel se n\u00e3o existisse todo o substrato f\u00edsico-qu\u00edmico (a &#8220;escala de Medeneleiev&#8221;) que se formou no cora\u00e7\u00e3o das grandes estrelas vermelhas, h\u00e1 bilh\u00f5es de anos, que explodindo, lan\u00e7aram tais elementos em todas as dire\u00e7\u00f5es, criando as gal\u00e1xias, as estrelas, os planetas, a Terra e n\u00f3s mesmos. Portanto, esta parte que parece inerte, tamb\u00e9m pertence \u00e0 vida, porque sem ela, ontem como hoje, a vida e a humana seriam imposs\u00edveis.<\/p>\n<p>A sustentabilidade \u2013 categoria central desta vis\u00e3o \u2013 \u00e9 tudo o que se ordena a manter a exist\u00eancia de todos os seres especialmente os seres vivos e nossa cultura sobre o planeta.<\/p>\n<p>O que conclu\u00edmos deste r\u00e1pido percurso? Devemos mudar nosso olhar sobre a Terra, a natureza e sobre n\u00f3s mesmos. Ela \u00e9 nossa grande m\u00e3e que como nossas m\u00e3es merece respeito e venera\u00e7\u00e3o. Quer dizer, conhecer e respeitar seus ritmos e ciclos, sua capacidade de reprodu\u00e7\u00e3o, n\u00e3o devast\u00e1-la como temos feito desde o advento da tecnoci\u00eancia e do esp\u00edrito antropocentrista que pensa que ela s\u00f3 tem valor na medida em que nos \u00e9 \u00fatil. Mas ela n\u00e3o precisa de n\u00f3s. N\u00f3s precisamos dela.<\/p>\n<p>Esse paradigma est\u00e1 chegando ao seu limite, porque a M\u00e3e Terra est\u00e1 dando sinais inequ\u00edvocos de estar extenuada e doente. Ou reinventamos outra forma de atender nossas necessidades vitais na rela\u00e7\u00e3o com a Terra ou ela, que \u00e9 viva, poder\u00e1 n\u00e3o nos querer mais sobre seu solo.<\/p>\n<p>Assumir este novo olhar e esta nova pr\u00e1tica \u00e9, para mim, o grande n\u00f3 e o desafio decisivo da quest\u00e3o ecol\u00f3gica atual.<\/p>\n<p><strong>Leonardo Boff<\/strong> <em>\u00e9 autor do livreto com DVD As quatro ecologias: a ambiental, a social, a mental e a integral, Mar de Id\u00e9ias, Rio 2011.<\/em><\/p>\n","protected":false},"excerpt":{"rendered":"<p>Artigo de Leonardo Boff<\/p>\n","protected":false},"author":1,"featured_media":187072,"comment_status":"open","ping_status":"open","sticky":false,"template":"","format":"standard","meta":{"footnotes":""},"categories":[26],"tags":[59],"yoast_head":"<!-- This site is optimized with the Yoast SEO plugin v19.4 - https:\/\/yoast.com\/wordpress\/plugins\/seo\/ -->\n<title>Onde est\u00e1 o n\u00f3 da quest\u00e3o ecol\u00f3gica (I)? - Vida Crist\u00e3 - Franciscanos<\/title>\n<meta name=\"robots\" content=\"index, follow, max-snippet:-1, max-image-preview:large, max-video-preview:-1\" \/>\n<link rel=\"canonical\" href=\"https:\/\/franciscanos.org.br\/vidacrista\/onde-esta-o-no-da-questao-ecologica-i\/\" \/>\n<meta property=\"og:locale\" content=\"pt_BR\" \/>\n<meta property=\"og:type\" content=\"article\" \/>\n<meta property=\"og:title\" content=\"Onde est\u00e1 o n\u00f3 da quest\u00e3o ecol\u00f3gica (I)? - Vida Crist\u00e3 - Franciscanos\" \/>\n<meta property=\"og:description\" content=\"Artigo de Leonardo Boff\" \/>\n<meta property=\"og:url\" content=\"https:\/\/franciscanos.org.br\/vidacrista\/onde-esta-o-no-da-questao-ecologica-i\/\" \/>\n<meta property=\"og:site_name\" content=\"Vida Crist\u00e3 - Franciscanos\" \/>\n<meta property=\"article:published_time\" content=\"2015-01-08T09:36:14+00:00\" \/>\n<meta property=\"article:modified_time\" content=\"2020-07-28T12:43:42+00:00\" \/>\n<meta property=\"og:image\" content=\"https:\/\/franciscanos.org.br\/vidacrista\/wp-content\/uploads\/2015\/01\/artigo_2807_4d.jpg\" \/>\n\t<meta property=\"og:image:width\" content=\"800\" \/>\n\t<meta property=\"og:image:height\" content=\"600\" \/>\n\t<meta property=\"og:image:type\" content=\"image\/jpeg\" \/>\n<meta name=\"author\" content=\"admin\" \/>\n<meta name=\"twitter:card\" content=\"summary_large_image\" \/>\n<meta name=\"twitter:label1\" content=\"Escrito por\" \/>\n\t<meta name=\"twitter:data1\" content=\"admin\" \/>\n\t<meta name=\"twitter:label2\" content=\"Est. tempo de leitura\" \/>\n\t<meta name=\"twitter:data2\" content=\"5 minutos\" \/>\n<script type=\"application\/ld+json\" class=\"yoast-schema-graph\">{\"@context\":\"https:\/\/schema.org\",\"@graph\":[{\"@type\":\"WebSite\",\"@id\":\"https:\/\/franciscanos.org.br\/vidacrista\/#website\",\"url\":\"https:\/\/franciscanos.org.br\/vidacrista\/\",\"name\":\"Vida Crist\u00e3 - Franciscanos\",\"description\":\"Prov\u00edncia Franciscana da Imaculada Concei\u00e7\u00e3o do Brasil - Ordem dos Frades Menores\",\"potentialAction\":[{\"@type\":\"SearchAction\",\"target\":{\"@type\":\"EntryPoint\",\"urlTemplate\":\"https:\/\/franciscanos.org.br\/vidacrista\/?s={search_term_string}\"},\"query-input\":\"required name=search_term_string\"}],\"inLanguage\":\"pt-BR\"},{\"@type\":\"WebPage\",\"@id\":\"https:\/\/franciscanos.org.br\/vidacrista\/onde-esta-o-no-da-questao-ecologica-i\/\",\"url\":\"https:\/\/franciscanos.org.br\/vidacrista\/onde-esta-o-no-da-questao-ecologica-i\/\",\"name\":\"Onde est\u00e1 o n\u00f3 da quest\u00e3o ecol\u00f3gica (I)? - Vida Crist\u00e3 - Franciscanos\",\"isPartOf\":{\"@id\":\"https:\/\/franciscanos.org.br\/vidacrista\/#website\"},\"datePublished\":\"2015-01-08T09:36:14+00:00\",\"dateModified\":\"2020-07-28T12:43:42+00:00\",\"author\":{\"@id\":\"https:\/\/franciscanos.org.br\/vidacrista\/#\/schema\/person\/133632ca93cec555316a35f76ab4153b\"},\"breadcrumb\":{\"@id\":\"https:\/\/franciscanos.org.br\/vidacrista\/onde-esta-o-no-da-questao-ecologica-i\/#breadcrumb\"},\"inLanguage\":\"pt-BR\",\"potentialAction\":[{\"@type\":\"ReadAction\",\"target\":[\"https:\/\/franciscanos.org.br\/vidacrista\/onde-esta-o-no-da-questao-ecologica-i\/\"]}]},{\"@type\":\"BreadcrumbList\",\"@id\":\"https:\/\/franciscanos.org.br\/vidacrista\/onde-esta-o-no-da-questao-ecologica-i\/#breadcrumb\",\"itemListElement\":[{\"@type\":\"ListItem\",\"position\":1,\"name\":\"Home\",\"item\":\"https:\/\/franciscanos.org.br\/vidacrista\/\"},{\"@type\":\"ListItem\",\"position\":2,\"name\":\"Onde est\u00e1 o n\u00f3 da quest\u00e3o ecol\u00f3gica (I)?\"}]},{\"@type\":\"Person\",\"@id\":\"https:\/\/franciscanos.org.br\/vidacrista\/#\/schema\/person\/133632ca93cec555316a35f76ab4153b\",\"name\":\"admin\",\"image\":{\"@type\":\"ImageObject\",\"inLanguage\":\"pt-BR\",\"@id\":\"https:\/\/franciscanos.org.br\/vidacrista\/#\/schema\/person\/image\/\",\"url\":\"https:\/\/secure.gravatar.com\/avatar\/e8495742d34d0ba6448ea1c628263b3e?s=96&d=mm&r=g\",\"contentUrl\":\"https:\/\/secure.gravatar.com\/avatar\/e8495742d34d0ba6448ea1c628263b3e?s=96&d=mm&r=g\",\"caption\":\"admin\"},\"url\":\"https:\/\/franciscanos.org.br\/vidacrista\/author\/admin\/\"}]}<\/script>\n<!-- \/ Yoast SEO plugin. -->","yoast_head_json":{"title":"Onde est\u00e1 o n\u00f3 da quest\u00e3o ecol\u00f3gica (I)? - Vida Crist\u00e3 - Franciscanos","robots":{"index":"index","follow":"follow","max-snippet":"max-snippet:-1","max-image-preview":"max-image-preview:large","max-video-preview":"max-video-preview:-1"},"canonical":"https:\/\/franciscanos.org.br\/vidacrista\/onde-esta-o-no-da-questao-ecologica-i\/","og_locale":"pt_BR","og_type":"article","og_title":"Onde est\u00e1 o n\u00f3 da quest\u00e3o ecol\u00f3gica (I)? - Vida Crist\u00e3 - Franciscanos","og_description":"Artigo de Leonardo Boff","og_url":"https:\/\/franciscanos.org.br\/vidacrista\/onde-esta-o-no-da-questao-ecologica-i\/","og_site_name":"Vida Crist\u00e3 - Franciscanos","article_published_time":"2015-01-08T09:36:14+00:00","article_modified_time":"2020-07-28T12:43:42+00:00","og_image":[{"width":800,"height":600,"url":"https:\/\/franciscanos.org.br\/vidacrista\/wp-content\/uploads\/2015\/01\/artigo_2807_4d.jpg","type":"image\/jpeg"}],"author":"admin","twitter_card":"summary_large_image","twitter_misc":{"Escrito por":"admin","Est. tempo de leitura":"5 minutos"},"schema":{"@context":"https:\/\/schema.org","@graph":[{"@type":"WebSite","@id":"https:\/\/franciscanos.org.br\/vidacrista\/#website","url":"https:\/\/franciscanos.org.br\/vidacrista\/","name":"Vida Crist\u00e3 - Franciscanos","description":"Prov\u00edncia Franciscana da Imaculada Concei\u00e7\u00e3o do Brasil - Ordem dos Frades Menores","potentialAction":[{"@type":"SearchAction","target":{"@type":"EntryPoint","urlTemplate":"https:\/\/franciscanos.org.br\/vidacrista\/?s={search_term_string}"},"query-input":"required name=search_term_string"}],"inLanguage":"pt-BR"},{"@type":"WebPage","@id":"https:\/\/franciscanos.org.br\/vidacrista\/onde-esta-o-no-da-questao-ecologica-i\/","url":"https:\/\/franciscanos.org.br\/vidacrista\/onde-esta-o-no-da-questao-ecologica-i\/","name":"Onde est\u00e1 o n\u00f3 da quest\u00e3o ecol\u00f3gica (I)? - Vida Crist\u00e3 - Franciscanos","isPartOf":{"@id":"https:\/\/franciscanos.org.br\/vidacrista\/#website"},"datePublished":"2015-01-08T09:36:14+00:00","dateModified":"2020-07-28T12:43:42+00:00","author":{"@id":"https:\/\/franciscanos.org.br\/vidacrista\/#\/schema\/person\/133632ca93cec555316a35f76ab4153b"},"breadcrumb":{"@id":"https:\/\/franciscanos.org.br\/vidacrista\/onde-esta-o-no-da-questao-ecologica-i\/#breadcrumb"},"inLanguage":"pt-BR","potentialAction":[{"@type":"ReadAction","target":["https:\/\/franciscanos.org.br\/vidacrista\/onde-esta-o-no-da-questao-ecologica-i\/"]}]},{"@type":"BreadcrumbList","@id":"https:\/\/franciscanos.org.br\/vidacrista\/onde-esta-o-no-da-questao-ecologica-i\/#breadcrumb","itemListElement":[{"@type":"ListItem","position":1,"name":"Home","item":"https:\/\/franciscanos.org.br\/vidacrista\/"},{"@type":"ListItem","position":2,"name":"Onde est\u00e1 o n\u00f3 da quest\u00e3o ecol\u00f3gica (I)?"}]},{"@type":"Person","@id":"https:\/\/franciscanos.org.br\/vidacrista\/#\/schema\/person\/133632ca93cec555316a35f76ab4153b","name":"admin","image":{"@type":"ImageObject","inLanguage":"pt-BR","@id":"https:\/\/franciscanos.org.br\/vidacrista\/#\/schema\/person\/image\/","url":"https:\/\/secure.gravatar.com\/avatar\/e8495742d34d0ba6448ea1c628263b3e?s=96&d=mm&r=g","contentUrl":"https:\/\/secure.gravatar.com\/avatar\/e8495742d34d0ba6448ea1c628263b3e?s=96&d=mm&r=g","caption":"admin"},"url":"https:\/\/franciscanos.org.br\/vidacrista\/author\/admin\/"}]}},"_links":{"self":[{"href":"https:\/\/franciscanos.org.br\/vidacrista\/wp-json\/wp\/v2\/posts\/76538"}],"collection":[{"href":"https:\/\/franciscanos.org.br\/vidacrista\/wp-json\/wp\/v2\/posts"}],"about":[{"href":"https:\/\/franciscanos.org.br\/vidacrista\/wp-json\/wp\/v2\/types\/post"}],"author":[{"embeddable":true,"href":"https:\/\/franciscanos.org.br\/vidacrista\/wp-json\/wp\/v2\/users\/1"}],"replies":[{"embeddable":true,"href":"https:\/\/franciscanos.org.br\/vidacrista\/wp-json\/wp\/v2\/comments?post=76538"}],"version-history":[{"count":6,"href":"https:\/\/franciscanos.org.br\/vidacrista\/wp-json\/wp\/v2\/posts\/76538\/revisions"}],"predecessor-version":[{"id":187075,"href":"https:\/\/franciscanos.org.br\/vidacrista\/wp-json\/wp\/v2\/posts\/76538\/revisions\/187075"}],"wp:featuredmedia":[{"embeddable":true,"href":"https:\/\/franciscanos.org.br\/vidacrista\/wp-json\/wp\/v2\/media\/187072"}],"wp:attachment":[{"href":"https:\/\/franciscanos.org.br\/vidacrista\/wp-json\/wp\/v2\/media?parent=76538"}],"wp:term":[{"taxonomy":"category","embeddable":true,"href":"https:\/\/franciscanos.org.br\/vidacrista\/wp-json\/wp\/v2\/categories?post=76538"},{"taxonomy":"post_tag","embeddable":true,"href":"https:\/\/franciscanos.org.br\/vidacrista\/wp-json\/wp\/v2\/tags?post=76538"}],"curies":[{"name":"wp","href":"https:\/\/api.w.org\/{rel}","templated":true}]}}