{"id":76110,"date":"2015-01-02T08:43:53","date_gmt":"2015-01-02T10:43:53","guid":{"rendered":"http:\/\/franciscanos.org.br\/?p=76110"},"modified":"2019-03-01T13:21:41","modified_gmt":"2019-03-01T16:21:41","slug":"quando-cristo-passeia-na-alma-reflexao-de-frei-almir","status":"publish","type":"post","link":"https:\/\/franciscanos.org.br\/vidacrista\/quando-cristo-passeia-na-alma-reflexao-de-frei-almir\/","title":{"rendered":"&#8220;Quando Cristo &#8216;passeia&#8217; na alma&#8221;"},"content":{"rendered":"<p>Logo no dia 2 de janeiro de 2015 ocorre a primeira sexta-feira do ano novo. Os disc\u00edpulos de Jesus, certamente, por esta ocasi\u00e3o, haver\u00e3o de consagrar esse tempo novo ao Cristo Jesus, vivo e ressuscitado, que com os diamantes de suas chagas brilhantes de ressuscitado se faz presente no tempo de nossa vida. Haver\u00e3o de comtemplar, nesta primeira sexta-feira, o lado aberto do Redentor. Normal que a ele consagrem os dias do ano novo.<\/p>\n<p>Toda vez que come\u00e7amos um novo ano, mesmo aqueles que j\u00e1 fizeram boa parte da caminhada, experimentamos uma for\u00e7a nova, diferente. Estamos, de fato, proibidos de envelhecer. Ora, precisamente esse Cristo vivo e ressuscitado \u00e9 que nos renova. Somos proibidos de dizer que tudo est\u00e1 feito. Muito foi desfeito. Muito precisa ser refeito. Cristo vivo nos pro\u00edbe de envelhecer. Ele n\u00e3o pode faltar nesse dias que estamos para viver.<\/p>\n<p><a href=\"http:\/\/franciscanos.org.br\/wp-content\/uploads\/2015\/01\/cruz.jpg\"><img decoding=\"async\" loading=\"lazy\" class=\"alignright size-full wp-image-76111\" src=\"http:\/\/franciscanos.org.br\/wp-content\/uploads\/2015\/01\/cruz.jpg\" alt=\"cruz\" width=\"500\" height=\"655\" \/><\/a>S\u00e3o Mac\u00e1rio, bispo do s\u00e9culo IV, em bela homilia, descreve o interior do homem, de um lado habitado por Cristo, de outro, vazio e sem o hospede que nos rejuvenesce, um interior com ervas daninhas.<\/p>\n<p>\u201cSe uma casa n\u00e3o for habitada pelo dono, ficar\u00e1 sepultada na escurid\u00e3o, desonra, desprezo, repleta de toda esp\u00e9cie de imund\u00edcia. Tamb\u00e9m a alma, sem a presen\u00e7a de seu Deus, que nela jubilava com seus anjos, cobre-se das trevas do pecado, de sentimentos vergonhosos e de completa inf\u00e2mia (&#8230;) Ai da alma, se nela n\u00e3o passeia Deus, afugentando com sua voz as feras espirituais da maldade. Ai da casa n\u00e3o habitada por seu dono! Ai da terra sem o lavrador que a cultiva! Ai do navio se lhe falta o piloto; sacudido pelas ondas e tempestades do mar, so\u00e7obrar\u00e1! Ai da alma que n\u00e3o tiver em si o verdadeiro piloto, o Cristo! porque lan\u00e7ada na escurid\u00e3o de mar impiedoso e sacudida pelas ondas das paix\u00f5es, jogadas pelos maus esp\u00edritos, como em tempestade de inverno, encontrar\u00e1 afinal a morte\u201d.<\/p>\n<p>Conhecemos o drama de nossa vida em que, muitas vezes, fazemos que tudo gire em torno de n\u00f3s mesmos, uma vida que, aos poucos, foi aceitando uma postura de indiferen\u00e7a diante dos outros, sobretudo dos mais abandonados. Por vezes temos a impress\u00e3o que nossa vida \u00e9 como uma barco sem piloto, sem rumo. Vamos de um lado para o outro. N\u00e3o h\u00e1 b\u00fassola. Tudo segue a esmo. H\u00e1 vidas que n\u00e3o s\u00e3o habitadas pelo sopro do Esp\u00edrito.<\/p>\n<p>S\u00e3o Mac\u00e1rio continua: \u201cO agricultor indo lavrar a terra, deve pegar os instrumentos e vestir a roupa apropriada para o trabalho: assim tamb\u00e9m o Cristo, o rei celeste e verdadeira agricultor, ao vir \u00e0 humanidade, deserta pelo v\u00edcio, assumiu um corpo, e carregou como instrumento, a cruz. Lavrou a alma desamparada, arrancou-lhe os espinhos e abrolhos dos maus esp\u00edritos, extirpou a ciz\u00e2nia do pecado e lan\u00e7ou fogo a toda erva de suas culpas. Tendo-a assim lavrado com o lenho da cruz, nela plantou o maravilhoso jardim do Esp\u00edrito, que produz toda esp\u00e9cie de frutos deliciosos e agrad\u00e1veis a Deus, seu Senhor\u201d.<\/p>\n<p>Crist\u00e3os que somos, n\u00e3o cessamos de contemplar o Cristo que veio morar em nossa terra e que anda sempre empurrando as portas de nosso cora\u00e7\u00e3o para se instalar l\u00e1. A alma em que Deus habita \u00e9 um jardim que exala o perfume do Cristo vivo e ressuscitado.<\/p>\n<p>Ser devoto do Cora\u00e7\u00e3o do Senhor \u00e9 preparar nossa intimidade para a acolher o Senhor e ouvir a brisa da paz.<\/p>\n<p><strong>Frei Almir Ribeiro Guimar\u00e3es<\/strong><\/p>\n","protected":false},"excerpt":{"rendered":"<p>1\u00aa Sexta-feira do M\u00eas<\/p>\n","protected":false},"author":1,"featured_media":178013,"comment_status":"open","ping_status":"open","sticky":false,"template":"","format":"standard","meta":{"footnotes":""},"categories":[105],"tags":[106,112],"yoast_head":"<!-- This site is optimized with the Yoast SEO plugin v19.4 - https:\/\/yoast.com\/wordpress\/plugins\/seo\/ -->\n<title>&quot;Quando Cristo &#039;passeia&#039; na alma&quot; - Vida Crist\u00e3 - Franciscanos<\/title>\n<meta name=\"robots\" content=\"index, follow, max-snippet:-1, max-image-preview:large, max-video-preview:-1\" \/>\n<link rel=\"canonical\" href=\"https:\/\/franciscanos.org.br\/vidacrista\/quando-cristo-passeia-na-alma-reflexao-de-frei-almir\/\" \/>\n<meta property=\"og:locale\" content=\"pt_BR\" \/>\n<meta property=\"og:type\" content=\"article\" \/>\n<meta property=\"og:title\" content=\"&quot;Quando Cristo &#039;passeia&#039; na alma&quot; - Vida Crist\u00e3 - Franciscanos\" \/>\n<meta property=\"og:description\" content=\"1\u00aa Sexta-feira do M\u00eas\" \/>\n<meta property=\"og:url\" content=\"https:\/\/franciscanos.org.br\/vidacrista\/quando-cristo-passeia-na-alma-reflexao-de-frei-almir\/\" \/>\n<meta property=\"og:site_name\" content=\"Vida Crist\u00e3 - Franciscanos\" \/>\n<meta property=\"article:published_time\" content=\"2015-01-02T10:43:53+00:00\" \/>\n<meta property=\"article:modified_time\" content=\"2019-03-01T16:21:41+00:00\" \/>\n<meta property=\"og:image\" content=\"https:\/\/franciscanos.org.br\/vidacrista\/wp-content\/uploads\/2015\/01\/cruz.jpg\" \/>\n\t<meta property=\"og:image:width\" content=\"273\" \/>\n\t<meta property=\"og:image:height\" content=\"181\" \/>\n\t<meta property=\"og:image:type\" content=\"image\/jpeg\" \/>\n<meta name=\"author\" content=\"admin\" \/>\n<meta name=\"twitter:card\" content=\"summary_large_image\" \/>\n<meta name=\"twitter:label1\" content=\"Escrito por\" \/>\n\t<meta name=\"twitter:data1\" content=\"admin\" \/>\n\t<meta name=\"twitter:label2\" content=\"Est. tempo de leitura\" \/>\n\t<meta name=\"twitter:data2\" content=\"3 minutos\" \/>\n<script type=\"application\/ld+json\" class=\"yoast-schema-graph\">{\"@context\":\"https:\/\/schema.org\",\"@graph\":[{\"@type\":\"WebSite\",\"@id\":\"https:\/\/franciscanos.org.br\/vidacrista\/#website\",\"url\":\"https:\/\/franciscanos.org.br\/vidacrista\/\",\"name\":\"Vida Crist\u00e3 - Franciscanos\",\"description\":\"Prov\u00edncia Franciscana da Imaculada Concei\u00e7\u00e3o do Brasil - Ordem dos Frades Menores\",\"potentialAction\":[{\"@type\":\"SearchAction\",\"target\":{\"@type\":\"EntryPoint\",\"urlTemplate\":\"https:\/\/franciscanos.org.br\/vidacrista\/?s={search_term_string}\"},\"query-input\":\"required name=search_term_string\"}],\"inLanguage\":\"pt-BR\"},{\"@type\":\"WebPage\",\"@id\":\"https:\/\/franciscanos.org.br\/vidacrista\/quando-cristo-passeia-na-alma-reflexao-de-frei-almir\/\",\"url\":\"https:\/\/franciscanos.org.br\/vidacrista\/quando-cristo-passeia-na-alma-reflexao-de-frei-almir\/\",\"name\":\"\\\"Quando Cristo 'passeia' na alma\\\" - Vida Crist\u00e3 - Franciscanos\",\"isPartOf\":{\"@id\":\"https:\/\/franciscanos.org.br\/vidacrista\/#website\"},\"datePublished\":\"2015-01-02T10:43:53+00:00\",\"dateModified\":\"2019-03-01T16:21:41+00:00\",\"author\":{\"@id\":\"https:\/\/franciscanos.org.br\/vidacrista\/#\/schema\/person\/133632ca93cec555316a35f76ab4153b\"},\"breadcrumb\":{\"@id\":\"https:\/\/franciscanos.org.br\/vidacrista\/quando-cristo-passeia-na-alma-reflexao-de-frei-almir\/#breadcrumb\"},\"inLanguage\":\"pt-BR\",\"potentialAction\":[{\"@type\":\"ReadAction\",\"target\":[\"https:\/\/franciscanos.org.br\/vidacrista\/quando-cristo-passeia-na-alma-reflexao-de-frei-almir\/\"]}]},{\"@type\":\"BreadcrumbList\",\"@id\":\"https:\/\/franciscanos.org.br\/vidacrista\/quando-cristo-passeia-na-alma-reflexao-de-frei-almir\/#breadcrumb\",\"itemListElement\":[{\"@type\":\"ListItem\",\"position\":1,\"name\":\"Home\",\"item\":\"https:\/\/franciscanos.org.br\/vidacrista\/\"},{\"@type\":\"ListItem\",\"position\":2,\"name\":\"&#8220;Quando Cristo &#8216;passeia&#8217; na alma&#8221;\"}]},{\"@type\":\"Person\",\"@id\":\"https:\/\/franciscanos.org.br\/vidacrista\/#\/schema\/person\/133632ca93cec555316a35f76ab4153b\",\"name\":\"admin\",\"image\":{\"@type\":\"ImageObject\",\"inLanguage\":\"pt-BR\",\"@id\":\"https:\/\/franciscanos.org.br\/vidacrista\/#\/schema\/person\/image\/\",\"url\":\"https:\/\/secure.gravatar.com\/avatar\/e8495742d34d0ba6448ea1c628263b3e?s=96&d=mm&r=g\",\"contentUrl\":\"https:\/\/secure.gravatar.com\/avatar\/e8495742d34d0ba6448ea1c628263b3e?s=96&d=mm&r=g\",\"caption\":\"admin\"},\"url\":\"https:\/\/franciscanos.org.br\/vidacrista\/author\/admin\/\"}]}<\/script>\n<!-- \/ Yoast SEO plugin. -->","yoast_head_json":{"title":"\"Quando Cristo 'passeia' na alma\" - Vida Crist\u00e3 - Franciscanos","robots":{"index":"index","follow":"follow","max-snippet":"max-snippet:-1","max-image-preview":"max-image-preview:large","max-video-preview":"max-video-preview:-1"},"canonical":"https:\/\/franciscanos.org.br\/vidacrista\/quando-cristo-passeia-na-alma-reflexao-de-frei-almir\/","og_locale":"pt_BR","og_type":"article","og_title":"\"Quando Cristo 'passeia' na alma\" - Vida Crist\u00e3 - Franciscanos","og_description":"1\u00aa Sexta-feira do M\u00eas","og_url":"https:\/\/franciscanos.org.br\/vidacrista\/quando-cristo-passeia-na-alma-reflexao-de-frei-almir\/","og_site_name":"Vida Crist\u00e3 - Franciscanos","article_published_time":"2015-01-02T10:43:53+00:00","article_modified_time":"2019-03-01T16:21:41+00:00","og_image":[{"width":273,"height":181,"url":"https:\/\/franciscanos.org.br\/vidacrista\/wp-content\/uploads\/2015\/01\/cruz.jpg","type":"image\/jpeg"}],"author":"admin","twitter_card":"summary_large_image","twitter_misc":{"Escrito por":"admin","Est. tempo de leitura":"3 minutos"},"schema":{"@context":"https:\/\/schema.org","@graph":[{"@type":"WebSite","@id":"https:\/\/franciscanos.org.br\/vidacrista\/#website","url":"https:\/\/franciscanos.org.br\/vidacrista\/","name":"Vida Crist\u00e3 - Franciscanos","description":"Prov\u00edncia Franciscana da Imaculada Concei\u00e7\u00e3o do Brasil - Ordem dos Frades Menores","potentialAction":[{"@type":"SearchAction","target":{"@type":"EntryPoint","urlTemplate":"https:\/\/franciscanos.org.br\/vidacrista\/?s={search_term_string}"},"query-input":"required name=search_term_string"}],"inLanguage":"pt-BR"},{"@type":"WebPage","@id":"https:\/\/franciscanos.org.br\/vidacrista\/quando-cristo-passeia-na-alma-reflexao-de-frei-almir\/","url":"https:\/\/franciscanos.org.br\/vidacrista\/quando-cristo-passeia-na-alma-reflexao-de-frei-almir\/","name":"\"Quando Cristo 'passeia' na alma\" - Vida Crist\u00e3 - Franciscanos","isPartOf":{"@id":"https:\/\/franciscanos.org.br\/vidacrista\/#website"},"datePublished":"2015-01-02T10:43:53+00:00","dateModified":"2019-03-01T16:21:41+00:00","author":{"@id":"https:\/\/franciscanos.org.br\/vidacrista\/#\/schema\/person\/133632ca93cec555316a35f76ab4153b"},"breadcrumb":{"@id":"https:\/\/franciscanos.org.br\/vidacrista\/quando-cristo-passeia-na-alma-reflexao-de-frei-almir\/#breadcrumb"},"inLanguage":"pt-BR","potentialAction":[{"@type":"ReadAction","target":["https:\/\/franciscanos.org.br\/vidacrista\/quando-cristo-passeia-na-alma-reflexao-de-frei-almir\/"]}]},{"@type":"BreadcrumbList","@id":"https:\/\/franciscanos.org.br\/vidacrista\/quando-cristo-passeia-na-alma-reflexao-de-frei-almir\/#breadcrumb","itemListElement":[{"@type":"ListItem","position":1,"name":"Home","item":"https:\/\/franciscanos.org.br\/vidacrista\/"},{"@type":"ListItem","position":2,"name":"&#8220;Quando Cristo &#8216;passeia&#8217; na alma&#8221;"}]},{"@type":"Person","@id":"https:\/\/franciscanos.org.br\/vidacrista\/#\/schema\/person\/133632ca93cec555316a35f76ab4153b","name":"admin","image":{"@type":"ImageObject","inLanguage":"pt-BR","@id":"https:\/\/franciscanos.org.br\/vidacrista\/#\/schema\/person\/image\/","url":"https:\/\/secure.gravatar.com\/avatar\/e8495742d34d0ba6448ea1c628263b3e?s=96&d=mm&r=g","contentUrl":"https:\/\/secure.gravatar.com\/avatar\/e8495742d34d0ba6448ea1c628263b3e?s=96&d=mm&r=g","caption":"admin"},"url":"https:\/\/franciscanos.org.br\/vidacrista\/author\/admin\/"}]}},"_links":{"self":[{"href":"https:\/\/franciscanos.org.br\/vidacrista\/wp-json\/wp\/v2\/posts\/76110"}],"collection":[{"href":"https:\/\/franciscanos.org.br\/vidacrista\/wp-json\/wp\/v2\/posts"}],"about":[{"href":"https:\/\/franciscanos.org.br\/vidacrista\/wp-json\/wp\/v2\/types\/post"}],"author":[{"embeddable":true,"href":"https:\/\/franciscanos.org.br\/vidacrista\/wp-json\/wp\/v2\/users\/1"}],"replies":[{"embeddable":true,"href":"https:\/\/franciscanos.org.br\/vidacrista\/wp-json\/wp\/v2\/comments?post=76110"}],"version-history":[{"count":1,"href":"https:\/\/franciscanos.org.br\/vidacrista\/wp-json\/wp\/v2\/posts\/76110\/revisions"}],"predecessor-version":[{"id":178014,"href":"https:\/\/franciscanos.org.br\/vidacrista\/wp-json\/wp\/v2\/posts\/76110\/revisions\/178014"}],"wp:featuredmedia":[{"embeddable":true,"href":"https:\/\/franciscanos.org.br\/vidacrista\/wp-json\/wp\/v2\/media\/178013"}],"wp:attachment":[{"href":"https:\/\/franciscanos.org.br\/vidacrista\/wp-json\/wp\/v2\/media?parent=76110"}],"wp:term":[{"taxonomy":"category","embeddable":true,"href":"https:\/\/franciscanos.org.br\/vidacrista\/wp-json\/wp\/v2\/categories?post=76110"},{"taxonomy":"post_tag","embeddable":true,"href":"https:\/\/franciscanos.org.br\/vidacrista\/wp-json\/wp\/v2\/tags?post=76110"}],"curies":[{"name":"wp","href":"https:\/\/api.w.org\/{rel}","templated":true}]}}