{"id":76020,"date":"2014-12-26T08:24:29","date_gmt":"2014-12-26T10:24:29","guid":{"rendered":"http:\/\/franciscanos.org.br\/?p=76020"},"modified":"2020-07-28T09:49:23","modified_gmt":"2020-07-28T12:49:23","slug":"natal-festa-da-humanidade-de-deus-e-da-comensalidade-humana","status":"publish","type":"post","link":"https:\/\/franciscanos.org.br\/vidacrista\/natal-festa-da-humanidade-de-deus-e-da-comensalidade-humana\/","title":{"rendered":"Natal: festa da humanidade de Deus e da comensalidade humana"},"content":{"rendered":"<p>&nbsp;<\/p>\n<div id=\"attachment_187077\" style=\"width: 850px\" class=\"wp-caption alignnone\"><img aria-describedby=\"caption-attachment-187077\" decoding=\"async\" loading=\"lazy\" class=\"wp-image-187077 size-full\" src=\"https:\/\/franciscanos.org.br\/vidacrista\/wp-content\/uploads\/2014\/12\/artigo_2807_5.jpg\" alt=\"\" width=\"840\" height=\"451\" srcset=\"https:\/\/franciscanos.org.br\/vidacrista\/wp-content\/uploads\/2014\/12\/artigo_2807_5.jpg 840w, https:\/\/franciscanos.org.br\/vidacrista\/wp-content\/uploads\/2014\/12\/artigo_2807_5-450x242.jpg 450w, https:\/\/franciscanos.org.br\/vidacrista\/wp-content\/uploads\/2014\/12\/artigo_2807_5-768x412.jpg 768w, https:\/\/franciscanos.org.br\/vidacrista\/wp-content\/uploads\/2014\/12\/artigo_2807_5-150x81.jpg 150w\" sizes=\"(max-width: 840px) 100vw, 840px\" \/><p id=\"caption-attachment-187077\" class=\"wp-caption-text\">\u00a0 \u00a0 \u00a0 \u00a0 \u00a0 \u00a0 \u00a0 \u00a0 \u00a0 \u00a0 \u00a0 \u00a0 \u00a0 \u00a0 \u00a0 \u00a0 \u00a0 \u00a0 \u00a0 \u00a0 \u00a0 \u00a0 \u00a0 \u00a0 \u00a0 \u00a0 \u00a0 \u00a0 \u00a0 \u00a0 \u00a0 \u00a0 \u00a0 \u00a0 \u00a0 \u00a0 \u00a0 \u00a0 \u00a0 \u00a0 \u00a0 \u00a0 \u00a0 \u00a0 \u00a0 \u00a0 \u00a0 \u00a0 \u00a0 \u00a0 \u00a0 \u00a0 \u00a0 \u00a0 \u00a0 \u00a0 \u00a0 \u00a0 \u00a0 \u00a0 \u00a0 \u00a0 \u00a0 \u00a0<em>Imagem: tradicional pintura de Francisco Bayeu<\/em><\/p><\/div>\n<p><strong>Leonardo Boff<\/strong><\/p>\n<p>O Natal \u00e9 repleto de significados. Um deles foi sequestrado pela cultura do consumo que, ao inv\u00e9s do Menino Jesus, prefere a figura do bom velhinho, o Papai Noel, porque \u00e9 mais apelativo para os neg\u00f3cios. O Menino Jesus, ao inv\u00e9s, fala da crian\u00e7a interior que carregamos sempre dentro de n\u00f3s, que sente necessidade de ser cuidada e quando, j\u00e1 crescida, tem o impulso de cuidar. \u00c9 aquele peda\u00e7o do para\u00edso que n\u00e3o foi totalmente perdido, feito de inoc\u00eancia, de espontaneidade, de encantamento, de jogo e de conviv\u00eancia com os outros sem qualquer discrimina\u00e7\u00e3o..<\/p>\n<p>Para os crist\u00e3os \u00e9 a celebra\u00e7\u00e3o da \u201cproximidade e da humanidade\u201d de nosso Deus, como se diz na ep\u00edstola a Tito (3,4). Deus deixou-se apaixonar pelo ser humano que quis ser um deles. Como diz belamente Fernando Pessoa em seu poema sobre o Natal: \u201cEle \u00e9 a eterna Crian\u00e7a, o Deus que faltava; ele \u00e9 o divino que sorri e que brinca; a crian\u00e7a t\u00e3o humana que \u00e9 divina\u201d.<\/p>\n<p>Agora temos um Deus crian\u00e7a e n\u00e3o um Deus, juiz severo de nossos atos e da hist\u00f3ria humana. Que alegria interior sentimos quando pensamos que seremos julgados por um Deus crian\u00e7a. Mais que nos condenar, quer conviver e se entreter conosco eternamente.<\/p>\n<p>O seu nascimento provocou uma como\u00e7\u00e3o c\u00f3smica. Um texto da liturgia crist\u00e3 diz de forma simb\u00f3lica: &#8220;Ent\u00e3o as folhas que farfalhavam, pararam como mortas; ent\u00e3o o vento que sussurava, ficou parado no ar; ent\u00e3o o galo que cantava, parou no meio de seu canto; ent\u00e3o as \u00e1guas do riacho que corriam, se estancaram; ent\u00e3o, as ovelhas que pastavam, ficaram im\u00f3veis; ent\u00e3o o pastor que erguia o cajado, ficou como que petrificado; ent\u00e3o nesse momento, tudo parou, tudo silenciou, tudo suspendeu o seu curso: nasceu Jesus, o Salvador das gentes e do universo\u201d.<\/p>\n<p>O Natal \u00e9 uma festa de luz, de fraternidade universal, festa da fam\u00edlia reunida ao redor de uma mesa. Mais que comer, comunga-se da vida de uns e de outros e da generosidade dos frutos de nossa M\u00e3e Terra e da arte culin\u00e1ria do trabalho humano.<\/p>\n<p>Por um momento, esquecemos os afazeres cotidianos, o peso da exist\u00eancia trabalhosa, as tens\u00f5es entre familiares e amigos e nos irmanamos na alegre comensalidade. Comensalidade significa comer juntos ao redor da mesma mesa (mensa) como se fazia outrora: todos da fam\u00edlia se reuniam, conversavam, comiam e bebiam \u00e0 mesa, pais, filhos e filhas.<\/p>\n<p>A comensalidade \u00e9 t\u00e3o central que est\u00e1 ligada \u00e0 pr\u00f3pria emerg\u00eancia do ser humano enquanto humano. H\u00e1 sete milh\u00f5es de anos come\u00e7ou a separa\u00e7\u00e3o lenta e progressiva entre os s\u00edmios superiores e os humanos, a partir de um ancestral comum. A singularidade do ser humano, \u00e0 diferen\u00e7a dos animais, \u00e9 reunir os alimentos, distribui-los entre todos, come\u00e7ando pelos mais novos e pelos idosos e depois entre todos.<\/p>\n<p>A comensalidade sup\u00f5e a coopera\u00e7\u00e3o e a solidariedade de uns para com os outros. Foi ela que propiciou o salto da animalidade para a humanidade. O que foi verdadeiro ontem, continua verdadeiro hoje. Por isso nos d\u00f3i tanto ao saber que milh\u00f5es e milh\u00f5es n\u00e3o t\u00eam nada para repartir e passam fome.<\/p>\n<p>No dia 11 de setembro de 2001 ocorreu a conhecida atrocidade: os avi\u00f5es que se jogaram contra as Torres G\u00eameas. No ato, morreram cerca de tr\u00eas mil pessoas.<\/p>\n<p>No mesmo dia, exatamente, 16.400 crian\u00e7as, abaixo de cinco anos, morriam de fome e de desnutri\u00e7\u00e3o. No dia seguinte e durante todo o ano, doze milh\u00f5es de crian\u00e7as foram vitimadas pela fome. E ningu\u00e9m ficou e fica estarrecido diante desta cat\u00e1strofe humana.<\/p>\n<p>Neste Natal de alegria e de fraternidade n\u00e3o podemos esquecer esses que Jesus chamou de \u201cmeus irm\u00e3os e minhas irm\u00e3s menores\u201d(Mt 25, 40) que n\u00e3o podem receber presentes nem comer qualquer coisa.<\/p>\n<p>Mas n\u00e3o obstante este abatimento, celebremos e cantemos, cantemos e nos alegremos porque nunca mais estaremos s\u00f3s. O Menino se chama Jesus, o Emanuel que quer dizer: \u201cDeus conosco\u201d. Vale esse pequeno verso que nos faz pensar sobre nossa compreens\u00e3o de Deus, revelada no Natal:<\/p>\n<p style=\"padding-left: 40px;\"><em>Todo menino quer ser homem.<\/em><br \/>\n<em>Todo homem quer ser rei.<\/em><br \/>\n<em>Todo rei quer ser \u2018deus\u2019.<\/em><br \/>\n<em>S\u00f3 Deus quis ser menino\u201d.<\/em><\/p>\n<p>Feliz Festa de Natal do ano da gra\u00e7a de 2014.<\/p>\n<hr \/>\n<p><strong>Leonardo Boff \u00e9 te\u00f3logo e escritor<\/strong><\/p>\n","protected":false},"excerpt":{"rendered":"<p>Artigo de  Leonardo Boff<\/p>\n","protected":false},"author":1,"featured_media":187078,"comment_status":"open","ping_status":"open","sticky":false,"template":"","format":"standard","meta":{"footnotes":""},"categories":[26],"tags":[59],"yoast_head":"<!-- This site is optimized with the Yoast SEO plugin v19.4 - https:\/\/yoast.com\/wordpress\/plugins\/seo\/ -->\n<title>Natal: festa da humanidade de Deus e da comensalidade humana - Vida Crist\u00e3 - Franciscanos<\/title>\n<meta name=\"robots\" content=\"index, follow, max-snippet:-1, max-image-preview:large, max-video-preview:-1\" \/>\n<link rel=\"canonical\" href=\"https:\/\/franciscanos.org.br\/vidacrista\/natal-festa-da-humanidade-de-deus-e-da-comensalidade-humana\/\" \/>\n<meta property=\"og:locale\" content=\"pt_BR\" \/>\n<meta property=\"og:type\" content=\"article\" \/>\n<meta property=\"og:title\" content=\"Natal: festa da humanidade de Deus e da comensalidade humana - Vida Crist\u00e3 - Franciscanos\" \/>\n<meta property=\"og:description\" content=\"Artigo de Leonardo Boff\" \/>\n<meta property=\"og:url\" content=\"https:\/\/franciscanos.org.br\/vidacrista\/natal-festa-da-humanidade-de-deus-e-da-comensalidade-humana\/\" \/>\n<meta property=\"og:site_name\" content=\"Vida Crist\u00e3 - Franciscanos\" \/>\n<meta property=\"article:published_time\" content=\"2014-12-26T10:24:29+00:00\" \/>\n<meta property=\"article:modified_time\" content=\"2020-07-28T12:49:23+00:00\" \/>\n<meta property=\"og:image\" content=\"https:\/\/franciscanos.org.br\/vidacrista\/wp-content\/uploads\/2014\/12\/artigo_2807_5d.jpg\" \/>\n\t<meta property=\"og:image:width\" content=\"800\" \/>\n\t<meta property=\"og:image:height\" content=\"599\" \/>\n\t<meta property=\"og:image:type\" content=\"image\/jpeg\" \/>\n<meta name=\"author\" content=\"admin\" \/>\n<meta name=\"twitter:card\" content=\"summary_large_image\" \/>\n<meta name=\"twitter:label1\" content=\"Escrito por\" \/>\n\t<meta name=\"twitter:data1\" content=\"admin\" \/>\n\t<meta name=\"twitter:label2\" content=\"Est. tempo de leitura\" \/>\n\t<meta name=\"twitter:data2\" content=\"4 minutos\" \/>\n<script type=\"application\/ld+json\" class=\"yoast-schema-graph\">{\"@context\":\"https:\/\/schema.org\",\"@graph\":[{\"@type\":\"WebSite\",\"@id\":\"https:\/\/franciscanos.org.br\/vidacrista\/#website\",\"url\":\"https:\/\/franciscanos.org.br\/vidacrista\/\",\"name\":\"Vida Crist\u00e3 - Franciscanos\",\"description\":\"Prov\u00edncia Franciscana da Imaculada Concei\u00e7\u00e3o do Brasil - Ordem dos Frades Menores\",\"potentialAction\":[{\"@type\":\"SearchAction\",\"target\":{\"@type\":\"EntryPoint\",\"urlTemplate\":\"https:\/\/franciscanos.org.br\/vidacrista\/?s={search_term_string}\"},\"query-input\":\"required name=search_term_string\"}],\"inLanguage\":\"pt-BR\"},{\"@type\":\"WebPage\",\"@id\":\"https:\/\/franciscanos.org.br\/vidacrista\/natal-festa-da-humanidade-de-deus-e-da-comensalidade-humana\/\",\"url\":\"https:\/\/franciscanos.org.br\/vidacrista\/natal-festa-da-humanidade-de-deus-e-da-comensalidade-humana\/\",\"name\":\"Natal: festa da humanidade de Deus e da comensalidade humana - Vida Crist\u00e3 - Franciscanos\",\"isPartOf\":{\"@id\":\"https:\/\/franciscanos.org.br\/vidacrista\/#website\"},\"datePublished\":\"2014-12-26T10:24:29+00:00\",\"dateModified\":\"2020-07-28T12:49:23+00:00\",\"author\":{\"@id\":\"https:\/\/franciscanos.org.br\/vidacrista\/#\/schema\/person\/133632ca93cec555316a35f76ab4153b\"},\"breadcrumb\":{\"@id\":\"https:\/\/franciscanos.org.br\/vidacrista\/natal-festa-da-humanidade-de-deus-e-da-comensalidade-humana\/#breadcrumb\"},\"inLanguage\":\"pt-BR\",\"potentialAction\":[{\"@type\":\"ReadAction\",\"target\":[\"https:\/\/franciscanos.org.br\/vidacrista\/natal-festa-da-humanidade-de-deus-e-da-comensalidade-humana\/\"]}]},{\"@type\":\"BreadcrumbList\",\"@id\":\"https:\/\/franciscanos.org.br\/vidacrista\/natal-festa-da-humanidade-de-deus-e-da-comensalidade-humana\/#breadcrumb\",\"itemListElement\":[{\"@type\":\"ListItem\",\"position\":1,\"name\":\"Home\",\"item\":\"https:\/\/franciscanos.org.br\/vidacrista\/\"},{\"@type\":\"ListItem\",\"position\":2,\"name\":\"Natal: festa da humanidade de Deus e da comensalidade humana\"}]},{\"@type\":\"Person\",\"@id\":\"https:\/\/franciscanos.org.br\/vidacrista\/#\/schema\/person\/133632ca93cec555316a35f76ab4153b\",\"name\":\"admin\",\"image\":{\"@type\":\"ImageObject\",\"inLanguage\":\"pt-BR\",\"@id\":\"https:\/\/franciscanos.org.br\/vidacrista\/#\/schema\/person\/image\/\",\"url\":\"https:\/\/secure.gravatar.com\/avatar\/e8495742d34d0ba6448ea1c628263b3e?s=96&d=mm&r=g\",\"contentUrl\":\"https:\/\/secure.gravatar.com\/avatar\/e8495742d34d0ba6448ea1c628263b3e?s=96&d=mm&r=g\",\"caption\":\"admin\"},\"url\":\"https:\/\/franciscanos.org.br\/vidacrista\/author\/admin\/\"}]}<\/script>\n<!-- \/ Yoast SEO plugin. -->","yoast_head_json":{"title":"Natal: festa da humanidade de Deus e da comensalidade humana - Vida Crist\u00e3 - Franciscanos","robots":{"index":"index","follow":"follow","max-snippet":"max-snippet:-1","max-image-preview":"max-image-preview:large","max-video-preview":"max-video-preview:-1"},"canonical":"https:\/\/franciscanos.org.br\/vidacrista\/natal-festa-da-humanidade-de-deus-e-da-comensalidade-humana\/","og_locale":"pt_BR","og_type":"article","og_title":"Natal: festa da humanidade de Deus e da comensalidade humana - Vida Crist\u00e3 - Franciscanos","og_description":"Artigo de Leonardo Boff","og_url":"https:\/\/franciscanos.org.br\/vidacrista\/natal-festa-da-humanidade-de-deus-e-da-comensalidade-humana\/","og_site_name":"Vida Crist\u00e3 - Franciscanos","article_published_time":"2014-12-26T10:24:29+00:00","article_modified_time":"2020-07-28T12:49:23+00:00","og_image":[{"width":800,"height":599,"url":"https:\/\/franciscanos.org.br\/vidacrista\/wp-content\/uploads\/2014\/12\/artigo_2807_5d.jpg","type":"image\/jpeg"}],"author":"admin","twitter_card":"summary_large_image","twitter_misc":{"Escrito por":"admin","Est. tempo de leitura":"4 minutos"},"schema":{"@context":"https:\/\/schema.org","@graph":[{"@type":"WebSite","@id":"https:\/\/franciscanos.org.br\/vidacrista\/#website","url":"https:\/\/franciscanos.org.br\/vidacrista\/","name":"Vida Crist\u00e3 - Franciscanos","description":"Prov\u00edncia Franciscana da Imaculada Concei\u00e7\u00e3o do Brasil - Ordem dos Frades Menores","potentialAction":[{"@type":"SearchAction","target":{"@type":"EntryPoint","urlTemplate":"https:\/\/franciscanos.org.br\/vidacrista\/?s={search_term_string}"},"query-input":"required name=search_term_string"}],"inLanguage":"pt-BR"},{"@type":"WebPage","@id":"https:\/\/franciscanos.org.br\/vidacrista\/natal-festa-da-humanidade-de-deus-e-da-comensalidade-humana\/","url":"https:\/\/franciscanos.org.br\/vidacrista\/natal-festa-da-humanidade-de-deus-e-da-comensalidade-humana\/","name":"Natal: festa da humanidade de Deus e da comensalidade humana - Vida Crist\u00e3 - Franciscanos","isPartOf":{"@id":"https:\/\/franciscanos.org.br\/vidacrista\/#website"},"datePublished":"2014-12-26T10:24:29+00:00","dateModified":"2020-07-28T12:49:23+00:00","author":{"@id":"https:\/\/franciscanos.org.br\/vidacrista\/#\/schema\/person\/133632ca93cec555316a35f76ab4153b"},"breadcrumb":{"@id":"https:\/\/franciscanos.org.br\/vidacrista\/natal-festa-da-humanidade-de-deus-e-da-comensalidade-humana\/#breadcrumb"},"inLanguage":"pt-BR","potentialAction":[{"@type":"ReadAction","target":["https:\/\/franciscanos.org.br\/vidacrista\/natal-festa-da-humanidade-de-deus-e-da-comensalidade-humana\/"]}]},{"@type":"BreadcrumbList","@id":"https:\/\/franciscanos.org.br\/vidacrista\/natal-festa-da-humanidade-de-deus-e-da-comensalidade-humana\/#breadcrumb","itemListElement":[{"@type":"ListItem","position":1,"name":"Home","item":"https:\/\/franciscanos.org.br\/vidacrista\/"},{"@type":"ListItem","position":2,"name":"Natal: festa da humanidade de Deus e da comensalidade humana"}]},{"@type":"Person","@id":"https:\/\/franciscanos.org.br\/vidacrista\/#\/schema\/person\/133632ca93cec555316a35f76ab4153b","name":"admin","image":{"@type":"ImageObject","inLanguage":"pt-BR","@id":"https:\/\/franciscanos.org.br\/vidacrista\/#\/schema\/person\/image\/","url":"https:\/\/secure.gravatar.com\/avatar\/e8495742d34d0ba6448ea1c628263b3e?s=96&d=mm&r=g","contentUrl":"https:\/\/secure.gravatar.com\/avatar\/e8495742d34d0ba6448ea1c628263b3e?s=96&d=mm&r=g","caption":"admin"},"url":"https:\/\/franciscanos.org.br\/vidacrista\/author\/admin\/"}]}},"_links":{"self":[{"href":"https:\/\/franciscanos.org.br\/vidacrista\/wp-json\/wp\/v2\/posts\/76020"}],"collection":[{"href":"https:\/\/franciscanos.org.br\/vidacrista\/wp-json\/wp\/v2\/posts"}],"about":[{"href":"https:\/\/franciscanos.org.br\/vidacrista\/wp-json\/wp\/v2\/types\/post"}],"author":[{"embeddable":true,"href":"https:\/\/franciscanos.org.br\/vidacrista\/wp-json\/wp\/v2\/users\/1"}],"replies":[{"embeddable":true,"href":"https:\/\/franciscanos.org.br\/vidacrista\/wp-json\/wp\/v2\/comments?post=76020"}],"version-history":[{"count":3,"href":"https:\/\/franciscanos.org.br\/vidacrista\/wp-json\/wp\/v2\/posts\/76020\/revisions"}],"predecessor-version":[{"id":187079,"href":"https:\/\/franciscanos.org.br\/vidacrista\/wp-json\/wp\/v2\/posts\/76020\/revisions\/187079"}],"wp:featuredmedia":[{"embeddable":true,"href":"https:\/\/franciscanos.org.br\/vidacrista\/wp-json\/wp\/v2\/media\/187078"}],"wp:attachment":[{"href":"https:\/\/franciscanos.org.br\/vidacrista\/wp-json\/wp\/v2\/media?parent=76020"}],"wp:term":[{"taxonomy":"category","embeddable":true,"href":"https:\/\/franciscanos.org.br\/vidacrista\/wp-json\/wp\/v2\/categories?post=76020"},{"taxonomy":"post_tag","embeddable":true,"href":"https:\/\/franciscanos.org.br\/vidacrista\/wp-json\/wp\/v2\/tags?post=76020"}],"curies":[{"name":"wp","href":"https:\/\/api.w.org\/{rel}","templated":true}]}}