{"id":74423,"date":"2014-12-04T14:55:26","date_gmt":"2014-12-04T16:55:26","guid":{"rendered":"http:\/\/franciscanos.org.br\/?p=74423"},"modified":"2019-03-01T14:15:24","modified_gmt":"2019-03-01T17:15:24","slug":"tudo-comecou-naquela-noite-do-oriente","status":"publish","type":"post","link":"https:\/\/franciscanos.org.br\/vidacrista\/tudo-comecou-naquela-noite-do-oriente\/","title":{"rendered":"&#8220;Tudo come\u00e7ou naquela noite do Oriente&#8221;"},"content":{"rendered":"<p><strong>Frei Almir Ribeiro Guimar\u00e3es<\/strong><\/p>\n<p>N\u00f3s, que somos disc\u00edpulos de Jesus, gostamos muito dos dias de dezembro quando cantamos loas ao Menino das Palhas. Crian\u00e7as, homens maduros e os j\u00e1 envelhecidos caminhamos todos rumo \u00e0 celebra\u00e7\u00e3o do Natal atrav\u00e9s das prepara\u00e7\u00f5es s\u00f3lidas e belas do tempo do Advento. Em l\u00e1 chegando extasiamo-nos diante da maneira singela e pobre como Deus resolveu se manifestar. Natal \u00e9 bem mais do que luzes que cintilam, do que brilho da purpurina, do que as \u00e1rvores com suas bolas e um certo sentimento \u201cadocicado\u201d que pode tomar conta de n\u00f3s. Natal e uma crian\u00e7a, \u00e9 fragilidade, simplicidade. O Deus de todas as grandezas e de todos os tempos resolve fazer caminhada conosco. N\u00e3o hesita, como diz a Carta aos Filipenses, em tomar a condi\u00e7\u00e3o humana, a fragilidade humana, a posi\u00e7\u00e3o do servo. Quando queremos dizer da beleza do Natal nada melhor do que exprimi-lo com o s\u00edmbolo da crian\u00e7a indefesa deitada nas palhas. Singeleza, simplicidade, carinho, visita do Alto que se faz na pobreza de uma criatura dependente\u00a0 desse Menino das Palhas&#8230;<\/p>\n<p><img decoding=\"async\" loading=\"lazy\" src=\"http:\/\/franciscanos.org.br\/wp-content\/uploads\/2014\/12\/presepio.gif\" alt=\"presepio\" width=\"820\" height=\"240\" \/><\/p>\n<p>Com a encarna\u00e7\u00e3o, Deus passou a conviver com a fragilidade. Karl Ranher escreve a respeito: <em>Natal, presen\u00e7a de Cristo, em toda exist\u00eancia humana:<\/em>\u00a0 \u201cA\u00ed estou eu, perto de ti. Sou tua vida, sou teu tempo terrestre.\u00a0 Sou essa tonalidade cinzenta de teu cotidiano. Eu o suportei. Por que tu n\u00e3o o suportas? Choro tuas l\u00e1grimas;\u00a0 eu te pe\u00e7o que, por tua vez, chores as minhas, meu filho. Sou tua alegria. Por que hesitas em ser alegre? Depois que verti l\u00e1grimas, a atitude de alegria \u00e9 a\u00a0 mais consent\u00e2nea com a realidade:\u00a0 deixa medo e tristeza\u00a0 para aqueles que n\u00e3o t\u00eam esperan\u00e7a. Estou mesmo em teus impasses. N\u00e3o fiques preocupado demais em te ver livre deles, pobre filho de vis\u00e3o acanhada, porque \u00e9 ent\u00e3o que mais te aproximas de mim, sem disto ter consci\u00eancia. Estou em teu medo\u00a0 porque o sofri contigo\u00a0 e n\u00e3o fui heroico como o mundo costuma ser. Estou presente na pris\u00e3o de tua finitude&#8230;\u201d.\u00a0 Os que estamos para celebrar a Encarna\u00e7\u00e3o do Verbo temos consci\u00eancia de que o humano todo e todos os humanos foram tocados e marcados\u00a0 pelo Verbo que se fez carne e nasceu naquela noite do Oriente.<\/p>\n<p>Ora, os que contemplam a cruz do Mestre, os que leem novamente o texto de Jo\u00e3o que fala do soldado o peito de Jesus, fixam novamente extasiados com o abaixamento de Deus. Agora \u00e9 um indefeso e inocente torturado que vai ter o Cora\u00e7\u00e3o aberto\u00a0 constituindo assim uma janela por onde podemos ver o tesouros de amor de um Deus que \u00e9 amor, o mesmo que antes era uma indefesa crian\u00e7a que nascia numa noite do Oriente.<\/p>\n<p>O amor terno e carinhoso do Menino das Palhas se completa admiravelmente com as torrentes de amor que jorram do peito aberto daquele que n\u00e3o hesitou em revestir-se de simplicidade de pobreza.<\/p>\n","protected":false},"excerpt":{"rendered":"<p>1\u00aa Sexta-feira do m\u00eas<\/p>\n","protected":false},"author":1,"featured_media":178229,"comment_status":"open","ping_status":"open","sticky":false,"template":"","format":"standard","meta":{"footnotes":""},"categories":[105],"tags":[106,112],"yoast_head":"<!-- This site is optimized with the Yoast SEO plugin v19.4 - https:\/\/yoast.com\/wordpress\/plugins\/seo\/ -->\n<title>&quot;Tudo come\u00e7ou naquela noite do Oriente&quot; - Vida Crist\u00e3 - Franciscanos<\/title>\n<meta name=\"robots\" content=\"index, follow, max-snippet:-1, max-image-preview:large, max-video-preview:-1\" \/>\n<link rel=\"canonical\" href=\"https:\/\/franciscanos.org.br\/vidacrista\/tudo-comecou-naquela-noite-do-oriente\/\" \/>\n<meta property=\"og:locale\" content=\"pt_BR\" \/>\n<meta property=\"og:type\" content=\"article\" \/>\n<meta property=\"og:title\" content=\"&quot;Tudo come\u00e7ou naquela noite do Oriente&quot; - Vida Crist\u00e3 - Franciscanos\" \/>\n<meta property=\"og:description\" content=\"1\u00aa Sexta-feira do m\u00eas\" \/>\n<meta property=\"og:url\" content=\"https:\/\/franciscanos.org.br\/vidacrista\/tudo-comecou-naquela-noite-do-oriente\/\" \/>\n<meta property=\"og:site_name\" content=\"Vida Crist\u00e3 - Franciscanos\" \/>\n<meta property=\"article:published_time\" content=\"2014-12-04T16:55:26+00:00\" \/>\n<meta property=\"article:modified_time\" content=\"2019-03-01T17:15:24+00:00\" \/>\n<meta property=\"og:image\" content=\"https:\/\/franciscanos.org.br\/vidacrista\/wp-content\/uploads\/2014\/12\/sagrado_041214.jpg\" \/>\n\t<meta property=\"og:image:width\" content=\"273\" \/>\n\t<meta property=\"og:image:height\" content=\"181\" \/>\n\t<meta property=\"og:image:type\" content=\"image\/jpeg\" \/>\n<meta name=\"author\" content=\"admin\" \/>\n<meta name=\"twitter:card\" content=\"summary_large_image\" \/>\n<meta name=\"twitter:label1\" content=\"Escrito por\" \/>\n\t<meta name=\"twitter:data1\" content=\"admin\" \/>\n\t<meta name=\"twitter:label2\" content=\"Est. tempo de leitura\" \/>\n\t<meta name=\"twitter:data2\" content=\"3 minutos\" \/>\n<script type=\"application\/ld+json\" class=\"yoast-schema-graph\">{\"@context\":\"https:\/\/schema.org\",\"@graph\":[{\"@type\":\"WebSite\",\"@id\":\"https:\/\/franciscanos.org.br\/vidacrista\/#website\",\"url\":\"https:\/\/franciscanos.org.br\/vidacrista\/\",\"name\":\"Vida Crist\u00e3 - Franciscanos\",\"description\":\"Prov\u00edncia Franciscana da Imaculada Concei\u00e7\u00e3o do Brasil - Ordem dos Frades Menores\",\"potentialAction\":[{\"@type\":\"SearchAction\",\"target\":{\"@type\":\"EntryPoint\",\"urlTemplate\":\"https:\/\/franciscanos.org.br\/vidacrista\/?s={search_term_string}\"},\"query-input\":\"required name=search_term_string\"}],\"inLanguage\":\"pt-BR\"},{\"@type\":\"WebPage\",\"@id\":\"https:\/\/franciscanos.org.br\/vidacrista\/tudo-comecou-naquela-noite-do-oriente\/\",\"url\":\"https:\/\/franciscanos.org.br\/vidacrista\/tudo-comecou-naquela-noite-do-oriente\/\",\"name\":\"\\\"Tudo come\u00e7ou naquela noite do Oriente\\\" - Vida Crist\u00e3 - Franciscanos\",\"isPartOf\":{\"@id\":\"https:\/\/franciscanos.org.br\/vidacrista\/#website\"},\"datePublished\":\"2014-12-04T16:55:26+00:00\",\"dateModified\":\"2019-03-01T17:15:24+00:00\",\"author\":{\"@id\":\"https:\/\/franciscanos.org.br\/vidacrista\/#\/schema\/person\/133632ca93cec555316a35f76ab4153b\"},\"breadcrumb\":{\"@id\":\"https:\/\/franciscanos.org.br\/vidacrista\/tudo-comecou-naquela-noite-do-oriente\/#breadcrumb\"},\"inLanguage\":\"pt-BR\",\"potentialAction\":[{\"@type\":\"ReadAction\",\"target\":[\"https:\/\/franciscanos.org.br\/vidacrista\/tudo-comecou-naquela-noite-do-oriente\/\"]}]},{\"@type\":\"BreadcrumbList\",\"@id\":\"https:\/\/franciscanos.org.br\/vidacrista\/tudo-comecou-naquela-noite-do-oriente\/#breadcrumb\",\"itemListElement\":[{\"@type\":\"ListItem\",\"position\":1,\"name\":\"Home\",\"item\":\"https:\/\/franciscanos.org.br\/vidacrista\/\"},{\"@type\":\"ListItem\",\"position\":2,\"name\":\"&#8220;Tudo come\u00e7ou naquela noite do Oriente&#8221;\"}]},{\"@type\":\"Person\",\"@id\":\"https:\/\/franciscanos.org.br\/vidacrista\/#\/schema\/person\/133632ca93cec555316a35f76ab4153b\",\"name\":\"admin\",\"image\":{\"@type\":\"ImageObject\",\"inLanguage\":\"pt-BR\",\"@id\":\"https:\/\/franciscanos.org.br\/vidacrista\/#\/schema\/person\/image\/\",\"url\":\"https:\/\/secure.gravatar.com\/avatar\/e8495742d34d0ba6448ea1c628263b3e?s=96&d=mm&r=g\",\"contentUrl\":\"https:\/\/secure.gravatar.com\/avatar\/e8495742d34d0ba6448ea1c628263b3e?s=96&d=mm&r=g\",\"caption\":\"admin\"},\"url\":\"https:\/\/franciscanos.org.br\/vidacrista\/author\/admin\/\"}]}<\/script>\n<!-- \/ Yoast SEO plugin. -->","yoast_head_json":{"title":"\"Tudo come\u00e7ou naquela noite do Oriente\" - Vida Crist\u00e3 - Franciscanos","robots":{"index":"index","follow":"follow","max-snippet":"max-snippet:-1","max-image-preview":"max-image-preview:large","max-video-preview":"max-video-preview:-1"},"canonical":"https:\/\/franciscanos.org.br\/vidacrista\/tudo-comecou-naquela-noite-do-oriente\/","og_locale":"pt_BR","og_type":"article","og_title":"\"Tudo come\u00e7ou naquela noite do Oriente\" - Vida Crist\u00e3 - Franciscanos","og_description":"1\u00aa Sexta-feira do m\u00eas","og_url":"https:\/\/franciscanos.org.br\/vidacrista\/tudo-comecou-naquela-noite-do-oriente\/","og_site_name":"Vida Crist\u00e3 - Franciscanos","article_published_time":"2014-12-04T16:55:26+00:00","article_modified_time":"2019-03-01T17:15:24+00:00","og_image":[{"width":273,"height":181,"url":"https:\/\/franciscanos.org.br\/vidacrista\/wp-content\/uploads\/2014\/12\/sagrado_041214.jpg","type":"image\/jpeg"}],"author":"admin","twitter_card":"summary_large_image","twitter_misc":{"Escrito por":"admin","Est. tempo de leitura":"3 minutos"},"schema":{"@context":"https:\/\/schema.org","@graph":[{"@type":"WebSite","@id":"https:\/\/franciscanos.org.br\/vidacrista\/#website","url":"https:\/\/franciscanos.org.br\/vidacrista\/","name":"Vida Crist\u00e3 - Franciscanos","description":"Prov\u00edncia Franciscana da Imaculada Concei\u00e7\u00e3o do Brasil - Ordem dos Frades Menores","potentialAction":[{"@type":"SearchAction","target":{"@type":"EntryPoint","urlTemplate":"https:\/\/franciscanos.org.br\/vidacrista\/?s={search_term_string}"},"query-input":"required name=search_term_string"}],"inLanguage":"pt-BR"},{"@type":"WebPage","@id":"https:\/\/franciscanos.org.br\/vidacrista\/tudo-comecou-naquela-noite-do-oriente\/","url":"https:\/\/franciscanos.org.br\/vidacrista\/tudo-comecou-naquela-noite-do-oriente\/","name":"\"Tudo come\u00e7ou naquela noite do Oriente\" - Vida Crist\u00e3 - Franciscanos","isPartOf":{"@id":"https:\/\/franciscanos.org.br\/vidacrista\/#website"},"datePublished":"2014-12-04T16:55:26+00:00","dateModified":"2019-03-01T17:15:24+00:00","author":{"@id":"https:\/\/franciscanos.org.br\/vidacrista\/#\/schema\/person\/133632ca93cec555316a35f76ab4153b"},"breadcrumb":{"@id":"https:\/\/franciscanos.org.br\/vidacrista\/tudo-comecou-naquela-noite-do-oriente\/#breadcrumb"},"inLanguage":"pt-BR","potentialAction":[{"@type":"ReadAction","target":["https:\/\/franciscanos.org.br\/vidacrista\/tudo-comecou-naquela-noite-do-oriente\/"]}]},{"@type":"BreadcrumbList","@id":"https:\/\/franciscanos.org.br\/vidacrista\/tudo-comecou-naquela-noite-do-oriente\/#breadcrumb","itemListElement":[{"@type":"ListItem","position":1,"name":"Home","item":"https:\/\/franciscanos.org.br\/vidacrista\/"},{"@type":"ListItem","position":2,"name":"&#8220;Tudo come\u00e7ou naquela noite do Oriente&#8221;"}]},{"@type":"Person","@id":"https:\/\/franciscanos.org.br\/vidacrista\/#\/schema\/person\/133632ca93cec555316a35f76ab4153b","name":"admin","image":{"@type":"ImageObject","inLanguage":"pt-BR","@id":"https:\/\/franciscanos.org.br\/vidacrista\/#\/schema\/person\/image\/","url":"https:\/\/secure.gravatar.com\/avatar\/e8495742d34d0ba6448ea1c628263b3e?s=96&d=mm&r=g","contentUrl":"https:\/\/secure.gravatar.com\/avatar\/e8495742d34d0ba6448ea1c628263b3e?s=96&d=mm&r=g","caption":"admin"},"url":"https:\/\/franciscanos.org.br\/vidacrista\/author\/admin\/"}]}},"_links":{"self":[{"href":"https:\/\/franciscanos.org.br\/vidacrista\/wp-json\/wp\/v2\/posts\/74423"}],"collection":[{"href":"https:\/\/franciscanos.org.br\/vidacrista\/wp-json\/wp\/v2\/posts"}],"about":[{"href":"https:\/\/franciscanos.org.br\/vidacrista\/wp-json\/wp\/v2\/types\/post"}],"author":[{"embeddable":true,"href":"https:\/\/franciscanos.org.br\/vidacrista\/wp-json\/wp\/v2\/users\/1"}],"replies":[{"embeddable":true,"href":"https:\/\/franciscanos.org.br\/vidacrista\/wp-json\/wp\/v2\/comments?post=74423"}],"version-history":[{"count":2,"href":"https:\/\/franciscanos.org.br\/vidacrista\/wp-json\/wp\/v2\/posts\/74423\/revisions"}],"predecessor-version":[{"id":178230,"href":"https:\/\/franciscanos.org.br\/vidacrista\/wp-json\/wp\/v2\/posts\/74423\/revisions\/178230"}],"wp:featuredmedia":[{"embeddable":true,"href":"https:\/\/franciscanos.org.br\/vidacrista\/wp-json\/wp\/v2\/media\/178229"}],"wp:attachment":[{"href":"https:\/\/franciscanos.org.br\/vidacrista\/wp-json\/wp\/v2\/media?parent=74423"}],"wp:term":[{"taxonomy":"category","embeddable":true,"href":"https:\/\/franciscanos.org.br\/vidacrista\/wp-json\/wp\/v2\/categories?post=74423"},{"taxonomy":"post_tag","embeddable":true,"href":"https:\/\/franciscanos.org.br\/vidacrista\/wp-json\/wp\/v2\/tags?post=74423"}],"curies":[{"name":"wp","href":"https:\/\/api.w.org\/{rel}","templated":true}]}}