{"id":72174,"date":"2014-11-06T17:30:38","date_gmt":"2014-11-06T19:30:38","guid":{"rendered":"http:\/\/franciscanos.org.br\/?p=72174"},"modified":"2020-05-22T10:15:41","modified_gmt":"2020-05-22T13:15:41","slug":"meu-deus-meu-deus-por-que-me-abandonaste","status":"publish","type":"post","link":"https:\/\/franciscanos.org.br\/vidacrista\/meu-deus-meu-deus-por-que-me-abandonaste\/","title":{"rendered":"\u201cMeu Deus, meu Deus, por que me abandonaste?\u201d"},"content":{"rendered":"<p><img decoding=\"async\" loading=\"lazy\" src=\"http:\/\/franciscanos.org.br\/wp-content\/uploads\/2014\/11\/coracao.jpg\" alt=\"coracao\" width=\"820\" height=\"300\" \/><\/p>\n<p><strong>Frei Almir Ribeiro Guimar\u00e3es<\/strong><\/p>\n<p>Sabemos perfeitamente que o Filho de Maria, aquele que veio do seio do Pai morar entre n\u00f3s, morreu, mas vive e est\u00e1 em nosso meio. N\u00e3o nos cansamos de afirmar nossa f\u00e9 na presen\u00e7a do Ressuscitado em todos os cantos da terra, em todo o deslizar do tempo, num agora e num amanh\u00e3. Encontramo-lo no p\u00e3o branco da toalha do altar, no rosto dos mais desvalidos e abandonados, na sua Palavra que ecoa no catedral de nosso interior. Somos sempre de novo solicitados a contemplar os \u00faltimos momentos de sua vida em que ele teve o cora\u00e7\u00e3o aberto pela lan\u00e7a do soldado depois de momentos de profunda solid\u00e3o. Vamos nos deter precisamente nesta solid\u00e3o final daquele que, depois de morto, teve o peito aberto pela lan\u00e7a do soldado.<\/p>\n<p>Tr\u00eas reflex\u00f5es de Jos\u00e9 Antonio Pagola em seu Jesus-Aproxima\u00e7\u00e3o hist\u00f3rica ( Vozes, p. 482-484) sirvam de medita\u00e7\u00e3o para esta primeira sexta-feira de novembro.<\/p>\n<p style=\"padding-left: 30px;\">1. O sil\u00eancio de Jesus durante as \u00faltimas horas \u00e9 surpreendente. No entanto, no final, Jesus morre \u201clan\u00e7ando um forte grito\u201d. Esse grito inarticulado \u00e9 a recorda\u00e7\u00e3o mais segura da tradi\u00e7\u00e3o. Os crist\u00e3os nunca o esqueceram. Tr\u00eas evangelistas p\u00f5em, al\u00e9m disso, na boca de Jesus moribundo tr\u00eas palavras diferentes, inspiradas em outros tantos salmos. De acordo com Marcos (= Mateus), Jesus grita com voz forte: \u201cMeu Deus, meu Deus, por que me abandonaste?\u201d Lucas, no entanto, ignora essas palavras e diz que Jesus grita: \u201cPai, em tuas m\u00e3os entrego o meu esp\u00edrito\u201d. De acordo com Jo\u00e3o, pouco antes de morrer, Jesus diz: \u201cTenho sede\u201d e, depois de beber o vinagre que lhe ofereceram, exclamou: \u201cTudo est\u00e1 cumprido\u201d. O que podemos dizer destas palavras? Foram pronunciadas por Jesus? S\u00e3o palavras crist\u00e3s que nos convidam a penetrar no mist\u00e9rio do sil\u00eancio de Jesus, rompido somente no final por seu grito surpreendente?<\/p>\n<p style=\"padding-left: 30px;\">2. N\u00e3o \u00e9 dif\u00edcil entender a descri\u00e7\u00e3o que nos \u00e9 apresentada por Jo\u00e3o, o evangelista mais tardio. De acordo com a sua vis\u00e3o teol\u00f3gica, \u201cser elevado \u00e0 cruz\u201d \u00e9 para Jesus \u201cretornar ao Pai\u201d e entrar em sua gl\u00f3ria. Por isso seu relato da paix\u00e3o \u00e9 a marcha serena e solene de Jesus para a morte. N\u00e3o h\u00e1 ang\u00fastia nem espanto. N\u00e3o h\u00e1 resist\u00eancia em beber o c\u00e1lice amargo da cruz: \u201cA ta\u00e7a que o Pai me ofereceu, por acaso n\u00e3o hei de beb\u00ea-la?\u201d A morte de Jesus n\u00e3o \u00e9 sen\u00e3o a coroa\u00e7\u00e3o de seu desejo mais profundo. Assim o expressa ele: \u201cTenho sede\u201d, quero terminar minha obra; sinto sede de Deus, quero entrar j\u00e1 em sua gl\u00f3ria. Por isso, depois de beber o vinagre que lhe ofereceram, Jesus exclama: \u201cTudo est\u00e1 cumprido\u201d. Ele foi fiel at\u00e9 o fim. Sua morte n\u00e3o \u00e9 descida ao sheol e sim sua \u201cpassagem deste mundo para o Pai\u201d. Nas comunidades crist\u00e3s ningu\u00e9m o punha em d\u00favida.<\/p>\n<p style=\"padding-left: 30px;\">3. \u00c9 f\u00e1cil tamb\u00e9m entender a rea\u00e7\u00e3o de Lucas. O grito angustioso de Jesus, queixando-se a Deus por causa de seu abandono torna-se duro para ele. Marcos n\u00e3o teria nenhum problema de coloc\u00e1-lo na boca e Jesus, mas alguns talvez o pudessem interpretar mal. Ent\u00e3o, com grande liberdade substituiu-o por outras palavras, a seu ver mais adequadas: \u201cPai, em tuas m\u00e3os abandono minha vida\u201d. Era preciso ficar claro que a ang\u00fastia vivida por Jesus n\u00e3o havia anulado em nenhum momento sua atitude de confian\u00e7a e abandono total ao Pai. Nada, nem ningu\u00e9m poder\u00e1 separ\u00e1-lo dele. Ao terminar sua vida, Jesus entregou-se confiantemente a esse Pai que estivera na origem de toda a sua atua\u00e7\u00e3o. Lucas queria deixar isso claro.<\/p>\n<p style=\"padding-left: 30px;\">4. Apesar de todas as suas reservas, o grito conservado por Marcos; Elo\u00ed, Elo\u00ed, lema sabactani!, ou seja, \u201cMeu Deus, meu Deus por que me abandonaste\u201d, \u00e9 sem d\u00favida o mais antigo na tradi\u00e7\u00e3o crist\u00e3 e poderia remontar ao pr\u00f3prio Jesus. Estas palavras pronunciadas em aramaico, l\u00edngua materna de Jesus, e gritadas no meio da solid\u00e3o e do abandono total s\u00e3o de uma sinceridade esmagadora. Se Jesus n\u00e3o as tivesse pronunciado, ter-se-ia algu\u00e9m da comunidade atrevido p\u00f4-las em seus l\u00e1bios? Jesus morre numa solid\u00e3o total. Foi condenado pelas autoridades do templo. O povo n\u00e3o o defendeu. Os seus fugiram. Ao seu redor s\u00f3 houve zombarias e desprezo. Apesar de seus gritos ao Pai no horto de Gets\u00eamani, Deus n\u00e3o veio em sua ajuda. Seu Pai querido o abandonou a uma morte ignominiosa. Por que? Jesus n\u00e3o chama Deus de Abb\u00e1, Pai, sua express\u00e3o habitual e familiar. Chama-o de Elo\u00ed, meu Deus, como todos os seres humanos. Sua invoca\u00e7\u00e3o n\u00e3o deixa de ser uma express\u00e3o de confian\u00e7a: Meu Deus! Deus continua sendo seu Deus apesar de tudo. Jesus n\u00e3o duvida de sua exist\u00eancia nem de seu poder para salva-lo. Queixa-se de seu sil\u00eancio: onde est\u00e1? Por que se cala? Por que o abandona no momento em que mais precisa dele? Jesus morre na noite mais escura. N\u00e3o entra na morte iluminado por uma revela\u00e7\u00e3o sublime. Morre com um \u201cpor qu\u00ea?\u201d nos l\u00e1bios. Tudo fica agora nas m\u00e3os do Pai.<\/p>\n","protected":false},"excerpt":{"rendered":"<p>1\u00aa Sexta-Feira do M\u00eas<\/p>\n","protected":false},"author":1,"featured_media":184577,"comment_status":"open","ping_status":"open","sticky":false,"template":"","format":"standard","meta":{"footnotes":""},"categories":[105],"tags":[106,112],"yoast_head":"<!-- This site is optimized with the Yoast SEO plugin v19.4 - https:\/\/yoast.com\/wordpress\/plugins\/seo\/ -->\n<title>\u201cMeu Deus, meu Deus, por que me abandonaste?\u201d - Vida Crist\u00e3 - Franciscanos<\/title>\n<meta name=\"robots\" content=\"index, follow, max-snippet:-1, max-image-preview:large, max-video-preview:-1\" \/>\n<link rel=\"canonical\" href=\"https:\/\/franciscanos.org.br\/vidacrista\/meu-deus-meu-deus-por-que-me-abandonaste\/\" \/>\n<meta property=\"og:locale\" content=\"pt_BR\" \/>\n<meta property=\"og:type\" content=\"article\" \/>\n<meta property=\"og:title\" content=\"\u201cMeu Deus, meu Deus, por que me abandonaste?\u201d - Vida Crist\u00e3 - Franciscanos\" \/>\n<meta property=\"og:description\" content=\"1\u00aa Sexta-Feira do M\u00eas\" \/>\n<meta property=\"og:url\" content=\"https:\/\/franciscanos.org.br\/vidacrista\/meu-deus-meu-deus-por-que-me-abandonaste\/\" \/>\n<meta property=\"og:site_name\" content=\"Vida Crist\u00e3 - Franciscanos\" \/>\n<meta property=\"article:published_time\" content=\"2014-11-06T19:30:38+00:00\" \/>\n<meta property=\"article:modified_time\" content=\"2020-05-22T13:15:41+00:00\" \/>\n<meta property=\"og:image\" content=\"https:\/\/franciscanos.org.br\/vidacrista\/wp-content\/uploads\/2014\/11\/coracao.jpg\" \/>\n\t<meta property=\"og:image:width\" content=\"800\" \/>\n\t<meta property=\"og:image:height\" content=\"599\" \/>\n\t<meta property=\"og:image:type\" content=\"image\/jpeg\" \/>\n<meta name=\"author\" content=\"admin\" \/>\n<meta name=\"twitter:card\" content=\"summary_large_image\" \/>\n<meta name=\"twitter:label1\" content=\"Escrito por\" \/>\n\t<meta name=\"twitter:data1\" content=\"admin\" \/>\n\t<meta name=\"twitter:label2\" content=\"Est. tempo de leitura\" \/>\n\t<meta name=\"twitter:data2\" content=\"5 minutos\" \/>\n<script type=\"application\/ld+json\" class=\"yoast-schema-graph\">{\"@context\":\"https:\/\/schema.org\",\"@graph\":[{\"@type\":\"WebSite\",\"@id\":\"https:\/\/franciscanos.org.br\/vidacrista\/#website\",\"url\":\"https:\/\/franciscanos.org.br\/vidacrista\/\",\"name\":\"Vida Crist\u00e3 - Franciscanos\",\"description\":\"Prov\u00edncia Franciscana da Imaculada Concei\u00e7\u00e3o do Brasil - Ordem dos Frades Menores\",\"potentialAction\":[{\"@type\":\"SearchAction\",\"target\":{\"@type\":\"EntryPoint\",\"urlTemplate\":\"https:\/\/franciscanos.org.br\/vidacrista\/?s={search_term_string}\"},\"query-input\":\"required name=search_term_string\"}],\"inLanguage\":\"pt-BR\"},{\"@type\":\"WebPage\",\"@id\":\"https:\/\/franciscanos.org.br\/vidacrista\/meu-deus-meu-deus-por-que-me-abandonaste\/\",\"url\":\"https:\/\/franciscanos.org.br\/vidacrista\/meu-deus-meu-deus-por-que-me-abandonaste\/\",\"name\":\"\u201cMeu Deus, meu Deus, por que me abandonaste?\u201d - Vida Crist\u00e3 - Franciscanos\",\"isPartOf\":{\"@id\":\"https:\/\/franciscanos.org.br\/vidacrista\/#website\"},\"datePublished\":\"2014-11-06T19:30:38+00:00\",\"dateModified\":\"2020-05-22T13:15:41+00:00\",\"author\":{\"@id\":\"https:\/\/franciscanos.org.br\/vidacrista\/#\/schema\/person\/133632ca93cec555316a35f76ab4153b\"},\"breadcrumb\":{\"@id\":\"https:\/\/franciscanos.org.br\/vidacrista\/meu-deus-meu-deus-por-que-me-abandonaste\/#breadcrumb\"},\"inLanguage\":\"pt-BR\",\"potentialAction\":[{\"@type\":\"ReadAction\",\"target\":[\"https:\/\/franciscanos.org.br\/vidacrista\/meu-deus-meu-deus-por-que-me-abandonaste\/\"]}]},{\"@type\":\"BreadcrumbList\",\"@id\":\"https:\/\/franciscanos.org.br\/vidacrista\/meu-deus-meu-deus-por-que-me-abandonaste\/#breadcrumb\",\"itemListElement\":[{\"@type\":\"ListItem\",\"position\":1,\"name\":\"Home\",\"item\":\"https:\/\/franciscanos.org.br\/vidacrista\/\"},{\"@type\":\"ListItem\",\"position\":2,\"name\":\"\u201cMeu Deus, meu Deus, por que me abandonaste?\u201d\"}]},{\"@type\":\"Person\",\"@id\":\"https:\/\/franciscanos.org.br\/vidacrista\/#\/schema\/person\/133632ca93cec555316a35f76ab4153b\",\"name\":\"admin\",\"image\":{\"@type\":\"ImageObject\",\"inLanguage\":\"pt-BR\",\"@id\":\"https:\/\/franciscanos.org.br\/vidacrista\/#\/schema\/person\/image\/\",\"url\":\"https:\/\/secure.gravatar.com\/avatar\/e8495742d34d0ba6448ea1c628263b3e?s=96&d=mm&r=g\",\"contentUrl\":\"https:\/\/secure.gravatar.com\/avatar\/e8495742d34d0ba6448ea1c628263b3e?s=96&d=mm&r=g\",\"caption\":\"admin\"},\"url\":\"https:\/\/franciscanos.org.br\/vidacrista\/author\/admin\/\"}]}<\/script>\n<!-- \/ Yoast SEO plugin. -->","yoast_head_json":{"title":"\u201cMeu Deus, meu Deus, por que me abandonaste?\u201d - Vida Crist\u00e3 - Franciscanos","robots":{"index":"index","follow":"follow","max-snippet":"max-snippet:-1","max-image-preview":"max-image-preview:large","max-video-preview":"max-video-preview:-1"},"canonical":"https:\/\/franciscanos.org.br\/vidacrista\/meu-deus-meu-deus-por-que-me-abandonaste\/","og_locale":"pt_BR","og_type":"article","og_title":"\u201cMeu Deus, meu Deus, por que me abandonaste?\u201d - Vida Crist\u00e3 - Franciscanos","og_description":"1\u00aa Sexta-Feira do M\u00eas","og_url":"https:\/\/franciscanos.org.br\/vidacrista\/meu-deus-meu-deus-por-que-me-abandonaste\/","og_site_name":"Vida Crist\u00e3 - Franciscanos","article_published_time":"2014-11-06T19:30:38+00:00","article_modified_time":"2020-05-22T13:15:41+00:00","og_image":[{"width":800,"height":599,"url":"https:\/\/franciscanos.org.br\/vidacrista\/wp-content\/uploads\/2014\/11\/coracao.jpg","type":"image\/jpeg"}],"author":"admin","twitter_card":"summary_large_image","twitter_misc":{"Escrito por":"admin","Est. tempo de leitura":"5 minutos"},"schema":{"@context":"https:\/\/schema.org","@graph":[{"@type":"WebSite","@id":"https:\/\/franciscanos.org.br\/vidacrista\/#website","url":"https:\/\/franciscanos.org.br\/vidacrista\/","name":"Vida Crist\u00e3 - Franciscanos","description":"Prov\u00edncia Franciscana da Imaculada Concei\u00e7\u00e3o do Brasil - Ordem dos Frades Menores","potentialAction":[{"@type":"SearchAction","target":{"@type":"EntryPoint","urlTemplate":"https:\/\/franciscanos.org.br\/vidacrista\/?s={search_term_string}"},"query-input":"required name=search_term_string"}],"inLanguage":"pt-BR"},{"@type":"WebPage","@id":"https:\/\/franciscanos.org.br\/vidacrista\/meu-deus-meu-deus-por-que-me-abandonaste\/","url":"https:\/\/franciscanos.org.br\/vidacrista\/meu-deus-meu-deus-por-que-me-abandonaste\/","name":"\u201cMeu Deus, meu Deus, por que me abandonaste?\u201d - Vida Crist\u00e3 - Franciscanos","isPartOf":{"@id":"https:\/\/franciscanos.org.br\/vidacrista\/#website"},"datePublished":"2014-11-06T19:30:38+00:00","dateModified":"2020-05-22T13:15:41+00:00","author":{"@id":"https:\/\/franciscanos.org.br\/vidacrista\/#\/schema\/person\/133632ca93cec555316a35f76ab4153b"},"breadcrumb":{"@id":"https:\/\/franciscanos.org.br\/vidacrista\/meu-deus-meu-deus-por-que-me-abandonaste\/#breadcrumb"},"inLanguage":"pt-BR","potentialAction":[{"@type":"ReadAction","target":["https:\/\/franciscanos.org.br\/vidacrista\/meu-deus-meu-deus-por-que-me-abandonaste\/"]}]},{"@type":"BreadcrumbList","@id":"https:\/\/franciscanos.org.br\/vidacrista\/meu-deus-meu-deus-por-que-me-abandonaste\/#breadcrumb","itemListElement":[{"@type":"ListItem","position":1,"name":"Home","item":"https:\/\/franciscanos.org.br\/vidacrista\/"},{"@type":"ListItem","position":2,"name":"\u201cMeu Deus, meu Deus, por que me abandonaste?\u201d"}]},{"@type":"Person","@id":"https:\/\/franciscanos.org.br\/vidacrista\/#\/schema\/person\/133632ca93cec555316a35f76ab4153b","name":"admin","image":{"@type":"ImageObject","inLanguage":"pt-BR","@id":"https:\/\/franciscanos.org.br\/vidacrista\/#\/schema\/person\/image\/","url":"https:\/\/secure.gravatar.com\/avatar\/e8495742d34d0ba6448ea1c628263b3e?s=96&d=mm&r=g","contentUrl":"https:\/\/secure.gravatar.com\/avatar\/e8495742d34d0ba6448ea1c628263b3e?s=96&d=mm&r=g","caption":"admin"},"url":"https:\/\/franciscanos.org.br\/vidacrista\/author\/admin\/"}]}},"_links":{"self":[{"href":"https:\/\/franciscanos.org.br\/vidacrista\/wp-json\/wp\/v2\/posts\/72174"}],"collection":[{"href":"https:\/\/franciscanos.org.br\/vidacrista\/wp-json\/wp\/v2\/posts"}],"about":[{"href":"https:\/\/franciscanos.org.br\/vidacrista\/wp-json\/wp\/v2\/types\/post"}],"author":[{"embeddable":true,"href":"https:\/\/franciscanos.org.br\/vidacrista\/wp-json\/wp\/v2\/users\/1"}],"replies":[{"embeddable":true,"href":"https:\/\/franciscanos.org.br\/vidacrista\/wp-json\/wp\/v2\/comments?post=72174"}],"version-history":[{"count":1,"href":"https:\/\/franciscanos.org.br\/vidacrista\/wp-json\/wp\/v2\/posts\/72174\/revisions"}],"predecessor-version":[{"id":178152,"href":"https:\/\/franciscanos.org.br\/vidacrista\/wp-json\/wp\/v2\/posts\/72174\/revisions\/178152"}],"wp:featuredmedia":[{"embeddable":true,"href":"https:\/\/franciscanos.org.br\/vidacrista\/wp-json\/wp\/v2\/media\/184577"}],"wp:attachment":[{"href":"https:\/\/franciscanos.org.br\/vidacrista\/wp-json\/wp\/v2\/media?parent=72174"}],"wp:term":[{"taxonomy":"category","embeddable":true,"href":"https:\/\/franciscanos.org.br\/vidacrista\/wp-json\/wp\/v2\/categories?post=72174"},{"taxonomy":"post_tag","embeddable":true,"href":"https:\/\/franciscanos.org.br\/vidacrista\/wp-json\/wp\/v2\/tags?post=72174"}],"curies":[{"name":"wp","href":"https:\/\/api.w.org\/{rel}","templated":true}]}}