{"id":6927,"date":"2011-12-02T01:00:15","date_gmt":"2011-12-02T03:00:15","guid":{"rendered":"http:\/\/new.franciscanos.org.br\/?p=6927"},"modified":"2020-05-26T08:55:34","modified_gmt":"2020-05-26T11:55:34","slug":"conservar-o-amor-do-senhor-na-mente-e-no-coracao","status":"publish","type":"post","link":"https:\/\/franciscanos.org.br\/vidacrista\/conservar-o-amor-do-senhor-na-mente-e-no-coracao\/","title":{"rendered":"Conservar o amor do Senhor na mente e no cora\u00e7\u00e3o"},"content":{"rendered":"<p><a href=\"http:\/\/franciscanos.org.br\/wp-content\/uploads\/2011\/12\/1882_040412.jpg\"><img decoding=\"async\" loading=\"lazy\" class=\"alignright size-full wp-image-14777\" title=\"Sagrado Cora\u00e7\u00e3o de Jesus\" src=\"http:\/\/franciscanos.org.br\/wp-content\/uploads\/2011\/12\/1882_040412.jpg\" alt=\"\" width=\"300\" height=\"511\" \/><\/a>\u201c<em>Ama-me como eu te amo.\u00a0 Conserva-me em tua mente e em tua mem\u00f3ria; em tua vontade, em teu suspiro; no gemido e no solu\u00e7o\u201d<\/em>\u00a0 (Baldu\u00edno de Cantu\u00e1ria, bispo do sec. XII).<\/p>\n<p><strong>1.<\/strong> Muitos crist\u00e3os t\u00eam o h\u00e1bito de prestar uma aten\u00e7\u00e3o especial ao amor de Deus manifestado aos homens atrav\u00e9s do\u00a0 lado aberto do\u00a0 Salvador no alto da cruz.\u00a0 Manifestam esta delicadeza, de modo particular,\u00a0 \u00e0s primeiras sextas-feiras de cada m\u00eas. Na realidade,\u00a0 dia ap\u00f3s dia,\u00a0 na celebra\u00e7\u00e3o e na participa\u00e7\u00e3o da Eucaristia, manifestamos esse apre\u00e7o ao Redentor. A Eucaristia, com efeito,\u00a0 segundo l\u00facida teologia dos Padres da Igreja, nasceu do peito aberto de Cristo\u00a0 Jesus. Por isso, essa aten\u00e7\u00e3o devota que prestamos ao Cora\u00e7\u00e3o de Jesus nada tem de sentimentalismo balofo, mas visa adorar o Filho de Deus que nos amou at\u00e9 o fim. Cabe-nos transformar nossa vida num hino de gratid\u00e3o ao Filho de Deus que por\u00a0 n\u00f3s nasceu e por nosso amor por n\u00f3s se entregou \u00e0 morte de cruz. A contempla\u00e7\u00e3o do peito aberto do Senhor nos leva a sentimentos de agradecimento e prop\u00f3sitos de torn\u00e1-lo conhecido, reconhecido e amado.\u00a0 Somos contemplativos e mission\u00e1rios.<\/p>\n<p><strong>2.<\/strong> Os sinceros devotos do Cora\u00e7\u00e3o de Jesus, sem tirarmos os p\u00e9s do ch\u00e3o, sem deixarmos de lavar as chagas do Cristo que se esconde nos doentes e abandonados,\u00a0 vamos tomando gosto por momentos de ora\u00e7\u00e3o mais contemplativa e silenciosa. Na verdade, sabemos que a vida de ora\u00e7\u00e3o conhece etapas e profundidades distintas ao longo da hist\u00f3ria de uma pessoa. De tanto exercitarmo-nos no despojamento interior e de muito meditar no aniquilamento do Senhor vamos simplificando nossa vida\u00a0 espiritual. Passando, talvez, por noites escuras e percorrendo terrenos de aridez,\u00a0 chegamos a uma mais densa intimidade com o Senhor que se chama via\u00a0 unitiva.<\/p>\n<p><strong>3.<\/strong> Baldu\u00edno de Cantu\u00e1ria inventa uma fala de\u00a0 Jesus com a alma:\u00a0 \u201cAma-me como eu te amo. Conserva-me em tua mente e em tua mem\u00f3ria;\u00a0 em tua vontade e em teu suspiro; e no solu\u00e7o. Lembra-te, homem, de que forma te fiz, quando te pus acima de outras criaturas, com que dignidade te enobreci, como te coroei de gl\u00f3ria e de honra, coloquei-te pouco abaixo dos anjos, como<br \/>\ntudo submeti a teus p\u00e9s\u201d. O bispo\u00a0 Baldu\u00edno, evoca pois, os gestos da cria\u00e7\u00e3o do homem que aparecem em salmos e outros textos da Escritura. Mas s\u00e3o as linhas seguintes que tocam fundamente o \u00edntimo daquele que\u00a0 contempla Jesus: \u201cLembra-te n\u00e3o apenas quanto fiz por ti, mas quantas crueldades e afrontas por ti suportei. Reconhece que ages mal contra mim quando n\u00e3o me amas. Quem assim te ama, sen\u00e3o eu?\u00a0 Quem te criou, sen\u00e3o eu?\u00a0 Quem te remiu, sen\u00e3o eu?\u201d\u00a0 (<em>Liturgia das Horas\u00a0 IV,\u00a0 p.60<\/em>).<\/p>\n<p><strong>4.<\/strong> O disc\u00edpulo do\u00a0 Cora\u00e7\u00e3o do Redentor\u00a0 \u00e9, pois convidado, a amar aquele que tem o peito dilacerado e o lado aberto. Como, praticamente, se concretiza esse amor. Antes de tudo,\u00a0 numa tentativa de conforma\u00e7\u00e3o de sua vida com a vida de Cristo. Aquele que terminou os dias no alto da cruz n\u00e3o quer que nossa vida seja um fracasso. Tanto nos amou para que respond\u00eassemos ao seu amor<br \/>\nvivendo em n\u00f3s o grande mist\u00e9rio da vida de Jesus: ser para os outros, dar a vida pelo ser humano, sair da dianteira da cena e ter as tintas do Cristo em nosso semblante.\u00a0 Isso se faz atrav\u00e9s de uma \u201cimita\u00e7\u00e3o\u201d\u00a0 dos mist\u00e9rios de Cristo em nossa vida, de modo particular no humilde despojamento. Tal se realiza\u00a0 vivendo em nossa carne os mist\u00e9rios do amor que precisa ser amado. Assim, o<br \/>\ndevoto do cora\u00e7\u00e3o daquele que teve o seu lado aberto se torna cora\u00e7\u00e3o aberto para o mundo. Fiel ao Amado, ama-o at\u00e9 o fim.<\/p>\n<p><strong>5.<\/strong> O mesmo\u00a0 Baldu\u00edno de\u00a0 Cantu\u00e1ria continua sua medita\u00e7\u00e3o.\u00a0 No trecho que transcrevemos \u00e9 a alma que se dirige ao\u00a0 Cristo num afetivo solil\u00f3quio e em palavra nitidamente compungidas:\u00a0 \u201cArranca de mim, Senhor, o cora\u00e7\u00e3o de pedra. Tira o cora\u00e7\u00e3o de pedra, tira o cora\u00e7\u00e3o incircunciso;\u00a0 d\u00e1-me um cora\u00e7\u00e3o\u00a0 novo, cora\u00e7\u00e3o de carne, cora\u00e7\u00e3o puro.\u00a0 Tu, purificador dos cora\u00e7\u00f5es e amante dos cora\u00e7\u00f5es puros, apossa-te de meu cora\u00e7\u00e3o e nele habita, envolvendo-o e enchendo-o, Tu, superior ao que tenho de mais alto, interior ao que tenho de mais \u00edntimo!\u00a0 Tu, forma de beleza e selo de santidade, marca meu cora\u00e7\u00e3o com tua imagem\u201d (Idem, p. 61).<\/p>\n","protected":false},"excerpt":{"rendered":"<p>Frei Almir Ribeiro Guimar\u00e3es<\/p>\n","protected":false},"author":1,"featured_media":184721,"comment_status":"open","ping_status":"open","sticky":false,"template":"","format":"standard","meta":{"footnotes":""},"categories":[105],"tags":[106,112],"yoast_head":"<!-- This site is optimized with the Yoast SEO plugin v19.4 - https:\/\/yoast.com\/wordpress\/plugins\/seo\/ -->\n<title>Conservar o amor do Senhor na mente e no cora\u00e7\u00e3o - Vida Crist\u00e3 - Franciscanos<\/title>\n<meta name=\"robots\" content=\"index, follow, max-snippet:-1, max-image-preview:large, max-video-preview:-1\" \/>\n<link rel=\"canonical\" href=\"https:\/\/franciscanos.org.br\/vidacrista\/conservar-o-amor-do-senhor-na-mente-e-no-coracao\/\" \/>\n<meta property=\"og:locale\" content=\"pt_BR\" \/>\n<meta property=\"og:type\" content=\"article\" \/>\n<meta property=\"og:title\" content=\"Conservar o amor do Senhor na mente e no cora\u00e7\u00e3o - Vida Crist\u00e3 - Franciscanos\" \/>\n<meta property=\"og:description\" content=\"Frei Almir Ribeiro Guimar\u00e3es\" \/>\n<meta property=\"og:url\" content=\"https:\/\/franciscanos.org.br\/vidacrista\/conservar-o-amor-do-senhor-na-mente-e-no-coracao\/\" \/>\n<meta property=\"og:site_name\" content=\"Vida Crist\u00e3 - Franciscanos\" \/>\n<meta property=\"article:published_time\" content=\"2011-12-02T03:00:15+00:00\" \/>\n<meta property=\"article:modified_time\" content=\"2020-05-26T11:55:34+00:00\" \/>\n<meta property=\"og:image\" content=\"https:\/\/franciscanos.org.br\/vidacrista\/wp-content\/uploads\/2011\/12\/1882_040412.jpg\" \/>\n\t<meta property=\"og:image:width\" content=\"800\" \/>\n\t<meta property=\"og:image:height\" content=\"600\" \/>\n\t<meta property=\"og:image:type\" content=\"image\/jpeg\" \/>\n<meta name=\"author\" content=\"admin\" \/>\n<meta name=\"twitter:card\" content=\"summary_large_image\" \/>\n<meta name=\"twitter:label1\" content=\"Escrito por\" \/>\n\t<meta name=\"twitter:data1\" content=\"admin\" \/>\n\t<meta name=\"twitter:label2\" content=\"Est. tempo de leitura\" \/>\n\t<meta name=\"twitter:data2\" content=\"4 minutos\" \/>\n<script type=\"application\/ld+json\" class=\"yoast-schema-graph\">{\"@context\":\"https:\/\/schema.org\",\"@graph\":[{\"@type\":\"WebSite\",\"@id\":\"https:\/\/franciscanos.org.br\/vidacrista\/#website\",\"url\":\"https:\/\/franciscanos.org.br\/vidacrista\/\",\"name\":\"Vida Crist\u00e3 - Franciscanos\",\"description\":\"Prov\u00edncia Franciscana da Imaculada Concei\u00e7\u00e3o do Brasil - Ordem dos Frades Menores\",\"potentialAction\":[{\"@type\":\"SearchAction\",\"target\":{\"@type\":\"EntryPoint\",\"urlTemplate\":\"https:\/\/franciscanos.org.br\/vidacrista\/?s={search_term_string}\"},\"query-input\":\"required name=search_term_string\"}],\"inLanguage\":\"pt-BR\"},{\"@type\":\"WebPage\",\"@id\":\"https:\/\/franciscanos.org.br\/vidacrista\/conservar-o-amor-do-senhor-na-mente-e-no-coracao\/\",\"url\":\"https:\/\/franciscanos.org.br\/vidacrista\/conservar-o-amor-do-senhor-na-mente-e-no-coracao\/\",\"name\":\"Conservar o amor do Senhor na mente e no cora\u00e7\u00e3o - Vida Crist\u00e3 - Franciscanos\",\"isPartOf\":{\"@id\":\"https:\/\/franciscanos.org.br\/vidacrista\/#website\"},\"datePublished\":\"2011-12-02T03:00:15+00:00\",\"dateModified\":\"2020-05-26T11:55:34+00:00\",\"author\":{\"@id\":\"https:\/\/franciscanos.org.br\/vidacrista\/#\/schema\/person\/133632ca93cec555316a35f76ab4153b\"},\"breadcrumb\":{\"@id\":\"https:\/\/franciscanos.org.br\/vidacrista\/conservar-o-amor-do-senhor-na-mente-e-no-coracao\/#breadcrumb\"},\"inLanguage\":\"pt-BR\",\"potentialAction\":[{\"@type\":\"ReadAction\",\"target\":[\"https:\/\/franciscanos.org.br\/vidacrista\/conservar-o-amor-do-senhor-na-mente-e-no-coracao\/\"]}]},{\"@type\":\"BreadcrumbList\",\"@id\":\"https:\/\/franciscanos.org.br\/vidacrista\/conservar-o-amor-do-senhor-na-mente-e-no-coracao\/#breadcrumb\",\"itemListElement\":[{\"@type\":\"ListItem\",\"position\":1,\"name\":\"Home\",\"item\":\"https:\/\/franciscanos.org.br\/vidacrista\/\"},{\"@type\":\"ListItem\",\"position\":2,\"name\":\"Conservar o amor do Senhor na mente e no cora\u00e7\u00e3o\"}]},{\"@type\":\"Person\",\"@id\":\"https:\/\/franciscanos.org.br\/vidacrista\/#\/schema\/person\/133632ca93cec555316a35f76ab4153b\",\"name\":\"admin\",\"image\":{\"@type\":\"ImageObject\",\"inLanguage\":\"pt-BR\",\"@id\":\"https:\/\/franciscanos.org.br\/vidacrista\/#\/schema\/person\/image\/\",\"url\":\"https:\/\/secure.gravatar.com\/avatar\/e8495742d34d0ba6448ea1c628263b3e?s=96&d=mm&r=g\",\"contentUrl\":\"https:\/\/secure.gravatar.com\/avatar\/e8495742d34d0ba6448ea1c628263b3e?s=96&d=mm&r=g\",\"caption\":\"admin\"},\"url\":\"https:\/\/franciscanos.org.br\/vidacrista\/author\/admin\/\"}]}<\/script>\n<!-- \/ Yoast SEO plugin. -->","yoast_head_json":{"title":"Conservar o amor do Senhor na mente e no cora\u00e7\u00e3o - Vida Crist\u00e3 - Franciscanos","robots":{"index":"index","follow":"follow","max-snippet":"max-snippet:-1","max-image-preview":"max-image-preview:large","max-video-preview":"max-video-preview:-1"},"canonical":"https:\/\/franciscanos.org.br\/vidacrista\/conservar-o-amor-do-senhor-na-mente-e-no-coracao\/","og_locale":"pt_BR","og_type":"article","og_title":"Conservar o amor do Senhor na mente e no cora\u00e7\u00e3o - Vida Crist\u00e3 - Franciscanos","og_description":"Frei Almir Ribeiro Guimar\u00e3es","og_url":"https:\/\/franciscanos.org.br\/vidacrista\/conservar-o-amor-do-senhor-na-mente-e-no-coracao\/","og_site_name":"Vida Crist\u00e3 - Franciscanos","article_published_time":"2011-12-02T03:00:15+00:00","article_modified_time":"2020-05-26T11:55:34+00:00","og_image":[{"width":800,"height":600,"url":"https:\/\/franciscanos.org.br\/vidacrista\/wp-content\/uploads\/2011\/12\/1882_040412.jpg","type":"image\/jpeg"}],"author":"admin","twitter_card":"summary_large_image","twitter_misc":{"Escrito por":"admin","Est. tempo de leitura":"4 minutos"},"schema":{"@context":"https:\/\/schema.org","@graph":[{"@type":"WebSite","@id":"https:\/\/franciscanos.org.br\/vidacrista\/#website","url":"https:\/\/franciscanos.org.br\/vidacrista\/","name":"Vida Crist\u00e3 - Franciscanos","description":"Prov\u00edncia Franciscana da Imaculada Concei\u00e7\u00e3o do Brasil - Ordem dos Frades Menores","potentialAction":[{"@type":"SearchAction","target":{"@type":"EntryPoint","urlTemplate":"https:\/\/franciscanos.org.br\/vidacrista\/?s={search_term_string}"},"query-input":"required name=search_term_string"}],"inLanguage":"pt-BR"},{"@type":"WebPage","@id":"https:\/\/franciscanos.org.br\/vidacrista\/conservar-o-amor-do-senhor-na-mente-e-no-coracao\/","url":"https:\/\/franciscanos.org.br\/vidacrista\/conservar-o-amor-do-senhor-na-mente-e-no-coracao\/","name":"Conservar o amor do Senhor na mente e no cora\u00e7\u00e3o - Vida Crist\u00e3 - Franciscanos","isPartOf":{"@id":"https:\/\/franciscanos.org.br\/vidacrista\/#website"},"datePublished":"2011-12-02T03:00:15+00:00","dateModified":"2020-05-26T11:55:34+00:00","author":{"@id":"https:\/\/franciscanos.org.br\/vidacrista\/#\/schema\/person\/133632ca93cec555316a35f76ab4153b"},"breadcrumb":{"@id":"https:\/\/franciscanos.org.br\/vidacrista\/conservar-o-amor-do-senhor-na-mente-e-no-coracao\/#breadcrumb"},"inLanguage":"pt-BR","potentialAction":[{"@type":"ReadAction","target":["https:\/\/franciscanos.org.br\/vidacrista\/conservar-o-amor-do-senhor-na-mente-e-no-coracao\/"]}]},{"@type":"BreadcrumbList","@id":"https:\/\/franciscanos.org.br\/vidacrista\/conservar-o-amor-do-senhor-na-mente-e-no-coracao\/#breadcrumb","itemListElement":[{"@type":"ListItem","position":1,"name":"Home","item":"https:\/\/franciscanos.org.br\/vidacrista\/"},{"@type":"ListItem","position":2,"name":"Conservar o amor do Senhor na mente e no cora\u00e7\u00e3o"}]},{"@type":"Person","@id":"https:\/\/franciscanos.org.br\/vidacrista\/#\/schema\/person\/133632ca93cec555316a35f76ab4153b","name":"admin","image":{"@type":"ImageObject","inLanguage":"pt-BR","@id":"https:\/\/franciscanos.org.br\/vidacrista\/#\/schema\/person\/image\/","url":"https:\/\/secure.gravatar.com\/avatar\/e8495742d34d0ba6448ea1c628263b3e?s=96&d=mm&r=g","contentUrl":"https:\/\/secure.gravatar.com\/avatar\/e8495742d34d0ba6448ea1c628263b3e?s=96&d=mm&r=g","caption":"admin"},"url":"https:\/\/franciscanos.org.br\/vidacrista\/author\/admin\/"}]}},"_links":{"self":[{"href":"https:\/\/franciscanos.org.br\/vidacrista\/wp-json\/wp\/v2\/posts\/6927"}],"collection":[{"href":"https:\/\/franciscanos.org.br\/vidacrista\/wp-json\/wp\/v2\/posts"}],"about":[{"href":"https:\/\/franciscanos.org.br\/vidacrista\/wp-json\/wp\/v2\/types\/post"}],"author":[{"embeddable":true,"href":"https:\/\/franciscanos.org.br\/vidacrista\/wp-json\/wp\/v2\/users\/1"}],"replies":[{"embeddable":true,"href":"https:\/\/franciscanos.org.br\/vidacrista\/wp-json\/wp\/v2\/comments?post=6927"}],"version-history":[{"count":1,"href":"https:\/\/franciscanos.org.br\/vidacrista\/wp-json\/wp\/v2\/posts\/6927\/revisions"}],"predecessor-version":[{"id":178158,"href":"https:\/\/franciscanos.org.br\/vidacrista\/wp-json\/wp\/v2\/posts\/6927\/revisions\/178158"}],"wp:featuredmedia":[{"embeddable":true,"href":"https:\/\/franciscanos.org.br\/vidacrista\/wp-json\/wp\/v2\/media\/184721"}],"wp:attachment":[{"href":"https:\/\/franciscanos.org.br\/vidacrista\/wp-json\/wp\/v2\/media?parent=6927"}],"wp:term":[{"taxonomy":"category","embeddable":true,"href":"https:\/\/franciscanos.org.br\/vidacrista\/wp-json\/wp\/v2\/categories?post=6927"},{"taxonomy":"post_tag","embeddable":true,"href":"https:\/\/franciscanos.org.br\/vidacrista\/wp-json\/wp\/v2\/tags?post=6927"}],"curies":[{"name":"wp","href":"https:\/\/api.w.org\/{rel}","templated":true}]}}