{"id":68906,"date":"2014-10-02T12:08:35","date_gmt":"2014-10-02T15:08:35","guid":{"rendered":"http:\/\/franciscanos.org.br\/?p=68906"},"modified":"2020-05-29T11:38:00","modified_gmt":"2020-05-29T14:38:00","slug":"uma-sede-que-nao-acaba-reflexao-de-frei-almir","status":"publish","type":"post","link":"https:\/\/franciscanos.org.br\/vidacrista\/uma-sede-que-nao-acaba-reflexao-de-frei-almir\/","title":{"rendered":"&#8220;Uma sede que n\u00e3o acaba&#8221;"},"content":{"rendered":"<h3><strong>\u00a0<\/strong><strong>Que busque a Fonte aquele que tem sede<\/strong><\/h3>\n<p><strong>\u00a0<\/strong>\u00a0 \u00a0 \u00a0 \u00a0 \u00a0Somos crist\u00e3os, disc\u00edpulos daquele que chamamos de Mestre, de Vida, de Caminho.\u00a0 Encontramo-lo\u00a0 no meio da vida, nas horas serenas de sil\u00eancio, no conv\u00edvio com os irm\u00e3os, no sacr\u00e1rio de nossas consci\u00eancias,\u00a0 no rosto dos leprosos, no lusco-fusco de nossos tabern\u00e1culos e quando a vida\u00a0 nos convida a carregar parte de sua cruz.\u00a0\u00a0 Esse\u00a0 Jesus vai se desenhando cada vez mais nitidamente aos nossos\u00a0 olhos nos momentos em deixamos cair as m\u00e1scaras e rejeitamos\u00a0 os esquemas de fuga.\u00a0 H\u00e1 momentos\u00a0 em que uma sede\u00a0 do Senhor queima mais fortemente nossa garganta.\u00a0 Queremos a \u00e1gua que vem do Senhor, \u00e1gua de seu amor, \u00e1gua que \u00e9 o Esp\u00edrito derramado em nossas entranhas e fecundando nossos sonhos e nutrindo nossa esperan\u00e7a.\u00a0 Que a admir\u00e1vel p\u00e1gina\u00a0 de S\u00e3o Columbano abade\u00a0 (sec. VII), nesta sexta-feira do Cora\u00e7\u00e3o do Redentor,\u00a0 seja veemente convite para \u00a0nos achegarmos \u00e0\u00a0 <em>Fonte<\/em>.<\/p>\n<p>\u201cIrm\u00e3os car\u00edssimos,\u00a0 prestai ouvidos\u00a0 ao que vamos dizer como algo necess\u00e1rio.\u00a0 Contentai a sede de vossas almas nas \u00e1guas da fonte divina, sobre a qual desejamos falar, mas\u00a0 n\u00e3o a extingais;\u00a0 bebei, mas n\u00e3o vos sacieis.\u00a0 Chama-nos a si a fonte viva, a fonte da vida e diz:\u00a0 <em>\u201cQuem tem sede venha a mim e beba\u201d<\/em> (Jo 7,37).<\/p>\n<p><a href=\"http:\/\/franciscanos.org.br\/wp-content\/uploads\/2014\/10\/vinho_pao.jpg\"><img decoding=\"async\" loading=\"lazy\" class=\"alignright wp-image-68907\" src=\"http:\/\/franciscanos.org.br\/wp-content\/uploads\/2014\/10\/vinho_pao.jpg\" alt=\"Still Life\" width=\"588\" height=\"392\" \/><\/a> \u00a0Entendei o que bebeis.\u00a0 Diga-vos\u00a0 Jeremias,\u00a0 diga-vos a pr\u00f3pria fonte: <em>\u00a0Abandonaram-me a mim,\u00a0 fonte de \u00e1gua viva,\u00a0 diz o\u00a0 Senhor<\/em>\u00a0 (Jr 2, 13).\u00a0 O pr\u00f3prio\u00a0 Senhor,\u00a0 nosso Deus,\u00a0 Jesus\u00a0 Cristo \u00e9 a fonte da vida;\u00a0 por isso nos convida a irmos a ele, \u00e0 fonte, para bebermos.\u00a0 Bebe-o quem ama;\u00a0 bebe quem se sacia com a palavra de Deus, que muito ama, \u00a0muito deseja:\u00a0 bebe quem arde de amor pela sabedoria.<\/p>\n<p>Vede donde mana a fonte:\u00a0 do mesmo lugar onde desceu o p\u00e3o. P\u00e3o e fonte s\u00e3o o mesmo, o filho \u00fanico,\u00a0 nosso\u00a0 Deus,\u00a0 o Cristo\u00a0 Senhor, de quem devemos ter sempre fome. Comemo-lo amando; devoramo-lo desejando e, no entanto, famintos, desejemo-lo ainda.\u00a0 Da\u00a0 mesma forma qual \u00e1gua de uma fonte;\u00a0 bebamo-lo sempre pela plenitude do desejo e deleitemo-nos com a suavidade de sua particular do\u00e7ura.<\/p>\n<p>Pois \u00e9 doce e suave o Senhor;\u00a0 por mais que o comamos e bebamos, estamos sempre\u00a0 sedentos e famintos, porque nosso alimento e bebida nunca se podem tomar e beber totalmente;\u00a0 tomando n\u00e3o se consome, bebido n\u00e3o acaba, pois nosso p\u00e3o \u00e9 eterno, nossa fonte perene,\u00a0 nossa fonte \u00e9 doce.\u00a0 Eis a raz\u00e3o pela qual diz o Profeta: <em>\u00a0V\u00f3s que tendes sede, ide \u00e0 fonte<\/em>\u00a0 (Is 55,1).\u00a0 \u00c9 fonte dos sedentos, n\u00e3o dos saciados.\u00a0 Por isso chama a si sedentos, que em outro lugar \u00a0declara felizes, aqueles que nunca bebem\u00a0 bastante,\u00a0 mas quanto mais sorvem, tanto mais t\u00eam sede.<\/p>\n<p>Irm\u00e3os, \u00e9 justo que a fonte da sabedoria, o\u00a0 Verbo de Deus nas alturas\u00a0 (Eclo 1,5 Vulg.),\u00a0 sempre\u00a0 seja desejada, buscada e amada por n\u00f3s;\u00a0 est\u00e3o escondidos, segundo a palavra do Ap\u00f3stolo, \u00a0<em>todos os tesouros da sabedoria e da ci\u00eancia<\/em>\u00a0 (Cl 2,3), \u00a0e\u00a0 clama quem tem sede a deles tomar.<\/p>\n<p>Se tens sede,\u00a0 bebe da fonte da vida;\u00a0\u00a0 se tens fome, come o\u00a0 p\u00e3o da vida.\u00a0 Felizes os que t\u00eam fome deste p\u00e3o e sede desta fonte.\u00a0 Sempre comendo e sempre bebendo,\u00a0 ainda desejam comer e beber. Porque \u00e9 imensamente doce\u00a0 aquilo que sempre se saboreia e sempre se deseja mais.\u00a0 O rei profeta j\u00e1 dizia: <em>Saboreai e vede,\u00a0 qu\u00e3o doce, qu\u00e3o suave\u00a0 \u00e9 o Senhor <\/em>\u00a0\u00a0(Sl 33,9).<\/p>\n<p><strong>Frei Almir Ribeiro Guimar\u00e3es<\/strong><\/p>\n<p>&nbsp;<\/p>\n","protected":false},"excerpt":{"rendered":"<p>1\u00aa Sexta-feira do M\u00eas<\/p>\n","protected":false},"author":1,"featured_media":185064,"comment_status":"open","ping_status":"open","sticky":false,"template":"","format":"standard","meta":{"footnotes":""},"categories":[105],"tags":[106,112],"yoast_head":"<!-- This site is optimized with the Yoast SEO plugin v19.4 - https:\/\/yoast.com\/wordpress\/plugins\/seo\/ -->\n<title>&quot;Uma sede que n\u00e3o acaba&quot; - Vida Crist\u00e3 - Franciscanos<\/title>\n<meta name=\"robots\" content=\"index, follow, max-snippet:-1, max-image-preview:large, max-video-preview:-1\" \/>\n<link rel=\"canonical\" href=\"https:\/\/franciscanos.org.br\/vidacrista\/uma-sede-que-nao-acaba-reflexao-de-frei-almir\/\" \/>\n<meta property=\"og:locale\" content=\"pt_BR\" \/>\n<meta property=\"og:type\" content=\"article\" \/>\n<meta property=\"og:title\" content=\"&quot;Uma sede que n\u00e3o acaba&quot; - Vida Crist\u00e3 - Franciscanos\" \/>\n<meta property=\"og:description\" content=\"1\u00aa Sexta-feira do M\u00eas\" \/>\n<meta property=\"og:url\" content=\"https:\/\/franciscanos.org.br\/vidacrista\/uma-sede-que-nao-acaba-reflexao-de-frei-almir\/\" \/>\n<meta property=\"og:site_name\" content=\"Vida Crist\u00e3 - Franciscanos\" \/>\n<meta property=\"article:published_time\" content=\"2014-10-02T15:08:35+00:00\" \/>\n<meta property=\"article:modified_time\" content=\"2020-05-29T14:38:00+00:00\" \/>\n<meta property=\"og:image\" content=\"https:\/\/franciscanos.org.br\/vidacrista\/wp-content\/uploads\/2014\/10\/vinho_pao-1.jpg\" \/>\n\t<meta property=\"og:image:width\" content=\"800\" \/>\n\t<meta property=\"og:image:height\" content=\"600\" \/>\n\t<meta property=\"og:image:type\" content=\"image\/jpeg\" \/>\n<meta name=\"author\" content=\"admin\" \/>\n<meta name=\"twitter:card\" content=\"summary_large_image\" \/>\n<meta name=\"twitter:label1\" content=\"Escrito por\" \/>\n\t<meta name=\"twitter:data1\" content=\"admin\" \/>\n\t<meta name=\"twitter:label2\" content=\"Est. tempo de leitura\" \/>\n\t<meta name=\"twitter:data2\" content=\"3 minutos\" \/>\n<script type=\"application\/ld+json\" class=\"yoast-schema-graph\">{\"@context\":\"https:\/\/schema.org\",\"@graph\":[{\"@type\":\"WebSite\",\"@id\":\"https:\/\/franciscanos.org.br\/vidacrista\/#website\",\"url\":\"https:\/\/franciscanos.org.br\/vidacrista\/\",\"name\":\"Vida Crist\u00e3 - Franciscanos\",\"description\":\"Prov\u00edncia Franciscana da Imaculada Concei\u00e7\u00e3o do Brasil - Ordem dos Frades Menores\",\"potentialAction\":[{\"@type\":\"SearchAction\",\"target\":{\"@type\":\"EntryPoint\",\"urlTemplate\":\"https:\/\/franciscanos.org.br\/vidacrista\/?s={search_term_string}\"},\"query-input\":\"required name=search_term_string\"}],\"inLanguage\":\"pt-BR\"},{\"@type\":\"WebPage\",\"@id\":\"https:\/\/franciscanos.org.br\/vidacrista\/uma-sede-que-nao-acaba-reflexao-de-frei-almir\/\",\"url\":\"https:\/\/franciscanos.org.br\/vidacrista\/uma-sede-que-nao-acaba-reflexao-de-frei-almir\/\",\"name\":\"\\\"Uma sede que n\u00e3o acaba\\\" - Vida Crist\u00e3 - Franciscanos\",\"isPartOf\":{\"@id\":\"https:\/\/franciscanos.org.br\/vidacrista\/#website\"},\"datePublished\":\"2014-10-02T15:08:35+00:00\",\"dateModified\":\"2020-05-29T14:38:00+00:00\",\"author\":{\"@id\":\"https:\/\/franciscanos.org.br\/vidacrista\/#\/schema\/person\/133632ca93cec555316a35f76ab4153b\"},\"breadcrumb\":{\"@id\":\"https:\/\/franciscanos.org.br\/vidacrista\/uma-sede-que-nao-acaba-reflexao-de-frei-almir\/#breadcrumb\"},\"inLanguage\":\"pt-BR\",\"potentialAction\":[{\"@type\":\"ReadAction\",\"target\":[\"https:\/\/franciscanos.org.br\/vidacrista\/uma-sede-que-nao-acaba-reflexao-de-frei-almir\/\"]}]},{\"@type\":\"BreadcrumbList\",\"@id\":\"https:\/\/franciscanos.org.br\/vidacrista\/uma-sede-que-nao-acaba-reflexao-de-frei-almir\/#breadcrumb\",\"itemListElement\":[{\"@type\":\"ListItem\",\"position\":1,\"name\":\"Home\",\"item\":\"https:\/\/franciscanos.org.br\/vidacrista\/\"},{\"@type\":\"ListItem\",\"position\":2,\"name\":\"&#8220;Uma sede que n\u00e3o acaba&#8221;\"}]},{\"@type\":\"Person\",\"@id\":\"https:\/\/franciscanos.org.br\/vidacrista\/#\/schema\/person\/133632ca93cec555316a35f76ab4153b\",\"name\":\"admin\",\"image\":{\"@type\":\"ImageObject\",\"inLanguage\":\"pt-BR\",\"@id\":\"https:\/\/franciscanos.org.br\/vidacrista\/#\/schema\/person\/image\/\",\"url\":\"https:\/\/secure.gravatar.com\/avatar\/e8495742d34d0ba6448ea1c628263b3e?s=96&d=mm&r=g\",\"contentUrl\":\"https:\/\/secure.gravatar.com\/avatar\/e8495742d34d0ba6448ea1c628263b3e?s=96&d=mm&r=g\",\"caption\":\"admin\"},\"url\":\"https:\/\/franciscanos.org.br\/vidacrista\/author\/admin\/\"}]}<\/script>\n<!-- \/ Yoast SEO plugin. -->","yoast_head_json":{"title":"\"Uma sede que n\u00e3o acaba\" - Vida Crist\u00e3 - Franciscanos","robots":{"index":"index","follow":"follow","max-snippet":"max-snippet:-1","max-image-preview":"max-image-preview:large","max-video-preview":"max-video-preview:-1"},"canonical":"https:\/\/franciscanos.org.br\/vidacrista\/uma-sede-que-nao-acaba-reflexao-de-frei-almir\/","og_locale":"pt_BR","og_type":"article","og_title":"\"Uma sede que n\u00e3o acaba\" - Vida Crist\u00e3 - Franciscanos","og_description":"1\u00aa Sexta-feira do M\u00eas","og_url":"https:\/\/franciscanos.org.br\/vidacrista\/uma-sede-que-nao-acaba-reflexao-de-frei-almir\/","og_site_name":"Vida Crist\u00e3 - Franciscanos","article_published_time":"2014-10-02T15:08:35+00:00","article_modified_time":"2020-05-29T14:38:00+00:00","og_image":[{"width":800,"height":600,"url":"https:\/\/franciscanos.org.br\/vidacrista\/wp-content\/uploads\/2014\/10\/vinho_pao-1.jpg","type":"image\/jpeg"}],"author":"admin","twitter_card":"summary_large_image","twitter_misc":{"Escrito por":"admin","Est. tempo de leitura":"3 minutos"},"schema":{"@context":"https:\/\/schema.org","@graph":[{"@type":"WebSite","@id":"https:\/\/franciscanos.org.br\/vidacrista\/#website","url":"https:\/\/franciscanos.org.br\/vidacrista\/","name":"Vida Crist\u00e3 - Franciscanos","description":"Prov\u00edncia Franciscana da Imaculada Concei\u00e7\u00e3o do Brasil - Ordem dos Frades Menores","potentialAction":[{"@type":"SearchAction","target":{"@type":"EntryPoint","urlTemplate":"https:\/\/franciscanos.org.br\/vidacrista\/?s={search_term_string}"},"query-input":"required name=search_term_string"}],"inLanguage":"pt-BR"},{"@type":"WebPage","@id":"https:\/\/franciscanos.org.br\/vidacrista\/uma-sede-que-nao-acaba-reflexao-de-frei-almir\/","url":"https:\/\/franciscanos.org.br\/vidacrista\/uma-sede-que-nao-acaba-reflexao-de-frei-almir\/","name":"\"Uma sede que n\u00e3o acaba\" - Vida Crist\u00e3 - Franciscanos","isPartOf":{"@id":"https:\/\/franciscanos.org.br\/vidacrista\/#website"},"datePublished":"2014-10-02T15:08:35+00:00","dateModified":"2020-05-29T14:38:00+00:00","author":{"@id":"https:\/\/franciscanos.org.br\/vidacrista\/#\/schema\/person\/133632ca93cec555316a35f76ab4153b"},"breadcrumb":{"@id":"https:\/\/franciscanos.org.br\/vidacrista\/uma-sede-que-nao-acaba-reflexao-de-frei-almir\/#breadcrumb"},"inLanguage":"pt-BR","potentialAction":[{"@type":"ReadAction","target":["https:\/\/franciscanos.org.br\/vidacrista\/uma-sede-que-nao-acaba-reflexao-de-frei-almir\/"]}]},{"@type":"BreadcrumbList","@id":"https:\/\/franciscanos.org.br\/vidacrista\/uma-sede-que-nao-acaba-reflexao-de-frei-almir\/#breadcrumb","itemListElement":[{"@type":"ListItem","position":1,"name":"Home","item":"https:\/\/franciscanos.org.br\/vidacrista\/"},{"@type":"ListItem","position":2,"name":"&#8220;Uma sede que n\u00e3o acaba&#8221;"}]},{"@type":"Person","@id":"https:\/\/franciscanos.org.br\/vidacrista\/#\/schema\/person\/133632ca93cec555316a35f76ab4153b","name":"admin","image":{"@type":"ImageObject","inLanguage":"pt-BR","@id":"https:\/\/franciscanos.org.br\/vidacrista\/#\/schema\/person\/image\/","url":"https:\/\/secure.gravatar.com\/avatar\/e8495742d34d0ba6448ea1c628263b3e?s=96&d=mm&r=g","contentUrl":"https:\/\/secure.gravatar.com\/avatar\/e8495742d34d0ba6448ea1c628263b3e?s=96&d=mm&r=g","caption":"admin"},"url":"https:\/\/franciscanos.org.br\/vidacrista\/author\/admin\/"}]}},"_links":{"self":[{"href":"https:\/\/franciscanos.org.br\/vidacrista\/wp-json\/wp\/v2\/posts\/68906"}],"collection":[{"href":"https:\/\/franciscanos.org.br\/vidacrista\/wp-json\/wp\/v2\/posts"}],"about":[{"href":"https:\/\/franciscanos.org.br\/vidacrista\/wp-json\/wp\/v2\/types\/post"}],"author":[{"embeddable":true,"href":"https:\/\/franciscanos.org.br\/vidacrista\/wp-json\/wp\/v2\/users\/1"}],"replies":[{"embeddable":true,"href":"https:\/\/franciscanos.org.br\/vidacrista\/wp-json\/wp\/v2\/comments?post=68906"}],"version-history":[{"count":1,"href":"https:\/\/franciscanos.org.br\/vidacrista\/wp-json\/wp\/v2\/posts\/68906\/revisions"}],"predecessor-version":[{"id":178023,"href":"https:\/\/franciscanos.org.br\/vidacrista\/wp-json\/wp\/v2\/posts\/68906\/revisions\/178023"}],"wp:featuredmedia":[{"embeddable":true,"href":"https:\/\/franciscanos.org.br\/vidacrista\/wp-json\/wp\/v2\/media\/185064"}],"wp:attachment":[{"href":"https:\/\/franciscanos.org.br\/vidacrista\/wp-json\/wp\/v2\/media?parent=68906"}],"wp:term":[{"taxonomy":"category","embeddable":true,"href":"https:\/\/franciscanos.org.br\/vidacrista\/wp-json\/wp\/v2\/categories?post=68906"},{"taxonomy":"post_tag","embeddable":true,"href":"https:\/\/franciscanos.org.br\/vidacrista\/wp-json\/wp\/v2\/tags?post=68906"}],"curies":[{"name":"wp","href":"https:\/\/api.w.org\/{rel}","templated":true}]}}