{"id":66577,"date":"2014-09-04T10:55:00","date_gmt":"2014-09-04T13:55:00","guid":{"rendered":"http:\/\/franciscanos.org.br\/?p=66577"},"modified":"2020-05-19T10:45:48","modified_gmt":"2020-05-19T13:45:48","slug":"a-porcao-feminina-de-deus","status":"publish","type":"post","link":"https:\/\/franciscanos.org.br\/vidacrista\/a-porcao-feminina-de-deus\/","title":{"rendered":"A por\u00e7\u00e3o feminina de Deus"},"content":{"rendered":"<p><img decoding=\"async\" loading=\"lazy\" src=\"http:\/\/franciscanos.org.br\/wp-content\/uploads\/2014\/09\/maria_deus.jpg\" alt=\"maria_deus\" width=\"820\" height=\"300\" \/><\/p>\n<p><strong>Leonardo Boff<\/strong><\/p>\n<p><strong>\u00a0\u00a0\u00a0\u00a0\u00a0\u00a0\u00a0\u00a0\u00a0\u00a0\u00a0 <\/strong>\u00a0\u00a0\u00a0\u00a0\u00a0\u00a0\u00a0\u00a0\u00a0\u00a0\u00a0 Certa madrugada insone, retomei meu\u00a0 trabalho costumeiro ao computador. De repente, pretendi ter ouvido, n\u00e3o sei se do mundo celestial ou se de minha mente em\u00a0 estado alterado, uma voz, em forma de sussuro, que me dizia: \u201cFilho, vou te revelar uma verdade que estava sempre l\u00e1, no meu evangelista Lucas, mas que os olhos dos homens, cegados por s\u00e9culos de patriaracalismo\u00a0 n\u00e3o podiam enxergar\u201d.<\/p>\n<p>\u201cTrata-se da rela\u00e7\u00e3o \u00edntima e inef\u00e1vel entre Maria e o Esp\u00edrito Santo\u201d. E a vozcontinuava sussurrando: \u201cAquele que \u00e9 terceiro, na ordem da Trindade, o Esp\u00edrito Santo, \u00e9 o primeiro na ordem da cria\u00e7\u00e3o. Ele chegou antes\u00a0 ao mundo; s\u00f3 depois veio o Filho de Deus. Foi o Esp\u00edrito Santo, aquele mesmo que pairava sobre o caos primitivo e que de l\u00e1 tirou todas as ordens da cria\u00e7\u00e3o. Pois desse Esp\u00edrito Criador, se diz pelo meu evangelista Lucas: \u201c<em>vir\u00e1 sobre ti, Maria, e armar\u00e1 sua tenda sobre ti; por isso, o Santo gerado ser\u00e1 chamado Filho deDeus<\/em>\u201d. \u201cArmar a tenda\u201d, como sabes, significa morar definitivamente. Se Maria, perplexa, n\u00e3o tivesse dito o seu \u201csim\u201d, fa\u00e7a-se segundo a tua palavra, o Filho n\u00e3o ter-se-ia encarnado e o Esp\u00edrito n\u00e3o ter-se-ia feminilizado\u201d.<\/p>\n<p>\u201cVede, filho, o que lhe estou dizendo: o Esp\u00edrito veio morar definitivamente nesta mulher, Maria. Identificou-se com ela, se uniu a ela de forma t\u00e3o radical e misterirosa que dela come\u00e7ou a se plasmar a santa humanidade de Jesus. O Esp\u00edrito de vida produziu a vida nova, o homem novo, Jesus. Para ti e para todos os fi\u00e9is \u00e9 claro que o masculino atrav\u00e9s do homem Jesus de Nazar\u00e9 foi divinizado. Agora, v\u00e1 l\u00e1 no evangelho de S\u00e3o Lucas e constatar\u00e1s que tamb\u00e9m o feminino, atrav\u00e9s de Maria de Nazar\u00e9, foi divinizado pelo Esp\u00edritoSanto.\u00a0 Ele armou sua tenda, quer dizer, veio morar para sempre nela. Repare que meu evangelista Jo\u00e3o diz o mesmo doFilho:\u00a0 \u2018Ele armou sua tenda em Jesus\u201d.<\/p>\n<p>\u201cN\u00e3o \u00e9 o Esp\u00edrito\u201d, sussura a mesma voz, \u201cque toma o profeta para alguma miss\u00e3o espec\u00edfica e cumprida, termina sua presen\u00e7a nele. Com Maria \u00e9 diferente. Ele vem, fica e n\u00e3o a deixa mais. Ela \u00e9 elevada \u00e0 altura do Divino Esp\u00edrito Santo. Da\u00ed que logicamente, \u2018o Santo gerado ser\u00e1 chamado Filho\u00a0 de Deus\u2019. Somente quem foi elevado \u00e0 altura de Deus pode gerar um Filho de Deus. \u00c9 o caso de Maria. N\u00e3o sem raz\u00e3o, \u00e9 a \u201cbendita entre as mulheres\u201d.<\/p>\n<p>\u201cFilho, eis uma verdade que deves anunciar:\u00a0 por Maria Deus mostrou que al\u00e9m de ser Deus-Pai \u00e9 tamb\u00e9m Deus-M\u00e3e com as caracter\u00edsticas do feminino: o amor, a ternura, o cuidado,\u00a0 a compaix\u00e3o e a miseric\u00f3rdia. Estas virtudes est\u00e3o tamb\u00e9m nos homens, mas elas encontram uma\u00a0 express\u00e3o mais vis\u00edvel nas mulheres\u201d.<\/p>\n<p>\u201cFilho: ao dizeres Deus-m\u00e3e descobrir\u00e1s a por\u00e7\u00e3o feminina de Deus com todas as virtudes do feminino. N\u00e3o deves esquecer nunca que as mulheres jamais tra\u00edram Jesus.Foram-lhe fi\u00e9is at\u00e9 ao p\u00e9 da cruz. Enquanto os homens, os disc\u00edpulos, fugiram, Judas o traiu e Pedro o negou, elas mostraram um amor fiel at\u00e9 o extremo. Elas, antes dos ap\u00f3stolos, foram as primeiras a testemunharem a ressurrei\u00e7\u00e3o de Jesus, o fato maior da hist\u00f3ria da salva\u00e7\u00e3o\u201d.<\/p>\n<p>\u201cO feminino de Deus n\u00e3o se esgota em sua maternidade, mas se revela no que h\u00e1 de intimidade, de amorosidade, de gentileza e de sensibilidade, percept\u00edveis no feminino\u201d.<\/p>\n<p>\u201cN\u00e3o permita que ningu\u00e9m, por nenhuma raz\u00e3o, discrimine uma mulher por ser mulher. Aduza todas as raz\u00f5es para respeit\u00e1-la e am\u00e1-la, pois ela revela algo de Deus que somente ela pode fazer, sendo junto com o homem, a minha imagem e semelhan\u00e7a. Reforce suas lutas, recolha as contribui\u00e7\u00f5es que traz para toda a sociedade, para as Igrejas e para um equil\u00edbrio entre homens e mulheres. Elas s\u00e3o um sacramento do Deus-M\u00e3e para todos, um caminho que os leva \u00e0 ternura\u00a0 de Deus. Oxal\u00e1 as mulheres assumam sua por\u00e7\u00e3o divina, presente numa companheira delas, em Maria de Nazar\u00e9. Mas o dia vir\u00e1 em que cair\u00e3o as escamas que encobrem seus olhos. E\u00a0 ent\u00e3o, homens e mulheres, nos sentiremos tamb\u00e9m divinizados pelo Filho e pelo Esp\u00edrito Santo\u201d.<\/p>\n<p>Ao voltar a mim, senti na clareza de minha mente, o quanto de verdade me tinhasido comunicado. E comovido, enchi-me de louvores e de a\u00e7\u00f5es de gra\u00e7a.<\/p>\n<hr \/>\n<p><strong>Leonardo Boff,<\/strong> <em>te\u00f3logo e escritor, escreveu \u00a0O rosto materno de Deus, Vozes 1999.<\/em><\/p>\n","protected":false},"excerpt":{"rendered":"<p>Artigo de Leonardo Boff<\/p>\n","protected":false},"author":1,"featured_media":184434,"comment_status":"closed","ping_status":"open","sticky":false,"template":"","format":"standard","meta":{"footnotes":""},"categories":[26],"tags":[59],"yoast_head":"<!-- This site is optimized with the Yoast SEO plugin v19.4 - https:\/\/yoast.com\/wordpress\/plugins\/seo\/ -->\n<title>A por\u00e7\u00e3o feminina de Deus - Vida Crist\u00e3 - Franciscanos<\/title>\n<meta name=\"robots\" content=\"index, follow, max-snippet:-1, max-image-preview:large, max-video-preview:-1\" \/>\n<link rel=\"canonical\" href=\"https:\/\/franciscanos.org.br\/vidacrista\/a-porcao-feminina-de-deus\/\" \/>\n<meta property=\"og:locale\" content=\"pt_BR\" \/>\n<meta property=\"og:type\" content=\"article\" \/>\n<meta property=\"og:title\" content=\"A por\u00e7\u00e3o feminina de Deus - Vida Crist\u00e3 - Franciscanos\" \/>\n<meta property=\"og:description\" content=\"Artigo de Leonardo Boff\" \/>\n<meta property=\"og:url\" content=\"https:\/\/franciscanos.org.br\/vidacrista\/a-porcao-feminina-de-deus\/\" \/>\n<meta property=\"og:site_name\" content=\"Vida Crist\u00e3 - Franciscanos\" \/>\n<meta property=\"article:published_time\" content=\"2014-09-04T13:55:00+00:00\" \/>\n<meta property=\"article:modified_time\" content=\"2020-05-19T13:45:48+00:00\" \/>\n<meta property=\"og:image\" content=\"https:\/\/franciscanos.org.br\/vidacrista\/wp-content\/uploads\/2014\/09\/maria_deus-1.jpg\" \/>\n\t<meta property=\"og:image:width\" content=\"800\" \/>\n\t<meta property=\"og:image:height\" content=\"600\" \/>\n\t<meta property=\"og:image:type\" content=\"image\/jpeg\" \/>\n<meta name=\"author\" content=\"admin\" \/>\n<meta name=\"twitter:card\" content=\"summary_large_image\" \/>\n<meta name=\"twitter:label1\" content=\"Escrito por\" \/>\n\t<meta name=\"twitter:data1\" content=\"admin\" \/>\n\t<meta name=\"twitter:label2\" content=\"Est. tempo de leitura\" \/>\n\t<meta name=\"twitter:data2\" content=\"4 minutos\" \/>\n<script type=\"application\/ld+json\" class=\"yoast-schema-graph\">{\"@context\":\"https:\/\/schema.org\",\"@graph\":[{\"@type\":\"WebSite\",\"@id\":\"https:\/\/franciscanos.org.br\/vidacrista\/#website\",\"url\":\"https:\/\/franciscanos.org.br\/vidacrista\/\",\"name\":\"Vida Crist\u00e3 - Franciscanos\",\"description\":\"Prov\u00edncia Franciscana da Imaculada Concei\u00e7\u00e3o do Brasil - Ordem dos Frades Menores\",\"potentialAction\":[{\"@type\":\"SearchAction\",\"target\":{\"@type\":\"EntryPoint\",\"urlTemplate\":\"https:\/\/franciscanos.org.br\/vidacrista\/?s={search_term_string}\"},\"query-input\":\"required name=search_term_string\"}],\"inLanguage\":\"pt-BR\"},{\"@type\":\"WebPage\",\"@id\":\"https:\/\/franciscanos.org.br\/vidacrista\/a-porcao-feminina-de-deus\/\",\"url\":\"https:\/\/franciscanos.org.br\/vidacrista\/a-porcao-feminina-de-deus\/\",\"name\":\"A por\u00e7\u00e3o feminina de Deus - Vida Crist\u00e3 - Franciscanos\",\"isPartOf\":{\"@id\":\"https:\/\/franciscanos.org.br\/vidacrista\/#website\"},\"datePublished\":\"2014-09-04T13:55:00+00:00\",\"dateModified\":\"2020-05-19T13:45:48+00:00\",\"author\":{\"@id\":\"https:\/\/franciscanos.org.br\/vidacrista\/#\/schema\/person\/133632ca93cec555316a35f76ab4153b\"},\"breadcrumb\":{\"@id\":\"https:\/\/franciscanos.org.br\/vidacrista\/a-porcao-feminina-de-deus\/#breadcrumb\"},\"inLanguage\":\"pt-BR\",\"potentialAction\":[{\"@type\":\"ReadAction\",\"target\":[\"https:\/\/franciscanos.org.br\/vidacrista\/a-porcao-feminina-de-deus\/\"]}]},{\"@type\":\"BreadcrumbList\",\"@id\":\"https:\/\/franciscanos.org.br\/vidacrista\/a-porcao-feminina-de-deus\/#breadcrumb\",\"itemListElement\":[{\"@type\":\"ListItem\",\"position\":1,\"name\":\"Home\",\"item\":\"https:\/\/franciscanos.org.br\/vidacrista\/\"},{\"@type\":\"ListItem\",\"position\":2,\"name\":\"A por\u00e7\u00e3o feminina de Deus\"}]},{\"@type\":\"Person\",\"@id\":\"https:\/\/franciscanos.org.br\/vidacrista\/#\/schema\/person\/133632ca93cec555316a35f76ab4153b\",\"name\":\"admin\",\"image\":{\"@type\":\"ImageObject\",\"inLanguage\":\"pt-BR\",\"@id\":\"https:\/\/franciscanos.org.br\/vidacrista\/#\/schema\/person\/image\/\",\"url\":\"https:\/\/secure.gravatar.com\/avatar\/e8495742d34d0ba6448ea1c628263b3e?s=96&d=mm&r=g\",\"contentUrl\":\"https:\/\/secure.gravatar.com\/avatar\/e8495742d34d0ba6448ea1c628263b3e?s=96&d=mm&r=g\",\"caption\":\"admin\"},\"url\":\"https:\/\/franciscanos.org.br\/vidacrista\/author\/admin\/\"}]}<\/script>\n<!-- \/ Yoast SEO plugin. -->","yoast_head_json":{"title":"A por\u00e7\u00e3o feminina de Deus - Vida Crist\u00e3 - Franciscanos","robots":{"index":"index","follow":"follow","max-snippet":"max-snippet:-1","max-image-preview":"max-image-preview:large","max-video-preview":"max-video-preview:-1"},"canonical":"https:\/\/franciscanos.org.br\/vidacrista\/a-porcao-feminina-de-deus\/","og_locale":"pt_BR","og_type":"article","og_title":"A por\u00e7\u00e3o feminina de Deus - Vida Crist\u00e3 - Franciscanos","og_description":"Artigo de Leonardo Boff","og_url":"https:\/\/franciscanos.org.br\/vidacrista\/a-porcao-feminina-de-deus\/","og_site_name":"Vida Crist\u00e3 - Franciscanos","article_published_time":"2014-09-04T13:55:00+00:00","article_modified_time":"2020-05-19T13:45:48+00:00","og_image":[{"width":800,"height":600,"url":"https:\/\/franciscanos.org.br\/vidacrista\/wp-content\/uploads\/2014\/09\/maria_deus-1.jpg","type":"image\/jpeg"}],"author":"admin","twitter_card":"summary_large_image","twitter_misc":{"Escrito por":"admin","Est. tempo de leitura":"4 minutos"},"schema":{"@context":"https:\/\/schema.org","@graph":[{"@type":"WebSite","@id":"https:\/\/franciscanos.org.br\/vidacrista\/#website","url":"https:\/\/franciscanos.org.br\/vidacrista\/","name":"Vida Crist\u00e3 - Franciscanos","description":"Prov\u00edncia Franciscana da Imaculada Concei\u00e7\u00e3o do Brasil - Ordem dos Frades Menores","potentialAction":[{"@type":"SearchAction","target":{"@type":"EntryPoint","urlTemplate":"https:\/\/franciscanos.org.br\/vidacrista\/?s={search_term_string}"},"query-input":"required name=search_term_string"}],"inLanguage":"pt-BR"},{"@type":"WebPage","@id":"https:\/\/franciscanos.org.br\/vidacrista\/a-porcao-feminina-de-deus\/","url":"https:\/\/franciscanos.org.br\/vidacrista\/a-porcao-feminina-de-deus\/","name":"A por\u00e7\u00e3o feminina de Deus - Vida Crist\u00e3 - Franciscanos","isPartOf":{"@id":"https:\/\/franciscanos.org.br\/vidacrista\/#website"},"datePublished":"2014-09-04T13:55:00+00:00","dateModified":"2020-05-19T13:45:48+00:00","author":{"@id":"https:\/\/franciscanos.org.br\/vidacrista\/#\/schema\/person\/133632ca93cec555316a35f76ab4153b"},"breadcrumb":{"@id":"https:\/\/franciscanos.org.br\/vidacrista\/a-porcao-feminina-de-deus\/#breadcrumb"},"inLanguage":"pt-BR","potentialAction":[{"@type":"ReadAction","target":["https:\/\/franciscanos.org.br\/vidacrista\/a-porcao-feminina-de-deus\/"]}]},{"@type":"BreadcrumbList","@id":"https:\/\/franciscanos.org.br\/vidacrista\/a-porcao-feminina-de-deus\/#breadcrumb","itemListElement":[{"@type":"ListItem","position":1,"name":"Home","item":"https:\/\/franciscanos.org.br\/vidacrista\/"},{"@type":"ListItem","position":2,"name":"A por\u00e7\u00e3o feminina de Deus"}]},{"@type":"Person","@id":"https:\/\/franciscanos.org.br\/vidacrista\/#\/schema\/person\/133632ca93cec555316a35f76ab4153b","name":"admin","image":{"@type":"ImageObject","inLanguage":"pt-BR","@id":"https:\/\/franciscanos.org.br\/vidacrista\/#\/schema\/person\/image\/","url":"https:\/\/secure.gravatar.com\/avatar\/e8495742d34d0ba6448ea1c628263b3e?s=96&d=mm&r=g","contentUrl":"https:\/\/secure.gravatar.com\/avatar\/e8495742d34d0ba6448ea1c628263b3e?s=96&d=mm&r=g","caption":"admin"},"url":"https:\/\/franciscanos.org.br\/vidacrista\/author\/admin\/"}]}},"_links":{"self":[{"href":"https:\/\/franciscanos.org.br\/vidacrista\/wp-json\/wp\/v2\/posts\/66577"}],"collection":[{"href":"https:\/\/franciscanos.org.br\/vidacrista\/wp-json\/wp\/v2\/posts"}],"about":[{"href":"https:\/\/franciscanos.org.br\/vidacrista\/wp-json\/wp\/v2\/types\/post"}],"author":[{"embeddable":true,"href":"https:\/\/franciscanos.org.br\/vidacrista\/wp-json\/wp\/v2\/users\/1"}],"replies":[{"embeddable":true,"href":"https:\/\/franciscanos.org.br\/vidacrista\/wp-json\/wp\/v2\/comments?post=66577"}],"version-history":[{"count":1,"href":"https:\/\/franciscanos.org.br\/vidacrista\/wp-json\/wp\/v2\/posts\/66577\/revisions"}],"predecessor-version":[{"id":181136,"href":"https:\/\/franciscanos.org.br\/vidacrista\/wp-json\/wp\/v2\/posts\/66577\/revisions\/181136"}],"wp:featuredmedia":[{"embeddable":true,"href":"https:\/\/franciscanos.org.br\/vidacrista\/wp-json\/wp\/v2\/media\/184434"}],"wp:attachment":[{"href":"https:\/\/franciscanos.org.br\/vidacrista\/wp-json\/wp\/v2\/media?parent=66577"}],"wp:term":[{"taxonomy":"category","embeddable":true,"href":"https:\/\/franciscanos.org.br\/vidacrista\/wp-json\/wp\/v2\/categories?post=66577"},{"taxonomy":"post_tag","embeddable":true,"href":"https:\/\/franciscanos.org.br\/vidacrista\/wp-json\/wp\/v2\/tags?post=66577"}],"curies":[{"name":"wp","href":"https:\/\/api.w.org\/{rel}","templated":true}]}}