{"id":66546,"date":"2014-09-04T08:57:12","date_gmt":"2014-09-04T11:57:12","guid":{"rendered":"http:\/\/franciscanos.org.br\/?p=66546"},"modified":"2019-03-01T14:18:20","modified_gmt":"2019-03-01T17:18:20","slug":"prometeu-fazer-manar-fontes-de-agua-viva","status":"publish","type":"post","link":"https:\/\/franciscanos.org.br\/vidacrista\/prometeu-fazer-manar-fontes-de-agua-viva\/","title":{"rendered":"&#8220;Prometeu fazer manar fontes de \u00e1gua viva&#8221;"},"content":{"rendered":"<p>M\u00eas ap\u00f3s m\u00eas, os crist\u00e3os t\u00eam o costume de se colocarem\u00a0 diante o Cora\u00e7\u00e3o dilacerado do\u00a0 Senhor Jesus, aberto pela lan\u00e7a do soldado. Fazem-no na primeira sexta-feira consagrada ao Cora\u00e7\u00e3o do Redentor. Desta vez convidamos nossos leitores a passarem uns minutos de sil\u00eancio, de medita\u00e7\u00e3o e de contempla\u00e7\u00e3o ruminando esta admir\u00e1vel p\u00e1gina\u00a0 de\u00a0 S\u00e3o Greg\u00f3rio Nazianzeno (s\u00e9culo IV).\u00a0 Trata-se de um hino de exalta\u00e7\u00e3o daquele que nos amou at\u00e9 o fim derramando a \u00faltima gota de \u00e1gua e de sangue.<\/p>\n<p><em><img decoding=\"async\" loading=\"lazy\" class=\"size-full wp-image-178234 alignright\" src=\"https:\/\/franciscanos.org.br\/vidacrista\/wp-content\/uploads\/2014\/09\/jesus_cruz.jpg\" alt=\"\" width=\"400\" height=\"224\" srcset=\"https:\/\/franciscanos.org.br\/vidacrista\/wp-content\/uploads\/2014\/09\/jesus_cruz.jpg 400w, https:\/\/franciscanos.org.br\/vidacrista\/wp-content\/uploads\/2014\/09\/jesus_cruz-150x84.jpg 150w\" sizes=\"(max-width: 400px) 100vw, 400px\" \/>Foi reclinado no pres\u00e9pio, mas depois foi celebrado pelos anjos, assinalado pela estrela e adorado pelos magos.<\/em><\/p>\n<p><em>Por que te maravilhas do que viste com os olhos enquanto n\u00e3o observas o que \u00e9 percebido com a intelig\u00eancia e o cora\u00e7\u00e3o?<\/em><\/p>\n<p><em>Foi obrigado a fugir do Egito, por\u00e9m transforma em fuga o andar errante dos eg\u00edpcios.<\/em><\/p>\n<p><em>N\u00e3o tinha nem aspecto nem beleza humana entre os judeus, por\u00e9m, segundo Davi, era belo de rosto acima dos filhos dos homens; e tamb\u00e9m no cume do monte, como esplendor, resplandece e chega a ser mais luminoso que o sol, vislumbrando, desta forma, o esplendor futuro.<\/em><\/p>\n<p><em>Foi batizado como homem, mas carrega sobre si os pecados como Deus; n\u00e3o porque tivesse necessidade de purifica\u00e7\u00e3o, mas para que as pr\u00f3prias \u00e1guas produzissem a santidade.<\/em><\/p>\n<p><em>Foi tentado como homem, mas alcan\u00e7ou a vit\u00f3ria como Deus. Ordena-nos ter confian\u00e7a nele como aquele que venceu o mundo.<\/em><\/p>\n<p><em>Sofreu fome, mas saciou a milhares de pessoas, e ele mesmo tornou-se p\u00e3o que d\u00e1 a vida e o c\u00e9u.\u00a0 Padeceu sede, mas exclamou: se algu\u00e9m tem sede, venha a mim e beba; e tamb\u00e9m prometeu fazer manar, para aqueles que t\u00eam f\u00e9, fontes de \u00e1gua viva.<\/em><\/p>\n<p><em>Experimentou cansa\u00e7o, mas se fez repouso daqueles que est\u00e3o cansados e oprimidos.<\/em><\/p>\n<p><em>Sentiu-se extenuado pelo sono, por\u00e9m caminha ligeiro sobre o mar, repreende os ventos e salva Pedro que estava a ponto de ser submergido pelas ondas.<\/em><\/p>\n<p><em>Paga os impostos com um peixe, por\u00e9m \u00e9 rei dos arrecadadores.<\/em><\/p>\n<p><em>\u00c9 chamado samaritano e possu\u00eddo pelo dem\u00f4nio, mas leva a salva\u00e7\u00e3o \u00e0quele que, descendo de Jerusal\u00e9m, foi assaltado por alguns ladr\u00f5es.<\/em><\/p>\n<p><em>\u00c9 reconhecido pelos dem\u00f4nios, por\u00e9m expulsa aos dem\u00f4nios, e impele as legi\u00f5es de esp\u00edritos malignos para precipitarem-se ao mar, e v\u00ea\u00a0 o pr\u00edncipe dos dem\u00f4nios, quase como um rel\u00e2mpago, precipitar-se do c\u00e9u.<\/em><\/p>\n<p><em>\u00c9 agredido com pedras, mas n\u00e3o \u00e9 preso.<\/em><\/p>\n<p><em>Suplica, por\u00e9m acolhe aos demais que pedem.<\/em><\/p>\n<p><em>Chora, mas enxuga as l\u00e1grimas.<\/em><\/p>\n<p><em>Pergunta onde foi sepultado L\u00e1zaro, pois realmente era homem,\u00a0 mas ressuscita\u00a0 L\u00e1zaro da morte \u00e0 vida, porque de fato era Deus.<\/em><\/p>\n<p><em>\u00c9 vendido por pouco pre\u00e7o: por trinta moedas de prata, mas, entretanto, redimia o mundo a grande pre\u00e7o: com seu sangue.<\/em><\/p>\n<p><em>\u00c9 conduzido \u00e0 morte como uma ovelha, mas apascenta a Israel e agora tamb\u00e9m o mundo inteiro.<\/em><\/p>\n<p><em>Est\u00e1 mudo como um cordeiro, mas ele \u00e9 o pr\u00f3prio Verbo, anunciado no deserto pela voz daquele que clamava.<\/em><\/p>\n<p><em>Foi abatido e ferido pela ang\u00fastia, mas vence toda enfermidade e sofrimento.<\/em><\/p>\n<p><em>\u00c9 tirado do lenho onde foi suspenso, mas nos restituiu a vida\u00a0 com o lenho, e concede a salva\u00e7\u00e3o tamb\u00e9m ao ladr\u00e3o \u2013 que pende do lenho -,\u00a0 e ignora-se tudo o que se revela.<\/em><\/p>\n<p><em>\u00c9-lhe dado beber vinagre, e se nutre com fel. Mas quem recebe esta bebida e este alimento? Aquele que transformou a \u00e1gua em vinho.\u00a0 Saboreou aquele gosto amargo, aquele que era o pr\u00f3prio deleite e todo o apetec\u00edvel.<\/em><\/p>\n<p><em>Confia a Deus a sua alma, por\u00e9m conserva a faculdade de tom\u00e1-la novamente.<\/em><\/p>\n<p><em>O v\u00e9u se rasga &#8211; as pot\u00eancias superiores se manifestam -, e as pedras de despeda\u00e7am, por\u00e9m os mortos ressuscitam.<\/em><\/p>\n<p><em>Ele morre, por\u00e9m, volta \u00e0 vida e derrota\u00a0 a morte com sua morte.<\/em><\/p>\n<p><em>\u00c9 honrado com sepultura, mas ressuscita do sepulcro.<\/em><\/p>\n<p><em>Desce aos infernos, mas acompanha as almas ao alto e sobe ao c\u00e9us e vir\u00e1 para julgar os vivos e os mortos e para examinar as palavras dos homens.<\/em><\/p>\n<p><strong>Lecion\u00e1rio Patr\u00edstico Dominical<\/strong><br \/>\n<strong>Tradu\u00e7\u00e3o e compila\u00e7\u00e3o\u00a0 Fernando Jos\u00e9 Bondan<\/strong><br \/>\n<strong>Vozes 2013, p. 202-204<\/strong><\/p>\n","protected":false},"excerpt":{"rendered":"<p>1\u00aa Sexta-feira do M\u00eas<\/p>\n","protected":false},"author":1,"featured_media":178233,"comment_status":"closed","ping_status":"open","sticky":false,"template":"","format":"standard","meta":{"footnotes":""},"categories":[105],"tags":[106,112],"yoast_head":"<!-- This site is optimized with the Yoast SEO plugin v19.4 - https:\/\/yoast.com\/wordpress\/plugins\/seo\/ -->\n<title>&quot;Prometeu fazer manar fontes de \u00e1gua viva&quot; - Vida Crist\u00e3 - Franciscanos<\/title>\n<meta name=\"robots\" content=\"index, follow, max-snippet:-1, max-image-preview:large, max-video-preview:-1\" \/>\n<link rel=\"canonical\" href=\"https:\/\/franciscanos.org.br\/vidacrista\/prometeu-fazer-manar-fontes-de-agua-viva\/\" \/>\n<meta property=\"og:locale\" content=\"pt_BR\" \/>\n<meta property=\"og:type\" content=\"article\" \/>\n<meta property=\"og:title\" content=\"&quot;Prometeu fazer manar fontes de \u00e1gua viva&quot; - Vida Crist\u00e3 - Franciscanos\" \/>\n<meta property=\"og:description\" content=\"1\u00aa Sexta-feira do M\u00eas\" \/>\n<meta property=\"og:url\" content=\"https:\/\/franciscanos.org.br\/vidacrista\/prometeu-fazer-manar-fontes-de-agua-viva\/\" \/>\n<meta property=\"og:site_name\" content=\"Vida Crist\u00e3 - Franciscanos\" \/>\n<meta property=\"article:published_time\" content=\"2014-09-04T11:57:12+00:00\" \/>\n<meta property=\"article:modified_time\" content=\"2019-03-01T17:18:20+00:00\" \/>\n<meta property=\"og:image\" content=\"https:\/\/franciscanos.org.br\/vidacrista\/wp-content\/uploads\/2014\/09\/sagrado_040914.jpg\" \/>\n\t<meta property=\"og:image:width\" content=\"273\" \/>\n\t<meta property=\"og:image:height\" content=\"181\" \/>\n\t<meta property=\"og:image:type\" content=\"image\/jpeg\" \/>\n<meta name=\"author\" content=\"admin\" \/>\n<meta name=\"twitter:card\" content=\"summary_large_image\" \/>\n<meta name=\"twitter:label1\" content=\"Escrito por\" \/>\n\t<meta name=\"twitter:data1\" content=\"admin\" \/>\n\t<meta name=\"twitter:label2\" content=\"Est. tempo de leitura\" \/>\n\t<meta name=\"twitter:data2\" content=\"4 minutos\" \/>\n<script type=\"application\/ld+json\" class=\"yoast-schema-graph\">{\"@context\":\"https:\/\/schema.org\",\"@graph\":[{\"@type\":\"WebSite\",\"@id\":\"https:\/\/franciscanos.org.br\/vidacrista\/#website\",\"url\":\"https:\/\/franciscanos.org.br\/vidacrista\/\",\"name\":\"Vida Crist\u00e3 - Franciscanos\",\"description\":\"Prov\u00edncia Franciscana da Imaculada Concei\u00e7\u00e3o do Brasil - Ordem dos Frades Menores\",\"potentialAction\":[{\"@type\":\"SearchAction\",\"target\":{\"@type\":\"EntryPoint\",\"urlTemplate\":\"https:\/\/franciscanos.org.br\/vidacrista\/?s={search_term_string}\"},\"query-input\":\"required name=search_term_string\"}],\"inLanguage\":\"pt-BR\"},{\"@type\":\"WebPage\",\"@id\":\"https:\/\/franciscanos.org.br\/vidacrista\/prometeu-fazer-manar-fontes-de-agua-viva\/\",\"url\":\"https:\/\/franciscanos.org.br\/vidacrista\/prometeu-fazer-manar-fontes-de-agua-viva\/\",\"name\":\"\\\"Prometeu fazer manar fontes de \u00e1gua viva\\\" - Vida Crist\u00e3 - Franciscanos\",\"isPartOf\":{\"@id\":\"https:\/\/franciscanos.org.br\/vidacrista\/#website\"},\"datePublished\":\"2014-09-04T11:57:12+00:00\",\"dateModified\":\"2019-03-01T17:18:20+00:00\",\"author\":{\"@id\":\"https:\/\/franciscanos.org.br\/vidacrista\/#\/schema\/person\/133632ca93cec555316a35f76ab4153b\"},\"breadcrumb\":{\"@id\":\"https:\/\/franciscanos.org.br\/vidacrista\/prometeu-fazer-manar-fontes-de-agua-viva\/#breadcrumb\"},\"inLanguage\":\"pt-BR\",\"potentialAction\":[{\"@type\":\"ReadAction\",\"target\":[\"https:\/\/franciscanos.org.br\/vidacrista\/prometeu-fazer-manar-fontes-de-agua-viva\/\"]}]},{\"@type\":\"BreadcrumbList\",\"@id\":\"https:\/\/franciscanos.org.br\/vidacrista\/prometeu-fazer-manar-fontes-de-agua-viva\/#breadcrumb\",\"itemListElement\":[{\"@type\":\"ListItem\",\"position\":1,\"name\":\"Home\",\"item\":\"https:\/\/franciscanos.org.br\/vidacrista\/\"},{\"@type\":\"ListItem\",\"position\":2,\"name\":\"&#8220;Prometeu fazer manar fontes de \u00e1gua viva&#8221;\"}]},{\"@type\":\"Person\",\"@id\":\"https:\/\/franciscanos.org.br\/vidacrista\/#\/schema\/person\/133632ca93cec555316a35f76ab4153b\",\"name\":\"admin\",\"image\":{\"@type\":\"ImageObject\",\"inLanguage\":\"pt-BR\",\"@id\":\"https:\/\/franciscanos.org.br\/vidacrista\/#\/schema\/person\/image\/\",\"url\":\"https:\/\/secure.gravatar.com\/avatar\/e8495742d34d0ba6448ea1c628263b3e?s=96&d=mm&r=g\",\"contentUrl\":\"https:\/\/secure.gravatar.com\/avatar\/e8495742d34d0ba6448ea1c628263b3e?s=96&d=mm&r=g\",\"caption\":\"admin\"},\"url\":\"https:\/\/franciscanos.org.br\/vidacrista\/author\/admin\/\"}]}<\/script>\n<!-- \/ Yoast SEO plugin. -->","yoast_head_json":{"title":"\"Prometeu fazer manar fontes de \u00e1gua viva\" - Vida Crist\u00e3 - Franciscanos","robots":{"index":"index","follow":"follow","max-snippet":"max-snippet:-1","max-image-preview":"max-image-preview:large","max-video-preview":"max-video-preview:-1"},"canonical":"https:\/\/franciscanos.org.br\/vidacrista\/prometeu-fazer-manar-fontes-de-agua-viva\/","og_locale":"pt_BR","og_type":"article","og_title":"\"Prometeu fazer manar fontes de \u00e1gua viva\" - Vida Crist\u00e3 - Franciscanos","og_description":"1\u00aa Sexta-feira do M\u00eas","og_url":"https:\/\/franciscanos.org.br\/vidacrista\/prometeu-fazer-manar-fontes-de-agua-viva\/","og_site_name":"Vida Crist\u00e3 - Franciscanos","article_published_time":"2014-09-04T11:57:12+00:00","article_modified_time":"2019-03-01T17:18:20+00:00","og_image":[{"width":273,"height":181,"url":"https:\/\/franciscanos.org.br\/vidacrista\/wp-content\/uploads\/2014\/09\/sagrado_040914.jpg","type":"image\/jpeg"}],"author":"admin","twitter_card":"summary_large_image","twitter_misc":{"Escrito por":"admin","Est. tempo de leitura":"4 minutos"},"schema":{"@context":"https:\/\/schema.org","@graph":[{"@type":"WebSite","@id":"https:\/\/franciscanos.org.br\/vidacrista\/#website","url":"https:\/\/franciscanos.org.br\/vidacrista\/","name":"Vida Crist\u00e3 - Franciscanos","description":"Prov\u00edncia Franciscana da Imaculada Concei\u00e7\u00e3o do Brasil - Ordem dos Frades Menores","potentialAction":[{"@type":"SearchAction","target":{"@type":"EntryPoint","urlTemplate":"https:\/\/franciscanos.org.br\/vidacrista\/?s={search_term_string}"},"query-input":"required name=search_term_string"}],"inLanguage":"pt-BR"},{"@type":"WebPage","@id":"https:\/\/franciscanos.org.br\/vidacrista\/prometeu-fazer-manar-fontes-de-agua-viva\/","url":"https:\/\/franciscanos.org.br\/vidacrista\/prometeu-fazer-manar-fontes-de-agua-viva\/","name":"\"Prometeu fazer manar fontes de \u00e1gua viva\" - Vida Crist\u00e3 - Franciscanos","isPartOf":{"@id":"https:\/\/franciscanos.org.br\/vidacrista\/#website"},"datePublished":"2014-09-04T11:57:12+00:00","dateModified":"2019-03-01T17:18:20+00:00","author":{"@id":"https:\/\/franciscanos.org.br\/vidacrista\/#\/schema\/person\/133632ca93cec555316a35f76ab4153b"},"breadcrumb":{"@id":"https:\/\/franciscanos.org.br\/vidacrista\/prometeu-fazer-manar-fontes-de-agua-viva\/#breadcrumb"},"inLanguage":"pt-BR","potentialAction":[{"@type":"ReadAction","target":["https:\/\/franciscanos.org.br\/vidacrista\/prometeu-fazer-manar-fontes-de-agua-viva\/"]}]},{"@type":"BreadcrumbList","@id":"https:\/\/franciscanos.org.br\/vidacrista\/prometeu-fazer-manar-fontes-de-agua-viva\/#breadcrumb","itemListElement":[{"@type":"ListItem","position":1,"name":"Home","item":"https:\/\/franciscanos.org.br\/vidacrista\/"},{"@type":"ListItem","position":2,"name":"&#8220;Prometeu fazer manar fontes de \u00e1gua viva&#8221;"}]},{"@type":"Person","@id":"https:\/\/franciscanos.org.br\/vidacrista\/#\/schema\/person\/133632ca93cec555316a35f76ab4153b","name":"admin","image":{"@type":"ImageObject","inLanguage":"pt-BR","@id":"https:\/\/franciscanos.org.br\/vidacrista\/#\/schema\/person\/image\/","url":"https:\/\/secure.gravatar.com\/avatar\/e8495742d34d0ba6448ea1c628263b3e?s=96&d=mm&r=g","contentUrl":"https:\/\/secure.gravatar.com\/avatar\/e8495742d34d0ba6448ea1c628263b3e?s=96&d=mm&r=g","caption":"admin"},"url":"https:\/\/franciscanos.org.br\/vidacrista\/author\/admin\/"}]}},"_links":{"self":[{"href":"https:\/\/franciscanos.org.br\/vidacrista\/wp-json\/wp\/v2\/posts\/66546"}],"collection":[{"href":"https:\/\/franciscanos.org.br\/vidacrista\/wp-json\/wp\/v2\/posts"}],"about":[{"href":"https:\/\/franciscanos.org.br\/vidacrista\/wp-json\/wp\/v2\/types\/post"}],"author":[{"embeddable":true,"href":"https:\/\/franciscanos.org.br\/vidacrista\/wp-json\/wp\/v2\/users\/1"}],"replies":[{"embeddable":true,"href":"https:\/\/franciscanos.org.br\/vidacrista\/wp-json\/wp\/v2\/comments?post=66546"}],"version-history":[{"count":3,"href":"https:\/\/franciscanos.org.br\/vidacrista\/wp-json\/wp\/v2\/posts\/66546\/revisions"}],"predecessor-version":[{"id":178232,"href":"https:\/\/franciscanos.org.br\/vidacrista\/wp-json\/wp\/v2\/posts\/66546\/revisions\/178232"}],"wp:featuredmedia":[{"embeddable":true,"href":"https:\/\/franciscanos.org.br\/vidacrista\/wp-json\/wp\/v2\/media\/178233"}],"wp:attachment":[{"href":"https:\/\/franciscanos.org.br\/vidacrista\/wp-json\/wp\/v2\/media?parent=66546"}],"wp:term":[{"taxonomy":"category","embeddable":true,"href":"https:\/\/franciscanos.org.br\/vidacrista\/wp-json\/wp\/v2\/categories?post=66546"},{"taxonomy":"post_tag","embeddable":true,"href":"https:\/\/franciscanos.org.br\/vidacrista\/wp-json\/wp\/v2\/tags?post=66546"}],"curies":[{"name":"wp","href":"https:\/\/api.w.org\/{rel}","templated":true}]}}