{"id":64902,"date":"2014-07-31T16:44:12","date_gmt":"2014-07-31T19:44:12","guid":{"rendered":"http:\/\/franciscanos.org.br\/?p=64902"},"modified":"2019-03-01T13:21:20","modified_gmt":"2019-03-01T16:21:20","slug":"o-amor-arde-e-queima","status":"publish","type":"post","link":"https:\/\/franciscanos.org.br\/vidacrista\/o-amor-arde-e-queima\/","title":{"rendered":"&#8220;O amor arde e queima&#8221;"},"content":{"rendered":"<blockquote><p><strong><em>Eu vim\u00a0 p\u00f4r fogo \u00e0 terra, e como gostaria que j\u00e1 estivesse aceso! <\/em>(Lc 12,49)<\/strong><\/p><\/blockquote>\n<p>Os evangelhos nos pintam um Jesus cheio de vi\u00e7o, de for\u00e7a, de vigor. N\u00e3o estamos diante de uma pessoa neutra, controlada no mal sentido da palavra, mas algu\u00e9m que tem energia, garra, vontade, desejo forte, que tem fogo. Ele mesmo declara que veio\u00a0 lan\u00e7ar fogo \u00e0 terra.\u00a0 H\u00e1 algum tempo estamos ouvindo que a Igreja precisa evangelizar com novo ardor, ou seja, com esse fogo ao qual se refere Jesus.<\/p>\n<p>A imagem do fogo est\u00e1 ligada ao tema do amor, do dom, de entrega de si.\u00a0 O fogo do amor fora a bandeira do rabino da Galileia: andar em busca, conversar com os passantes, prestar aten\u00e7\u00e3o em que gritava pedindo ajuda,\u00a0 inquirir a respeito da\u00a0 pessoa que tocara as f\u00edmbrias de suas vestes,\u00a0 olhar carinhosamente no olhos de\u00a0 Zaqueu, dizer palavras esperan\u00e7osas ao ladr\u00e3o que a seu lado morria. Todo esse espa\u00e7o que se chamava Jesus de Nazar\u00e9 era amor:\u00a0 amor pelo Pai querido, pelos passantes do caminho e amor sanguinolento no abandono da cruz. Por todos ele dava a vida irrestrita e resolutamente. Os devotos do Cora\u00e7\u00e3o do Redentor se deixam tocar profundamente por esse excesso de amor.\u00a0 Da\u00ed n\u00e3o se ode imaginar uma vida crist\u00e3 marcada pelo t\u00e9dio e pela mon\u00f3tona repeti\u00e7\u00e3o de f\u00f3rmulas vazias de gestos sem express\u00e3o.<\/p>\n<p><a href=\"http:\/\/franciscanos.org.br\/wp-content\/uploads\/2014\/07\/primeira.jpg\"><img decoding=\"async\" loading=\"lazy\" class=\"alignright size-full wp-image-64903\" src=\"http:\/\/franciscanos.org.br\/wp-content\/uploads\/2014\/07\/primeira.jpg\" alt=\"primeira\" width=\"450\" height=\"333\" \/><\/a>Ora, n\u00e3o se pode imaginar um disc\u00edpulo de tal Mestre que seja marcado pela tibieza, que seja morno e n\u00e3o ardoroso. Forte e vigoroso ser\u00e1 seu estilo de pessoa de ora\u00e7\u00e3o. N\u00e3o faz por fazer. Reza porque arde dentro dele a certeza do amor.\u00a0 Quando atua na pastoral n\u00e3o executa uma \u201ctarefa convencional\u201d, \u00a0\u00a0mas realiza tudo por causa de um super\u00e1vit de amor.\u00a0 Os\u00a0 que se achegam do Cora\u00e7\u00e3o aberto do Salvador, dessa fornalha que ele veio colocar no meio do mundo, \u00a0n\u00e3o fazem as coisas com formalismo.\u00a0 Sabem perfeitamente que o amor abrasado do Senhor os impele:\u00a0 buscar os ca\u00eddos \u00e0 beira da estrada, conceder o perd\u00e3o a esses que matam o corpo e denigrem a honra,\u00a0 sofrer de verdade ao saber que, como dizia Francisco, o Amor n\u00e3o \u00e9 amado.<\/p>\n<p>\u201cO amor n\u00e3o \u00e9 um simples passatempo, um sentimento passageiro de subleva\u00e7\u00e3o da rotina. O amor \u00e9 mais do que divertimento e prazer, distra\u00e7\u00e3o e entretenimento. O amor \u00e9 a coisa mais bela e\u00a0 mais dif\u00edcil, mas tamb\u00e9m a mais importante da vida. Sem o amor se torna um caos. Um prov\u00e9rbio africano tem sabedoria profunda:\u00a0 \u2018O melhor rem\u00e9dio para o homem \u00e9 o homem\u2019\u201d\u00a0 (<em>O que tem import\u00e2ncia na vida.\u00a0 Sobre caminhos bons e recomend\u00e1veis, R.Abeln e S. Kner,\u00a0 Vozes, 2002, p. 33<\/em>).<\/p>\n<p>N\u00e3o estamos defendendo uma piedade a\u00e7ucarada\u00a0 e melosa.\u00a0 Falamos aqui do amor\u00a0 que vai extremo do dom da vida. A emotividade em mat\u00e9ria\u00a0 de f\u00e9 \u00e9 m\u00e1 conselheira.<\/p>\n<p>Vamos transcrever dois pensamentos de\u00a0 Jos\u00e9 Antonio Pagola\u00a0 em coment\u00e1rio que faz ao vers\u00edculo de Lucas acima transcrito:<\/p>\n<p>\u201cO grande pecado dos crist\u00e3os ser\u00e1 sempre deixar que esse fogo de Jesus v\u00e1 se apagando. Para que serve uma Igreja de crist\u00e3os instalados\u00a0 comodamente na vida, sem paix\u00e3o alguma por Deus e sem compaix\u00e3o pelos que sofrem?\u00a0 Para que precisa o mundo de crist\u00e3os incapazes de atrair, transmitir luz ou oferecer calor?\u201d\u00a0 (<em>O caminho aberto por Jesus, Lucas, Vozes, p. 220<\/em>).<\/p>\n<p>\u201cO grande pecado dos seguidores de Jesus ser\u00e1 sempre deixar que se apague\u00a0 fogo: substituir o ardor do amor pela doutrina religiosa, pela ordem e pelo cuidado do culto;\u00a0 reduzir o cristianismo a uma abstra\u00e7\u00e3o revestida de ideologia, deixar que se perca seu poder transformador\u201d\u00a0 (<em>Idem, p.223<\/em>).<\/p>\n<p><strong>Frei Almir Ribeiro Guimar\u00e3es<\/strong><\/p>\n","protected":false},"excerpt":{"rendered":"<p>1\u00aa Sexta-feira do m\u00eas<\/p>\n","protected":false},"author":1,"featured_media":178105,"comment_status":"closed","ping_status":"open","sticky":false,"template":"","format":"standard","meta":{"footnotes":""},"categories":[105],"tags":[106,112],"yoast_head":"<!-- This site is optimized with the Yoast SEO plugin v19.4 - https:\/\/yoast.com\/wordpress\/plugins\/seo\/ -->\n<title>&quot;O amor arde e queima&quot; - Vida Crist\u00e3 - Franciscanos<\/title>\n<meta name=\"robots\" content=\"index, follow, max-snippet:-1, max-image-preview:large, max-video-preview:-1\" \/>\n<link rel=\"canonical\" href=\"https:\/\/franciscanos.org.br\/vidacrista\/o-amor-arde-e-queima\/\" \/>\n<meta property=\"og:locale\" content=\"pt_BR\" \/>\n<meta property=\"og:type\" content=\"article\" \/>\n<meta property=\"og:title\" content=\"&quot;O amor arde e queima&quot; - Vida Crist\u00e3 - Franciscanos\" \/>\n<meta property=\"og:description\" content=\"1\u00aa Sexta-feira do m\u00eas\" \/>\n<meta property=\"og:url\" content=\"https:\/\/franciscanos.org.br\/vidacrista\/o-amor-arde-e-queima\/\" \/>\n<meta property=\"og:site_name\" content=\"Vida Crist\u00e3 - Franciscanos\" \/>\n<meta property=\"article:published_time\" content=\"2014-07-31T19:44:12+00:00\" \/>\n<meta property=\"article:modified_time\" content=\"2019-03-01T16:21:20+00:00\" \/>\n<meta property=\"og:image\" content=\"https:\/\/franciscanos.org.br\/vidacrista\/wp-content\/uploads\/2014\/07\/sagrado_310714.jpg\" \/>\n\t<meta property=\"og:image:width\" content=\"273\" \/>\n\t<meta property=\"og:image:height\" content=\"181\" \/>\n\t<meta property=\"og:image:type\" content=\"image\/jpeg\" \/>\n<meta name=\"author\" content=\"admin\" \/>\n<meta name=\"twitter:card\" content=\"summary_large_image\" \/>\n<meta name=\"twitter:label1\" content=\"Escrito por\" \/>\n\t<meta name=\"twitter:data1\" content=\"admin\" \/>\n\t<meta name=\"twitter:label2\" content=\"Est. tempo de leitura\" \/>\n\t<meta name=\"twitter:data2\" content=\"3 minutos\" \/>\n<script type=\"application\/ld+json\" class=\"yoast-schema-graph\">{\"@context\":\"https:\/\/schema.org\",\"@graph\":[{\"@type\":\"WebSite\",\"@id\":\"https:\/\/franciscanos.org.br\/vidacrista\/#website\",\"url\":\"https:\/\/franciscanos.org.br\/vidacrista\/\",\"name\":\"Vida Crist\u00e3 - Franciscanos\",\"description\":\"Prov\u00edncia Franciscana da Imaculada Concei\u00e7\u00e3o do Brasil - Ordem dos Frades Menores\",\"potentialAction\":[{\"@type\":\"SearchAction\",\"target\":{\"@type\":\"EntryPoint\",\"urlTemplate\":\"https:\/\/franciscanos.org.br\/vidacrista\/?s={search_term_string}\"},\"query-input\":\"required name=search_term_string\"}],\"inLanguage\":\"pt-BR\"},{\"@type\":\"WebPage\",\"@id\":\"https:\/\/franciscanos.org.br\/vidacrista\/o-amor-arde-e-queima\/\",\"url\":\"https:\/\/franciscanos.org.br\/vidacrista\/o-amor-arde-e-queima\/\",\"name\":\"\\\"O amor arde e queima\\\" - Vida Crist\u00e3 - Franciscanos\",\"isPartOf\":{\"@id\":\"https:\/\/franciscanos.org.br\/vidacrista\/#website\"},\"datePublished\":\"2014-07-31T19:44:12+00:00\",\"dateModified\":\"2019-03-01T16:21:20+00:00\",\"author\":{\"@id\":\"https:\/\/franciscanos.org.br\/vidacrista\/#\/schema\/person\/133632ca93cec555316a35f76ab4153b\"},\"breadcrumb\":{\"@id\":\"https:\/\/franciscanos.org.br\/vidacrista\/o-amor-arde-e-queima\/#breadcrumb\"},\"inLanguage\":\"pt-BR\",\"potentialAction\":[{\"@type\":\"ReadAction\",\"target\":[\"https:\/\/franciscanos.org.br\/vidacrista\/o-amor-arde-e-queima\/\"]}]},{\"@type\":\"BreadcrumbList\",\"@id\":\"https:\/\/franciscanos.org.br\/vidacrista\/o-amor-arde-e-queima\/#breadcrumb\",\"itemListElement\":[{\"@type\":\"ListItem\",\"position\":1,\"name\":\"Home\",\"item\":\"https:\/\/franciscanos.org.br\/vidacrista\/\"},{\"@type\":\"ListItem\",\"position\":2,\"name\":\"&#8220;O amor arde e queima&#8221;\"}]},{\"@type\":\"Person\",\"@id\":\"https:\/\/franciscanos.org.br\/vidacrista\/#\/schema\/person\/133632ca93cec555316a35f76ab4153b\",\"name\":\"admin\",\"image\":{\"@type\":\"ImageObject\",\"inLanguage\":\"pt-BR\",\"@id\":\"https:\/\/franciscanos.org.br\/vidacrista\/#\/schema\/person\/image\/\",\"url\":\"https:\/\/secure.gravatar.com\/avatar\/e8495742d34d0ba6448ea1c628263b3e?s=96&d=mm&r=g\",\"contentUrl\":\"https:\/\/secure.gravatar.com\/avatar\/e8495742d34d0ba6448ea1c628263b3e?s=96&d=mm&r=g\",\"caption\":\"admin\"},\"url\":\"https:\/\/franciscanos.org.br\/vidacrista\/author\/admin\/\"}]}<\/script>\n<!-- \/ Yoast SEO plugin. -->","yoast_head_json":{"title":"\"O amor arde e queima\" - Vida Crist\u00e3 - Franciscanos","robots":{"index":"index","follow":"follow","max-snippet":"max-snippet:-1","max-image-preview":"max-image-preview:large","max-video-preview":"max-video-preview:-1"},"canonical":"https:\/\/franciscanos.org.br\/vidacrista\/o-amor-arde-e-queima\/","og_locale":"pt_BR","og_type":"article","og_title":"\"O amor arde e queima\" - Vida Crist\u00e3 - Franciscanos","og_description":"1\u00aa Sexta-feira do m\u00eas","og_url":"https:\/\/franciscanos.org.br\/vidacrista\/o-amor-arde-e-queima\/","og_site_name":"Vida Crist\u00e3 - Franciscanos","article_published_time":"2014-07-31T19:44:12+00:00","article_modified_time":"2019-03-01T16:21:20+00:00","og_image":[{"width":273,"height":181,"url":"https:\/\/franciscanos.org.br\/vidacrista\/wp-content\/uploads\/2014\/07\/sagrado_310714.jpg","type":"image\/jpeg"}],"author":"admin","twitter_card":"summary_large_image","twitter_misc":{"Escrito por":"admin","Est. tempo de leitura":"3 minutos"},"schema":{"@context":"https:\/\/schema.org","@graph":[{"@type":"WebSite","@id":"https:\/\/franciscanos.org.br\/vidacrista\/#website","url":"https:\/\/franciscanos.org.br\/vidacrista\/","name":"Vida Crist\u00e3 - Franciscanos","description":"Prov\u00edncia Franciscana da Imaculada Concei\u00e7\u00e3o do Brasil - Ordem dos Frades Menores","potentialAction":[{"@type":"SearchAction","target":{"@type":"EntryPoint","urlTemplate":"https:\/\/franciscanos.org.br\/vidacrista\/?s={search_term_string}"},"query-input":"required name=search_term_string"}],"inLanguage":"pt-BR"},{"@type":"WebPage","@id":"https:\/\/franciscanos.org.br\/vidacrista\/o-amor-arde-e-queima\/","url":"https:\/\/franciscanos.org.br\/vidacrista\/o-amor-arde-e-queima\/","name":"\"O amor arde e queima\" - Vida Crist\u00e3 - Franciscanos","isPartOf":{"@id":"https:\/\/franciscanos.org.br\/vidacrista\/#website"},"datePublished":"2014-07-31T19:44:12+00:00","dateModified":"2019-03-01T16:21:20+00:00","author":{"@id":"https:\/\/franciscanos.org.br\/vidacrista\/#\/schema\/person\/133632ca93cec555316a35f76ab4153b"},"breadcrumb":{"@id":"https:\/\/franciscanos.org.br\/vidacrista\/o-amor-arde-e-queima\/#breadcrumb"},"inLanguage":"pt-BR","potentialAction":[{"@type":"ReadAction","target":["https:\/\/franciscanos.org.br\/vidacrista\/o-amor-arde-e-queima\/"]}]},{"@type":"BreadcrumbList","@id":"https:\/\/franciscanos.org.br\/vidacrista\/o-amor-arde-e-queima\/#breadcrumb","itemListElement":[{"@type":"ListItem","position":1,"name":"Home","item":"https:\/\/franciscanos.org.br\/vidacrista\/"},{"@type":"ListItem","position":2,"name":"&#8220;O amor arde e queima&#8221;"}]},{"@type":"Person","@id":"https:\/\/franciscanos.org.br\/vidacrista\/#\/schema\/person\/133632ca93cec555316a35f76ab4153b","name":"admin","image":{"@type":"ImageObject","inLanguage":"pt-BR","@id":"https:\/\/franciscanos.org.br\/vidacrista\/#\/schema\/person\/image\/","url":"https:\/\/secure.gravatar.com\/avatar\/e8495742d34d0ba6448ea1c628263b3e?s=96&d=mm&r=g","contentUrl":"https:\/\/secure.gravatar.com\/avatar\/e8495742d34d0ba6448ea1c628263b3e?s=96&d=mm&r=g","caption":"admin"},"url":"https:\/\/franciscanos.org.br\/vidacrista\/author\/admin\/"}]}},"_links":{"self":[{"href":"https:\/\/franciscanos.org.br\/vidacrista\/wp-json\/wp\/v2\/posts\/64902"}],"collection":[{"href":"https:\/\/franciscanos.org.br\/vidacrista\/wp-json\/wp\/v2\/posts"}],"about":[{"href":"https:\/\/franciscanos.org.br\/vidacrista\/wp-json\/wp\/v2\/types\/post"}],"author":[{"embeddable":true,"href":"https:\/\/franciscanos.org.br\/vidacrista\/wp-json\/wp\/v2\/users\/1"}],"replies":[{"embeddable":true,"href":"https:\/\/franciscanos.org.br\/vidacrista\/wp-json\/wp\/v2\/comments?post=64902"}],"version-history":[{"count":2,"href":"https:\/\/franciscanos.org.br\/vidacrista\/wp-json\/wp\/v2\/posts\/64902\/revisions"}],"predecessor-version":[{"id":178106,"href":"https:\/\/franciscanos.org.br\/vidacrista\/wp-json\/wp\/v2\/posts\/64902\/revisions\/178106"}],"wp:featuredmedia":[{"embeddable":true,"href":"https:\/\/franciscanos.org.br\/vidacrista\/wp-json\/wp\/v2\/media\/178105"}],"wp:attachment":[{"href":"https:\/\/franciscanos.org.br\/vidacrista\/wp-json\/wp\/v2\/media?parent=64902"}],"wp:term":[{"taxonomy":"category","embeddable":true,"href":"https:\/\/franciscanos.org.br\/vidacrista\/wp-json\/wp\/v2\/categories?post=64902"},{"taxonomy":"post_tag","embeddable":true,"href":"https:\/\/franciscanos.org.br\/vidacrista\/wp-json\/wp\/v2\/tags?post=64902"}],"curies":[{"name":"wp","href":"https:\/\/api.w.org\/{rel}","templated":true}]}}