{"id":63338,"date":"2014-07-03T00:55:43","date_gmt":"2014-07-03T03:55:43","guid":{"rendered":"http:\/\/franciscanos.org.br\/?p=63338"},"modified":"2019-03-02T09:37:59","modified_gmt":"2019-03-02T12:37:59","slug":"na-tarde-de-uma-certa-sexta-feira-reflexao-de-frei-almir","status":"publish","type":"post","link":"https:\/\/franciscanos.org.br\/vidacrista\/na-tarde-de-uma-certa-sexta-feira-reflexao-de-frei-almir\/","title":{"rendered":"Na tarde de uma certa sexta-feira&#8230;"},"content":{"rendered":"<p>&nbsp;<\/p>\n<p><img decoding=\"async\" loading=\"lazy\" class=\"alignnone wp-image-178238 size-full\" src=\"https:\/\/franciscanos.org.br\/vidacrista\/wp-content\/uploads\/2014\/07\/sagrado_030714_1.jpg\" alt=\"\" width=\"820\" height=\"300\" \/><\/p>\n<p style=\"padding-left: 30px;\"><em>Acorre com vivo desejo a esta fonte de vida e de luz, quem quer que sejas, \u00f3 alma consagrada a Deus, e exclama com todas as for\u00e7as do teu cora\u00e7\u00e3o: \u201c\u00d3 inef\u00e1vel beleza do Deus alt\u00edssimo e pur\u00edssimo esplendor da luz eterna, vida que vivifica toda vida, luz que ilumina toda luz e conserva em perp\u00e9tuo esplendor a multid\u00e3o dos astros que desde a primeira aurora resplandecem diante do trono da vossa divindade\u201d<\/em>\u00a0 (S\u00e3o Boaventura)<\/p>\n<p>Cen\u00e1rio simples, mil vezes representado por pintores: tr\u00eas cruzes, dois salteadores e um homem. Na verdade<em> o Homem<\/em>! Esse que \u00e9 o desejado das colinas eternas, aquele que teve princ\u00edpio no tempo, embora junto do Mist\u00e9rio da Trindade seja sem come\u00e7o e sem fim. O Eterno se prepara para morrer.<\/p>\n<p>Uns poucos conhecidos\u00a0 ao p\u00e9 da cruz. Um mulher de Nazar\u00e9 acostumada a acolher com carinho os des\u00edgnios do Senhor, conhecida como a Senhora do sim. Uns soldados apressados para que as coisas terminassem o mais rapidamente poss\u00edvel. Fim de uma hist\u00f3ria que havia come\u00e7ado com o sim daquela mulher que est\u00e1 ao p\u00e9 da cruz.<\/p>\n<p>Jesus vive a solid\u00e3o das solid\u00f5es. Aparentemente at\u00e9 mesmo o Pai se faz ausente. Dor, sufocamento no peito, sede na garganta, nuvens sobre olhos, suor e sangue impedem a vis\u00e3o daquele que se mexe e remexe no trono escandalosamente duro daquela cruz.<\/p>\n<p>Seu olhar vagueia de um lado para o outro. Talvez reconhe\u00e7a alguns\u00a0 rostos entre as pessoas presentes&#8230; Esse seu olhar atravessa os tempos e perscruta os cora\u00e7\u00f5es dos solit\u00e1rios\u00a0 de todos os lugares e de todos os tempos.\u00a0 L\u00e1 no alto, contorcendo-se de dores, ele estira o olhar e esses torturados de regimes pol\u00edticos, esses soldados que morrem nas guerras idiotas, filhos queridos de senhoras vi\u00favas, esses peda\u00e7os de carne e de ossos na lama,\u00a0 nos vag\u00f5es dos trens de exterm\u00ednio. Esses homens e mulheres assassinados barbaramente por causa de uma louca paix\u00e3o amorosa. Essas crian\u00e7as jogadas pelas janelas, espatifadas no ch\u00e3o, esses doentes de c\u00e2ncer feito encarna\u00e7\u00e3o da dor, esses pais e m\u00e3es desesperados que\u00a0 nunca\u00a0 mais ver\u00e3o seus filhos e suas filhas. Do alto da cruz, ele recolheu tudo.<\/p>\n<p>Esse condenado daquela tarde de sexta-feira n\u00e3o encontrava mais posi\u00e7\u00e3o. Remexia-se na ilus\u00e3o de cessarem as c\u00e2imbras. E esse mist\u00e9rio do mal que entrava em sua mente. Nega\u00e7\u00f5es, viol\u00eancia, cusparadas. L\u00e1 por dentro ele queria, precisava querer amar. Ao Pai silencioso entrega tudo.\u00a0 Inclina a cabe\u00e7a e d\u00e1 seu Esp\u00edrito. Fim. As cortinas podiam se fechar. Ele vencera o desespero e numa entrega estupendamente bela salvou tudo e abriu as portas da miseric\u00f3rdia de Deus para todos: Levi, Zaqueu, ladr\u00e3o arrependido, sequestradores, brigadas de exterm\u00ednio, fac\u00ednoras, agentes de toda perversidade, torturadores. Pai, em tuas m\u00e3os entrego o meu\u00a0 esp\u00edrito.\u00a0 As cortinas, no entanto, n\u00e3o podiam ainda ser fechadas. As pessoas foram saindo,\u00a0 talvez batendo no peito, outras decepcionadas voltando para seus vilarejos e aldeias. Houve um soldado que, com a lan\u00e7a, tocou o seu lado morto. E da fonte do cora\u00e7\u00e3o aberto brotaram a \u00e1gua e o sangue que perdoam o pecado do mundo e alimentam os famintos de vida.<\/p>\n<p style=\"padding-left: 30px;\"><em>\u201c\u00d3 eterno e inacess\u00edvel, brilhante e suave manancial daquela fonte oculta aos olhos de todos os mortais!\u00a0 Sois profundidade infinita, altura sem limite,\u00a0 amplid\u00e3o sem medida, pureza sem mancha\u201d <\/em>\u00a0( S\u00e3o Boaventura).<\/p>\n<p><strong>Frei Almir Ribeiro Guimar\u00e3es<\/strong><\/p>\n","protected":false},"excerpt":{"rendered":"<p>1\u00aa Sexta-feira do M\u00eas<\/p>\n","protected":false},"author":1,"featured_media":0,"comment_status":"closed","ping_status":"open","sticky":false,"template":"","format":"standard","meta":{"footnotes":""},"categories":[105],"tags":[106,112],"yoast_head":"<!-- This site is optimized with the Yoast SEO plugin v19.4 - https:\/\/yoast.com\/wordpress\/plugins\/seo\/ -->\n<title>Na tarde de uma certa sexta-feira... - Vida Crist\u00e3 - Franciscanos<\/title>\n<meta name=\"robots\" content=\"index, follow, max-snippet:-1, max-image-preview:large, max-video-preview:-1\" \/>\n<link rel=\"canonical\" href=\"https:\/\/franciscanos.org.br\/vidacrista\/na-tarde-de-uma-certa-sexta-feira-reflexao-de-frei-almir\/\" \/>\n<meta property=\"og:locale\" content=\"pt_BR\" \/>\n<meta property=\"og:type\" content=\"article\" \/>\n<meta property=\"og:title\" content=\"Na tarde de uma certa sexta-feira... - Vida Crist\u00e3 - Franciscanos\" \/>\n<meta property=\"og:description\" content=\"1\u00aa Sexta-feira do M\u00eas\" \/>\n<meta property=\"og:url\" content=\"https:\/\/franciscanos.org.br\/vidacrista\/na-tarde-de-uma-certa-sexta-feira-reflexao-de-frei-almir\/\" \/>\n<meta property=\"og:site_name\" content=\"Vida Crist\u00e3 - Franciscanos\" \/>\n<meta property=\"article:published_time\" content=\"2014-07-03T03:55:43+00:00\" \/>\n<meta property=\"article:modified_time\" content=\"2019-03-02T12:37:59+00:00\" \/>\n<meta property=\"og:image\" content=\"https:\/\/franciscanos.org.br\/vidacrista\/wp-content\/uploads\/2014\/07\/sagrado_030714_1.jpg\" \/>\n<meta name=\"author\" content=\"admin\" \/>\n<meta name=\"twitter:card\" content=\"summary_large_image\" \/>\n<meta name=\"twitter:label1\" content=\"Escrito por\" \/>\n\t<meta name=\"twitter:data1\" content=\"admin\" \/>\n\t<meta name=\"twitter:label2\" content=\"Est. tempo de leitura\" \/>\n\t<meta name=\"twitter:data2\" content=\"3 minutos\" \/>\n<script type=\"application\/ld+json\" class=\"yoast-schema-graph\">{\"@context\":\"https:\/\/schema.org\",\"@graph\":[{\"@type\":\"WebSite\",\"@id\":\"https:\/\/franciscanos.org.br\/vidacrista\/#website\",\"url\":\"https:\/\/franciscanos.org.br\/vidacrista\/\",\"name\":\"Vida Crist\u00e3 - Franciscanos\",\"description\":\"Prov\u00edncia Franciscana da Imaculada Concei\u00e7\u00e3o do Brasil - Ordem dos Frades Menores\",\"potentialAction\":[{\"@type\":\"SearchAction\",\"target\":{\"@type\":\"EntryPoint\",\"urlTemplate\":\"https:\/\/franciscanos.org.br\/vidacrista\/?s={search_term_string}\"},\"query-input\":\"required name=search_term_string\"}],\"inLanguage\":\"pt-BR\"},{\"@type\":\"WebPage\",\"@id\":\"https:\/\/franciscanos.org.br\/vidacrista\/na-tarde-de-uma-certa-sexta-feira-reflexao-de-frei-almir\/\",\"url\":\"https:\/\/franciscanos.org.br\/vidacrista\/na-tarde-de-uma-certa-sexta-feira-reflexao-de-frei-almir\/\",\"name\":\"Na tarde de uma certa sexta-feira... - Vida Crist\u00e3 - Franciscanos\",\"isPartOf\":{\"@id\":\"https:\/\/franciscanos.org.br\/vidacrista\/#website\"},\"datePublished\":\"2014-07-03T03:55:43+00:00\",\"dateModified\":\"2019-03-02T12:37:59+00:00\",\"author\":{\"@id\":\"https:\/\/franciscanos.org.br\/vidacrista\/#\/schema\/person\/133632ca93cec555316a35f76ab4153b\"},\"breadcrumb\":{\"@id\":\"https:\/\/franciscanos.org.br\/vidacrista\/na-tarde-de-uma-certa-sexta-feira-reflexao-de-frei-almir\/#breadcrumb\"},\"inLanguage\":\"pt-BR\",\"potentialAction\":[{\"@type\":\"ReadAction\",\"target\":[\"https:\/\/franciscanos.org.br\/vidacrista\/na-tarde-de-uma-certa-sexta-feira-reflexao-de-frei-almir\/\"]}]},{\"@type\":\"BreadcrumbList\",\"@id\":\"https:\/\/franciscanos.org.br\/vidacrista\/na-tarde-de-uma-certa-sexta-feira-reflexao-de-frei-almir\/#breadcrumb\",\"itemListElement\":[{\"@type\":\"ListItem\",\"position\":1,\"name\":\"Home\",\"item\":\"https:\/\/franciscanos.org.br\/vidacrista\/\"},{\"@type\":\"ListItem\",\"position\":2,\"name\":\"Na tarde de uma certa sexta-feira&#8230;\"}]},{\"@type\":\"Person\",\"@id\":\"https:\/\/franciscanos.org.br\/vidacrista\/#\/schema\/person\/133632ca93cec555316a35f76ab4153b\",\"name\":\"admin\",\"image\":{\"@type\":\"ImageObject\",\"inLanguage\":\"pt-BR\",\"@id\":\"https:\/\/franciscanos.org.br\/vidacrista\/#\/schema\/person\/image\/\",\"url\":\"https:\/\/secure.gravatar.com\/avatar\/e8495742d34d0ba6448ea1c628263b3e?s=96&d=mm&r=g\",\"contentUrl\":\"https:\/\/secure.gravatar.com\/avatar\/e8495742d34d0ba6448ea1c628263b3e?s=96&d=mm&r=g\",\"caption\":\"admin\"},\"url\":\"https:\/\/franciscanos.org.br\/vidacrista\/author\/admin\/\"}]}<\/script>\n<!-- \/ Yoast SEO plugin. -->","yoast_head_json":{"title":"Na tarde de uma certa sexta-feira... - Vida Crist\u00e3 - Franciscanos","robots":{"index":"index","follow":"follow","max-snippet":"max-snippet:-1","max-image-preview":"max-image-preview:large","max-video-preview":"max-video-preview:-1"},"canonical":"https:\/\/franciscanos.org.br\/vidacrista\/na-tarde-de-uma-certa-sexta-feira-reflexao-de-frei-almir\/","og_locale":"pt_BR","og_type":"article","og_title":"Na tarde de uma certa sexta-feira... - Vida Crist\u00e3 - Franciscanos","og_description":"1\u00aa Sexta-feira do M\u00eas","og_url":"https:\/\/franciscanos.org.br\/vidacrista\/na-tarde-de-uma-certa-sexta-feira-reflexao-de-frei-almir\/","og_site_name":"Vida Crist\u00e3 - Franciscanos","article_published_time":"2014-07-03T03:55:43+00:00","article_modified_time":"2019-03-02T12:37:59+00:00","og_image":[{"url":"https:\/\/franciscanos.org.br\/vidacrista\/wp-content\/uploads\/2014\/07\/sagrado_030714_1.jpg"}],"author":"admin","twitter_card":"summary_large_image","twitter_misc":{"Escrito por":"admin","Est. tempo de leitura":"3 minutos"},"schema":{"@context":"https:\/\/schema.org","@graph":[{"@type":"WebSite","@id":"https:\/\/franciscanos.org.br\/vidacrista\/#website","url":"https:\/\/franciscanos.org.br\/vidacrista\/","name":"Vida Crist\u00e3 - Franciscanos","description":"Prov\u00edncia Franciscana da Imaculada Concei\u00e7\u00e3o do Brasil - Ordem dos Frades Menores","potentialAction":[{"@type":"SearchAction","target":{"@type":"EntryPoint","urlTemplate":"https:\/\/franciscanos.org.br\/vidacrista\/?s={search_term_string}"},"query-input":"required name=search_term_string"}],"inLanguage":"pt-BR"},{"@type":"WebPage","@id":"https:\/\/franciscanos.org.br\/vidacrista\/na-tarde-de-uma-certa-sexta-feira-reflexao-de-frei-almir\/","url":"https:\/\/franciscanos.org.br\/vidacrista\/na-tarde-de-uma-certa-sexta-feira-reflexao-de-frei-almir\/","name":"Na tarde de uma certa sexta-feira... - Vida Crist\u00e3 - Franciscanos","isPartOf":{"@id":"https:\/\/franciscanos.org.br\/vidacrista\/#website"},"datePublished":"2014-07-03T03:55:43+00:00","dateModified":"2019-03-02T12:37:59+00:00","author":{"@id":"https:\/\/franciscanos.org.br\/vidacrista\/#\/schema\/person\/133632ca93cec555316a35f76ab4153b"},"breadcrumb":{"@id":"https:\/\/franciscanos.org.br\/vidacrista\/na-tarde-de-uma-certa-sexta-feira-reflexao-de-frei-almir\/#breadcrumb"},"inLanguage":"pt-BR","potentialAction":[{"@type":"ReadAction","target":["https:\/\/franciscanos.org.br\/vidacrista\/na-tarde-de-uma-certa-sexta-feira-reflexao-de-frei-almir\/"]}]},{"@type":"BreadcrumbList","@id":"https:\/\/franciscanos.org.br\/vidacrista\/na-tarde-de-uma-certa-sexta-feira-reflexao-de-frei-almir\/#breadcrumb","itemListElement":[{"@type":"ListItem","position":1,"name":"Home","item":"https:\/\/franciscanos.org.br\/vidacrista\/"},{"@type":"ListItem","position":2,"name":"Na tarde de uma certa sexta-feira&#8230;"}]},{"@type":"Person","@id":"https:\/\/franciscanos.org.br\/vidacrista\/#\/schema\/person\/133632ca93cec555316a35f76ab4153b","name":"admin","image":{"@type":"ImageObject","inLanguage":"pt-BR","@id":"https:\/\/franciscanos.org.br\/vidacrista\/#\/schema\/person\/image\/","url":"https:\/\/secure.gravatar.com\/avatar\/e8495742d34d0ba6448ea1c628263b3e?s=96&d=mm&r=g","contentUrl":"https:\/\/secure.gravatar.com\/avatar\/e8495742d34d0ba6448ea1c628263b3e?s=96&d=mm&r=g","caption":"admin"},"url":"https:\/\/franciscanos.org.br\/vidacrista\/author\/admin\/"}]}},"_links":{"self":[{"href":"https:\/\/franciscanos.org.br\/vidacrista\/wp-json\/wp\/v2\/posts\/63338"}],"collection":[{"href":"https:\/\/franciscanos.org.br\/vidacrista\/wp-json\/wp\/v2\/posts"}],"about":[{"href":"https:\/\/franciscanos.org.br\/vidacrista\/wp-json\/wp\/v2\/types\/post"}],"author":[{"embeddable":true,"href":"https:\/\/franciscanos.org.br\/vidacrista\/wp-json\/wp\/v2\/users\/1"}],"replies":[{"embeddable":true,"href":"https:\/\/franciscanos.org.br\/vidacrista\/wp-json\/wp\/v2\/comments?post=63338"}],"version-history":[{"count":3,"href":"https:\/\/franciscanos.org.br\/vidacrista\/wp-json\/wp\/v2\/posts\/63338\/revisions"}],"predecessor-version":[{"id":178237,"href":"https:\/\/franciscanos.org.br\/vidacrista\/wp-json\/wp\/v2\/posts\/63338\/revisions\/178237"}],"wp:attachment":[{"href":"https:\/\/franciscanos.org.br\/vidacrista\/wp-json\/wp\/v2\/media?parent=63338"}],"wp:term":[{"taxonomy":"category","embeddable":true,"href":"https:\/\/franciscanos.org.br\/vidacrista\/wp-json\/wp\/v2\/categories?post=63338"},{"taxonomy":"post_tag","embeddable":true,"href":"https:\/\/franciscanos.org.br\/vidacrista\/wp-json\/wp\/v2\/tags?post=63338"}],"curies":[{"name":"wp","href":"https:\/\/api.w.org\/{rel}","templated":true}]}}