{"id":63120,"date":"2012-06-30T08:25:56","date_gmt":"2012-06-30T11:25:56","guid":{"rendered":"http:\/\/franciscanos.org.br\/?p=63120"},"modified":"2020-07-09T11:55:12","modified_gmt":"2020-07-09T14:55:12","slug":"dia-das-maes","status":"publish","type":"post","link":"https:\/\/franciscanos.org.br\/vidacrista\/dia-das-maes\/","title":{"rendered":"Dia das M\u00e3es"},"content":{"rendered":"<div id=\"master\" style=\"color: #000000;\">\n<div id=\"conteudo\">\n<div id=\"texto\">\n<p><img decoding=\"async\" loading=\"lazy\" class=\"alignright size-full wp-image-63121\" src=\"http:\/\/franciscanos.org.br\/wp-content\/uploads\/2014\/06\/maes.jpg\" alt=\"maes\" width=\"450\" height=\"540\" \/>Maternidade e mulher s\u00e3o duas palavras que andam de m\u00e3os dadas; fazem parte do DNA feminino. J\u00e1 os povos mais primitivos festejavam a fertilidade da terra, dos animais e do ser humano. O mesmo acontecia entre os deuses; Rhea, deusa grega, e a romana Cybele eram as mais cultuadas. Os primeiros crist\u00e3os homenageavam Maria, a m\u00e3e de Jesus. No s\u00e9culo XVII, a Inglaterra tinha o costume de celebrar o \u201cDomingo das M\u00e3es\u201d; rezava-se por elas e os filhos as presenteavam.<\/p>\n<p>O Dia das M\u00e3es, assim como o temos hoje, come\u00e7ou com duas americanas: Ann Marie Jarvis (1832 \u2013 1905) e sua filha Anna Jarvis (1864 \u2013 1948).<\/p>\n<p>A vida de Ann Marie foi marcada por gestos concretos de solidariedade. Os dois mais significativos s\u00e3o a campanha para diminuir a mortalidade infantil entre as fam\u00edlias trabalhadoras (1858) e a Guerra da Secess\u00e3o (1861 \u2013 1865) na qual os escravos lutaram pela sua liberdade.\u00a0 Al\u00e9m das mortes, esta guerra civil destruiu grande parte da infraestrutura, dificultando a vida de todos, especialmente dos pobres. Foi, ent\u00e3o, que ela \u201corganizou os dias de amizade com as m\u00e3es\u201d, cujo objetivo era melhorar as condi\u00e7\u00f5es de vida. Portanto, estamos diante de uma mulher ativista, sempre pronta a socorrer os necessitados.<\/p>\n<p>Mas a idealizadora deste dia \u00e9 a sua filha Anna Jarvis. Quando morreu sua m\u00e3e, em maio de 1905, ficou t\u00e3o abatida que andava triste e depressiva. Vendo isto, suas amigas presentearam-na com um pequeno \u201cmemorial \u00e0 m\u00e3e\u201d e, na entrega, confraternizaram-se entre si. Anna aceitou a homenagem e quis que esta festa se estendesse a todas as m\u00e3es, vivas ou falecidas; assim os filhos se lembrariam delas e os la\u00e7os familiares se fortaleceriam.<\/p>\n<p>A partir de ent\u00e3o, lutou para que fosse criado o \u201cDia das M\u00e3es\u201d, juntamente, com o feriado. Em 1914, o governo estadunidense oficializou o segundo domingo de maio como \u201cDia das M\u00e3es\u201d.<\/p>\n<p>O sonho foi realizado, mas, aos poucos, esta data a deixava, cada vez mais, insatisfeita. \u00c9 que o com\u00e9rcio come\u00e7ou a falar mais alto que a solidariedade e o amor materno. Tanto assim que, \u00a0em 1923, entrou com um processo para cancelar o Dia das M\u00e3es, mas sem sucesso. Dizia \u201cn\u00e3o criei o Dia das M\u00e3es para ter lucro\u201d. Morreu em 1948, com 84 anos. Recebeu cart\u00f5es do mundo, n\u00e3o casou e nem teve filhos.<\/p>\n<p>Diante disso, que podemos fazer, ou que perspectivas nos s\u00e3o propostas?!<\/p>\n<p>\u00c0 exemplo do Dia do Trabalhador, corremos o risco de perder, tamb\u00e9m, as ra\u00edzes do Dia das M\u00e3es. \u00c9 pr\u00f3prio do capitalismo tirar do povo o ch\u00e3o hist\u00f3rico onde pisa, para que ande com a cabe\u00e7a cheia de aparentes sucessos materiais. A solidariedade que Ann Marie teve com os pobres, fez com que, da boca de sua filha, brotasse esta expressiva frase: \u201cO amor de uma m\u00e3e \u00e9, diariamente, novo\u201d.<\/p>\n<p>Caminhar com os p\u00e9s na hist\u00f3ria, n\u00e3o nos aliena; ao contr\u00e1rio, resgata o passado e nos impulsiona para o futuro.<\/p>\n<\/div>\n<\/div>\n<\/div>\n","protected":false},"excerpt":{"rendered":"<p>Artigo de Frei Luiz Iakovacz<\/p>\n","protected":false},"author":1,"featured_media":185603,"comment_status":"closed","ping_status":"open","sticky":false,"template":"","format":"standard","meta":{"footnotes":""},"categories":[26],"tags":[208],"yoast_head":"<!-- This site is optimized with the Yoast SEO plugin v19.4 - https:\/\/yoast.com\/wordpress\/plugins\/seo\/ -->\n<title>Dia das M\u00e3es - Vida Crist\u00e3 - Franciscanos<\/title>\n<meta name=\"robots\" content=\"index, follow, max-snippet:-1, max-image-preview:large, max-video-preview:-1\" \/>\n<link rel=\"canonical\" href=\"https:\/\/franciscanos.org.br\/vidacrista\/dia-das-maes\/\" \/>\n<meta property=\"og:locale\" content=\"pt_BR\" \/>\n<meta property=\"og:type\" content=\"article\" \/>\n<meta property=\"og:title\" content=\"Dia das M\u00e3es - Vida Crist\u00e3 - Franciscanos\" \/>\n<meta property=\"og:description\" content=\"Artigo de Frei Luiz Iakovacz\" \/>\n<meta property=\"og:url\" content=\"https:\/\/franciscanos.org.br\/vidacrista\/dia-das-maes\/\" \/>\n<meta property=\"og:site_name\" content=\"Vida Crist\u00e3 - Franciscanos\" \/>\n<meta property=\"article:published_time\" content=\"2012-06-30T11:25:56+00:00\" \/>\n<meta property=\"article:modified_time\" content=\"2020-07-09T14:55:12+00:00\" \/>\n<meta property=\"og:image\" content=\"https:\/\/franciscanos.org.br\/vidacrista\/wp-content\/uploads\/2012\/06\/maes.jpg\" \/>\n\t<meta property=\"og:image:width\" content=\"800\" \/>\n\t<meta property=\"og:image:height\" content=\"602\" \/>\n\t<meta property=\"og:image:type\" content=\"image\/jpeg\" \/>\n<meta name=\"author\" content=\"admin\" \/>\n<meta name=\"twitter:card\" content=\"summary_large_image\" \/>\n<meta name=\"twitter:label1\" content=\"Escrito por\" \/>\n\t<meta name=\"twitter:data1\" content=\"admin\" \/>\n\t<meta name=\"twitter:label2\" content=\"Est. tempo de leitura\" \/>\n\t<meta name=\"twitter:data2\" content=\"3 minutos\" \/>\n<script type=\"application\/ld+json\" class=\"yoast-schema-graph\">{\"@context\":\"https:\/\/schema.org\",\"@graph\":[{\"@type\":\"WebSite\",\"@id\":\"https:\/\/franciscanos.org.br\/vidacrista\/#website\",\"url\":\"https:\/\/franciscanos.org.br\/vidacrista\/\",\"name\":\"Vida Crist\u00e3 - Franciscanos\",\"description\":\"Prov\u00edncia Franciscana da Imaculada Concei\u00e7\u00e3o do Brasil - Ordem dos Frades Menores\",\"potentialAction\":[{\"@type\":\"SearchAction\",\"target\":{\"@type\":\"EntryPoint\",\"urlTemplate\":\"https:\/\/franciscanos.org.br\/vidacrista\/?s={search_term_string}\"},\"query-input\":\"required name=search_term_string\"}],\"inLanguage\":\"pt-BR\"},{\"@type\":\"WebPage\",\"@id\":\"https:\/\/franciscanos.org.br\/vidacrista\/dia-das-maes\/\",\"url\":\"https:\/\/franciscanos.org.br\/vidacrista\/dia-das-maes\/\",\"name\":\"Dia das M\u00e3es - Vida Crist\u00e3 - Franciscanos\",\"isPartOf\":{\"@id\":\"https:\/\/franciscanos.org.br\/vidacrista\/#website\"},\"datePublished\":\"2012-06-30T11:25:56+00:00\",\"dateModified\":\"2020-07-09T14:55:12+00:00\",\"author\":{\"@id\":\"https:\/\/franciscanos.org.br\/vidacrista\/#\/schema\/person\/133632ca93cec555316a35f76ab4153b\"},\"breadcrumb\":{\"@id\":\"https:\/\/franciscanos.org.br\/vidacrista\/dia-das-maes\/#breadcrumb\"},\"inLanguage\":\"pt-BR\",\"potentialAction\":[{\"@type\":\"ReadAction\",\"target\":[\"https:\/\/franciscanos.org.br\/vidacrista\/dia-das-maes\/\"]}]},{\"@type\":\"BreadcrumbList\",\"@id\":\"https:\/\/franciscanos.org.br\/vidacrista\/dia-das-maes\/#breadcrumb\",\"itemListElement\":[{\"@type\":\"ListItem\",\"position\":1,\"name\":\"Home\",\"item\":\"https:\/\/franciscanos.org.br\/vidacrista\/\"},{\"@type\":\"ListItem\",\"position\":2,\"name\":\"Dia das M\u00e3es\"}]},{\"@type\":\"Person\",\"@id\":\"https:\/\/franciscanos.org.br\/vidacrista\/#\/schema\/person\/133632ca93cec555316a35f76ab4153b\",\"name\":\"admin\",\"image\":{\"@type\":\"ImageObject\",\"inLanguage\":\"pt-BR\",\"@id\":\"https:\/\/franciscanos.org.br\/vidacrista\/#\/schema\/person\/image\/\",\"url\":\"https:\/\/secure.gravatar.com\/avatar\/e8495742d34d0ba6448ea1c628263b3e?s=96&d=mm&r=g\",\"contentUrl\":\"https:\/\/secure.gravatar.com\/avatar\/e8495742d34d0ba6448ea1c628263b3e?s=96&d=mm&r=g\",\"caption\":\"admin\"},\"url\":\"https:\/\/franciscanos.org.br\/vidacrista\/author\/admin\/\"}]}<\/script>\n<!-- \/ Yoast SEO plugin. -->","yoast_head_json":{"title":"Dia das M\u00e3es - Vida Crist\u00e3 - Franciscanos","robots":{"index":"index","follow":"follow","max-snippet":"max-snippet:-1","max-image-preview":"max-image-preview:large","max-video-preview":"max-video-preview:-1"},"canonical":"https:\/\/franciscanos.org.br\/vidacrista\/dia-das-maes\/","og_locale":"pt_BR","og_type":"article","og_title":"Dia das M\u00e3es - Vida Crist\u00e3 - Franciscanos","og_description":"Artigo de Frei Luiz Iakovacz","og_url":"https:\/\/franciscanos.org.br\/vidacrista\/dia-das-maes\/","og_site_name":"Vida Crist\u00e3 - Franciscanos","article_published_time":"2012-06-30T11:25:56+00:00","article_modified_time":"2020-07-09T14:55:12+00:00","og_image":[{"width":800,"height":602,"url":"https:\/\/franciscanos.org.br\/vidacrista\/wp-content\/uploads\/2012\/06\/maes.jpg","type":"image\/jpeg"}],"author":"admin","twitter_card":"summary_large_image","twitter_misc":{"Escrito por":"admin","Est. tempo de leitura":"3 minutos"},"schema":{"@context":"https:\/\/schema.org","@graph":[{"@type":"WebSite","@id":"https:\/\/franciscanos.org.br\/vidacrista\/#website","url":"https:\/\/franciscanos.org.br\/vidacrista\/","name":"Vida Crist\u00e3 - Franciscanos","description":"Prov\u00edncia Franciscana da Imaculada Concei\u00e7\u00e3o do Brasil - Ordem dos Frades Menores","potentialAction":[{"@type":"SearchAction","target":{"@type":"EntryPoint","urlTemplate":"https:\/\/franciscanos.org.br\/vidacrista\/?s={search_term_string}"},"query-input":"required name=search_term_string"}],"inLanguage":"pt-BR"},{"@type":"WebPage","@id":"https:\/\/franciscanos.org.br\/vidacrista\/dia-das-maes\/","url":"https:\/\/franciscanos.org.br\/vidacrista\/dia-das-maes\/","name":"Dia das M\u00e3es - Vida Crist\u00e3 - Franciscanos","isPartOf":{"@id":"https:\/\/franciscanos.org.br\/vidacrista\/#website"},"datePublished":"2012-06-30T11:25:56+00:00","dateModified":"2020-07-09T14:55:12+00:00","author":{"@id":"https:\/\/franciscanos.org.br\/vidacrista\/#\/schema\/person\/133632ca93cec555316a35f76ab4153b"},"breadcrumb":{"@id":"https:\/\/franciscanos.org.br\/vidacrista\/dia-das-maes\/#breadcrumb"},"inLanguage":"pt-BR","potentialAction":[{"@type":"ReadAction","target":["https:\/\/franciscanos.org.br\/vidacrista\/dia-das-maes\/"]}]},{"@type":"BreadcrumbList","@id":"https:\/\/franciscanos.org.br\/vidacrista\/dia-das-maes\/#breadcrumb","itemListElement":[{"@type":"ListItem","position":1,"name":"Home","item":"https:\/\/franciscanos.org.br\/vidacrista\/"},{"@type":"ListItem","position":2,"name":"Dia das M\u00e3es"}]},{"@type":"Person","@id":"https:\/\/franciscanos.org.br\/vidacrista\/#\/schema\/person\/133632ca93cec555316a35f76ab4153b","name":"admin","image":{"@type":"ImageObject","inLanguage":"pt-BR","@id":"https:\/\/franciscanos.org.br\/vidacrista\/#\/schema\/person\/image\/","url":"https:\/\/secure.gravatar.com\/avatar\/e8495742d34d0ba6448ea1c628263b3e?s=96&d=mm&r=g","contentUrl":"https:\/\/secure.gravatar.com\/avatar\/e8495742d34d0ba6448ea1c628263b3e?s=96&d=mm&r=g","caption":"admin"},"url":"https:\/\/franciscanos.org.br\/vidacrista\/author\/admin\/"}]}},"_links":{"self":[{"href":"https:\/\/franciscanos.org.br\/vidacrista\/wp-json\/wp\/v2\/posts\/63120"}],"collection":[{"href":"https:\/\/franciscanos.org.br\/vidacrista\/wp-json\/wp\/v2\/posts"}],"about":[{"href":"https:\/\/franciscanos.org.br\/vidacrista\/wp-json\/wp\/v2\/types\/post"}],"author":[{"embeddable":true,"href":"https:\/\/franciscanos.org.br\/vidacrista\/wp-json\/wp\/v2\/users\/1"}],"replies":[{"embeddable":true,"href":"https:\/\/franciscanos.org.br\/vidacrista\/wp-json\/wp\/v2\/comments?post=63120"}],"version-history":[{"count":2,"href":"https:\/\/franciscanos.org.br\/vidacrista\/wp-json\/wp\/v2\/posts\/63120\/revisions"}],"predecessor-version":[{"id":186487,"href":"https:\/\/franciscanos.org.br\/vidacrista\/wp-json\/wp\/v2\/posts\/63120\/revisions\/186487"}],"wp:featuredmedia":[{"embeddable":true,"href":"https:\/\/franciscanos.org.br\/vidacrista\/wp-json\/wp\/v2\/media\/185603"}],"wp:attachment":[{"href":"https:\/\/franciscanos.org.br\/vidacrista\/wp-json\/wp\/v2\/media?parent=63120"}],"wp:term":[{"taxonomy":"category","embeddable":true,"href":"https:\/\/franciscanos.org.br\/vidacrista\/wp-json\/wp\/v2\/categories?post=63120"},{"taxonomy":"post_tag","embeddable":true,"href":"https:\/\/franciscanos.org.br\/vidacrista\/wp-json\/wp\/v2\/tags?post=63120"}],"curies":[{"name":"wp","href":"https:\/\/api.w.org\/{rel}","templated":true}]}}