{"id":63117,"date":"2011-06-30T08:23:43","date_gmt":"2011-06-30T11:23:43","guid":{"rendered":"http:\/\/franciscanos.org.br\/?p=63117"},"modified":"2020-07-09T11:56:03","modified_gmt":"2020-07-09T14:56:03","slug":"a-maior-e-mais-antiga-festa-crista-2","status":"publish","type":"post","link":"https:\/\/franciscanos.org.br\/vidacrista\/a-maior-e-mais-antiga-festa-crista-2\/","title":{"rendered":"A maior e mais antiga festa crist\u00e3"},"content":{"rendered":"<p style=\"color: #000000; text-align: left;\" align=\"center\"><strong><img decoding=\"async\" loading=\"lazy\" class=\"alignright size-full wp-image-63118\" src=\"http:\/\/franciscanos.org.br\/wp-content\/uploads\/2014\/06\/cristo3.jpg\" alt=\"cristo3\" width=\"500\" height=\"629\" \/>Frei Luiz Iakovacz<\/strong><\/p>\n<p style=\"color: #000000; text-align: left;\">Ap\u00f3s a Ressurrei\u00e7\u00e3o, Cristo deixou esta incisiva ordem aos ap\u00f3stolos: \u201cIde, fazei disc\u00edpulos meus todos os povos, batizando-os em nome do Pai, do Filho e do Esp\u00edrito Santo, ensinando-os a observar tudo quanto vos mandei\u201d (Mt 28,19-20). De fato, eles partiram e evangelizaram v\u00e1rios pa\u00edses onde, tamb\u00e9m, sofreram o mart\u00edrio \u2013 como nos diz a Tradi\u00e7\u00e3o da Igreja. A Paix\u00e3o, Morte e Ressurrei\u00e7\u00e3o de Cristo marcaram profundamente os ap\u00f3stolos. Este fato n\u00e3o s\u00f3 se tornou o n\u00facleo da sua prega\u00e7\u00e3o, com tamb\u00e9m os levou a ler o Antigo Testamento sob a \u00f3tica pascal, especialmente, da Ressurrei\u00e7\u00e3o.\u00a0 Assim, no dia de Pentecostes, Pedro dirigiu a Palavra a uma multid\u00e3o de diferentes culturas e na\u00e7\u00f5es, reinterpretando v\u00e1rios textos b\u00edblicos e afirmando que Cristo \u2013 morto e sepultado \u2013 \u201cDeus O ressuscitou, e disto n\u00f3s somos testemunhas\u201d.<\/p>\n<p style=\"color: #000000; text-align: left;\">Tal an\u00fancio causou um impacto t\u00e3o grande que os ouvintes perguntaram: \u201cQue devemos fazer\u201d? A resposta foi: \u201cArrependei-vos e cada um seja batizado em nome do Senhor Jesus. Naquele dia, cerca de tr\u00eas mil pessoas abra\u00e7aram a f\u00e9\u201d (cf. At 2, 14-41). Notemos que uma evangeliza\u00e7\u00e3o convincente leva o ouvinte a pedir o batismo.\u00a0 Por isso, os primeiros crist\u00e3os, ap\u00f3s um catecumenato de tr\u00eas anos, livremente, pediam este sacramento que era celebrado somente na Vig\u00edlia Pascal, isto \u00e9, na noite em que se anunciava a Ressurrei\u00e7\u00e3o de Jesus.\u00a0 Esta experi\u00eancia era um verdadeiro \u201csepultar-se com Cristo para, com Ele, ressurgir a uma vida nova\u201d (Rm 6,4). Por isso, a P\u00e1scoa se tornou o centro do Ano Lit\u00fargico, e tudo girava ao redor dela.\u00a0 No entanto, tanto hoje como ontem, pairam \u201cd\u00favidas\u201d sobre a Ressurrei\u00e7\u00e3o. Alguns n\u00e3o creem nela, porque o evangelista Mateus diz que as autoridades religiosas, maliciosamente, subornaram os guardas para que desmentissem a Ressurrei\u00e7\u00e3o de Cristo, dizendo que o corpo foi roubado enquanto dormiam; e \u201cesta vers\u00e3o continua at\u00e9 hoje\u201d (cf. Mt 28,11-15). Outros descreem porque as \u201capari\u00e7\u00f5es\u201d foram poucas e a um grupo seleto: algumas mulheres (cf. Mc 16,1-8), aos ap\u00f3stolos (cf. Jo 20,19-29) e a uns quinhentos disc\u00edpulos (cf. 1Cor 15,6).<\/p>\n<p style=\"color: #000000; text-align: left;\">Mais ainda: quando Paulo anunciou a Ressurrei\u00e7\u00e3o no are\u00f3pago de Atenas, os ouvintes\u00a0 \u201czombaram dele e disseram: sobre isso te ouviremos numa outra ocasi\u00e3o\u201d (cf. At 17,16-34). Ent\u00e3o\u2026 onde buscar a certeza da Ressurrei\u00e7\u00e3o?! Consideremos uma coisa: a Ressurrei\u00e7\u00e3o n\u00e3o consiste no reavivamento de um cad\u00e1ver, nem se explica com provas e argumentos. Para os crist\u00e3os, junto com o \u201csepulcro vazio\u201d e as \u201capari\u00e7\u00f5es\u201d, a Ressurrei\u00e7\u00e3o se fundamenta na dimens\u00e3o da f\u00e9 e da liberdade. \u00c9 o pr\u00f3prio Cristo quem o declara, textualmente: \u201cEu sou a Ressurrei\u00e7\u00e3o e a Vida. Quem crer em mim, ainda que esteja morto, viver\u00e1. E quem cr\u00ea em mim, jamais morrer\u00e1\u201d (Jo 11,25-26).<\/p>\n<p style=\"color: #000000; text-align: left;\">Se quisermos anunciar a Ressurrei\u00e7\u00e3o, comecemos a viver como ressuscitados, isto \u00e9, como pessoas que servem e se sacrificam pelo pr\u00f3ximo, que sabem amar e dar a vida por amor. Foi assim que Jesus viveu, e \u00e9 assim que poderemos nos tornar provas vivas da sua Ressurrei\u00e7\u00e3o. Ent\u00e3o, \u201cnosso corpo se revestir\u00e1 da incorruptibilidade e o nosso ser mortal, da imortalidade\u201d (1Cor 15,54). Este \u00e9 o verdadeiro sentido da Ressurrei\u00e7\u00e3o!<\/p>\n","protected":false},"excerpt":{"rendered":"<p>Artigo de Frei Luiz Iakovacz<\/p>\n","protected":false},"author":1,"featured_media":185605,"comment_status":"closed","ping_status":"open","sticky":false,"template":"","format":"standard","meta":{"footnotes":""},"categories":[26],"tags":[208],"yoast_head":"<!-- This site is optimized with the Yoast SEO plugin v19.4 - https:\/\/yoast.com\/wordpress\/plugins\/seo\/ -->\n<title>A maior e mais antiga festa crist\u00e3 - Vida Crist\u00e3 - Franciscanos<\/title>\n<meta name=\"robots\" content=\"index, follow, max-snippet:-1, max-image-preview:large, max-video-preview:-1\" \/>\n<link rel=\"canonical\" href=\"https:\/\/franciscanos.org.br\/vidacrista\/a-maior-e-mais-antiga-festa-crista-2\/\" \/>\n<meta property=\"og:locale\" content=\"pt_BR\" \/>\n<meta property=\"og:type\" content=\"article\" \/>\n<meta property=\"og:title\" content=\"A maior e mais antiga festa crist\u00e3 - Vida Crist\u00e3 - Franciscanos\" \/>\n<meta property=\"og:description\" content=\"Artigo de Frei Luiz Iakovacz\" \/>\n<meta property=\"og:url\" content=\"https:\/\/franciscanos.org.br\/vidacrista\/a-maior-e-mais-antiga-festa-crista-2\/\" \/>\n<meta property=\"og:site_name\" content=\"Vida Crist\u00e3 - Franciscanos\" \/>\n<meta property=\"article:published_time\" content=\"2011-06-30T11:23:43+00:00\" \/>\n<meta property=\"article:modified_time\" content=\"2020-07-09T14:56:03+00:00\" \/>\n<meta property=\"og:image\" content=\"https:\/\/franciscanos.org.br\/vidacrista\/wp-content\/uploads\/2012\/06\/cristo3.jpg\" \/>\n\t<meta property=\"og:image:width\" content=\"800\" \/>\n\t<meta property=\"og:image:height\" content=\"599\" \/>\n\t<meta property=\"og:image:type\" content=\"image\/jpeg\" \/>\n<meta name=\"author\" content=\"admin\" \/>\n<meta name=\"twitter:card\" content=\"summary_large_image\" \/>\n<meta name=\"twitter:label1\" content=\"Escrito por\" \/>\n\t<meta name=\"twitter:data1\" content=\"admin\" \/>\n\t<meta name=\"twitter:label2\" content=\"Est. tempo de leitura\" \/>\n\t<meta name=\"twitter:data2\" content=\"3 minutos\" \/>\n<script type=\"application\/ld+json\" class=\"yoast-schema-graph\">{\"@context\":\"https:\/\/schema.org\",\"@graph\":[{\"@type\":\"WebSite\",\"@id\":\"https:\/\/franciscanos.org.br\/vidacrista\/#website\",\"url\":\"https:\/\/franciscanos.org.br\/vidacrista\/\",\"name\":\"Vida Crist\u00e3 - Franciscanos\",\"description\":\"Prov\u00edncia Franciscana da Imaculada Concei\u00e7\u00e3o do Brasil - Ordem dos Frades Menores\",\"potentialAction\":[{\"@type\":\"SearchAction\",\"target\":{\"@type\":\"EntryPoint\",\"urlTemplate\":\"https:\/\/franciscanos.org.br\/vidacrista\/?s={search_term_string}\"},\"query-input\":\"required name=search_term_string\"}],\"inLanguage\":\"pt-BR\"},{\"@type\":\"WebPage\",\"@id\":\"https:\/\/franciscanos.org.br\/vidacrista\/a-maior-e-mais-antiga-festa-crista-2\/\",\"url\":\"https:\/\/franciscanos.org.br\/vidacrista\/a-maior-e-mais-antiga-festa-crista-2\/\",\"name\":\"A maior e mais antiga festa crist\u00e3 - Vida Crist\u00e3 - Franciscanos\",\"isPartOf\":{\"@id\":\"https:\/\/franciscanos.org.br\/vidacrista\/#website\"},\"datePublished\":\"2011-06-30T11:23:43+00:00\",\"dateModified\":\"2020-07-09T14:56:03+00:00\",\"author\":{\"@id\":\"https:\/\/franciscanos.org.br\/vidacrista\/#\/schema\/person\/133632ca93cec555316a35f76ab4153b\"},\"breadcrumb\":{\"@id\":\"https:\/\/franciscanos.org.br\/vidacrista\/a-maior-e-mais-antiga-festa-crista-2\/#breadcrumb\"},\"inLanguage\":\"pt-BR\",\"potentialAction\":[{\"@type\":\"ReadAction\",\"target\":[\"https:\/\/franciscanos.org.br\/vidacrista\/a-maior-e-mais-antiga-festa-crista-2\/\"]}]},{\"@type\":\"BreadcrumbList\",\"@id\":\"https:\/\/franciscanos.org.br\/vidacrista\/a-maior-e-mais-antiga-festa-crista-2\/#breadcrumb\",\"itemListElement\":[{\"@type\":\"ListItem\",\"position\":1,\"name\":\"Home\",\"item\":\"https:\/\/franciscanos.org.br\/vidacrista\/\"},{\"@type\":\"ListItem\",\"position\":2,\"name\":\"A maior e mais antiga festa crist\u00e3\"}]},{\"@type\":\"Person\",\"@id\":\"https:\/\/franciscanos.org.br\/vidacrista\/#\/schema\/person\/133632ca93cec555316a35f76ab4153b\",\"name\":\"admin\",\"image\":{\"@type\":\"ImageObject\",\"inLanguage\":\"pt-BR\",\"@id\":\"https:\/\/franciscanos.org.br\/vidacrista\/#\/schema\/person\/image\/\",\"url\":\"https:\/\/secure.gravatar.com\/avatar\/e8495742d34d0ba6448ea1c628263b3e?s=96&d=mm&r=g\",\"contentUrl\":\"https:\/\/secure.gravatar.com\/avatar\/e8495742d34d0ba6448ea1c628263b3e?s=96&d=mm&r=g\",\"caption\":\"admin\"},\"url\":\"https:\/\/franciscanos.org.br\/vidacrista\/author\/admin\/\"}]}<\/script>\n<!-- \/ Yoast SEO plugin. -->","yoast_head_json":{"title":"A maior e mais antiga festa crist\u00e3 - Vida Crist\u00e3 - Franciscanos","robots":{"index":"index","follow":"follow","max-snippet":"max-snippet:-1","max-image-preview":"max-image-preview:large","max-video-preview":"max-video-preview:-1"},"canonical":"https:\/\/franciscanos.org.br\/vidacrista\/a-maior-e-mais-antiga-festa-crista-2\/","og_locale":"pt_BR","og_type":"article","og_title":"A maior e mais antiga festa crist\u00e3 - Vida Crist\u00e3 - Franciscanos","og_description":"Artigo de Frei Luiz Iakovacz","og_url":"https:\/\/franciscanos.org.br\/vidacrista\/a-maior-e-mais-antiga-festa-crista-2\/","og_site_name":"Vida Crist\u00e3 - Franciscanos","article_published_time":"2011-06-30T11:23:43+00:00","article_modified_time":"2020-07-09T14:56:03+00:00","og_image":[{"width":800,"height":599,"url":"https:\/\/franciscanos.org.br\/vidacrista\/wp-content\/uploads\/2012\/06\/cristo3.jpg","type":"image\/jpeg"}],"author":"admin","twitter_card":"summary_large_image","twitter_misc":{"Escrito por":"admin","Est. tempo de leitura":"3 minutos"},"schema":{"@context":"https:\/\/schema.org","@graph":[{"@type":"WebSite","@id":"https:\/\/franciscanos.org.br\/vidacrista\/#website","url":"https:\/\/franciscanos.org.br\/vidacrista\/","name":"Vida Crist\u00e3 - Franciscanos","description":"Prov\u00edncia Franciscana da Imaculada Concei\u00e7\u00e3o do Brasil - Ordem dos Frades Menores","potentialAction":[{"@type":"SearchAction","target":{"@type":"EntryPoint","urlTemplate":"https:\/\/franciscanos.org.br\/vidacrista\/?s={search_term_string}"},"query-input":"required name=search_term_string"}],"inLanguage":"pt-BR"},{"@type":"WebPage","@id":"https:\/\/franciscanos.org.br\/vidacrista\/a-maior-e-mais-antiga-festa-crista-2\/","url":"https:\/\/franciscanos.org.br\/vidacrista\/a-maior-e-mais-antiga-festa-crista-2\/","name":"A maior e mais antiga festa crist\u00e3 - Vida Crist\u00e3 - Franciscanos","isPartOf":{"@id":"https:\/\/franciscanos.org.br\/vidacrista\/#website"},"datePublished":"2011-06-30T11:23:43+00:00","dateModified":"2020-07-09T14:56:03+00:00","author":{"@id":"https:\/\/franciscanos.org.br\/vidacrista\/#\/schema\/person\/133632ca93cec555316a35f76ab4153b"},"breadcrumb":{"@id":"https:\/\/franciscanos.org.br\/vidacrista\/a-maior-e-mais-antiga-festa-crista-2\/#breadcrumb"},"inLanguage":"pt-BR","potentialAction":[{"@type":"ReadAction","target":["https:\/\/franciscanos.org.br\/vidacrista\/a-maior-e-mais-antiga-festa-crista-2\/"]}]},{"@type":"BreadcrumbList","@id":"https:\/\/franciscanos.org.br\/vidacrista\/a-maior-e-mais-antiga-festa-crista-2\/#breadcrumb","itemListElement":[{"@type":"ListItem","position":1,"name":"Home","item":"https:\/\/franciscanos.org.br\/vidacrista\/"},{"@type":"ListItem","position":2,"name":"A maior e mais antiga festa crist\u00e3"}]},{"@type":"Person","@id":"https:\/\/franciscanos.org.br\/vidacrista\/#\/schema\/person\/133632ca93cec555316a35f76ab4153b","name":"admin","image":{"@type":"ImageObject","inLanguage":"pt-BR","@id":"https:\/\/franciscanos.org.br\/vidacrista\/#\/schema\/person\/image\/","url":"https:\/\/secure.gravatar.com\/avatar\/e8495742d34d0ba6448ea1c628263b3e?s=96&d=mm&r=g","contentUrl":"https:\/\/secure.gravatar.com\/avatar\/e8495742d34d0ba6448ea1c628263b3e?s=96&d=mm&r=g","caption":"admin"},"url":"https:\/\/franciscanos.org.br\/vidacrista\/author\/admin\/"}]}},"_links":{"self":[{"href":"https:\/\/franciscanos.org.br\/vidacrista\/wp-json\/wp\/v2\/posts\/63117"}],"collection":[{"href":"https:\/\/franciscanos.org.br\/vidacrista\/wp-json\/wp\/v2\/posts"}],"about":[{"href":"https:\/\/franciscanos.org.br\/vidacrista\/wp-json\/wp\/v2\/types\/post"}],"author":[{"embeddable":true,"href":"https:\/\/franciscanos.org.br\/vidacrista\/wp-json\/wp\/v2\/users\/1"}],"replies":[{"embeddable":true,"href":"https:\/\/franciscanos.org.br\/vidacrista\/wp-json\/wp\/v2\/comments?post=63117"}],"version-history":[{"count":2,"href":"https:\/\/franciscanos.org.br\/vidacrista\/wp-json\/wp\/v2\/posts\/63117\/revisions"}],"predecessor-version":[{"id":186488,"href":"https:\/\/franciscanos.org.br\/vidacrista\/wp-json\/wp\/v2\/posts\/63117\/revisions\/186488"}],"wp:featuredmedia":[{"embeddable":true,"href":"https:\/\/franciscanos.org.br\/vidacrista\/wp-json\/wp\/v2\/media\/185605"}],"wp:attachment":[{"href":"https:\/\/franciscanos.org.br\/vidacrista\/wp-json\/wp\/v2\/media?parent=63117"}],"wp:term":[{"taxonomy":"category","embeddable":true,"href":"https:\/\/franciscanos.org.br\/vidacrista\/wp-json\/wp\/v2\/categories?post=63117"},{"taxonomy":"post_tag","embeddable":true,"href":"https:\/\/franciscanos.org.br\/vidacrista\/wp-json\/wp\/v2\/tags?post=63117"}],"curies":[{"name":"wp","href":"https:\/\/api.w.org\/{rel}","templated":true}]}}