{"id":63110,"date":"2013-06-30T08:19:36","date_gmt":"2013-06-30T11:19:36","guid":{"rendered":"http:\/\/franciscanos.org.br\/?p=63110"},"modified":"2020-07-09T11:56:52","modified_gmt":"2020-07-09T14:56:52","slug":"simbolos-da-pascoa","status":"publish","type":"post","link":"https:\/\/franciscanos.org.br\/vidacrista\/simbolos-da-pascoa\/","title":{"rendered":"S\u00edmbolos da P\u00e1scoa"},"content":{"rendered":"<p style=\"color: #000000;\"><strong><img decoding=\"async\" loading=\"lazy\" class=\"alignright wp-image-63111 size-full\" src=\"http:\/\/franciscanos.org.br\/wp-content\/uploads\/2014\/06\/cf-1.jpg\" alt=\"cf (1)\" width=\"237\" height=\"600\" \/>Frei Luiz Iakovacz<\/strong><\/p>\n<p style=\"color: #000000;\">Os s\u00edmbolos pascais s\u00e3o muitos e os mais variados. Na Igreja Cat\u00f3lica, o Cordeiro e o C\u00edrio Pascal s\u00e3o os mais significativos, enquanto que o coelho e o ovo se identificam, quase que totalmente, com a tradi\u00e7\u00e3o popular.<\/p>\n<p style=\"color: #000000;\">O cordeiro \u00e9 um animal inocente e d\u00f3cil, e n\u00e3o tem nenhum mecanismo natural de defesa. Por isso, precisa de constante prote\u00e7\u00e3o. Quando levado ao matadouro, n\u00e3o berra nem faz esfor\u00e7os para escapar; ao contr\u00e1rio, n\u00e3o oferece resist\u00eancia e pode, at\u00e9, derramar uma l\u00e1grima silenciosa.<\/p>\n<p style=\"color: #000000;\">Quando o povo de Israel saiu do Egito, ap\u00f3s 430 de escravid\u00e3o (Ex 12,40), Jav\u00e9 mandou que se fizesse uma celebra\u00e7\u00e3o familiar. Nela, se imolaria um cordeiro, cuja carne seria o s\u00edmbolo de um alimento que o sustentaria durante os longos anos de retorno \u00e0 sua terra; o sangue, colocado nos umbrais das portas, seria sinal da Alian\u00e7a entre Deus e o povo.<\/p>\n<p style=\"color: #000000;\">Essa ceia foi chamada de P\u00e1scoa, a passagem da escravid\u00e3o para a liberdade (cf. Ex 12,1-14).<\/p>\n<p style=\"color: #000000;\">Cristo, ao celebrar sua \u00faltima ceia judaica, deu-lhe um novo sentido.\u00a0 Ele mesmo, livremente, se oferece como Cordeiro Pascal: \u201cTomai e comei, isto \u00e9 o eu Corpo que \u00e9 dado por v\u00f3s\u201d. Seu sangue, derramado na cruz, \u00e9 o \u201cSangue da Nova e Eterna Alian\u00e7a para o perd\u00e3o dos pecados\u201d. (cf. Lc 22,14-20).<\/p>\n<p style=\"color: #000000;\">O C\u00edrio Pascal \u00e9 o s\u00edmbolo do Cristo Ressuscitado que venceu as trevas da morte. Esta foi \u201cderrotada pela vida e n\u00e3o nos espanta mais\u201d (1Cor 15,55).<\/p>\n<p style=\"color: #000000;\">Por isso, o C\u00edrio \u00e9 adornado com 5 cravos em forma de cruz e com as letras gregas \u201calfa e \u00f4mega\u201d, que significam, Cristo \u00e9 o princ\u00edpio e o fim de tudo.<\/p>\n<p style=\"color: #000000;\">Na tradi\u00e7\u00e3o popular, os s\u00edmbolos que mais lembram a P\u00e1scoa s\u00e3o o coelho e o ovo.<\/p>\n<p style=\"color: #000000;\">O ovo remonta um costume muito antigo, anterior ao pr\u00f3prio Cristo. Com a chegada da primavera, tempo em que tudo refloresce, os agricultores cozinhavam ovos e os coloriam; depois, presenteavam-se, mutuamente, desejando um bom plantio e fartas colheitas.<\/p>\n<p style=\"color: #000000;\">O coelho \u00e9 um mam\u00edfero que passa boa parte do tempo, roendo e comendo. Depois do inferno, \u00e9 o primeiro que sai da toca \u00e0 procura de alimento. A gesta\u00e7\u00e3o de uma coelha \u00e9 de, apenas, 1 m\u00eas, gerando 4 a 6 filhotes; a amamenta\u00e7\u00e3o dura de 20 a 30 dias. Depois, o processo se repete. Por isso, \u00e9 o s\u00edmbolo da fertilidade.<\/p>\n<p style=\"color: #000000;\">\u00c0 exemplo da primavera, do plantio e das colheitas, \u2013 Cristo nos convida a produzirmos frutos, enquanto peregrinamos nesta terra (cf. Jo 15,1-6), mas, sobretudo, tenhamos a certeza de que, por mais rigoroso que seja o inverno da morte, ela foi vencida pela sua Ressurrei\u00e7\u00e3o.<\/p>\n","protected":false},"excerpt":{"rendered":"<p>Artigo de Frei Luiz Iakovacz<\/p>\n","protected":false},"author":1,"featured_media":185611,"comment_status":"closed","ping_status":"open","sticky":false,"template":"","format":"standard","meta":{"footnotes":""},"categories":[26],"tags":[208],"yoast_head":"<!-- This site is optimized with the Yoast SEO plugin v19.4 - https:\/\/yoast.com\/wordpress\/plugins\/seo\/ -->\n<title>S\u00edmbolos da P\u00e1scoa - Vida Crist\u00e3 - Franciscanos<\/title>\n<meta name=\"robots\" content=\"index, follow, max-snippet:-1, max-image-preview:large, max-video-preview:-1\" \/>\n<link rel=\"canonical\" href=\"https:\/\/franciscanos.org.br\/vidacrista\/simbolos-da-pascoa\/\" \/>\n<meta property=\"og:locale\" content=\"pt_BR\" \/>\n<meta property=\"og:type\" content=\"article\" \/>\n<meta property=\"og:title\" content=\"S\u00edmbolos da P\u00e1scoa - Vida Crist\u00e3 - Franciscanos\" \/>\n<meta property=\"og:description\" content=\"Artigo de Frei Luiz Iakovacz\" \/>\n<meta property=\"og:url\" content=\"https:\/\/franciscanos.org.br\/vidacrista\/simbolos-da-pascoa\/\" \/>\n<meta property=\"og:site_name\" content=\"Vida Crist\u00e3 - Franciscanos\" \/>\n<meta property=\"article:published_time\" content=\"2013-06-30T11:19:36+00:00\" \/>\n<meta property=\"article:modified_time\" content=\"2020-07-09T14:56:52+00:00\" \/>\n<meta property=\"og:image\" content=\"https:\/\/franciscanos.org.br\/vidacrista\/wp-content\/uploads\/2012\/06\/cf-1.jpg\" \/>\n\t<meta property=\"og:image:width\" content=\"800\" \/>\n\t<meta property=\"og:image:height\" content=\"604\" \/>\n\t<meta property=\"og:image:type\" content=\"image\/jpeg\" \/>\n<meta name=\"author\" content=\"admin\" \/>\n<meta name=\"twitter:card\" content=\"summary_large_image\" \/>\n<meta name=\"twitter:label1\" content=\"Escrito por\" \/>\n\t<meta name=\"twitter:data1\" content=\"admin\" \/>\n\t<meta name=\"twitter:label2\" content=\"Est. tempo de leitura\" \/>\n\t<meta name=\"twitter:data2\" content=\"2 minutos\" \/>\n<script type=\"application\/ld+json\" class=\"yoast-schema-graph\">{\"@context\":\"https:\/\/schema.org\",\"@graph\":[{\"@type\":\"WebSite\",\"@id\":\"https:\/\/franciscanos.org.br\/vidacrista\/#website\",\"url\":\"https:\/\/franciscanos.org.br\/vidacrista\/\",\"name\":\"Vida Crist\u00e3 - Franciscanos\",\"description\":\"Prov\u00edncia Franciscana da Imaculada Concei\u00e7\u00e3o do Brasil - Ordem dos Frades Menores\",\"potentialAction\":[{\"@type\":\"SearchAction\",\"target\":{\"@type\":\"EntryPoint\",\"urlTemplate\":\"https:\/\/franciscanos.org.br\/vidacrista\/?s={search_term_string}\"},\"query-input\":\"required name=search_term_string\"}],\"inLanguage\":\"pt-BR\"},{\"@type\":\"WebPage\",\"@id\":\"https:\/\/franciscanos.org.br\/vidacrista\/simbolos-da-pascoa\/\",\"url\":\"https:\/\/franciscanos.org.br\/vidacrista\/simbolos-da-pascoa\/\",\"name\":\"S\u00edmbolos da P\u00e1scoa - Vida Crist\u00e3 - Franciscanos\",\"isPartOf\":{\"@id\":\"https:\/\/franciscanos.org.br\/vidacrista\/#website\"},\"datePublished\":\"2013-06-30T11:19:36+00:00\",\"dateModified\":\"2020-07-09T14:56:52+00:00\",\"author\":{\"@id\":\"https:\/\/franciscanos.org.br\/vidacrista\/#\/schema\/person\/133632ca93cec555316a35f76ab4153b\"},\"breadcrumb\":{\"@id\":\"https:\/\/franciscanos.org.br\/vidacrista\/simbolos-da-pascoa\/#breadcrumb\"},\"inLanguage\":\"pt-BR\",\"potentialAction\":[{\"@type\":\"ReadAction\",\"target\":[\"https:\/\/franciscanos.org.br\/vidacrista\/simbolos-da-pascoa\/\"]}]},{\"@type\":\"BreadcrumbList\",\"@id\":\"https:\/\/franciscanos.org.br\/vidacrista\/simbolos-da-pascoa\/#breadcrumb\",\"itemListElement\":[{\"@type\":\"ListItem\",\"position\":1,\"name\":\"Home\",\"item\":\"https:\/\/franciscanos.org.br\/vidacrista\/\"},{\"@type\":\"ListItem\",\"position\":2,\"name\":\"S\u00edmbolos da P\u00e1scoa\"}]},{\"@type\":\"Person\",\"@id\":\"https:\/\/franciscanos.org.br\/vidacrista\/#\/schema\/person\/133632ca93cec555316a35f76ab4153b\",\"name\":\"admin\",\"image\":{\"@type\":\"ImageObject\",\"inLanguage\":\"pt-BR\",\"@id\":\"https:\/\/franciscanos.org.br\/vidacrista\/#\/schema\/person\/image\/\",\"url\":\"https:\/\/secure.gravatar.com\/avatar\/e8495742d34d0ba6448ea1c628263b3e?s=96&d=mm&r=g\",\"contentUrl\":\"https:\/\/secure.gravatar.com\/avatar\/e8495742d34d0ba6448ea1c628263b3e?s=96&d=mm&r=g\",\"caption\":\"admin\"},\"url\":\"https:\/\/franciscanos.org.br\/vidacrista\/author\/admin\/\"}]}<\/script>\n<!-- \/ Yoast SEO plugin. -->","yoast_head_json":{"title":"S\u00edmbolos da P\u00e1scoa - Vida Crist\u00e3 - Franciscanos","robots":{"index":"index","follow":"follow","max-snippet":"max-snippet:-1","max-image-preview":"max-image-preview:large","max-video-preview":"max-video-preview:-1"},"canonical":"https:\/\/franciscanos.org.br\/vidacrista\/simbolos-da-pascoa\/","og_locale":"pt_BR","og_type":"article","og_title":"S\u00edmbolos da P\u00e1scoa - Vida Crist\u00e3 - Franciscanos","og_description":"Artigo de Frei Luiz Iakovacz","og_url":"https:\/\/franciscanos.org.br\/vidacrista\/simbolos-da-pascoa\/","og_site_name":"Vida Crist\u00e3 - Franciscanos","article_published_time":"2013-06-30T11:19:36+00:00","article_modified_time":"2020-07-09T14:56:52+00:00","og_image":[{"width":800,"height":604,"url":"https:\/\/franciscanos.org.br\/vidacrista\/wp-content\/uploads\/2012\/06\/cf-1.jpg","type":"image\/jpeg"}],"author":"admin","twitter_card":"summary_large_image","twitter_misc":{"Escrito por":"admin","Est. tempo de leitura":"2 minutos"},"schema":{"@context":"https:\/\/schema.org","@graph":[{"@type":"WebSite","@id":"https:\/\/franciscanos.org.br\/vidacrista\/#website","url":"https:\/\/franciscanos.org.br\/vidacrista\/","name":"Vida Crist\u00e3 - Franciscanos","description":"Prov\u00edncia Franciscana da Imaculada Concei\u00e7\u00e3o do Brasil - Ordem dos Frades Menores","potentialAction":[{"@type":"SearchAction","target":{"@type":"EntryPoint","urlTemplate":"https:\/\/franciscanos.org.br\/vidacrista\/?s={search_term_string}"},"query-input":"required name=search_term_string"}],"inLanguage":"pt-BR"},{"@type":"WebPage","@id":"https:\/\/franciscanos.org.br\/vidacrista\/simbolos-da-pascoa\/","url":"https:\/\/franciscanos.org.br\/vidacrista\/simbolos-da-pascoa\/","name":"S\u00edmbolos da P\u00e1scoa - Vida Crist\u00e3 - Franciscanos","isPartOf":{"@id":"https:\/\/franciscanos.org.br\/vidacrista\/#website"},"datePublished":"2013-06-30T11:19:36+00:00","dateModified":"2020-07-09T14:56:52+00:00","author":{"@id":"https:\/\/franciscanos.org.br\/vidacrista\/#\/schema\/person\/133632ca93cec555316a35f76ab4153b"},"breadcrumb":{"@id":"https:\/\/franciscanos.org.br\/vidacrista\/simbolos-da-pascoa\/#breadcrumb"},"inLanguage":"pt-BR","potentialAction":[{"@type":"ReadAction","target":["https:\/\/franciscanos.org.br\/vidacrista\/simbolos-da-pascoa\/"]}]},{"@type":"BreadcrumbList","@id":"https:\/\/franciscanos.org.br\/vidacrista\/simbolos-da-pascoa\/#breadcrumb","itemListElement":[{"@type":"ListItem","position":1,"name":"Home","item":"https:\/\/franciscanos.org.br\/vidacrista\/"},{"@type":"ListItem","position":2,"name":"S\u00edmbolos da P\u00e1scoa"}]},{"@type":"Person","@id":"https:\/\/franciscanos.org.br\/vidacrista\/#\/schema\/person\/133632ca93cec555316a35f76ab4153b","name":"admin","image":{"@type":"ImageObject","inLanguage":"pt-BR","@id":"https:\/\/franciscanos.org.br\/vidacrista\/#\/schema\/person\/image\/","url":"https:\/\/secure.gravatar.com\/avatar\/e8495742d34d0ba6448ea1c628263b3e?s=96&d=mm&r=g","contentUrl":"https:\/\/secure.gravatar.com\/avatar\/e8495742d34d0ba6448ea1c628263b3e?s=96&d=mm&r=g","caption":"admin"},"url":"https:\/\/franciscanos.org.br\/vidacrista\/author\/admin\/"}]}},"_links":{"self":[{"href":"https:\/\/franciscanos.org.br\/vidacrista\/wp-json\/wp\/v2\/posts\/63110"}],"collection":[{"href":"https:\/\/franciscanos.org.br\/vidacrista\/wp-json\/wp\/v2\/posts"}],"about":[{"href":"https:\/\/franciscanos.org.br\/vidacrista\/wp-json\/wp\/v2\/types\/post"}],"author":[{"embeddable":true,"href":"https:\/\/franciscanos.org.br\/vidacrista\/wp-json\/wp\/v2\/users\/1"}],"replies":[{"embeddable":true,"href":"https:\/\/franciscanos.org.br\/vidacrista\/wp-json\/wp\/v2\/comments?post=63110"}],"version-history":[{"count":2,"href":"https:\/\/franciscanos.org.br\/vidacrista\/wp-json\/wp\/v2\/posts\/63110\/revisions"}],"predecessor-version":[{"id":186489,"href":"https:\/\/franciscanos.org.br\/vidacrista\/wp-json\/wp\/v2\/posts\/63110\/revisions\/186489"}],"wp:featuredmedia":[{"embeddable":true,"href":"https:\/\/franciscanos.org.br\/vidacrista\/wp-json\/wp\/v2\/media\/185611"}],"wp:attachment":[{"href":"https:\/\/franciscanos.org.br\/vidacrista\/wp-json\/wp\/v2\/media?parent=63110"}],"wp:term":[{"taxonomy":"category","embeddable":true,"href":"https:\/\/franciscanos.org.br\/vidacrista\/wp-json\/wp\/v2\/categories?post=63110"},{"taxonomy":"post_tag","embeddable":true,"href":"https:\/\/franciscanos.org.br\/vidacrista\/wp-json\/wp\/v2\/tags?post=63110"}],"curies":[{"name":"wp","href":"https:\/\/api.w.org\/{rel}","templated":true}]}}