{"id":63107,"date":"2010-06-30T08:17:28","date_gmt":"2010-06-30T11:17:28","guid":{"rendered":"http:\/\/franciscanos.org.br\/?p=63107"},"modified":"2020-07-09T11:57:28","modified_gmt":"2020-07-09T14:57:28","slug":"semana-santa-2","status":"publish","type":"post","link":"https:\/\/franciscanos.org.br\/vidacrista\/semana-santa-2\/","title":{"rendered":"Semana Santa"},"content":{"rendered":"<p style=\"color: #000000;\"><strong><img decoding=\"async\" loading=\"lazy\" class=\"alignright wp-image-63108 size-full\" src=\"http:\/\/franciscanos.org.br\/wp-content\/uploads\/2014\/06\/cruz1.jpg\" alt=\"cruz1\" width=\"450\" height=\"586\" \/>Frei Luiz Iakovacz\u00a0<\/strong><\/p>\n<p style=\"color: #000000;\">A Semana Santa \u00e9 uma semana como as outras, com os mesmos dias e horas. Por\u00e9m, \u00e9 santa porque, nela, recordamos os \u00faltimos momentos da vida de Jesus, desde sua entrada em Jerusal\u00e9m at\u00e9 a Paix\u00e3o, Morte, Sepultura e Ressurrei\u00e7\u00e3o.\u00a0 Foram dias tensos, onde Cristo passou por dores f\u00edsicas (pris\u00e3o, a\u00e7oites, morte sangrenta) e, tamb\u00e9m, por ofensas que atingiram seu cora\u00e7\u00e3o (trai\u00e7\u00e3o e abandono, humilha\u00e7\u00e3o e provoca\u00e7\u00f5es, falsos testemunhos e condena\u00e7\u00e3o de um inocente). Durante todo este processo, manteve uma postura equilibrada e, em momento algum, se alterou; ao contr\u00e1rio, com serenidade e seguran\u00e7a disse o que devia ser dito, ou ficava em sil\u00eancio porque, muitas vezes, este \u00e9 mais eloquente que as palavras; comunicava-se, ent\u00e3o, com gestos e olhares de um cora\u00e7\u00e3o amoroso, cheio de miseric\u00f3rdia e perd\u00e3o. Por isso \u201cDeus o ressuscitou e o constituiu Cristo e Senhor\u201d (At 2, 32.36).<\/p>\n<p style=\"color: #000000;\">Como e onde come\u00e7ou a Semana Santa?! Por que tanto sofrimento e jejum?!<\/p>\n<p style=\"color: #000000;\">Numa ocasi\u00e3o, Jesus foi questionado: por que os fariseus e os disc\u00edpulos de Jo\u00e3o Batista jejuam e os ap\u00f3stolos, n\u00e3o?! Em resposta, disse que os convidados de um casamento n\u00e3o podem ficar de luto, enquanto o noivo est\u00e1 com eles; quando este for tirado, ent\u00e3o, jejuar\u00e3o (cf. Mt 9,14-15). Diante disso, os disc\u00edpulos reuniam-se na sexta-feira e s\u00e1bado, em rigoroso jejum, lembrando o sofrimento e morte do Salvador. Logo depois, come\u00e7ou a fazer parte, deste jejum, a quarta-feira, dia em que as lideran\u00e7as judaicas decidiram matar Jesus (cf. Mc 14,1-2), e a entrada em Jerusal\u00e9m, montado num jumento (cf. Lc 19,29-39). Mais tarde, uns 400 a 450 anos depois, esta semana come\u00e7ou a ser chamada de Semana Santa, com mais dois desdobramentos: um tempo anterior, chamado de Quaresma (40 dias), e outro posterior, tempo pascal at\u00e9 Pentecostes (50 dias).<\/p>\n<p style=\"color: #000000;\">Duas \u201ccuriosidades\u201d sobre a Semana Santa: por que se come peixe na Sexta-Feira e por que \u00e9 sempre lua cheia?!<\/p>\n<p style=\"color: #000000;\">Sobre o comer peixe, h\u00e1 v\u00e1rias opini\u00f5es. Uns dizem que \u00e9 tradi\u00e7\u00e3o inventada por homens; outros, porque o peixe tem sangue frio; outros, ainda, afirmam que a Igreja quis favorecer os pescadores, na venda de seu pescado; enfim, h\u00e1 estudiosos que veem, na escrita da palavra grega \u201cpeixe\u201d, o acr\u00f3stico \u201cJesus Cristo, Filho de Deus, \u00e9 o Salvador\u201d.<\/p>\n<p style=\"color: #000000;\">Para entender a curiosidade da lua cheia, precisamos estar cientes que a B\u00edblia relata a caminhada de f\u00e9 do Povo de Israel, cujo pa\u00eds est\u00e1 localizado no Hemisf\u00e9rio Norte. Ali, o inverno \u00e9 muito rigoroso, com geadas e neve. A natureza fica como que morta e sem vida. Por\u00e9m, quando rompe a primavera, tudo se renova. Assim, tamb\u00e9m, foi a morte de Cristo: tudo parecia estar acabado, mas a Ressurrei\u00e7\u00e3o trouxe vida nova. Por isso, a festa da P\u00e1scoa sempre acontece na primeira lua cheia depois do in\u00edcio da primavera. Ela lembra que o amor de Deus \u00e9 total, n\u00e3o em partes ou pela metade. \u201cProva de amor maior n\u00e3o h\u00e1, do que doar a vida pelo irm\u00e3o\u201d (Jo 15,13).<\/p>\n<p style=\"color: #000000;\">Por fim, com nosso pensamento voltado para o Cristo sofredor e ressuscitado, fa\u00e7amos desta semana uma Semana Santa e, n\u00e3o, um simples feriado.<\/p>\n","protected":false},"excerpt":{"rendered":"<p>Artigo de Frei Luiz Iakovacz<\/p>\n","protected":false},"author":1,"featured_media":185613,"comment_status":"closed","ping_status":"open","sticky":false,"template":"","format":"standard","meta":{"footnotes":""},"categories":[26],"tags":[208],"yoast_head":"<!-- This site is optimized with the Yoast SEO plugin v19.4 - https:\/\/yoast.com\/wordpress\/plugins\/seo\/ -->\n<title>Semana Santa - Vida Crist\u00e3 - Franciscanos<\/title>\n<meta name=\"robots\" content=\"index, follow, max-snippet:-1, max-image-preview:large, max-video-preview:-1\" \/>\n<link rel=\"canonical\" href=\"https:\/\/franciscanos.org.br\/vidacrista\/semana-santa-2\/\" \/>\n<meta property=\"og:locale\" content=\"pt_BR\" \/>\n<meta property=\"og:type\" content=\"article\" \/>\n<meta property=\"og:title\" content=\"Semana Santa - Vida Crist\u00e3 - Franciscanos\" \/>\n<meta property=\"og:description\" content=\"Artigo de Frei Luiz Iakovacz\" \/>\n<meta property=\"og:url\" content=\"https:\/\/franciscanos.org.br\/vidacrista\/semana-santa-2\/\" \/>\n<meta property=\"og:site_name\" content=\"Vida Crist\u00e3 - Franciscanos\" \/>\n<meta property=\"article:published_time\" content=\"2010-06-30T11:17:28+00:00\" \/>\n<meta property=\"article:modified_time\" content=\"2020-07-09T14:57:28+00:00\" \/>\n<meta property=\"og:image\" content=\"https:\/\/franciscanos.org.br\/vidacrista\/wp-content\/uploads\/2012\/06\/cruz1.jpg\" \/>\n\t<meta property=\"og:image:width\" content=\"800\" \/>\n\t<meta property=\"og:image:height\" content=\"601\" \/>\n\t<meta property=\"og:image:type\" content=\"image\/jpeg\" \/>\n<meta name=\"author\" content=\"admin\" \/>\n<meta name=\"twitter:card\" content=\"summary_large_image\" \/>\n<meta name=\"twitter:label1\" content=\"Escrito por\" \/>\n\t<meta name=\"twitter:data1\" content=\"admin\" \/>\n\t<meta name=\"twitter:label2\" content=\"Est. tempo de leitura\" \/>\n\t<meta name=\"twitter:data2\" content=\"3 minutos\" \/>\n<script type=\"application\/ld+json\" class=\"yoast-schema-graph\">{\"@context\":\"https:\/\/schema.org\",\"@graph\":[{\"@type\":\"WebSite\",\"@id\":\"https:\/\/franciscanos.org.br\/vidacrista\/#website\",\"url\":\"https:\/\/franciscanos.org.br\/vidacrista\/\",\"name\":\"Vida Crist\u00e3 - Franciscanos\",\"description\":\"Prov\u00edncia Franciscana da Imaculada Concei\u00e7\u00e3o do Brasil - Ordem dos Frades Menores\",\"potentialAction\":[{\"@type\":\"SearchAction\",\"target\":{\"@type\":\"EntryPoint\",\"urlTemplate\":\"https:\/\/franciscanos.org.br\/vidacrista\/?s={search_term_string}\"},\"query-input\":\"required name=search_term_string\"}],\"inLanguage\":\"pt-BR\"},{\"@type\":\"WebPage\",\"@id\":\"https:\/\/franciscanos.org.br\/vidacrista\/semana-santa-2\/\",\"url\":\"https:\/\/franciscanos.org.br\/vidacrista\/semana-santa-2\/\",\"name\":\"Semana Santa - Vida Crist\u00e3 - Franciscanos\",\"isPartOf\":{\"@id\":\"https:\/\/franciscanos.org.br\/vidacrista\/#website\"},\"datePublished\":\"2010-06-30T11:17:28+00:00\",\"dateModified\":\"2020-07-09T14:57:28+00:00\",\"author\":{\"@id\":\"https:\/\/franciscanos.org.br\/vidacrista\/#\/schema\/person\/133632ca93cec555316a35f76ab4153b\"},\"breadcrumb\":{\"@id\":\"https:\/\/franciscanos.org.br\/vidacrista\/semana-santa-2\/#breadcrumb\"},\"inLanguage\":\"pt-BR\",\"potentialAction\":[{\"@type\":\"ReadAction\",\"target\":[\"https:\/\/franciscanos.org.br\/vidacrista\/semana-santa-2\/\"]}]},{\"@type\":\"BreadcrumbList\",\"@id\":\"https:\/\/franciscanos.org.br\/vidacrista\/semana-santa-2\/#breadcrumb\",\"itemListElement\":[{\"@type\":\"ListItem\",\"position\":1,\"name\":\"Home\",\"item\":\"https:\/\/franciscanos.org.br\/vidacrista\/\"},{\"@type\":\"ListItem\",\"position\":2,\"name\":\"Semana Santa\"}]},{\"@type\":\"Person\",\"@id\":\"https:\/\/franciscanos.org.br\/vidacrista\/#\/schema\/person\/133632ca93cec555316a35f76ab4153b\",\"name\":\"admin\",\"image\":{\"@type\":\"ImageObject\",\"inLanguage\":\"pt-BR\",\"@id\":\"https:\/\/franciscanos.org.br\/vidacrista\/#\/schema\/person\/image\/\",\"url\":\"https:\/\/secure.gravatar.com\/avatar\/e8495742d34d0ba6448ea1c628263b3e?s=96&d=mm&r=g\",\"contentUrl\":\"https:\/\/secure.gravatar.com\/avatar\/e8495742d34d0ba6448ea1c628263b3e?s=96&d=mm&r=g\",\"caption\":\"admin\"},\"url\":\"https:\/\/franciscanos.org.br\/vidacrista\/author\/admin\/\"}]}<\/script>\n<!-- \/ Yoast SEO plugin. -->","yoast_head_json":{"title":"Semana Santa - Vida Crist\u00e3 - Franciscanos","robots":{"index":"index","follow":"follow","max-snippet":"max-snippet:-1","max-image-preview":"max-image-preview:large","max-video-preview":"max-video-preview:-1"},"canonical":"https:\/\/franciscanos.org.br\/vidacrista\/semana-santa-2\/","og_locale":"pt_BR","og_type":"article","og_title":"Semana Santa - Vida Crist\u00e3 - Franciscanos","og_description":"Artigo de Frei Luiz Iakovacz","og_url":"https:\/\/franciscanos.org.br\/vidacrista\/semana-santa-2\/","og_site_name":"Vida Crist\u00e3 - Franciscanos","article_published_time":"2010-06-30T11:17:28+00:00","article_modified_time":"2020-07-09T14:57:28+00:00","og_image":[{"width":800,"height":601,"url":"https:\/\/franciscanos.org.br\/vidacrista\/wp-content\/uploads\/2012\/06\/cruz1.jpg","type":"image\/jpeg"}],"author":"admin","twitter_card":"summary_large_image","twitter_misc":{"Escrito por":"admin","Est. tempo de leitura":"3 minutos"},"schema":{"@context":"https:\/\/schema.org","@graph":[{"@type":"WebSite","@id":"https:\/\/franciscanos.org.br\/vidacrista\/#website","url":"https:\/\/franciscanos.org.br\/vidacrista\/","name":"Vida Crist\u00e3 - Franciscanos","description":"Prov\u00edncia Franciscana da Imaculada Concei\u00e7\u00e3o do Brasil - Ordem dos Frades Menores","potentialAction":[{"@type":"SearchAction","target":{"@type":"EntryPoint","urlTemplate":"https:\/\/franciscanos.org.br\/vidacrista\/?s={search_term_string}"},"query-input":"required name=search_term_string"}],"inLanguage":"pt-BR"},{"@type":"WebPage","@id":"https:\/\/franciscanos.org.br\/vidacrista\/semana-santa-2\/","url":"https:\/\/franciscanos.org.br\/vidacrista\/semana-santa-2\/","name":"Semana Santa - Vida Crist\u00e3 - Franciscanos","isPartOf":{"@id":"https:\/\/franciscanos.org.br\/vidacrista\/#website"},"datePublished":"2010-06-30T11:17:28+00:00","dateModified":"2020-07-09T14:57:28+00:00","author":{"@id":"https:\/\/franciscanos.org.br\/vidacrista\/#\/schema\/person\/133632ca93cec555316a35f76ab4153b"},"breadcrumb":{"@id":"https:\/\/franciscanos.org.br\/vidacrista\/semana-santa-2\/#breadcrumb"},"inLanguage":"pt-BR","potentialAction":[{"@type":"ReadAction","target":["https:\/\/franciscanos.org.br\/vidacrista\/semana-santa-2\/"]}]},{"@type":"BreadcrumbList","@id":"https:\/\/franciscanos.org.br\/vidacrista\/semana-santa-2\/#breadcrumb","itemListElement":[{"@type":"ListItem","position":1,"name":"Home","item":"https:\/\/franciscanos.org.br\/vidacrista\/"},{"@type":"ListItem","position":2,"name":"Semana Santa"}]},{"@type":"Person","@id":"https:\/\/franciscanos.org.br\/vidacrista\/#\/schema\/person\/133632ca93cec555316a35f76ab4153b","name":"admin","image":{"@type":"ImageObject","inLanguage":"pt-BR","@id":"https:\/\/franciscanos.org.br\/vidacrista\/#\/schema\/person\/image\/","url":"https:\/\/secure.gravatar.com\/avatar\/e8495742d34d0ba6448ea1c628263b3e?s=96&d=mm&r=g","contentUrl":"https:\/\/secure.gravatar.com\/avatar\/e8495742d34d0ba6448ea1c628263b3e?s=96&d=mm&r=g","caption":"admin"},"url":"https:\/\/franciscanos.org.br\/vidacrista\/author\/admin\/"}]}},"_links":{"self":[{"href":"https:\/\/franciscanos.org.br\/vidacrista\/wp-json\/wp\/v2\/posts\/63107"}],"collection":[{"href":"https:\/\/franciscanos.org.br\/vidacrista\/wp-json\/wp\/v2\/posts"}],"about":[{"href":"https:\/\/franciscanos.org.br\/vidacrista\/wp-json\/wp\/v2\/types\/post"}],"author":[{"embeddable":true,"href":"https:\/\/franciscanos.org.br\/vidacrista\/wp-json\/wp\/v2\/users\/1"}],"replies":[{"embeddable":true,"href":"https:\/\/franciscanos.org.br\/vidacrista\/wp-json\/wp\/v2\/comments?post=63107"}],"version-history":[{"count":2,"href":"https:\/\/franciscanos.org.br\/vidacrista\/wp-json\/wp\/v2\/posts\/63107\/revisions"}],"predecessor-version":[{"id":186490,"href":"https:\/\/franciscanos.org.br\/vidacrista\/wp-json\/wp\/v2\/posts\/63107\/revisions\/186490"}],"wp:featuredmedia":[{"embeddable":true,"href":"https:\/\/franciscanos.org.br\/vidacrista\/wp-json\/wp\/v2\/media\/185613"}],"wp:attachment":[{"href":"https:\/\/franciscanos.org.br\/vidacrista\/wp-json\/wp\/v2\/media?parent=63107"}],"wp:term":[{"taxonomy":"category","embeddable":true,"href":"https:\/\/franciscanos.org.br\/vidacrista\/wp-json\/wp\/v2\/categories?post=63107"},{"taxonomy":"post_tag","embeddable":true,"href":"https:\/\/franciscanos.org.br\/vidacrista\/wp-json\/wp\/v2\/tags?post=63107"}],"curies":[{"name":"wp","href":"https:\/\/api.w.org\/{rel}","templated":true}]}}