{"id":63098,"date":"2012-06-30T08:11:31","date_gmt":"2012-06-30T11:11:31","guid":{"rendered":"http:\/\/franciscanos.org.br\/?p=63098"},"modified":"2020-07-09T13:24:09","modified_gmt":"2020-07-09T16:24:09","slug":"trafico-humano","status":"publish","type":"post","link":"https:\/\/franciscanos.org.br\/vidacrista\/trafico-humano\/","title":{"rendered":"Tr\u00e1fico humano"},"content":{"rendered":"<p style=\"color: #000000; text-align: left;\" align=\"center\"><strong><img decoding=\"async\" loading=\"lazy\" class=\"alignright size-full wp-image-63099\" src=\"http:\/\/franciscanos.org.br\/wp-content\/uploads\/2014\/06\/cf.jpg\" alt=\"cf\" width=\"450\" height=\"650\" \/>Frei Luiz Iakovacz<\/strong><\/p>\n<p style=\"color: #000000; text-align: left;\">Em cada Campanha da Fraternidade, a Igreja Cat\u00f3lica prop\u00f5e a seus fi\u00e9is temas sociais, iluminando-os com a Palavra de Deus e, assim, busca fortalecer nossa f\u00e9. O Tr\u00e1fico Humano \u00e9 um assunto delicado, mas oportuno. Em 1999, na cidade de Palermo (It\u00e1lia), lideran\u00e7as mundiais se reuniram para debater esta quest\u00e3o. No final, os participantes publicaram um manifesto que ficou conhecido como \u201cProtocolo de Palermo\u201d. Seu conte\u00fado foi assumido pela Organiza\u00e7\u00e3o das Na\u00e7\u00f5es Unidas (ONU) em 2000, e est\u00e1 em vigor, desde 2003. Ao definir o Tr\u00e1fico Humano, o texto afirma que \u00e9 crime recrutar e transportar pessoas para explor\u00e1-las sexualmente, ou mant\u00ea-las em trabalho an\u00e1logo ao de escravid\u00e3o, ou, ainda, extrair \u00f3rg\u00e3os humanos e comercializ\u00e1-los. Para que estes fatos n\u00e3o cheguem ao conhecimento do p\u00fablico, as v\u00edtimas vivem em alojamentos vigiados e sob constantes amea\u00e7as. Com isso, exploraram-se pessoas para o enriquecimento il\u00edcito de\u00a0 alguns. A ONU calcula que, anualmente, circulam cerca de 32 bilh\u00f5es de d\u00f3lares, ou, aproximadamente, R$ 70 bilh\u00f5es de reais. Esta \u201cind\u00fastria\u201d fica atr\u00e1s, apenas, do com\u00e9rcio das drogas e de armas.<\/p>\n<p style=\"color: #000000; text-align: left;\">A Organiza\u00e7\u00e3o Internacional do Trabalho (OIT) estima que 2,5 milh\u00f5es de pessoas s\u00e3o traficadas, a cada ano. Recentemente, o instituto \u201cPesquisa sobre Tr\u00e1fico Humano de Mulheres, Crian\u00e7as e Adolescentes\u201d detectou, s\u00f3 aqui no Brasil, 241 rotas, sendo 131 internacionais, 78 interestaduais e 32 intermunicipais. O tr\u00e1fico \u00e9 um crime organizado e silencioso que envolve um conjunto de c\u00famplices: os que exploram, os transportadores, os prestadores de assist\u00eancia jur\u00eddica, os \u201cpara\u00edsos fiscais\u201d para lavagem do dinheiro, m\u00e9dicos e cl\u00ednicas para extra\u00e7\u00e3o de \u00f3rg\u00e3os. Neste contexto, \u00e9 quase imposs\u00edvel n\u00e3o pensar na participa\u00e7\u00e3o, tamb\u00e9m, do Poder P\u00fablico e outras entidades. Quais s\u00e3o as causas?!<\/p>\n<p style=\"color: #000000; text-align: left;\">De um lado, temos o capitalismo selvagem com sua insaci\u00e1vel sede de lucro; de outro, uma multid\u00e3o que vive em situa\u00e7\u00e3o de vulnerabilidade, lutando para sobreviver. Diante disso, as v\u00edtimas se tornam presas f\u00e1ceis dos aliciadores. Como pescadores que sabem onde e como apanhar o peixe, atraem pessoas com promessas de bom emprego, altos sal\u00e1rios, portas abertas para o sucesso, documenta\u00e7\u00e3o assegurada para viajar e outras benesses. Mesmo desconfiadas, as pessoas se arriscam. Depois de algum tempo, longe de sua terra e fam\u00edlia, sentem que ca\u00edram nas malhas do tr\u00e1fico, \u201cs\u00e3o exploradas e vivem sob amea\u00e7as e sem liberdade de sair dessa situa\u00e7\u00e3o\u201d, diz o Protocolo de Palermo. Se implantarmos, com nossa luta, Pol\u00edticas P\u00fablicas que oportunizem trabalho digno e sal\u00e1rio justo, sem d\u00favida, o tr\u00e1fico, tamb\u00e9m, diminuir. Muitos ficam indignados ante essa realidade; outros, desabafam, como fez o Papa Francisco: \u201cO Tr\u00e1fico Humano \u00e9 uma atividade ign\u00f3bil, uma vergonha para nossa sociedade que se diz civilizada\u201d; por\u00e9m, todos somos convocados a abra\u00e7ar esta causa. Como \u201cenfrentar\u201d o poderoso e sofisticado crime organizado?! Que perspectivas a B\u00edblia nos apresenta?!<\/p>\n<p style=\"color: #000000; text-align: left;\">Em primeiro lugar, precisamos estar cientes que, no espa\u00e7o de tempo em que ela foi escrita (durante mais de mil anos), a escravid\u00e3o era uma pr\u00e1tica normal em todos os pa\u00edses e culturas. Por\u00e9m, o povo de Israel estabelece normas para a liberta\u00e7\u00e3o do escravo: \u201cQuando algu\u00e9m for vendido como escravo, ele te servir\u00e1 durante seis anos; no s\u00e9timo ano, dar-lhe-\u00e1s a liberdade, mas n\u00e3o de m\u00e3os vazias; ao contr\u00e1rio, carregue os ombros dele com o produto do teu rebanho e de tuas colheitas; d\u00ea-lhe, tamb\u00e9m, a b\u00ean\u00e7\u00e3o\u201d (Dt 15,12-15). Essa mesma atitude, a encontramos em Jesus. Ele conviveu e solidarizou-se com os marginalizados e sofredores: \u201cVendo as multid\u00f5es, Jesus moveu-se de compaix\u00e3o porque estavam cansadas e abatidas, como ovelhas sem pastor\u201d (Mt 9,36).<\/p>\n<p style=\"color: #000000; text-align: left;\">Por outro lado, n\u00e3o se intimidou diante das autoridades, tanto pol\u00edticas como religiosas, e se indignou com aqueles que ignoravam o sofrimento alheio, mesmo que, com isso, fosse amea\u00e7ado de morte: \u201c\u2026 passando sobre eles um olhar indignado e entristecido com a dureza de seus cora\u00e7\u00f5es, disse ao homem de m\u00e3o seca: \u00b4estende a tua m\u00e3o\u00b4; ele a estendeu e ficou curado. Ao sa\u00edrem da sinagoga, os fariseus, junto com alguns do partido de Herodes, fizeram um plano para matar Jesus\u201d (Mc 3,5-6). Hoje, apoiados na B\u00edblia, precisamos ter uma postura contra o Tr\u00e1fico Humano. Sabemos que seu objetivo \u00e9 a explora\u00e7\u00e3o humana. \u00c9 fruto de uma pol\u00edtica neoliberal-capitalista. Sobre isso, a B\u00edblia nos alerta, dizendo que \u201cgan\u00e2ncia \u00e9 uma idolatria\u201d (cf. Cl 3,5; Ef 5,5), e \u00e9, tamb\u00e9m, a \u201craiz de todos os males\u201d (1Tm 6,10).\u00a0 Por fim, \u00e9 de fundamental import\u00e2ncia conscientizarmo-nos de que o tr\u00e1fico pode estar ao nosso redor, s\u00f3 que n\u00e3o \u00e9 f\u00e1cil perceb\u00ea-lo porque \u00e9 \u201cinvis\u00edvel\u201d \u00e0 maioria das pessoas.\u00a0 Por sua vez, as v\u00edtimas e seus familiares, tamb\u00e9m, n\u00e3o se manifestam porque, quase sempre, vivem sob constantes amea\u00e7as.<\/p>\n<p style=\"color: #000000; text-align: left;\">Por isso, cabe a cada um de n\u00f3s que, ao tomarmos conhecimento de qualquer fato, a coragem de denunciar: disque 100 \u2013 Secretaria dos Direitos Humanos da Presid\u00eancia da Rep\u00fablica; disque 180 \u2013 Central de Atendimento \u00e0 Mulher, ou outros; a liga\u00e7\u00e3o \u00e9 gratuita e sigilosa. N\u00e3o podemos nos omitir, pois somos \u201cum por todos e todos por um\u201d.<\/p>\n","protected":false},"excerpt":{"rendered":"<p>Artigo de Frei Luiz Iakovacz<\/p>\n","protected":false},"author":1,"featured_media":185617,"comment_status":"closed","ping_status":"open","sticky":false,"template":"","format":"standard","meta":{"footnotes":""},"categories":[26],"tags":[208],"yoast_head":"<!-- This site is optimized with the Yoast SEO plugin v19.4 - https:\/\/yoast.com\/wordpress\/plugins\/seo\/ -->\n<title>Tr\u00e1fico humano - Vida Crist\u00e3 - Franciscanos<\/title>\n<meta name=\"robots\" content=\"index, follow, max-snippet:-1, max-image-preview:large, max-video-preview:-1\" \/>\n<link rel=\"canonical\" href=\"https:\/\/franciscanos.org.br\/vidacrista\/trafico-humano\/\" \/>\n<meta property=\"og:locale\" content=\"pt_BR\" \/>\n<meta property=\"og:type\" content=\"article\" \/>\n<meta property=\"og:title\" content=\"Tr\u00e1fico humano - Vida Crist\u00e3 - Franciscanos\" \/>\n<meta property=\"og:description\" content=\"Artigo de Frei Luiz Iakovacz\" \/>\n<meta property=\"og:url\" content=\"https:\/\/franciscanos.org.br\/vidacrista\/trafico-humano\/\" \/>\n<meta property=\"og:site_name\" content=\"Vida Crist\u00e3 - Franciscanos\" \/>\n<meta property=\"article:published_time\" content=\"2012-06-30T11:11:31+00:00\" \/>\n<meta property=\"article:modified_time\" content=\"2020-07-09T16:24:09+00:00\" \/>\n<meta property=\"og:image\" content=\"https:\/\/franciscanos.org.br\/vidacrista\/wp-content\/uploads\/2012\/06\/cf.jpg\" \/>\n\t<meta property=\"og:image:width\" content=\"800\" \/>\n\t<meta property=\"og:image:height\" content=\"601\" \/>\n\t<meta property=\"og:image:type\" content=\"image\/jpeg\" \/>\n<meta name=\"author\" content=\"admin\" \/>\n<meta name=\"twitter:card\" content=\"summary_large_image\" \/>\n<meta name=\"twitter:label1\" content=\"Escrito por\" \/>\n\t<meta name=\"twitter:data1\" content=\"admin\" \/>\n\t<meta name=\"twitter:label2\" content=\"Est. tempo de leitura\" \/>\n\t<meta name=\"twitter:data2\" content=\"5 minutos\" \/>\n<script type=\"application\/ld+json\" class=\"yoast-schema-graph\">{\"@context\":\"https:\/\/schema.org\",\"@graph\":[{\"@type\":\"WebSite\",\"@id\":\"https:\/\/franciscanos.org.br\/vidacrista\/#website\",\"url\":\"https:\/\/franciscanos.org.br\/vidacrista\/\",\"name\":\"Vida Crist\u00e3 - Franciscanos\",\"description\":\"Prov\u00edncia Franciscana da Imaculada Concei\u00e7\u00e3o do Brasil - Ordem dos Frades Menores\",\"potentialAction\":[{\"@type\":\"SearchAction\",\"target\":{\"@type\":\"EntryPoint\",\"urlTemplate\":\"https:\/\/franciscanos.org.br\/vidacrista\/?s={search_term_string}\"},\"query-input\":\"required name=search_term_string\"}],\"inLanguage\":\"pt-BR\"},{\"@type\":\"WebPage\",\"@id\":\"https:\/\/franciscanos.org.br\/vidacrista\/trafico-humano\/\",\"url\":\"https:\/\/franciscanos.org.br\/vidacrista\/trafico-humano\/\",\"name\":\"Tr\u00e1fico humano - Vida Crist\u00e3 - Franciscanos\",\"isPartOf\":{\"@id\":\"https:\/\/franciscanos.org.br\/vidacrista\/#website\"},\"datePublished\":\"2012-06-30T11:11:31+00:00\",\"dateModified\":\"2020-07-09T16:24:09+00:00\",\"author\":{\"@id\":\"https:\/\/franciscanos.org.br\/vidacrista\/#\/schema\/person\/133632ca93cec555316a35f76ab4153b\"},\"breadcrumb\":{\"@id\":\"https:\/\/franciscanos.org.br\/vidacrista\/trafico-humano\/#breadcrumb\"},\"inLanguage\":\"pt-BR\",\"potentialAction\":[{\"@type\":\"ReadAction\",\"target\":[\"https:\/\/franciscanos.org.br\/vidacrista\/trafico-humano\/\"]}]},{\"@type\":\"BreadcrumbList\",\"@id\":\"https:\/\/franciscanos.org.br\/vidacrista\/trafico-humano\/#breadcrumb\",\"itemListElement\":[{\"@type\":\"ListItem\",\"position\":1,\"name\":\"Home\",\"item\":\"https:\/\/franciscanos.org.br\/vidacrista\/\"},{\"@type\":\"ListItem\",\"position\":2,\"name\":\"Tr\u00e1fico humano\"}]},{\"@type\":\"Person\",\"@id\":\"https:\/\/franciscanos.org.br\/vidacrista\/#\/schema\/person\/133632ca93cec555316a35f76ab4153b\",\"name\":\"admin\",\"image\":{\"@type\":\"ImageObject\",\"inLanguage\":\"pt-BR\",\"@id\":\"https:\/\/franciscanos.org.br\/vidacrista\/#\/schema\/person\/image\/\",\"url\":\"https:\/\/secure.gravatar.com\/avatar\/e8495742d34d0ba6448ea1c628263b3e?s=96&d=mm&r=g\",\"contentUrl\":\"https:\/\/secure.gravatar.com\/avatar\/e8495742d34d0ba6448ea1c628263b3e?s=96&d=mm&r=g\",\"caption\":\"admin\"},\"url\":\"https:\/\/franciscanos.org.br\/vidacrista\/author\/admin\/\"}]}<\/script>\n<!-- \/ Yoast SEO plugin. -->","yoast_head_json":{"title":"Tr\u00e1fico humano - Vida Crist\u00e3 - Franciscanos","robots":{"index":"index","follow":"follow","max-snippet":"max-snippet:-1","max-image-preview":"max-image-preview:large","max-video-preview":"max-video-preview:-1"},"canonical":"https:\/\/franciscanos.org.br\/vidacrista\/trafico-humano\/","og_locale":"pt_BR","og_type":"article","og_title":"Tr\u00e1fico humano - Vida Crist\u00e3 - Franciscanos","og_description":"Artigo de Frei Luiz Iakovacz","og_url":"https:\/\/franciscanos.org.br\/vidacrista\/trafico-humano\/","og_site_name":"Vida Crist\u00e3 - Franciscanos","article_published_time":"2012-06-30T11:11:31+00:00","article_modified_time":"2020-07-09T16:24:09+00:00","og_image":[{"width":800,"height":601,"url":"https:\/\/franciscanos.org.br\/vidacrista\/wp-content\/uploads\/2012\/06\/cf.jpg","type":"image\/jpeg"}],"author":"admin","twitter_card":"summary_large_image","twitter_misc":{"Escrito por":"admin","Est. tempo de leitura":"5 minutos"},"schema":{"@context":"https:\/\/schema.org","@graph":[{"@type":"WebSite","@id":"https:\/\/franciscanos.org.br\/vidacrista\/#website","url":"https:\/\/franciscanos.org.br\/vidacrista\/","name":"Vida Crist\u00e3 - Franciscanos","description":"Prov\u00edncia Franciscana da Imaculada Concei\u00e7\u00e3o do Brasil - Ordem dos Frades Menores","potentialAction":[{"@type":"SearchAction","target":{"@type":"EntryPoint","urlTemplate":"https:\/\/franciscanos.org.br\/vidacrista\/?s={search_term_string}"},"query-input":"required name=search_term_string"}],"inLanguage":"pt-BR"},{"@type":"WebPage","@id":"https:\/\/franciscanos.org.br\/vidacrista\/trafico-humano\/","url":"https:\/\/franciscanos.org.br\/vidacrista\/trafico-humano\/","name":"Tr\u00e1fico humano - Vida Crist\u00e3 - Franciscanos","isPartOf":{"@id":"https:\/\/franciscanos.org.br\/vidacrista\/#website"},"datePublished":"2012-06-30T11:11:31+00:00","dateModified":"2020-07-09T16:24:09+00:00","author":{"@id":"https:\/\/franciscanos.org.br\/vidacrista\/#\/schema\/person\/133632ca93cec555316a35f76ab4153b"},"breadcrumb":{"@id":"https:\/\/franciscanos.org.br\/vidacrista\/trafico-humano\/#breadcrumb"},"inLanguage":"pt-BR","potentialAction":[{"@type":"ReadAction","target":["https:\/\/franciscanos.org.br\/vidacrista\/trafico-humano\/"]}]},{"@type":"BreadcrumbList","@id":"https:\/\/franciscanos.org.br\/vidacrista\/trafico-humano\/#breadcrumb","itemListElement":[{"@type":"ListItem","position":1,"name":"Home","item":"https:\/\/franciscanos.org.br\/vidacrista\/"},{"@type":"ListItem","position":2,"name":"Tr\u00e1fico humano"}]},{"@type":"Person","@id":"https:\/\/franciscanos.org.br\/vidacrista\/#\/schema\/person\/133632ca93cec555316a35f76ab4153b","name":"admin","image":{"@type":"ImageObject","inLanguage":"pt-BR","@id":"https:\/\/franciscanos.org.br\/vidacrista\/#\/schema\/person\/image\/","url":"https:\/\/secure.gravatar.com\/avatar\/e8495742d34d0ba6448ea1c628263b3e?s=96&d=mm&r=g","contentUrl":"https:\/\/secure.gravatar.com\/avatar\/e8495742d34d0ba6448ea1c628263b3e?s=96&d=mm&r=g","caption":"admin"},"url":"https:\/\/franciscanos.org.br\/vidacrista\/author\/admin\/"}]}},"_links":{"self":[{"href":"https:\/\/franciscanos.org.br\/vidacrista\/wp-json\/wp\/v2\/posts\/63098"}],"collection":[{"href":"https:\/\/franciscanos.org.br\/vidacrista\/wp-json\/wp\/v2\/posts"}],"about":[{"href":"https:\/\/franciscanos.org.br\/vidacrista\/wp-json\/wp\/v2\/types\/post"}],"author":[{"embeddable":true,"href":"https:\/\/franciscanos.org.br\/vidacrista\/wp-json\/wp\/v2\/users\/1"}],"replies":[{"embeddable":true,"href":"https:\/\/franciscanos.org.br\/vidacrista\/wp-json\/wp\/v2\/comments?post=63098"}],"version-history":[{"count":2,"href":"https:\/\/franciscanos.org.br\/vidacrista\/wp-json\/wp\/v2\/posts\/63098\/revisions"}],"predecessor-version":[{"id":186491,"href":"https:\/\/franciscanos.org.br\/vidacrista\/wp-json\/wp\/v2\/posts\/63098\/revisions\/186491"}],"wp:featuredmedia":[{"embeddable":true,"href":"https:\/\/franciscanos.org.br\/vidacrista\/wp-json\/wp\/v2\/media\/185617"}],"wp:attachment":[{"href":"https:\/\/franciscanos.org.br\/vidacrista\/wp-json\/wp\/v2\/media?parent=63098"}],"wp:term":[{"taxonomy":"category","embeddable":true,"href":"https:\/\/franciscanos.org.br\/vidacrista\/wp-json\/wp\/v2\/categories?post=63098"},{"taxonomy":"post_tag","embeddable":true,"href":"https:\/\/franciscanos.org.br\/vidacrista\/wp-json\/wp\/v2\/tags?post=63098"}],"curies":[{"name":"wp","href":"https:\/\/api.w.org\/{rel}","templated":true}]}}