{"id":63088,"date":"2014-12-20T08:03:45","date_gmt":"2014-12-20T10:03:45","guid":{"rendered":"http:\/\/franciscanos.org.br\/?p=63088"},"modified":"2020-07-09T12:00:46","modified_gmt":"2020-07-09T15:00:46","slug":"os-bastidores-do-natal","status":"publish","type":"post","link":"https:\/\/franciscanos.org.br\/vidacrista\/os-bastidores-do-natal\/","title":{"rendered":"Os bastidores do Natal"},"content":{"rendered":"<p style=\"color: #000000; text-align: left;\" align=\"center\"><strong><img decoding=\"async\" loading=\"lazy\" class=\"alignright size-full wp-image-63090\" src=\"http:\/\/franciscanos.org.br\/wp-content\/uploads\/2014\/06\/natal.jpg\" alt=\"natal\" width=\"450\" height=\"524\" \/>Frei Luiz Iakovacz<\/strong><\/p>\n<p style=\"color: #000000; text-align: left;\">Quando chega dezembro, todos, quase que automaticamente, nos ligamos ao Natal, a festa mais esperada do ano. Com oferta de empregos tempor\u00e1rios e o 13\u00ba nas m\u00e3os, o com\u00e9rcio explora, exaustivamente, a compra de presentes; doam-se cestas de Natal; empresas e pastorais promovem encerramento das atividades com \u201camigo secreto\u201d; a Ceia \u00e9 recheada de comida-bebida e troca de presentes; outros viajam para encontrarem familiares; e muito mais\u2026<\/p>\n<p style=\"color: #000000; text-align: left;\">N\u00f3s, crist\u00e3os, precisamos priorizar Jesus Cristo. Ele n\u00e3o \u00e9 um acr\u00e9scimo ao que foi dito acima, mas a ess\u00eancia de tudo. Por isso, a Igreja nos oferece v\u00e1rios meios, sendo que a Liturgia \u00e9 o principal deles.\u00a0 O profeta Isa\u00edas anuncia que o Messias nascer\u00e1 de uma donzela (Is 7,14) e que se chamar\u00e1 \u201cPr\u00edncipe da Paz\u201d (Is 9,5); por isso, uma das realidades dos tempos messi\u00e2nicos \u00e9 a harmonia entre os seres humanos e, estes, com a natureza (Is 11,6-9).<\/p>\n<p style=\"color: #000000; text-align: left;\">Jo\u00e3o Batista \u00e9 a voz que grita, conclamando a uma verdadeira convers\u00e3o, aplainando as montanhas da autossufici\u00eancia e nivelando os buracos que causam a queda de tantos irm\u00e3os. Ele quer endireitar a vida dos que andam transviados, em vista da vinda do Senhor (Lc 3,3-6).<\/p>\n<p style=\"color: #000000; text-align: left;\">A pessoa de Maria, m\u00e3e e agraciada por Deus, nos lembra a ternura feminina no lar e na sociedade. Por\u00e9m, conv\u00e9m asseverar que o Natal de Jesus foi muito conflitivo.<\/p>\n<p style=\"color: #000000; text-align: left;\">Maria, com seu \u201csim\u201d, aceitou a maternidade, sendo virgem. Como explic\u00e1-la a Jos\u00e9, seu noivo, e \u00e0 comunidade? Quem iria acreditar que era obra do Esp\u00edrito Santo (Lc 1,35)? Conforme o costume judaico, todo adult\u00e9rio, seguido ou n\u00e3o de uma gravidez, era pass\u00edvel de den\u00fancia p\u00fablica e, at\u00e9, de apedrejamento. Se Deus interveio junto a Jos\u00e9 para que acolhesse Maria e adotasse o filho, dando-lhe o nome e a linhagem dav\u00eddica (Mt 1,20-21), n\u00e3o podemos, tamb\u00e9m, desconsiderar a postura de Maria que, com sua ternura e convic\u00e7\u00e3o em assumir as consequ\u00eancias do seu \u201csim\u201d, ajudou a \u201cacalmar\u201d esta constrangedora situa\u00e7\u00e3o.<\/p>\n<p style=\"color: #000000; text-align: left;\">Como n\u00e3o pensar na inviabilidade de algu\u00e9m, prestes a dar \u00e0 luz, fazer uma viagem a p\u00e9 ou no lombo de um burrinho, por aproximadamente 150 km, por causa do recenseamento?<\/p>\n<p style=\"color: #000000; text-align: left;\">Que dizer de um nascimento numa gruta e do rec\u00e9m-nascido estar envolto em \u201cpaninhos\u201d (Lc 2,12), isto \u00e9, em extrema pobreza?<\/p>\n<p style=\"color: #000000; text-align: left;\">Como n\u00e3o pensar na morte sanguin\u00e1ria e sum\u00e1ria das crian\u00e7as de Bel\u00e9m por que o rei Herodes temia perder o trono (Mt 2,16-18)? Como n\u00e3o pensar na fuga apressada para o Egito (Mt 2,13-15)?!<\/p>\n<p style=\"color: #000000; text-align: left;\">Como n\u00e3o pensar na \u201ctristeza interior\u201d de Jos\u00e9 que, ao voltar do Egito, tinha a inten\u00e7\u00e3o de morar em Bel\u00e9m, mas sabendo que o filho de Herodes, Arquelau, era tetrarca da regi\u00e3o, e foi por isso a Nazar\u00e9 (Mt 2,1923)?!<\/p>\n<p style=\"color: #000000; text-align: left;\">Pode ser que essa conflituosa situa\u00e7\u00e3o do nascimento de Jesus n\u00e3o tenha acontecido \u201cipsis litteris\u201d, isto \u00e9, assim como os Evangelhos nos relatam. Estes foram escritos muitos anos depois e, talvez, sem provas consistentes.<\/p>\n<p style=\"color: #000000; text-align: left;\">Uma coisa, por\u00e9m, \u00e9 certa: precisamos ter uma postura de insatisfa\u00e7\u00e3o com o \u201cnatal comercial\u201d e com o \u201crom\u00e2ntico pres\u00e9pio\u201d de S\u00e3o Francisco. Qui\u00e7\u00e1, ele tamb\u00e9m esteja inconformado. Somemo-nos a ele e a todos os que lutam por um Natal mais crist\u00e3o.<\/p>\n","protected":false},"excerpt":{"rendered":"<p>Artigo de Frei Luiz Iakovacz<\/p>\n","protected":false},"author":1,"featured_media":185623,"comment_status":"closed","ping_status":"open","sticky":false,"template":"","format":"standard","meta":{"footnotes":""},"categories":[26],"tags":[208],"yoast_head":"<!-- This site is optimized with the Yoast SEO plugin v19.4 - https:\/\/yoast.com\/wordpress\/plugins\/seo\/ -->\n<title>Os bastidores do Natal - Vida Crist\u00e3 - Franciscanos<\/title>\n<meta name=\"robots\" content=\"index, follow, max-snippet:-1, max-image-preview:large, max-video-preview:-1\" \/>\n<link rel=\"canonical\" href=\"https:\/\/franciscanos.org.br\/vidacrista\/os-bastidores-do-natal\/\" \/>\n<meta property=\"og:locale\" content=\"pt_BR\" \/>\n<meta property=\"og:type\" content=\"article\" \/>\n<meta property=\"og:title\" content=\"Os bastidores do Natal - Vida Crist\u00e3 - Franciscanos\" \/>\n<meta property=\"og:description\" content=\"Artigo de Frei Luiz Iakovacz\" \/>\n<meta property=\"og:url\" content=\"https:\/\/franciscanos.org.br\/vidacrista\/os-bastidores-do-natal\/\" \/>\n<meta property=\"og:site_name\" content=\"Vida Crist\u00e3 - Franciscanos\" \/>\n<meta property=\"article:published_time\" content=\"2014-12-20T10:03:45+00:00\" \/>\n<meta property=\"article:modified_time\" content=\"2020-07-09T15:00:46+00:00\" \/>\n<meta property=\"og:image\" content=\"https:\/\/franciscanos.org.br\/vidacrista\/wp-content\/uploads\/2012\/06\/natal.jpg\" \/>\n\t<meta property=\"og:image:width\" content=\"800\" \/>\n\t<meta property=\"og:image:height\" content=\"601\" \/>\n\t<meta property=\"og:image:type\" content=\"image\/jpeg\" \/>\n<meta name=\"author\" content=\"admin\" \/>\n<meta name=\"twitter:card\" content=\"summary_large_image\" \/>\n<meta name=\"twitter:label1\" content=\"Escrito por\" \/>\n\t<meta name=\"twitter:data1\" content=\"admin\" \/>\n\t<meta name=\"twitter:label2\" content=\"Est. tempo de leitura\" \/>\n\t<meta name=\"twitter:data2\" content=\"3 minutos\" \/>\n<script type=\"application\/ld+json\" class=\"yoast-schema-graph\">{\"@context\":\"https:\/\/schema.org\",\"@graph\":[{\"@type\":\"WebSite\",\"@id\":\"https:\/\/franciscanos.org.br\/vidacrista\/#website\",\"url\":\"https:\/\/franciscanos.org.br\/vidacrista\/\",\"name\":\"Vida Crist\u00e3 - Franciscanos\",\"description\":\"Prov\u00edncia Franciscana da Imaculada Concei\u00e7\u00e3o do Brasil - Ordem dos Frades Menores\",\"potentialAction\":[{\"@type\":\"SearchAction\",\"target\":{\"@type\":\"EntryPoint\",\"urlTemplate\":\"https:\/\/franciscanos.org.br\/vidacrista\/?s={search_term_string}\"},\"query-input\":\"required name=search_term_string\"}],\"inLanguage\":\"pt-BR\"},{\"@type\":\"WebPage\",\"@id\":\"https:\/\/franciscanos.org.br\/vidacrista\/os-bastidores-do-natal\/\",\"url\":\"https:\/\/franciscanos.org.br\/vidacrista\/os-bastidores-do-natal\/\",\"name\":\"Os bastidores do Natal - Vida Crist\u00e3 - Franciscanos\",\"isPartOf\":{\"@id\":\"https:\/\/franciscanos.org.br\/vidacrista\/#website\"},\"datePublished\":\"2014-12-20T10:03:45+00:00\",\"dateModified\":\"2020-07-09T15:00:46+00:00\",\"author\":{\"@id\":\"https:\/\/franciscanos.org.br\/vidacrista\/#\/schema\/person\/133632ca93cec555316a35f76ab4153b\"},\"breadcrumb\":{\"@id\":\"https:\/\/franciscanos.org.br\/vidacrista\/os-bastidores-do-natal\/#breadcrumb\"},\"inLanguage\":\"pt-BR\",\"potentialAction\":[{\"@type\":\"ReadAction\",\"target\":[\"https:\/\/franciscanos.org.br\/vidacrista\/os-bastidores-do-natal\/\"]}]},{\"@type\":\"BreadcrumbList\",\"@id\":\"https:\/\/franciscanos.org.br\/vidacrista\/os-bastidores-do-natal\/#breadcrumb\",\"itemListElement\":[{\"@type\":\"ListItem\",\"position\":1,\"name\":\"Home\",\"item\":\"https:\/\/franciscanos.org.br\/vidacrista\/\"},{\"@type\":\"ListItem\",\"position\":2,\"name\":\"Os bastidores do Natal\"}]},{\"@type\":\"Person\",\"@id\":\"https:\/\/franciscanos.org.br\/vidacrista\/#\/schema\/person\/133632ca93cec555316a35f76ab4153b\",\"name\":\"admin\",\"image\":{\"@type\":\"ImageObject\",\"inLanguage\":\"pt-BR\",\"@id\":\"https:\/\/franciscanos.org.br\/vidacrista\/#\/schema\/person\/image\/\",\"url\":\"https:\/\/secure.gravatar.com\/avatar\/e8495742d34d0ba6448ea1c628263b3e?s=96&d=mm&r=g\",\"contentUrl\":\"https:\/\/secure.gravatar.com\/avatar\/e8495742d34d0ba6448ea1c628263b3e?s=96&d=mm&r=g\",\"caption\":\"admin\"},\"url\":\"https:\/\/franciscanos.org.br\/vidacrista\/author\/admin\/\"}]}<\/script>\n<!-- \/ Yoast SEO plugin. -->","yoast_head_json":{"title":"Os bastidores do Natal - Vida Crist\u00e3 - Franciscanos","robots":{"index":"index","follow":"follow","max-snippet":"max-snippet:-1","max-image-preview":"max-image-preview:large","max-video-preview":"max-video-preview:-1"},"canonical":"https:\/\/franciscanos.org.br\/vidacrista\/os-bastidores-do-natal\/","og_locale":"pt_BR","og_type":"article","og_title":"Os bastidores do Natal - Vida Crist\u00e3 - Franciscanos","og_description":"Artigo de Frei Luiz Iakovacz","og_url":"https:\/\/franciscanos.org.br\/vidacrista\/os-bastidores-do-natal\/","og_site_name":"Vida Crist\u00e3 - Franciscanos","article_published_time":"2014-12-20T10:03:45+00:00","article_modified_time":"2020-07-09T15:00:46+00:00","og_image":[{"width":800,"height":601,"url":"https:\/\/franciscanos.org.br\/vidacrista\/wp-content\/uploads\/2012\/06\/natal.jpg","type":"image\/jpeg"}],"author":"admin","twitter_card":"summary_large_image","twitter_misc":{"Escrito por":"admin","Est. tempo de leitura":"3 minutos"},"schema":{"@context":"https:\/\/schema.org","@graph":[{"@type":"WebSite","@id":"https:\/\/franciscanos.org.br\/vidacrista\/#website","url":"https:\/\/franciscanos.org.br\/vidacrista\/","name":"Vida Crist\u00e3 - Franciscanos","description":"Prov\u00edncia Franciscana da Imaculada Concei\u00e7\u00e3o do Brasil - Ordem dos Frades Menores","potentialAction":[{"@type":"SearchAction","target":{"@type":"EntryPoint","urlTemplate":"https:\/\/franciscanos.org.br\/vidacrista\/?s={search_term_string}"},"query-input":"required name=search_term_string"}],"inLanguage":"pt-BR"},{"@type":"WebPage","@id":"https:\/\/franciscanos.org.br\/vidacrista\/os-bastidores-do-natal\/","url":"https:\/\/franciscanos.org.br\/vidacrista\/os-bastidores-do-natal\/","name":"Os bastidores do Natal - Vida Crist\u00e3 - Franciscanos","isPartOf":{"@id":"https:\/\/franciscanos.org.br\/vidacrista\/#website"},"datePublished":"2014-12-20T10:03:45+00:00","dateModified":"2020-07-09T15:00:46+00:00","author":{"@id":"https:\/\/franciscanos.org.br\/vidacrista\/#\/schema\/person\/133632ca93cec555316a35f76ab4153b"},"breadcrumb":{"@id":"https:\/\/franciscanos.org.br\/vidacrista\/os-bastidores-do-natal\/#breadcrumb"},"inLanguage":"pt-BR","potentialAction":[{"@type":"ReadAction","target":["https:\/\/franciscanos.org.br\/vidacrista\/os-bastidores-do-natal\/"]}]},{"@type":"BreadcrumbList","@id":"https:\/\/franciscanos.org.br\/vidacrista\/os-bastidores-do-natal\/#breadcrumb","itemListElement":[{"@type":"ListItem","position":1,"name":"Home","item":"https:\/\/franciscanos.org.br\/vidacrista\/"},{"@type":"ListItem","position":2,"name":"Os bastidores do Natal"}]},{"@type":"Person","@id":"https:\/\/franciscanos.org.br\/vidacrista\/#\/schema\/person\/133632ca93cec555316a35f76ab4153b","name":"admin","image":{"@type":"ImageObject","inLanguage":"pt-BR","@id":"https:\/\/franciscanos.org.br\/vidacrista\/#\/schema\/person\/image\/","url":"https:\/\/secure.gravatar.com\/avatar\/e8495742d34d0ba6448ea1c628263b3e?s=96&d=mm&r=g","contentUrl":"https:\/\/secure.gravatar.com\/avatar\/e8495742d34d0ba6448ea1c628263b3e?s=96&d=mm&r=g","caption":"admin"},"url":"https:\/\/franciscanos.org.br\/vidacrista\/author\/admin\/"}]}},"_links":{"self":[{"href":"https:\/\/franciscanos.org.br\/vidacrista\/wp-json\/wp\/v2\/posts\/63088"}],"collection":[{"href":"https:\/\/franciscanos.org.br\/vidacrista\/wp-json\/wp\/v2\/posts"}],"about":[{"href":"https:\/\/franciscanos.org.br\/vidacrista\/wp-json\/wp\/v2\/types\/post"}],"author":[{"embeddable":true,"href":"https:\/\/franciscanos.org.br\/vidacrista\/wp-json\/wp\/v2\/users\/1"}],"replies":[{"embeddable":true,"href":"https:\/\/franciscanos.org.br\/vidacrista\/wp-json\/wp\/v2\/comments?post=63088"}],"version-history":[{"count":2,"href":"https:\/\/franciscanos.org.br\/vidacrista\/wp-json\/wp\/v2\/posts\/63088\/revisions"}],"predecessor-version":[{"id":186493,"href":"https:\/\/franciscanos.org.br\/vidacrista\/wp-json\/wp\/v2\/posts\/63088\/revisions\/186493"}],"wp:featuredmedia":[{"embeddable":true,"href":"https:\/\/franciscanos.org.br\/vidacrista\/wp-json\/wp\/v2\/media\/185623"}],"wp:attachment":[{"href":"https:\/\/franciscanos.org.br\/vidacrista\/wp-json\/wp\/v2\/media?parent=63088"}],"wp:term":[{"taxonomy":"category","embeddable":true,"href":"https:\/\/franciscanos.org.br\/vidacrista\/wp-json\/wp\/v2\/categories?post=63088"},{"taxonomy":"post_tag","embeddable":true,"href":"https:\/\/franciscanos.org.br\/vidacrista\/wp-json\/wp\/v2\/tags?post=63088"}],"curies":[{"name":"wp","href":"https:\/\/api.w.org\/{rel}","templated":true}]}}