{"id":63079,"date":"2015-06-30T07:57:32","date_gmt":"2015-06-30T10:57:32","guid":{"rendered":"http:\/\/franciscanos.org.br\/?p=63079"},"modified":"2020-07-09T12:02:40","modified_gmt":"2020-07-09T15:02:40","slug":"o-mes-da-biblia","status":"publish","type":"post","link":"https:\/\/franciscanos.org.br\/vidacrista\/o-mes-da-biblia\/","title":{"rendered":"O M\u00eas da B\u00edblia"},"content":{"rendered":"<p style=\"color: #000000; text-align: left;\" align=\"center\"><strong><img decoding=\"async\" loading=\"lazy\" src=\"http:\/\/franciscanos.org.br\/wp-content\/uploads\/2014\/06\/biblia.jpg\" alt=\"biblia\" width=\"830\" height=\"375\" \/><\/strong><\/p>\n<p style=\"color: #000000; text-align: left;\" align=\"center\"><strong>Frei Luiz Iakovacz<\/strong><\/p>\n<p style=\"color: #000000; text-align: left;\">Em 1971, as par\u00f3quias de Belo Horizonte (MG) uniram-se, com um \u00fanico objetivo: durante o m\u00eas de setembro todos incentivariam o estudo b\u00edblico, com a\u00a0 participa\u00e7\u00e3o do maior n\u00famero de fam\u00edlias poss\u00edvel. Para tanto, o Servi\u00e7o de Anima\u00e7\u00e3o B\u00edblica (SAB) assumiu a elabora\u00e7\u00e3o de um roteiro simples e acess\u00edvel.<\/p>\n<p style=\"color: #000000; text-align: left;\">\u00a0Ap\u00f3s esta experi\u00eancia, o pr\u00f3prio povo insistiu para que se continuasse nos anos seguintes. Vendo os bons frutos que isso poderia trazer para a Igreja no Brasil, a CNBB, em 1985, instituiu \u201cSetembro, M\u00eas da B\u00edblia\u201d.<\/p>\n<p style=\"color: #000000; text-align: left;\">Por que o m\u00eas de setembro?<\/p>\n<p style=\"color: #000000; text-align: left;\">\u00a0Porque, no dia 30, celebramos a festa da S\u00e3o Jer\u00f4nimo (340-421 d.C.), conhecido como um \u201capaixonado pela Palavra de Deus\u201d.<\/p>\n<p style=\"color: #000000; text-align: left;\">Dotado de extraordin\u00e1ria intelig\u00eancia e gosto pelo estudo, deixou seu pa\u00eds, no Oriente, e dirigiu-se a Roma onde conheceu o cristianismo e foi batizado. Ordenado sacerdote, sentiu-se atra\u00eddo pela B\u00edblia, dedicou-se ao estudo do hebraico e grego para melhor entender os textos sagrados nos idiomas em que foram escritos.<\/p>\n<p style=\"color: #000000; text-align: left;\">\u00a0Notando o ardor deste jovem, o Papa D\u00e2maso o convidou para que traduzisse a B\u00edblia, dos textos originais para o latim, pois as tradu\u00e7\u00f5es existentes eram \u201cimperfeitas e diversificadas\u201d.\u00a0 Jer\u00f4nimo aceitou o pedido e intensificou os estudos, consultando exegetas e visitando os lugares onde Jesus viveu e pregou, a Palestina. Inclusive, por v\u00e1rios anos, ficou recolhido nas grutas de Bel\u00e9m, onde ultimou a tradu\u00e7\u00e3o. Escreveu, tamb\u00e9m, in\u00fameros coment\u00e1rios sobre textos dif\u00edceis que a pr\u00f3pria B\u00edblia admite existir dentro dela mesma.<\/p>\n<p style=\"color: #000000; text-align: left;\">\u00c9 preciso, ent\u00e3o, que algu\u00e9m a explique, como fez o di\u00e1cono Felipe no encontro que teve com o et\u00edope (cf. At 8,26-40); ou, tamb\u00e9m, o cuidado que devemos ter para n\u00e3o deturparmos a Palavra: veja o que S\u00e3o Pedro escreve sobre alguns escritos do ap\u00f3stolo Paulo: cf. 2Pd 3,14-18.<\/p>\n<p style=\"color: #000000; text-align: left;\">O conjunto deste imenso trabalho recebeu o nome de \u201cVulgata\u201d. A Igreja Cat\u00f3lica adotou esta tradu\u00e7\u00e3o como oficial em suas celebra\u00e7\u00f5es e estudos.<\/p>\n<p style=\"color: #000000; text-align: left;\">\u00a0\u00c9 por isso que celebramos o m\u00eas da B\u00edblia em setembro. Hoje, continuando a oportuna iniciativa de Belo Horizonte, as par\u00f3quias promovem uma conscientiza\u00e7\u00e3o sobre a import\u00e2ncia da B\u00edblia na vida pessoal e comunit\u00e1ria. A cada ano nos \u00e9 proposto o estudo de um livro b\u00edblico, cujo material continua sendo elaborado pelo SAB.<\/p>\n<p style=\"color: #000000; text-align: left;\">Neste ano, refletiremos sobre o Evangelho de Lucas. Atrav\u00e9s dele, podemos fortalecer nossa f\u00e9 e a da comunidade. S\u00e3o Jer\u00f4nimo nos deixou este lapidar ensinamento: \u201cIgnorara as Escrituras \u00e9 ignorar a Cristo\u201d.<\/p>\n<p style=\"color: #000000; text-align: left;\">Para uma viv\u00eancia ainda maior deste m\u00eas, a Liturgia nos enriquece com os textos b\u00edblicos da Exalta\u00e7\u00e3o da Santa Cruz (14), Nossa Senhora das Dores (15), S\u00e3o Mateus (21), Arcanjos Miguel, Rafael e Gabriel (29).<\/p>\n<p style=\"color: #000000; text-align: left;\">As datas comemorativas tamb\u00e9m fazem parte da liturgia: Semana da P\u00e1tria (01 a 07), com o Grito dos Exclu\u00eddos e o abaixo-assinado do \u201cProjeto de Lei de Iniciativa Popular sobre a Reforma Pol\u00edtica\u201d; Semana do Tr\u00e2nsito (18 a 25); in\u00edcio da Primavera (22); Dia da B\u00edblia (29); Dia da Secret\u00e1ria (30).<\/p>\n<p style=\"color: #000000; text-align: left;\">Assim como a primavera faz a natureza renascer, que a nossa f\u00e9 seja reavivada pela B\u00edblia, pois ela \u00e9 \u201c\u00fatil para ensinar, para refutar, para corrigir e para educar na justi\u00e7a\u201d (2 Tm 3,16).<\/p>\n","protected":false},"excerpt":{"rendered":"<p>Artigo de Frei Luiz Iakovacz<\/p>\n","protected":false},"author":1,"featured_media":185609,"comment_status":"closed","ping_status":"open","sticky":false,"template":"","format":"standard","meta":{"footnotes":""},"categories":[26],"tags":[208],"yoast_head":"<!-- This site is optimized with the Yoast SEO plugin v19.4 - https:\/\/yoast.com\/wordpress\/plugins\/seo\/ -->\n<title>O M\u00eas da B\u00edblia - Vida Crist\u00e3 - Franciscanos<\/title>\n<meta name=\"robots\" content=\"index, follow, max-snippet:-1, max-image-preview:large, max-video-preview:-1\" \/>\n<link rel=\"canonical\" href=\"https:\/\/franciscanos.org.br\/vidacrista\/o-mes-da-biblia\/\" \/>\n<meta property=\"og:locale\" content=\"pt_BR\" \/>\n<meta property=\"og:type\" content=\"article\" \/>\n<meta property=\"og:title\" content=\"O M\u00eas da B\u00edblia - Vida Crist\u00e3 - Franciscanos\" \/>\n<meta property=\"og:description\" content=\"Artigo de Frei Luiz Iakovacz\" \/>\n<meta property=\"og:url\" content=\"https:\/\/franciscanos.org.br\/vidacrista\/o-mes-da-biblia\/\" \/>\n<meta property=\"og:site_name\" content=\"Vida Crist\u00e3 - Franciscanos\" \/>\n<meta property=\"article:published_time\" content=\"2015-06-30T10:57:32+00:00\" \/>\n<meta property=\"article:modified_time\" content=\"2020-07-09T15:02:40+00:00\" \/>\n<meta property=\"og:image\" content=\"https:\/\/franciscanos.org.br\/vidacrista\/wp-content\/uploads\/2012\/06\/biblia.jpg\" \/>\n\t<meta property=\"og:image:width\" content=\"800\" \/>\n\t<meta property=\"og:image:height\" content=\"600\" \/>\n\t<meta property=\"og:image:type\" content=\"image\/jpeg\" \/>\n<meta name=\"author\" content=\"admin\" \/>\n<meta name=\"twitter:card\" content=\"summary_large_image\" \/>\n<meta name=\"twitter:label1\" content=\"Escrito por\" \/>\n\t<meta name=\"twitter:data1\" content=\"admin\" \/>\n\t<meta name=\"twitter:label2\" content=\"Est. tempo de leitura\" \/>\n\t<meta name=\"twitter:data2\" content=\"3 minutos\" \/>\n<script type=\"application\/ld+json\" class=\"yoast-schema-graph\">{\"@context\":\"https:\/\/schema.org\",\"@graph\":[{\"@type\":\"WebSite\",\"@id\":\"https:\/\/franciscanos.org.br\/vidacrista\/#website\",\"url\":\"https:\/\/franciscanos.org.br\/vidacrista\/\",\"name\":\"Vida Crist\u00e3 - Franciscanos\",\"description\":\"Prov\u00edncia Franciscana da Imaculada Concei\u00e7\u00e3o do Brasil - Ordem dos Frades Menores\",\"potentialAction\":[{\"@type\":\"SearchAction\",\"target\":{\"@type\":\"EntryPoint\",\"urlTemplate\":\"https:\/\/franciscanos.org.br\/vidacrista\/?s={search_term_string}\"},\"query-input\":\"required name=search_term_string\"}],\"inLanguage\":\"pt-BR\"},{\"@type\":\"WebPage\",\"@id\":\"https:\/\/franciscanos.org.br\/vidacrista\/o-mes-da-biblia\/\",\"url\":\"https:\/\/franciscanos.org.br\/vidacrista\/o-mes-da-biblia\/\",\"name\":\"O M\u00eas da B\u00edblia - Vida Crist\u00e3 - Franciscanos\",\"isPartOf\":{\"@id\":\"https:\/\/franciscanos.org.br\/vidacrista\/#website\"},\"datePublished\":\"2015-06-30T10:57:32+00:00\",\"dateModified\":\"2020-07-09T15:02:40+00:00\",\"author\":{\"@id\":\"https:\/\/franciscanos.org.br\/vidacrista\/#\/schema\/person\/133632ca93cec555316a35f76ab4153b\"},\"breadcrumb\":{\"@id\":\"https:\/\/franciscanos.org.br\/vidacrista\/o-mes-da-biblia\/#breadcrumb\"},\"inLanguage\":\"pt-BR\",\"potentialAction\":[{\"@type\":\"ReadAction\",\"target\":[\"https:\/\/franciscanos.org.br\/vidacrista\/o-mes-da-biblia\/\"]}]},{\"@type\":\"BreadcrumbList\",\"@id\":\"https:\/\/franciscanos.org.br\/vidacrista\/o-mes-da-biblia\/#breadcrumb\",\"itemListElement\":[{\"@type\":\"ListItem\",\"position\":1,\"name\":\"Home\",\"item\":\"https:\/\/franciscanos.org.br\/vidacrista\/\"},{\"@type\":\"ListItem\",\"position\":2,\"name\":\"O M\u00eas da B\u00edblia\"}]},{\"@type\":\"Person\",\"@id\":\"https:\/\/franciscanos.org.br\/vidacrista\/#\/schema\/person\/133632ca93cec555316a35f76ab4153b\",\"name\":\"admin\",\"image\":{\"@type\":\"ImageObject\",\"inLanguage\":\"pt-BR\",\"@id\":\"https:\/\/franciscanos.org.br\/vidacrista\/#\/schema\/person\/image\/\",\"url\":\"https:\/\/secure.gravatar.com\/avatar\/e8495742d34d0ba6448ea1c628263b3e?s=96&d=mm&r=g\",\"contentUrl\":\"https:\/\/secure.gravatar.com\/avatar\/e8495742d34d0ba6448ea1c628263b3e?s=96&d=mm&r=g\",\"caption\":\"admin\"},\"url\":\"https:\/\/franciscanos.org.br\/vidacrista\/author\/admin\/\"}]}<\/script>\n<!-- \/ Yoast SEO plugin. -->","yoast_head_json":{"title":"O M\u00eas da B\u00edblia - Vida Crist\u00e3 - Franciscanos","robots":{"index":"index","follow":"follow","max-snippet":"max-snippet:-1","max-image-preview":"max-image-preview:large","max-video-preview":"max-video-preview:-1"},"canonical":"https:\/\/franciscanos.org.br\/vidacrista\/o-mes-da-biblia\/","og_locale":"pt_BR","og_type":"article","og_title":"O M\u00eas da B\u00edblia - Vida Crist\u00e3 - Franciscanos","og_description":"Artigo de Frei Luiz Iakovacz","og_url":"https:\/\/franciscanos.org.br\/vidacrista\/o-mes-da-biblia\/","og_site_name":"Vida Crist\u00e3 - Franciscanos","article_published_time":"2015-06-30T10:57:32+00:00","article_modified_time":"2020-07-09T15:02:40+00:00","og_image":[{"width":800,"height":600,"url":"https:\/\/franciscanos.org.br\/vidacrista\/wp-content\/uploads\/2012\/06\/biblia.jpg","type":"image\/jpeg"}],"author":"admin","twitter_card":"summary_large_image","twitter_misc":{"Escrito por":"admin","Est. tempo de leitura":"3 minutos"},"schema":{"@context":"https:\/\/schema.org","@graph":[{"@type":"WebSite","@id":"https:\/\/franciscanos.org.br\/vidacrista\/#website","url":"https:\/\/franciscanos.org.br\/vidacrista\/","name":"Vida Crist\u00e3 - Franciscanos","description":"Prov\u00edncia Franciscana da Imaculada Concei\u00e7\u00e3o do Brasil - Ordem dos Frades Menores","potentialAction":[{"@type":"SearchAction","target":{"@type":"EntryPoint","urlTemplate":"https:\/\/franciscanos.org.br\/vidacrista\/?s={search_term_string}"},"query-input":"required name=search_term_string"}],"inLanguage":"pt-BR"},{"@type":"WebPage","@id":"https:\/\/franciscanos.org.br\/vidacrista\/o-mes-da-biblia\/","url":"https:\/\/franciscanos.org.br\/vidacrista\/o-mes-da-biblia\/","name":"O M\u00eas da B\u00edblia - Vida Crist\u00e3 - Franciscanos","isPartOf":{"@id":"https:\/\/franciscanos.org.br\/vidacrista\/#website"},"datePublished":"2015-06-30T10:57:32+00:00","dateModified":"2020-07-09T15:02:40+00:00","author":{"@id":"https:\/\/franciscanos.org.br\/vidacrista\/#\/schema\/person\/133632ca93cec555316a35f76ab4153b"},"breadcrumb":{"@id":"https:\/\/franciscanos.org.br\/vidacrista\/o-mes-da-biblia\/#breadcrumb"},"inLanguage":"pt-BR","potentialAction":[{"@type":"ReadAction","target":["https:\/\/franciscanos.org.br\/vidacrista\/o-mes-da-biblia\/"]}]},{"@type":"BreadcrumbList","@id":"https:\/\/franciscanos.org.br\/vidacrista\/o-mes-da-biblia\/#breadcrumb","itemListElement":[{"@type":"ListItem","position":1,"name":"Home","item":"https:\/\/franciscanos.org.br\/vidacrista\/"},{"@type":"ListItem","position":2,"name":"O M\u00eas da B\u00edblia"}]},{"@type":"Person","@id":"https:\/\/franciscanos.org.br\/vidacrista\/#\/schema\/person\/133632ca93cec555316a35f76ab4153b","name":"admin","image":{"@type":"ImageObject","inLanguage":"pt-BR","@id":"https:\/\/franciscanos.org.br\/vidacrista\/#\/schema\/person\/image\/","url":"https:\/\/secure.gravatar.com\/avatar\/e8495742d34d0ba6448ea1c628263b3e?s=96&d=mm&r=g","contentUrl":"https:\/\/secure.gravatar.com\/avatar\/e8495742d34d0ba6448ea1c628263b3e?s=96&d=mm&r=g","caption":"admin"},"url":"https:\/\/franciscanos.org.br\/vidacrista\/author\/admin\/"}]}},"_links":{"self":[{"href":"https:\/\/franciscanos.org.br\/vidacrista\/wp-json\/wp\/v2\/posts\/63079"}],"collection":[{"href":"https:\/\/franciscanos.org.br\/vidacrista\/wp-json\/wp\/v2\/posts"}],"about":[{"href":"https:\/\/franciscanos.org.br\/vidacrista\/wp-json\/wp\/v2\/types\/post"}],"author":[{"embeddable":true,"href":"https:\/\/franciscanos.org.br\/vidacrista\/wp-json\/wp\/v2\/users\/1"}],"replies":[{"embeddable":true,"href":"https:\/\/franciscanos.org.br\/vidacrista\/wp-json\/wp\/v2\/comments?post=63079"}],"version-history":[{"count":2,"href":"https:\/\/franciscanos.org.br\/vidacrista\/wp-json\/wp\/v2\/posts\/63079\/revisions"}],"predecessor-version":[{"id":186495,"href":"https:\/\/franciscanos.org.br\/vidacrista\/wp-json\/wp\/v2\/posts\/63079\/revisions\/186495"}],"wp:featuredmedia":[{"embeddable":true,"href":"https:\/\/franciscanos.org.br\/vidacrista\/wp-json\/wp\/v2\/media\/185609"}],"wp:attachment":[{"href":"https:\/\/franciscanos.org.br\/vidacrista\/wp-json\/wp\/v2\/media?parent=63079"}],"wp:term":[{"taxonomy":"category","embeddable":true,"href":"https:\/\/franciscanos.org.br\/vidacrista\/wp-json\/wp\/v2\/categories?post=63079"},{"taxonomy":"post_tag","embeddable":true,"href":"https:\/\/franciscanos.org.br\/vidacrista\/wp-json\/wp\/v2\/tags?post=63079"}],"curies":[{"name":"wp","href":"https:\/\/api.w.org\/{rel}","templated":true}]}}